{"id":173,"count":10,"description":"","link":"https:\/\/pragmatiq.pl\/zmianawarty\/tag\/spolka-rodzinna-z-zewnetrznym-menedzerem\/","name":"Sp\u00f3\u0142ka rodzinna z zewn\u0119trznym mened\u017cerem","slug":"spolka-rodzinna-z-zewnetrznym-menedzerem","taxonomy":"post_tag","meta":[],"_links":{"self":[{"href":"https:\/\/pragmatiq.pl\/zmianawarty\/wp-json\/wp\/v2\/tags\/173","targetHints":{"allow":["GET"]}}],"collection":[{"href":"https:\/\/pragmatiq.pl\/zmianawarty\/wp-json\/wp\/v2\/tags"}],"about":[{"href":"https:\/\/pragmatiq.pl\/zmianawarty\/wp-json\/wp\/v2\/taxonomies\/post_tag"}],"wp:post_type":[{"href":"https:\/\/pragmatiq.pl\/zmianawarty\/wp-json\/wp\/v2\/posts?tags=173"}],"curies":[{"name":"wp","href":"https:\/\/api.w.org\/{rel}","templated":true}]}}