{"id":979,"date":"2019-02-15T11:18:54","date_gmt":"2019-02-15T10:18:54","guid":{"rendered":"https:\/\/zmianawarty.pl\/?p=979"},"modified":"2025-10-23T07:13:55","modified_gmt":"2025-10-23T05:13:55","slug":"czy-darowizna-przedsiebiorstwa-wplywa-na-prawo-do-odliczenia-vat","status":"publish","type":"post","link":"https:\/\/pragmatiq.pl\/zmianawarty\/czy-darowizna-przedsiebiorstwa-wplywa-na-prawo-do-odliczenia-vat\/","title":{"rendered":"Czy darowizna przedsi\u0119biorstwa wp\u0142ywa na prawo do odliczenia VAT?"},"content":{"rendered":"\n<p><strong>Zgodnie z zasad\u0105 og\u00f3ln\u0105 w przypadku, gdy podatnicy odliczyli VAT z tytu\u0142u zakupu \u015brodk\u00f3w trwa\u0142ych o znacznej warto\u015bci, a nast\u0119pnie \u015brodki te w kr\u00f3tkim czasie zbyli bez opodatkowania VAT, zobowi\u0105zani s\u0105 do dokonania korekty wcze\u015bniej odliczonego VAT. <\/strong><\/p>\n\n\n\n<p>Mo\u017cna o tym przeczyta\u0107 w odpowiedzi na pytanie:<a href=\"https:\/\/pragmatiq.pl\/zmianawarty\/jakie-skutki-podatkowe-na-gruncie-vat-wywoluje-wycofanie-okreslonych-skladnikow-z-majatku-firmowego-przed-przekazaniem-go-w-spadku-lub-darowiznie\/\"> <\/a><em><a href=\"https:\/\/pragmatiq.pl\/zmianawarty\/jakie-skutki-podatkowe-na-gruncie-vat-wywoluje-wycofanie-okreslonych-skladnikow-z-majatku-firmowego-przed-przekazaniem-go-w-spadku-lub-darowiznie\/\">Jakie skutki podatkowe<\/a><\/em><a href=\"https:\/\/pragmatiq.pl\/zmianawarty\/jakie-skutki-podatkowe-na-gruncie-vat-wywoluje-wycofanie-okreslonych-skladnikow-z-majatku-firmowego-przed-przekazaniem-go-w-spadku-lub-darowiznie\/\"> <\/a><em><a href=\"https:\/\/pragmatiq.pl\/zmianawarty\/jakie-skutki-podatkowe-na-gruncie-vat-wywoluje-wycofanie-okreslonych-skladnikow-z-majatku-firmowego-przed-przekazaniem-go-w-spadku-lub-darowiznie\/\">na gruncie VAT wywo\u0142uje wycofanie okre\u015blonych sk\u0142adnik\u00f3w<\/a><\/em><a href=\"https:\/\/pragmatiq.pl\/zmianawarty\/jakie-skutki-podatkowe-na-gruncie-vat-wywoluje-wycofanie-okreslonych-skladnikow-z-majatku-firmowego-przed-przekazaniem-go-w-spadku-lub-darowiznie\/\"> <\/a><em><a href=\"https:\/\/pragmatiq.pl\/zmianawarty\/jakie-skutki-podatkowe-na-gruncie-vat-wywoluje-wycofanie-okreslonych-skladnikow-z-majatku-firmowego-przed-przekazaniem-go-w-spadku-lub-darowiznie\/\">z maj\u0105tku firmowego przed przekazaniem go w spadku lub<\/a><\/em><a href=\"https:\/\/pragmatiq.pl\/zmianawarty\/jakie-skutki-podatkowe-na-gruncie-vat-wywoluje-wycofanie-okreslonych-skladnikow-z-majatku-firmowego-przed-przekazaniem-go-w-spadku-lub-darowiznie\/\"> <\/a><em><a href=\"https:\/\/pragmatiq.pl\/zmianawarty\/jakie-skutki-podatkowe-na-gruncie-vat-wywoluje-wycofanie-okreslonych-skladnikow-z-majatku-firmowego-przed-przekazaniem-go-w-spadku-lub-darowiznie\/\">darowi\u017anie? <\/a><\/em><\/p>\n\n\n\n<p>Ka\u017cda\nforma zbycia przedsi\u0119biorstwa (w tym r\u00f3wnie\u017c darowizna) jest czynno\u015bci\u0105 wy\u0142\u0105czon\u0105\nz opodatkowania VAT. Naturalne jest zatem pytanie, czy brak opodatkowania\ndarowizny przedsi\u0119biorstwa oznacza obowi\u0105zek dokonania przez darczy\u0144c\u0119 korekty\npodatku naliczonego w zwi\u0105zku z nabyciem darowanych sk\u0142adnik\u00f3w maj\u0105tku. <\/p>\n\n\n\n<p>Kwestia korekty podatku odliczonego w przypadku darowizny przedsi\u0119biorstwa zosta\u0142a uregulowana w spos\u00f3b szczeg\u00f3lny. Darczy\u0144ca nie jest zobowi\u0105zany do dokonywania korekty podatku, kt\u00f3ry odliczy\u0142 przy nabyciu darowanych towar\u00f3w i \u015brodk\u00f3w trwa\u0142ych wchodz\u0105cych w sk\u0142ad przedsi\u0119biorstwa. Nie dokonuje on tak\u017ce jednorazowej korekty podatku, tak jak nast\u0119puje to w przypadku nieopodatkowanego VAT zbycia pojedynczego sk\u0142adnika maj\u0105tku. Darczy\u0144ca nie ujmuje r\u00f3wnie\u017c przekazania przedsi\u0119biorstwa w sk\u0142adanej deklaracji VAT.<\/p>\n\n\n\n<h2 class=\"wp-block-heading\"><strong>Przyk\u0142ad: darowizna zorganizowanej cz\u0119\u015bci przedsi\u0119biorstwa a korekta VAT<\/strong><\/h2>\n\n\n\n<p><strong>Przyk\u0142ad:<\/strong><\/p>\n\n\n\n<p><em>Przedsi\u0119biorca zakupi\u0142 w styczniu 2014 roku nieruchomo\u015b\u0107 u\u017cytkow\u0105 o warto\u015bci 600 000 z\u0142 netto. Z tytu\u0142u zakupu nieruchomo\u015bci odliczy\u0142 VAT w wysoko\u015bci 138 000 z\u0142. Nieruchomo\u015b\u0107 wprowadzi\u0142 do ewidencji \u015brodk\u00f3w trwa\u0142ych i wykorzystywa\u0142 w prowadzonej dzia\u0142alno\u015bci. W 2017 roku przedsi\u0119biorca zdecydowa\u0142 o przekazaniu w darowi\u017anie zorganizowanej cz\u0119\u015bci przedsi\u0119biorstwa, w sk\u0142ad kt\u00f3rej wchodzi\u0142a nabyta w 2014 roku nieruchomo\u015b\u0107. Darowizna zorganizowanej cz\u0119\u015bci przedsi\u0119biorstwa (a wi\u0119c tak\u017ce darowizna przedmiotowej nieruchomo\u015bci) jest wy\u0142\u0105czona z VAT, przedsi\u0119biorca nie b\u0119dzie zatem zobowi\u0105zany do dokonania korekty VAT odliczonego przy zakupie tej nieruchomo\u015bci.<\/em><\/p>\n\n\n\n<p>Obowi\u0105zki zwi\u0105zane z korekt\u0105 spoczywaj\u0105 natomiast na obdarowanym (nabywcy przedsi\u0119biorstwa). Zar\u00f3wno korekty jednorazowe, jak i wieloletnie (kt\u00f3rymi obj\u0119te s\u0105 m. in. \u015brodki trwa\u0142e o znacznej warto\u015bci) s\u0105 kontynuowane przez obdarowanego.<\/p>\n\n\n\n<h2 class=\"wp-block-heading\"><strong>Przyk\u0142ad: sprzeda\u017c nieruchomo\u015bci po darowi\u017anie przedsi\u0119biorstwa a korekta VAT<\/strong><\/h2>\n\n\n\n<p><strong>Przyk\u0142ad:<\/strong><\/p>\n\n\n\n<p><em>W ramach tej samej sytuacji, co w przyk\u0142adzie powy\u017cej, obdarowany ma zamiar sprzeda\u0107 nieruchomo\u015b\u0107, kt\u00f3r\u0105 w 2017 roku otrzyma\u0142 w ramach darowizny zorganizowanej cz\u0119\u015bci przedsi\u0119biorstwa. W zwi\u0105zku ze zbyciem nieruchomo\u015bci nie odprowadzi VAT, gdy\u017c zastosowanie znajdzie jedno ze zwolnie\u0144 przewidziane w ustawie.<\/em><\/p>\n\n\n\n<p><em>Obdarowany b\u0119dzie musia\u0142 zatem dokona\u0107 korekty odliczonego przez darczy\u0144c\u0119 VAT, w stosunku: liczba miesi\u0119cy, w kt\u00f3rych nieruchomo\u015b\u0107 s\u0142u\u017cy\u0142a czynno\u015bciom opodatkowanym (okres od 2014 roku do momentu sprzeda\u017cy), do \u0142\u0105cznego okresu obj\u0119tego korekt\u0105, tj. 120 miesi\u0119cy.<\/em><\/p>\n\n\n\n<p>Jak\nwida\u0107, darowizna przedsi\u0119biorstwa wi\u0105\u017ce si\u0119 ze swego rodzaju nast\u0119pstwem\n(sukcesj\u0105) na gruncie podatku VAT, gdzie obdarowany wchodzi w prawa darczy\u0144cy w\nzakresie korekty podatku.<\/p>\n\n\n\n<p><strong>Podstawa prawna:<\/strong> art. 551 k.c., art. 6 pkt 1 ustawy o VAT, art. 91 ust. 9 ustawy o VAT.<\/p>\n\n\n\n<p><br>Krzysztof Smach<\/p>\n\n\n\n<div style=\"height:51px\" aria-hidden=\"true\" class=\"wp-block-spacer\"><\/div>\n\n\n\n<p> <br>Powr\u00f3t do&nbsp;<a href=\"https:\/\/pragmatiq.pl\/zmianawarty\/wszystko-zostaje-w-rodzinie\/\"><strong>PYTANIA I&nbsp;ODPOWIEDZI<\/strong><\/a> <\/p>\n\n\n\n<p><\/p>\n","protected":false},"excerpt":{"rendered":"<p>Zgodnie z zasad\u0105 og\u00f3ln\u0105 w przypadku, gdy podatnicy odliczyli VAT z tytu\u0142u zakupu \u015brodk\u00f3w trwa\u0142ych o znacznej warto\u015bci, a nast\u0119pnie \u015brodki te w kr\u00f3tkim czasie zbyli bez opodatkowania VAT, zobowi\u0105zani s\u0105 do dokonania korekty wcze\u015bniej odliczonego VAT. Mo\u017cna o tym przeczyta\u0107 w odpowiedzi na pytanie: Jakie skutki podatkowe na gruncie VAT wywo\u0142uje wycofanie okre\u015blonych sk\u0142adnik\u00f3w &hellip; <\/p>\n<p class=\"link-more\"><a href=\"https:\/\/pragmatiq.pl\/zmianawarty\/czy-darowizna-przedsiebiorstwa-wplywa-na-prawo-do-odliczenia-vat\/\" class=\"more-link\">Continue reading<span class=\"screen-reader-text\"> &#8222;Czy darowizna przedsi\u0119biorstwa wp\u0142ywa na prawo do odliczenia VAT?&#8221;<\/span><\/a><\/p>\n","protected":false},"author":25,"featured_media":0,"comment_status":"open","ping_status":"open","sticky":false,"template":"","format":"standard","meta":{"footnotes":""},"categories":[98,4,24],"tags":[68,61],"class_list":["post-979","post","type-post","status-publish","format-standard","hentry","category-wszystko-zostaje-w-rodzinie-czyli-przekazanie-firmy-innym-czlonkom-rodziny","category-artykuly","category-podatki-dochodowe-i-podatek-od-towarow-i-uslug","tag-darowizna","tag-firma-w-spadku"],"_links":{"self":[{"href":"https:\/\/pragmatiq.pl\/zmianawarty\/wp-json\/wp\/v2\/posts\/979","targetHints":{"allow":["GET"]}}],"collection":[{"href":"https:\/\/pragmatiq.pl\/zmianawarty\/wp-json\/wp\/v2\/posts"}],"about":[{"href":"https:\/\/pragmatiq.pl\/zmianawarty\/wp-json\/wp\/v2\/types\/post"}],"author":[{"embeddable":true,"href":"https:\/\/pragmatiq.pl\/zmianawarty\/wp-json\/wp\/v2\/users\/25"}],"replies":[{"embeddable":true,"href":"https:\/\/pragmatiq.pl\/zmianawarty\/wp-json\/wp\/v2\/comments?post=979"}],"version-history":[{"count":9,"href":"https:\/\/pragmatiq.pl\/zmianawarty\/wp-json\/wp\/v2\/posts\/979\/revisions"}],"predecessor-version":[{"id":5011,"href":"https:\/\/pragmatiq.pl\/zmianawarty\/wp-json\/wp\/v2\/posts\/979\/revisions\/5011"}],"wp:attachment":[{"href":"https:\/\/pragmatiq.pl\/zmianawarty\/wp-json\/wp\/v2\/media?parent=979"}],"wp:term":[{"taxonomy":"category","embeddable":true,"href":"https:\/\/pragmatiq.pl\/zmianawarty\/wp-json\/wp\/v2\/categories?post=979"},{"taxonomy":"post_tag","embeddable":true,"href":"https:\/\/pragmatiq.pl\/zmianawarty\/wp-json\/wp\/v2\/tags?post=979"}],"curies":[{"name":"wp","href":"https:\/\/api.w.org\/{rel}","templated":true}]}}