{"id":767,"date":"2018-11-13T12:23:59","date_gmt":"2018-11-13T11:23:59","guid":{"rendered":"https:\/\/zmianawarty.pl\/?p=767"},"modified":"2024-09-16T11:51:05","modified_gmt":"2024-09-16T09:51:05","slug":"25-listopada-wchodzi-w-zycie-ustawa-o-zarzadzie-sukcesyjnym","status":"publish","type":"post","link":"https:\/\/pragmatiq.pl\/zmianawarty\/25-listopada-wchodzi-w-zycie-ustawa-o-zarzadzie-sukcesyjnym\/","title":{"rendered":"Ustawa o zarz\u0105dzie sukcesyjnym! Sprawd\u017a najwa\u017cniejsze zmiany. Esencja wiedzy o: przekazaniu firmy, wprowadzeniu mened\u017cera, sprzeda\u017cy firmy."},"content":{"rendered":"<div id=\"ez-toc-container\" class=\"ez-toc-v2_0_82_2 counter-hierarchy ez-toc-counter ez-toc-white ez-toc-container-direction\">\n<div class=\"ez-toc-title-container\"><p class=\"ez-toc-title\" style=\"cursor:inherit\">Spis tre\u015bci<\/p>\n<\/div><nav><ul class='ez-toc-list ez-toc-list-level-1 ' ><li class='ez-toc-page-1 ez-toc-heading-level-2'><a class=\"ez-toc-link ez-toc-heading-1\" href=\"https:\/\/pragmatiq.pl\/zmianawarty\/25-listopada-wchodzi-w-zycie-ustawa-o-zarzadzie-sukcesyjnym\/#1_Kogo_dotyczy_ustawa_o_zarzadzie_sukcesyjnym\" >1. Kogo dotyczy ustawa o zarz\u0105dzie sukcesyjnym?<\/a><\/li><li class='ez-toc-page-1 ez-toc-heading-level-2'><a class=\"ez-toc-link ez-toc-heading-2\" href=\"https:\/\/pragmatiq.pl\/zmianawarty\/25-listopada-wchodzi-w-zycie-ustawa-o-zarzadzie-sukcesyjnym\/#2_Co_reguluje\" >2. Co reguluje?<\/a><\/li><li class='ez-toc-page-1 ez-toc-heading-level-2'><a class=\"ez-toc-link ez-toc-heading-3\" href=\"https:\/\/pragmatiq.pl\/zmianawarty\/25-listopada-wchodzi-w-zycie-ustawa-o-zarzadzie-sukcesyjnym\/#3_Kto_moze_ustanowic_zarzadce_sukcesyjnego\" >3. Kto mo\u017ce ustanowi\u0107 zarz\u0105dc\u0119 sukcesyjnego?<\/a><\/li><li class='ez-toc-page-1 ez-toc-heading-level-2'><a class=\"ez-toc-link ez-toc-heading-4\" href=\"https:\/\/pragmatiq.pl\/zmianawarty\/25-listopada-wchodzi-w-zycie-ustawa-o-zarzadzie-sukcesyjnym\/#4_Kto_moze_zostac_zarzadca_sukcesyjnym\" >4. Kto mo\u017ce zosta\u0107 zarz\u0105dc\u0105 sukcesyjnym?<\/a><\/li><li class='ez-toc-page-1 ez-toc-heading-level-2'><a class=\"ez-toc-link ez-toc-heading-5\" href=\"https:\/\/pragmatiq.pl\/zmianawarty\/25-listopada-wchodzi-w-zycie-ustawa-o-zarzadzie-sukcesyjnym\/#5_Jak_przedsiebiorca_moze_skutecznie_ustanowic_zarzadce_sukcesyjnego\" >5. Jak przedsi\u0119biorca mo\u017ce skutecznie ustanowi\u0107 zarz\u0105dc\u0119 sukcesyjnego?<\/a><\/li><li class='ez-toc-page-1 ez-toc-heading-level-2'><a class=\"ez-toc-link ez-toc-heading-6\" href=\"https:\/\/pragmatiq.pl\/zmianawarty\/25-listopada-wchodzi-w-zycie-ustawa-o-zarzadzie-sukcesyjnym\/#6_Jakie_sa_prawa_i_obowiazki_zarzadcy_sukcesyjnego\" >6. Jakie s\u0105 prawa i obowi\u0105zki zarz\u0105dcy sukcesyjnego?<\/a><\/li><li class='ez-toc-page-1 ez-toc-heading-level-2'><a class=\"ez-toc-link ez-toc-heading-7\" href=\"https:\/\/pragmatiq.pl\/zmianawarty\/25-listopada-wchodzi-w-zycie-ustawa-o-zarzadzie-sukcesyjnym\/#7_Jak_dlugo_trwa_zarzad_sukcesyjny\" >7. Jak d\u0142ugo trwa zarz\u0105d sukcesyjny?<\/a><\/li><li class='ez-toc-page-1 ez-toc-heading-level-2'><a class=\"ez-toc-link ez-toc-heading-8\" href=\"https:\/\/pragmatiq.pl\/zmianawarty\/25-listopada-wchodzi-w-zycie-ustawa-o-zarzadzie-sukcesyjnym\/#8_Zarzadca_sukcesyjny_moze_w_kazdej_chwili_zrezygnowac_z_pelnienia_tej_funkcji\" >8. Zarz\u0105dca sukcesyjny mo\u017ce w ka\u017cdej chwili zrezygnowa\u0107 z pe\u0142nienia tej funkcji.<\/a><\/li><li class='ez-toc-page-1 ez-toc-heading-level-2'><a class=\"ez-toc-link ez-toc-heading-9\" href=\"https:\/\/pragmatiq.pl\/zmianawarty\/25-listopada-wchodzi-w-zycie-ustawa-o-zarzadzie-sukcesyjnym\/#9_Co_sie_stanie_jesli_przedsiebiorca_nie_ustanowi_zarzadcy_sukcesyjnego\" >9. Co si\u0119 stanie je\u015bli przedsi\u0119biorca nie ustanowi zarz\u0105dcy sukcesyjnego?<\/a><\/li><li class='ez-toc-page-1 ez-toc-heading-level-2'><a class=\"ez-toc-link ez-toc-heading-10\" href=\"https:\/\/pragmatiq.pl\/zmianawarty\/25-listopada-wchodzi-w-zycie-ustawa-o-zarzadzie-sukcesyjnym\/#10_Ustawa_o_zarzadzie_sukcesyjnym_nie_rozwiazuje_problemow_z_sukcesja_przedsiebiorstwa_prowadzonego_w_formie_jednoosobowej_dzialalnosci_gospodarczej\" >10. Ustawa o zarz\u0105dzie sukcesyjnym nie rozwi\u0105zuje problem\u00f3w z sukcesj\u0105 przedsi\u0119biorstwa prowadzonego w formie jednoosobowej dzia\u0142alno\u015bci gospodarczej.<\/a><\/li><li class='ez-toc-page-1 ez-toc-heading-level-2'><a class=\"ez-toc-link ez-toc-heading-11\" href=\"https:\/\/pragmatiq.pl\/zmianawarty\/25-listopada-wchodzi-w-zycie-ustawa-o-zarzadzie-sukcesyjnym\/#Polaczenie_zalet_fundacji_rodzinnej_i_zarzadcy_sukcesyjnego\" >Po\u0142\u0105czenie zalet fundacji rodzinnej i zarz\u0105dcy sukcesyjnego.&nbsp;<\/a><\/li><\/ul><\/nav><\/div>\n\n<p><\/p>\n\n\n\n<p><\/p>\n\n\n\n<p><\/p>\n\n\n\n<p><\/p>\n\n\n\n<p><\/p>\n\n\n\n<p><\/p>\n\n\n\n<p><\/p>\n\n\n\n<p><\/p>\n\n\n\n<p>Dziedziczenie firmy zmieni\u0142o si\u0119 w znaczny spos\u00f3b po wej\u015bciu w \u017cycie przepis\u00f3w o zarz\u0105dcy sukcesyjnym. Nowe przepisy, kt\u00f3re wesz\u0142y w\u202f\u017cycie 25 listopada 2018 powsta\u0142y na\u202fpotrzeby wsp\u00f3\u0142czesnych firm. Sukcesja firmy rodzinnej po\u202fwprowadzeniu nowej ustawy b\u0119dzie wygl\u0105da\u0107 nieco inaczej.<\/p>\n\n\n\n<h4 class=\"wp-block-heading\"><strong>Co zmienia ustawa o zarz\u0105dzie sukcesyjnym? &#8211; 10 rzeczy kt\u00f3re musisz wiedzie\u0107!<\/strong><\/h4>\n\n\n\n<h2 class=\"wp-block-heading\"><span class=\"ez-toc-section\" id=\"1_Kogo_dotyczy_ustawa_o_zarzadzie_sukcesyjnym\"><\/span><strong>1. Kogo dotyczy ustawa o zarz\u0105dzie sukcesyjnym?<\/strong><span class=\"ez-toc-section-end\"><\/span><\/h2>\n\n\n\n<p>Nowa ustawa dotyczy os\u00f3b fizycznych prowadz\u0105cych we w\u0142asnym imieniu dzia\u0142alno\u015b\u0107 gospodarcz\u0105 na podstawie wpisu do Centralnej Ewidencji i Informacji o Dzia\u0142alno\u015bci Gospodarczej (tak\u017ce dzia\u0142aj\u0105cych w ramach sp\u00f3\u0142ki cywilnej), z wy\u0142\u0105czeniem os\u00f3b prowadz\u0105cych dzia\u0142alno\u015b\u0107 <em>stricte<\/em> rolnicz\u0105.<\/p>\n\n\n\n<h2 class=\"wp-block-heading\"><span class=\"ez-toc-section\" id=\"2_Co_reguluje\"><\/span><strong>2. Co reguluje?<\/strong><span class=\"ez-toc-section-end\"><\/span><\/h2>\n\n\n\n<p>Ustawa o zarz\u0105dzie sukcesyjnym reguluje zasady tymczasowego zarz\u0105dzania przedsi\u0119biorstwem przedsi\u0119biorcy b\u0119d\u0105cego osob\u0105 fizyczn\u0105 po jego \u015bmierci, a tak\u017ce zasady kontynuowania dzia\u0142alno\u015bci gospodarczej prowadzonej przy u\u017cyciu tego przedsi\u0119biorstwa. <\/p>\n\n\n\n<p>Sukcesja firmy stanie si\u0119 \u0142atwiejsza po wprowadzeniu tej ustawy, a firmy b\u0119d\u0105 mog\u0142y zachowa\u0107 ci\u0105g\u0142o\u015b\u0107 dzia\u0142ania po \u015bmierci w\u0142a\u015bciciela <\/p>\n\n\n\n<h2 class=\"wp-block-heading\"><span class=\"ez-toc-section\" id=\"3_Kto_moze_ustanowic_zarzadce_sukcesyjnego\"><\/span><strong>3. Kto mo\u017ce ustanowi\u0107 zarz\u0105dc\u0119 sukcesyjnego?<\/strong><span class=\"ez-toc-section-end\"><\/span><\/h2>\n\n\n\n<p>Zarz\u0105dc\u0119 sukcesyjnego powo\u0142a\u0107 mo\u017ce przedsi\u0119biorca, a&nbsp; po jego \u015bmierci zrobi\u0107 to mog\u0105 ma\u0142\u017conek przedsi\u0119biorcy (je\u015bli przys\u0142uguje mu udzia\u0142 w przedsi\u0119biorstwie w spadku), spadkobierca ustawowy lub testamentowy przedsi\u0119biorcy (je\u015bli przyj\u0119li spadek) oraz zapisobierca windykacyjny (je\u015bli przys\u0142uguje mu udzia\u0142 w przedsi\u0119biorstwie w spadku).<\/p>\n\n\n\n<h2 class=\"wp-block-heading\"><span class=\"ez-toc-section\" id=\"4_Kto_moze_zostac_zarzadca_sukcesyjnym\"><\/span><strong>4. Kto mo\u017ce zosta\u0107 zarz\u0105dc\u0105 sukcesyjnym?<\/strong><span class=\"ez-toc-section-end\"><\/span><\/h2>\n\n\n\n<p>Zarz\u0105dc\u0105 sukcesyjnym mo\u017ce by\u0107 ka\u017cdy, kto ma zdolno\u015b\u0107 do czynno\u015bci prawnych i nie ma zakazu prowadzenia dzia\u0142alno\u015bci gospodarczej. Zarz\u0105dc\u0105 sukcesyjnym mo\u017ce r\u00f3wnie\u017c sta\u0107 si\u0119 powo\u0142any wcze\u015bniej prokurent.<\/p>\n\n\n\n<h2 class=\"wp-block-heading\"><span class=\"ez-toc-section\" id=\"5_Jak_przedsiebiorca_moze_skutecznie_ustanowic_zarzadce_sukcesyjnego\"><\/span><strong>5. Jak przedsi\u0119biorca mo\u017ce skutecznie ustanowi\u0107 zarz\u0105dc\u0119 sukcesyjnego?<\/strong><span class=\"ez-toc-section-end\"><\/span><\/h2>\n\n\n\n<p>Ustanowienie zarz\u0105dcy sukcesyjnego przez przedsi\u0119biorc\u0119 odbywa si\u0119 w dw\u00f3ch krokach. Po pierwsze powo\u0142aj zarz\u0105dc\u0119 sukcesyjnego (wystarczy o\u015bwiadczenie na pi\u015bmie i zgoda zarz\u0105dcy). Po drugie zg\u0142o\u015b zarz\u0105dc\u0119 do CEIDG.<\/p>\n\n\n\n<h2 class=\"wp-block-heading\"><span class=\"ez-toc-section\" id=\"6_Jakie_sa_prawa_i_obowiazki_zarzadcy_sukcesyjnego\"><\/span><strong>6. Jakie s\u0105 prawa i obowi\u0105zki zarz\u0105dcy sukcesyjnego?<\/strong><span class=\"ez-toc-section-end\"><\/span><\/h2>\n\n\n\n<p>Do obowi\u0105zk\u00f3w zarz\u0105dcy nale\u017cy przede wszystkim wykonywanie um\u00f3w z kontrahentami, wyst\u0119powanie w post\u0119powaniach s\u0105dowych, realizacja obowi\u0105zk\u00f3w lub uprawnie\u0144 wynikaj\u0105cych z decyzji administracyjnych oraz stosowanie si\u0119 do zalece\u0144 organ\u00f3w administracyjnych (wynikaj\u0105cych na przyk\u0142ad z kontroli urz\u0119du skarbowego).<\/p>\n\n\n\n<h2 class=\"wp-block-heading\"><span class=\"ez-toc-section\" id=\"7_Jak_dlugo_trwa_zarzad_sukcesyjny\"><\/span><strong>7. Jak d\u0142ugo trwa zarz\u0105d sukcesyjny?<\/strong><span class=\"ez-toc-section-end\"><\/span><\/h2>\n\n\n\n<p>Zarz\u0105d sukcesyjny wygasa z up\u0142ywem 2 lat od dnia \u015bmierci przedsi\u0119biorcy. S\u0105d mo\u017ce jednak z wa\u017cnych przyczyn przed dniem wyga\u015bni\u0119cia zarz\u0105du sukcesyjnego przed\u0142u\u017cy\u0107 okres tego zarz\u0105du na czas nie d\u0142u\u017cszy ni\u017c 5 lat od dnia \u015bmierci przedsi\u0119biorcy.<\/p>\n\n\n\n<h2 class=\"wp-block-heading\"><span class=\"ez-toc-section\" id=\"8_Zarzadca_sukcesyjny_moze_w_kazdej_chwili_zrezygnowac_z_pelnienia_tej_funkcji\"><\/span><strong>8. Zarz\u0105dca sukcesyjny mo\u017ce w ka\u017cdej chwili zrezygnowa\u0107 z pe\u0142nienia tej funkcji.<\/strong><span class=\"ez-toc-section-end\"><\/span><\/h2>\n\n\n\n<p>Osoba, kt\u00f3ra wyrazi\u0142a zgod\u0119 na powo\u0142anie jej jako zarz\u0105dc\u0119 sukcesyjnego mo\u017ce w ka\u017cdej chwili zrezygnowa\u0107 z tej funkcji. Ustawa o zarz\u0105dzie sukcesyjnym nie przewiduje mo\u017cliwo\u015bci zobowi\u0105zania \u017cadnej z os\u00f3b do bycia zarz\u0105dc\u0105 sukcesyjnym. Przedsi\u0119biorca mo\u017ce co najwy\u017cej powo\u0142a\u0107 drugiego zarz\u0105dc\u0119 sukcesyjnego, na wypadek gdyby zarz\u0105dca sukcesyjny powo\u0142any w pierwszej kolejno\u015bci zrezygnowa\u0142 z pe\u0142nienia tej funkcji.<\/p>\n\n\n\n<h2 class=\"wp-block-heading\"><span class=\"ez-toc-section\" id=\"9_Co_sie_stanie_jesli_przedsiebiorca_nie_ustanowi_zarzadcy_sukcesyjnego\"><\/span><strong>9. Co si\u0119 stanie je\u015bli przedsi\u0119biorca nie ustanowi zarz\u0105dcy sukcesyjnego?<\/strong><span class=\"ez-toc-section-end\"><\/span><\/h2>\n\n\n\n<p>Po \u015bmierci przedsi\u0119biorcy zarz\u0105dc\u0119 sukcesyjnego powo\u0142a\u0107 mog\u0105 osoby uprawnione (patrz. pkt 3). Uprawnienie to wygasa z up\u0142ywem 2 miesi\u0119cy od \u015bmierci przedsi\u0119biorcy.<\/p>\n\n\n\n<h2 class=\"wp-block-heading\"><span class=\"ez-toc-section\" id=\"10_Ustawa_o_zarzadzie_sukcesyjnym_nie_rozwiazuje_problemow_z_sukcesja_przedsiebiorstwa_prowadzonego_w_formie_jednoosobowej_dzialalnosci_gospodarczej\"><\/span><strong>10. Ustawa o zarz\u0105dzie sukcesyjnym nie rozwi\u0105zuje problem\u00f3w z sukcesj\u0105 przedsi\u0119biorstwa prowadzonego w formie jednoosobowej dzia\u0142alno\u015bci gospodarczej.<\/strong><span class=\"ez-toc-section-end\"><\/span><\/h2>\n\n\n\n<p>Zarz\u0105d sukcesyjny stanowi jedynie ostatni\u0105 desk\u0119 ratunku dla przypadk\u00f3w niepodj\u0119cia lub niezako\u0144czenia realizacji plan\u00f3w sukcesyjnych. Wci\u0105\u017c niemo\u017cliwe b\u0119dzie prowadzenie przed spadkobierc\u0119 lub spadkobierc\u00f3w jednoosobowej dzia\u0142alno\u015bci gospodarczej spadkodawcy. Spadkobiercy zmuszeni b\u0119d\u0105 do za\u0142o\u017cenia nowej dzia\u0142alno\u015bci gospodarczej w dowolnie obranej formie prawnej. W rezultacie koszty \u201eskorzystania\u201d z zarz\u0105dcy sukcesyjnego mog\u0105 znacznie przewy\u017cszy\u0107 koszty przekszta\u0142cenia jednoosobowej dzia\u0142alno\u015bci gospodarczej w sp\u00f3\u0142k\u0119 prawa handlowego jeszcze za \u017cycia przedsi\u0119biorcy.<\/p>\n\n\n\n<p>Podsumowuj\u0105c: ustawa o zarz\u0105dzie sukcesyjnym to krok naprz\u00f3d je\u015bli chodzi o rozwi\u0105zywanie problem\u00f3w z sukcesj\u0105. Nowe przepisy zosta\u0142y wprowadzone z my\u015bl\u0105 o u\u0142atwieniu polskim przedsi\u0119biorcom budowania d\u0142ugowiecznych marek, kt\u00f3rych dzia\u0142alno\u015b\u0107 b\u0119dzie kontynuowana nawet w przypadku braku spadkobierc\u00f3w.<\/p>\n\n\n\n<p><strong>Co to jest ustawa o sukcesji?<\/strong><br>Ustawa o zarz\u0105dzie sukcesyjnym przedsi\u0119biorstwem osoby fizycznej i innych u\u0142atwieniach zwi\u0105zanych z sukcesj\u0105 przedsi\u0119biorstw. Ustawa wprowadza mechanizm zapewniaj\u0105cy czasowe zabezpieczenie um\u00f3w zawieranych w ramach dzia\u0142alno\u015bci gospodarczej i ich wykonywanie przez zarz\u0105dc\u0119 sukcesyjnego.<\/p>\n\n\n\n<h2 class=\"wp-block-heading\"><span class=\"ez-toc-section\" id=\"Polaczenie_zalet_fundacji_rodzinnej_i_zarzadcy_sukcesyjnego\"><\/span><strong>Po\u0142\u0105czenie zalet fundacji rodzinnej i zarz\u0105dcy sukcesyjnego.<\/strong>&nbsp;<span class=\"ez-toc-section-end\"><\/span><\/h2>\n\n\n\n<p>Fundacja rodzinna mo\u017ce pom\u00f3c w gospodarowaniu maj\u0105tkiem przedsi\u0119biorstwa w spos\u00f3b znacznie trwalszy ni\u017c w przypadku zastosowania jedynie rozwi\u0105za\u0144 dotycz\u0105cych zarz\u0105dcy sukcesyjnego. Co ciekawe, oba rozwi\u0105zania si\u0119 nie wykluczaj\u0105, a wr\u0119cz przeciwnie &#8211; \u015bwiadome skorzystanie zar\u00f3wno z zarz\u0105du sukcesyjnego, jak i rozwi\u0105za\u0144 fundacji rodzinnej mo\u017ce by\u0107 niezwykle korzystne.&nbsp;<\/p>\n\n\n\n<p>Mianowicie, w przypadku, gdy nestor rodziny nie zdo\u0142a za swojego \u017cycia rozporz\u0105dzi\u0107 maj\u0105tkiem prowadzonego przedsi\u0119biorstwa, to w\u0142a\u015bnie zarz\u0105dca sukcesyjny mo\u017ce by\u0107 idealnym rozwi\u0105zaniem wobec konieczno\u015bci przeniesienia d\u00f3br znajduj\u0105cych si\u0119 w przedsi\u0119biorstwie\u00a0do ustanowionej fundacji rodzinnej.\u00a0\u00a0<\/p>\n\n\n\n<p>Takie rozwi\u0105zanie mo\u017ce wydawa\u0107 si\u0119 szczeg\u00f3lnie atrakcyjne, chocia\u017cby ze wzgl\u0119du na brak mo\u017cliwo\u015bci przekszta\u0142cenia jednoosobowej dzia\u0142alno\u015bci gospodarczej w sp\u00f3\u0142k\u0119 z o. o. przez zarz\u0105dc\u0119 sukcesyjnego.&nbsp;<\/p>\n\n\n\n<p>Uniemo\u017cliwia to dalsze funkcjonowanie takiej dzia\u0142alno\u015bci po up\u0142ywie 2-letniego okresu pozwalaj\u0105cego prowadzi\u0107 firm\u0119 przez zarz\u0105dc\u0119 sukcesyjnego. Dzi\u0119ki temu, proponowane rozwi\u0105zanie mo\u017ce z powodzeniem zminimalizowa\u0107 ryzyko zwi\u0105zane z nieudanym procesem sukcesji mog\u0105cym doprowadzi\u0107 nawet do utraty rodzinnego maj\u0105tku.<\/p>\n\n\n\n<p><em>Dawid Walczak<\/em><\/p>\n\n\n\n<p>Rafa\u0142 Szymkowiak<\/p>\n\n\n\n<div style=\"height:36px\" aria-hidden=\"true\" class=\"wp-block-spacer\"><\/div>\n\n\n\n<div style=\"height:26px\" aria-hidden=\"true\" class=\"wp-block-spacer\"><\/div>\n","protected":false},"excerpt":{"rendered":"<p>Dziedziczenie firmy zmieni\u0142o si\u0119 w znaczny spos\u00f3b po wej\u015bciu w \u017cycie przepis\u00f3w o zarz\u0105dcy sukcesyjnym. Nowe przepisy, kt\u00f3re wesz\u0142y w\u202f\u017cycie 25 listopada 2018 powsta\u0142y na\u202fpotrzeby wsp\u00f3\u0142czesnych firm. Sukcesja firmy rodzinnej po\u202fwprowadzeniu nowej ustawy b\u0119dzie wygl\u0105da\u0107 nieco inaczej. Co zmienia ustawa o zarz\u0105dzie sukcesyjnym? &#8211; 10 rzeczy kt\u00f3re musisz wiedzie\u0107! 1. Kogo dotyczy ustawa o zarz\u0105dzie &hellip; <\/p>\n<p class=\"link-more\"><a href=\"https:\/\/pragmatiq.pl\/zmianawarty\/25-listopada-wchodzi-w-zycie-ustawa-o-zarzadzie-sukcesyjnym\/\" class=\"more-link\">Continue reading<span class=\"screen-reader-text\"> &#8222;Ustawa o zarz\u0105dzie sukcesyjnym! Sprawd\u017a najwa\u017cniejsze zmiany. Esencja wiedzy o: przekazaniu firmy, wprowadzeniu mened\u017cera, sprzeda\u017cy firmy.&#8221;<\/span><\/a><\/p>\n","protected":false},"author":9,"featured_media":1017,"comment_status":"open","ping_status":"open","sticky":false,"template":"","format":"standard","meta":{"footnotes":""},"categories":[4],"tags":[49,47,48],"class_list":["post-767","post","type-post","status-publish","format-standard","has-post-thumbnail","hentry","category-artykuly","tag-smierc-wlasciciela","tag-zarzadca-sukcesyjny","tag-zarzadzanie-przedsiebiorstwem"],"_links":{"self":[{"href":"https:\/\/pragmatiq.pl\/zmianawarty\/wp-json\/wp\/v2\/posts\/767","targetHints":{"allow":["GET"]}}],"collection":[{"href":"https:\/\/pragmatiq.pl\/zmianawarty\/wp-json\/wp\/v2\/posts"}],"about":[{"href":"https:\/\/pragmatiq.pl\/zmianawarty\/wp-json\/wp\/v2\/types\/post"}],"author":[{"embeddable":true,"href":"https:\/\/pragmatiq.pl\/zmianawarty\/wp-json\/wp\/v2\/users\/9"}],"replies":[{"embeddable":true,"href":"https:\/\/pragmatiq.pl\/zmianawarty\/wp-json\/wp\/v2\/comments?post=767"}],"version-history":[{"count":30,"href":"https:\/\/pragmatiq.pl\/zmianawarty\/wp-json\/wp\/v2\/posts\/767\/revisions"}],"predecessor-version":[{"id":4405,"href":"https:\/\/pragmatiq.pl\/zmianawarty\/wp-json\/wp\/v2\/posts\/767\/revisions\/4405"}],"wp:featuredmedia":[{"embeddable":true,"href":"https:\/\/pragmatiq.pl\/zmianawarty\/wp-json\/wp\/v2\/media\/1017"}],"wp:attachment":[{"href":"https:\/\/pragmatiq.pl\/zmianawarty\/wp-json\/wp\/v2\/media?parent=767"}],"wp:term":[{"taxonomy":"category","embeddable":true,"href":"https:\/\/pragmatiq.pl\/zmianawarty\/wp-json\/wp\/v2\/categories?post=767"},{"taxonomy":"post_tag","embeddable":true,"href":"https:\/\/pragmatiq.pl\/zmianawarty\/wp-json\/wp\/v2\/tags?post=767"}],"curies":[{"name":"wp","href":"https:\/\/api.w.org\/{rel}","templated":true}]}}