{"id":624,"date":"2018-09-18T14:41:20","date_gmt":"2018-09-18T12:41:20","guid":{"rendered":"https:\/\/zmianawarty.pl\/?p=624"},"modified":"2024-09-16T15:37:32","modified_gmt":"2024-09-16T13:37:32","slug":"rzeczpospolita-objela-patronatem-publikacje-o-sukcesji-zmiana-warty","status":"publish","type":"post","link":"https:\/\/pragmatiq.pl\/zmianawarty\/rzeczpospolita-objela-patronatem-publikacje-o-sukcesji-zmiana-warty\/","title":{"rendered":"Dziennik &#8222;Rzeczpospolita&#8221; obj\u0105\u0142 Patronatem publikacj\u0119 o sukcesji &#8222;Zmiana warty&#8221;"},"content":{"rendered":"<p><strong>&#8222;Zmiana warty&#8221; czyli przewodnik po trzech drogach do sukcesji w prywatnej firmie ju\u017c w pa\u017adzierniku trafi do sprzeda\u017cy. Dziennik &#8222;Rzeczpospolita&#8221; obj\u0105\u0142 go swoim Patronatem, razem z portalem\u00a0<a href=\"https:\/\/www.infor.pl\/\" target=\"_blank\" rel=\"noopener\">Infor.pl<\/a>\u00a0 i Wielkopolskim Zwi\u0105zkiem Pracodawc\u00f3w &#8222;Lewiatan&#8221;\u00a0<\/strong><\/p>\n<p>Sukcesja to nie rezygnacja, ale m\u0105dre przekazywanie. Autorzy publikacji pt. \u201eZmiana warty\u201d maj\u0105 \u015bwiadomo\u015b\u0107, \u017ce jest to temat trudny, a zmian\u0119 w biznesowej sztafecie pokole\u0144 trzeba dobrze przygotowa\u0107 i rozs\u0105dnie zrealizowa\u0107. W\u0142a\u015bciwie przeprowadzona, jest nie tylko podsumowaniem dotychczasowych osi\u0105gni\u0119\u0107 firmy, ale tak\u017ce otwiera drzwi do ich kontynuacji.<\/p>\n<p>Publikacja jest wynikiem do\u015bwiadcze\u0144 prawnik\u00f3w i doradc\u00f3w podatkowych z Kancelarii Prawnej PragmatIQ z Poznania, kt\u00f3rzy od wielu lat doradzaj\u0105 prywatnym przedsi\u0119biorcom w kluczowych dla ich firm procesach restrukturyzacji i przekszta\u0142ce\u0144 w\u0142asno\u015bciowych.<\/p>\n<p>Ksi\u0105\u017cka zawiera przejrzysty indeks rzeczowy, kt\u00f3ry pozwala w \u0142atwy spos\u00f3b odnale\u017a\u0107 szukane zagadnienie.<\/p>\n<p>224 pyta\u0144 i odpowiedzi, 143 praktyczne przyk\u0142ady i odes\u0142ania do obowi\u0105zuj\u0105cych przepis\u00f3w umo\u017cliwia sprawne dotarcie do poszczeg\u00f3lnych w\u0105tk\u00f3w.<\/p>\n<p>Ksi\u0105\u017cka zosta\u0142a opracowana w oparciu o stan prawny obowi\u0105zuj\u0105cy w dniu 1 wrze\u015bnia 2018 r., ale uwzgl\u0119dnia zapisy najnowszej ustawy o zarz\u0105dzie sukcesyjnym przedsi\u0119biorstwem osoby fizycznej<\/p>\n<p><strong>KSI\u0104\u017bKA JU\u017b W SPRZEDA\u017bY!<\/strong><\/p>\n<p><a href=\"https:\/\/pragmatiq.pl\/sklep\/zmiana-warty\/#ksiazki\">Zam\u00f3w teraz<\/a><\/p>\n","protected":false},"excerpt":{"rendered":"<p>&#8222;Zmiana warty&#8221; czyli przewodnik po trzech drogach do sukcesji w prywatnej firmie ju\u017c w pa\u017adzierniku trafi do sprzeda\u017cy. Dziennik &#8222;Rzeczpospolita&#8221; obj\u0105\u0142 go swoim Patronatem, razem z portalem\u00a0Infor.pl\u00a0 i Wielkopolskim Zwi\u0105zkiem Pracodawc\u00f3w &#8222;Lewiatan&#8221;\u00a0 Sukcesja to nie rezygnacja, ale m\u0105dre przekazywanie. Autorzy publikacji pt. \u201eZmiana warty\u201d maj\u0105 \u015bwiadomo\u015b\u0107, \u017ce jest to temat trudny, a zmian\u0119 w biznesowej &hellip; <\/p>\n<p class=\"link-more\"><a href=\"https:\/\/pragmatiq.pl\/zmianawarty\/rzeczpospolita-objela-patronatem-publikacje-o-sukcesji-zmiana-warty\/\" class=\"more-link\">Continue reading<span class=\"screen-reader-text\"> &#8222;Dziennik &#8222;Rzeczpospolita&#8221; obj\u0105\u0142 Patronatem publikacj\u0119 o sukcesji &#8222;Zmiana warty&#8221;&#8221;<\/span><\/a><\/p>\n","protected":false},"author":31,"featured_media":628,"comment_status":"open","ping_status":"open","sticky":false,"template":"","format":"standard","meta":{"footnotes":""},"categories":[1],"tags":[],"class_list":["post-624","post","type-post","status-publish","format-standard","has-post-thumbnail","hentry","category-bez-kategorii"],"_links":{"self":[{"href":"https:\/\/pragmatiq.pl\/zmianawarty\/wp-json\/wp\/v2\/posts\/624","targetHints":{"allow":["GET"]}}],"collection":[{"href":"https:\/\/pragmatiq.pl\/zmianawarty\/wp-json\/wp\/v2\/posts"}],"about":[{"href":"https:\/\/pragmatiq.pl\/zmianawarty\/wp-json\/wp\/v2\/types\/post"}],"author":[{"embeddable":true,"href":"https:\/\/pragmatiq.pl\/zmianawarty\/wp-json\/wp\/v2\/users\/31"}],"replies":[{"embeddable":true,"href":"https:\/\/pragmatiq.pl\/zmianawarty\/wp-json\/wp\/v2\/comments?post=624"}],"version-history":[{"count":9,"href":"https:\/\/pragmatiq.pl\/zmianawarty\/wp-json\/wp\/v2\/posts\/624\/revisions"}],"predecessor-version":[{"id":4125,"href":"https:\/\/pragmatiq.pl\/zmianawarty\/wp-json\/wp\/v2\/posts\/624\/revisions\/4125"}],"wp:featuredmedia":[{"embeddable":true,"href":"https:\/\/pragmatiq.pl\/zmianawarty\/wp-json\/wp\/v2\/media\/628"}],"wp:attachment":[{"href":"https:\/\/pragmatiq.pl\/zmianawarty\/wp-json\/wp\/v2\/media?parent=624"}],"wp:term":[{"taxonomy":"category","embeddable":true,"href":"https:\/\/pragmatiq.pl\/zmianawarty\/wp-json\/wp\/v2\/categories?post=624"},{"taxonomy":"post_tag","embeddable":true,"href":"https:\/\/pragmatiq.pl\/zmianawarty\/wp-json\/wp\/v2\/tags?post=624"}],"curies":[{"name":"wp","href":"https:\/\/api.w.org\/{rel}","templated":true}]}}