{"id":58,"date":"2018-06-19T10:24:04","date_gmt":"2018-06-19T08:24:04","guid":{"rendered":"https:\/\/zmianawarty.pl\/?p=58"},"modified":"2024-09-16T16:03:10","modified_gmt":"2024-09-16T14:03:10","slug":"wszystko-zostaje-w-rodzinie-1","status":"publish","type":"post","link":"https:\/\/pragmatiq.pl\/zmianawarty\/wszystko-zostaje-w-rodzinie-1\/","title":{"rendered":"Wszystko zostaje w rodzinie, czyli dziedziczenie firmy"},"content":{"rendered":"<div id=\"ez-toc-container\" class=\"ez-toc-v2_0_82_2 counter-hierarchy ez-toc-counter ez-toc-white ez-toc-container-direction\">\n<div class=\"ez-toc-title-container\"><p class=\"ez-toc-title\" style=\"cursor:inherit\">Spis tre\u015bci<\/p>\n<\/div><nav><ul class='ez-toc-list ez-toc-list-level-1 ' ><li class='ez-toc-page-1 ez-toc-heading-level-2'><a class=\"ez-toc-link ez-toc-heading-1\" href=\"https:\/\/pragmatiq.pl\/zmianawarty\/wszystko-zostaje-w-rodzinie-1\/#Przekazanie_firmy_dzieciom_zonie_%E2%80%93_kiedy_i_jak\" >Przekazanie firmy dzieciom, \u017conie &#8211; kiedy i jak<\/a><\/li><li class='ez-toc-page-1 ez-toc-heading-level-2'><a class=\"ez-toc-link ez-toc-heading-2\" href=\"https:\/\/pragmatiq.pl\/zmianawarty\/wszystko-zostaje-w-rodzinie-1\/#Przekazanie_udzialow_firmy_dziecku_lub_zonie\" >Przekazanie udzia\u0142\u00f3w firmy dziecku lub \u017conie<\/a><\/li><li class='ez-toc-page-1 ez-toc-heading-level-2'><a class=\"ez-toc-link ez-toc-heading-3\" href=\"https:\/\/pragmatiq.pl\/zmianawarty\/wszystko-zostaje-w-rodzinie-1\/#Dziedziczenie_firmy_%E2%80%93_krok_po_kroku\" >Dziedziczenie firmy &#8211; krok po kroku<\/a><\/li><li class='ez-toc-page-1 ez-toc-heading-level-2'><a class=\"ez-toc-link ez-toc-heading-4\" href=\"https:\/\/pragmatiq.pl\/zmianawarty\/wszystko-zostaje-w-rodzinie-1\/#Zachowanie_rodzinnych_firm_dzieki_Fundacji_rodzinnej\" >Zachowanie rodzinnych firm dzi\u0119ki Fundacji rodzinnej<\/a><\/li><\/ul><\/nav><\/div>\n<div class=\"wp-block-image\">\n<figure class=\"alignleft\"><img decoding=\"async\" width=\"150\" height=\"150\" src=\"https:\/\/pragmatiq.pl\/zmianawarty\/wp-content\/uploads\/2018\/06\/PMQ_sukcesja-rodzinna_black-150x150.jpg\" alt=\"\" class=\"wp-image-108\" srcset=\"https:\/\/pragmatiq.pl\/zmianawarty\/wp-content\/uploads\/2018\/06\/PMQ_sukcesja-rodzinna_black-150x150.jpg 150w, https:\/\/pragmatiq.pl\/zmianawarty\/wp-content\/uploads\/2018\/06\/PMQ_sukcesja-rodzinna_black-300x300.jpg 300w, https:\/\/pragmatiq.pl\/zmianawarty\/wp-content\/uploads\/2018\/06\/PMQ_sukcesja-rodzinna_black-768x768.jpg 768w, https:\/\/pragmatiq.pl\/zmianawarty\/wp-content\/uploads\/2018\/06\/PMQ_sukcesja-rodzinna_black-1024x1024.jpg 1024w, https:\/\/pragmatiq.pl\/zmianawarty\/wp-content\/uploads\/2018\/06\/PMQ_sukcesja-rodzinna_black-100x100.jpg 100w\" sizes=\"(max-width: 150px) 100vw, 150px\" \/><\/figure>\n<\/div>\n\n\n<p><strong>Firma to ogromna inwestycja czasu, wysi\u0142ku i emocji.&nbsp; Dla wielu biznesmen\u00f3w ich firma, bez wzgl\u0119du na to, jak du\u017ca, to ich dziecko i dbaj\u0105 o ni\u0105 tak, jak o syn\u00f3w czy c\u00f3rki. Wreszcie firma to marka, stworzona cz\u0119sto od podstaw, to system warto\u015bci bliski jej tw\u00f3rcy, to wizerunek, kt\u00f3ry \u015bci\u015ble \u0142\u0105czy si\u0119 z jego imieniem i nazwiskiem. W cudzych r\u0119kach straci te niematerialne, a cenne dla w\u0142a\u015bciciela warto\u015bci. Trudno zatem nie marzy\u0107 o tym, \u017ce zwi\u0105zek firmy z rodzin\u0105 i nazwiskiem przetrwa, a dzia\u0142alno\u015b\u0107 b\u0119dzie kontynuowana, nawet po \u015bmierci w\u0142a\u015bciciela firmy. Tote\u017c zdecydowana wi\u0119kszo\u015b\u0107 przedsi\u0119biorc\u00f3w chcia\u0142aby przekaza\u0107 firm\u0119 rodzinie, o ile tylko jest mo\u017cliwo\u015b\u0107.<\/strong><\/p>\n\n\n\n<p>Jednak od decyzji, \u017ce <strong>firma ma zosta\u0107 dziedziczona<\/strong> przez rodzin\u0119, do owocnego przeprowadzenia sukcesji droga wcale nie jest \u0142atwa. W\u0142a\u015bciciel czy w\u0142a\u015bciciele musz\u0105 zdecydowa\u0107, kto co ma przej\u0105\u0107 i na jakich zasadach po <strong>\u015bmierci przedsi\u0119biorcy<\/strong>. Najprostszy i zarazem najsprawiedliwszy wydaje si\u0119 arytmetyczny podzia\u0142 mi\u0119dzy osoby, kt\u00f3re maj\u0105 by\u0107 sukcesorami. To pozwala seniorom zachowa\u0107 poczucie, \u017ce wszystkich bliskich, np. dzieci, potraktowali r\u00f3wno, nikogo nie wyr\u00f3\u017cniaj\u0105c, a ich decyzja nie wywo\u0142a niesnasek w rodzinie.<\/p>\n\n\n\n<h2 class=\"wp-block-heading\"><span class=\"ez-toc-section\" id=\"Przekazanie_firmy_dzieciom_zonie_%E2%80%93_kiedy_i_jak\"><\/span>Przekazanie firmy dzieciom, \u017conie &#8211; kiedy i jak<span class=\"ez-toc-section-end\"><\/span><\/h2>\n\n\n\n<p>Trzeba jednak zada\u0107 sobie wtedy dwa pytania.&nbsp;Pierwsze dotyczy sukcesor\u00f3w: ich kompetencji i do\u015bwiadczenia w prowadzeniu biznesu, ale te\u017c temperament\u00f3w i wyznawanych zasad. Najcz\u0119\u015bciej nawet bardzo blisko spokrewnione osoby znacz\u0105co si\u0119 od siebie r\u00f3\u017cni\u0105. Te r\u00f3\u017cnice mog\u0105 \u0142atwo sprawi\u0107, \u017ce nawet taki sprawiedliwy, arytmetyczny podzia\u0142 firmy nie zapewni harmonijnej wsp\u00f3\u0142pracy mi\u0119dzy nowymi wsp\u00f3\u0142w\u0142a\u015bcicielami firmy i powstania sp\u00f3jnej wizji jej rozwoju. Pytanie o sukcesor\u00f3w dotyczy tak\u017ce ich osobistych plan\u00f3w, kt\u00f3re mog\u0105 znacznie odbiega\u0107 od wizji zostania przedsi\u0119biorc\u0105 przejmuj\u0105cym rodzinny biznes.<\/p>\n\n\n\n<figure class=\"wp-block-embed is-type-video is-provider-youtube wp-block-embed-youtube wp-embed-aspect-16-9 wp-has-aspect-ratio\"><div class=\"wp-block-embed__wrapper\">\n<iframe title=\"Firma w testamencie - Jak przygotowa\u0107 si\u0119 do biznesowej zmiany warty?\" width=\"525\" height=\"295\" src=\"https:\/\/www.youtube.com\/embed\/Op1WOr19ChU?feature=oembed\" frameborder=\"0\" allow=\"accelerometer; autoplay; clipboard-write; encrypted-media; gyroscope; picture-in-picture; web-share\" referrerpolicy=\"strict-origin-when-cross-origin\" allowfullscreen><\/iframe>\n<\/div><figcaption class=\"wp-element-caption\">Jak przygotowa\u0107 si\u0119 do biznesowej sukcesji? Zobacz nasz kr\u00f3tki instrukta\u017c!<\/figcaption><\/figure>\n\n\n\n<p>Drugie pytanie dotyczy przedsi\u0119wzi\u0119cia, kt\u00f3re ma zosta\u0107 przekazane i tego, co b\u0119dzie najkorzystniejsze dla jego trwania i rozwoju. W przypadku scedowania odpowiedzialno\u015bci za firm\u0119 rodzinn\u0105 na jedn\u0105 osob\u0119 sprawa jest prosta, ale gdy dzieli si\u0119 j\u0105 mi\u0119dzy np. dwoje dzieci, po r\u00f3wno, mo\u017ce doj\u015b\u0107 do sytuacji patowej, je\u015bli sukcesorzy b\u0119d\u0105 si\u0119 istotnie r\u00f3\u017cni\u0107 co do strategii i taktyki dzia\u0142ania. Gdy za\u015b sukcesor\u00f3w b\u0119dzie trzech lub wi\u0119cej, mo\u017ce nast\u0105pi\u0107 rozdrobnienie udzia\u0142\u00f3w, a wi\u0119c i rozmycie odpowiedzialno\u015bci za firm\u0119. Ba, szybko doj\u015b\u0107 mo\u017ce do sytuacji, w kt\u00f3rej przedsi\u0119wzi\u0119cie stworzone przez ma\u0142\u017conk\u00f3w w trzecim pokoleniu staje si\u0119 sp\u00f3\u0142k\u0105 kilkunastu os\u00f3b. A przecie\u017c wiadomo, jak wa\u017cne w ka\u017cdej firmie jest sprawne podejmowanie decyzji i \u017ce zbytni podzia\u0142 g\u0142os\u00f3w na pewno temu nie sprzyja.<\/p>\n\n\n\n<h2 class=\"wp-block-heading\"><span class=\"ez-toc-section\" id=\"Przekazanie_udzialow_firmy_dziecku_lub_zonie\"><\/span>Przekazanie udzia\u0142\u00f3w firmy dziecku lub \u017conie<span class=\"ez-toc-section-end\"><\/span><\/h2>\n\n\n\n<p>Tak wi\u0119c pomys\u0142, by <strong>przekaza\u0107 firm\u0119<\/strong> wszystkim sukcesorom po r\u00f3wno, niekoniecznie jest najlepszy i realny. Ale je\u015bli nie dzieli\u0107 wszystkiego w r\u00f3wnym stopniu, to jak dokona\u0107 odpowiedniego podzia\u0142u, by mno\u017cy\u0107 to, co zosta\u0142o wypracowane w pierwszym pokoleniu, i jednocze\u015bnie nie wywo\u0142a\u0107 rodzinnych konflikt\u00f3w? I jak zagwarantowa\u0107, \u017ce decyzje dotycz\u0105ce sukcesji nie b\u0119d\u0105 podwa\u017cane w przysz\u0142o\u015bci? Biznesowa zmiana warty to poza tym nie tylko przekazanie okre\u015blonej cz\u0119\u015bci maj\u0105tku, kt\u00f3re, jak wida\u0107, i tak nie jest proste. Opr\u00f3cz <strong>przekazania udzia\u0142\u00f3w<\/strong> trzeba wybra\u0107 nast\u0119pc\u00f3w, kt\u00f3rzy przejm\u0105 rzeczywiste stery w firmie. A to jest cz\u0119sto jeszcze trudniejsze zadanie ni\u017c sprawiedliwy podzia\u0142 schedy. Decyzji w tym zakresie nie u\u0142atwiaj\u0105 naturalne r\u00f3\u017cnice pokoleniowe. Starsi zazwyczaj narzekaj\u0105 na m\u0142odszych, uznaj\u0105c, \u017ce ci ulegaj\u0105 r\u00f3\u017cnym modom, tak\u017ce w biznesie, \u017ce brakuje im rozwagi i do\u015bwiadczenia, \u017ce wreszcie nie doceni\u0105 tego, co dostan\u0105, bo nie musieli na to ci\u0119\u017cko pracowa\u0107. Z kolei m\u0142odsze pokolenie, potencjalni nast\u0119pcy w firmie, nie chc\u0105 bezkrytycznie realizowa\u0107 cudzych pomys\u0142\u00f3w, maj\u0105 swoje plany i ambicje, a poza tym \u2013 po latach obserwowania zapracowanych rodzic\u00f3w \u2013 nierzadko pragn\u0105 znale\u017a\u0107 zdrowy balans mi\u0119dzy dzia\u0142alno\u015bci\u0105 zarobkow\u0105, a \u017cyciem prywatnym i nie zamierzaj\u0105 wszystkiego podporz\u0105dkowa\u0107 <strong>dziedziczonej firmie rodzinnej.<\/strong><\/p>\n\n\n\n<p>Nie da si\u0119 ukry\u0107, \u017ce spora cz\u0119\u015b\u0107 firm, kt\u00f3re b\u0119d\u0105 przechodzi\u0142y proces pokoleniowej zmiany warty, wymaga nowego spojrzenia i wprowadzenia cz\u0119sto innowacyjnych rozwi\u0105za\u0144. Mo\u017ce si\u0119 wtedy okaza\u0107, \u017ce odwaga nast\u0119pc\u00f3w i ich brak przywi\u0105zania do dotychczas realizowanej wizji rozwoju firmy wyjdzie jej na dobre. Tak jak mia\u0142o to miejsce w przypadku biznesu Jacka Domoga\u0142y, przez lata zwi\u0105zanego z g\u00f3rnictwem (jego Famur zajmowa\u0142a si\u0119 i nadal zajmuje produkcj\u0105 urz\u0105dze\u0144 dla kopal\u0144). Po przej\u0119ciu firmy w 2010 roku przez 25-letniego w\u00f3wczas syna Tomasza biznes Domoga\u0142\u00f3w zosta\u0142 zdywersyfikowany, by uniezale\u017cni\u0107 go od koniunktury na w\u0119giel \u2013 tworz\u0105 go dzi\u015b opr\u00f3cz Famuru r\u00f3wnie\u017c sp\u00f3\u0142ki Kopex, Fugo i kilkadziesi\u0105t innych podmiot\u00f3w, nad kt\u00f3rymi parasolem jest rodzinna sp\u00f3\u0142ka inwestycyjna TDJ.<\/p>\n\n\n\n<h2 class=\"wp-block-heading\"><span class=\"ez-toc-section\" id=\"Dziedziczenie_firmy_%E2%80%93_krok_po_kroku\"><\/span>Dziedziczenie firmy &#8211; krok po kroku<span class=\"ez-toc-section-end\"><\/span><\/h2>\n\n\n\n<p><strong>Dziedziczenie firmy rodzinnej<\/strong> niekoniecznie wi\u0119c musi oznacza\u0107 dla nast\u0119pnego pokolenia tylko korzystanie z wcze\u015bniej wypracowanych zysk\u00f3w, ale r\u00f3wnie\u017c ci\u0119\u017ck\u0105 prac\u0119 i trudne decyzje o powa\u017cnych, a czasami i ryzykownych zmianach. Dla samej za\u015b firmy \u2013 dynamiczny rozw\u00f3j, bo m\u0142odsi sta\u017cem przedsi\u0119biorcy s\u0105 cz\u0119sto lepiej wykszta\u0142ceni od swych poprzednik\u00f3w, maj\u0105 mniej ogranicze\u0144 i nie wiedz\u0105, \u017ce czego\u015b si\u0119 nie da zrobi\u0107.<\/p>\n\n\n\n<p>Sprawd\u017a nasze inne artyku\u0142y i wpisy dotycz\u0105ce&nbsp;<a href=\"https:\/\/pragmatiq.pl\/zmianawarty\/dziedziczenie-jednoosobowej-dzialalnosci-gospodarczej\/\">dziedziczenia firmy po \u015bmierci w\u0142a\u015bciciela<\/a>&nbsp;oraz&nbsp;<a href=\"https:\/\/pragmatiq.pl\/zmianawarty\/dziedziczenie-jednoosobowej-dzialalnosci-gospodarczej\/\">dziedziczenia dzia\u0142alno\u015bci gospodarczej<\/a>. <\/p>\n\n\n\n<p>Zdarza si\u0119 jednak, \u017ce kwestia sukcesji jest jeszcze bardziej skomplikowana, gdy mowa o&nbsp;<strong>dziedziczeniu sp\u00f3\u0142ki,<\/strong> a nie dzia\u0142alno\u015bci jednoosobowej czy rodzinnej. W\u00f3wczas spadek ka\u017cdej z nich obejmuje tylko cz\u0119\u015b\u0107 firmy, a wybrany przez ka\u017cdego ze wsp\u00f3lnik\u00f3w model sukcesji b\u0119dzie rzutowa\u0142 na sytuacj\u0119 pozosta\u0142ych udzia\u0142owc\u00f3w i sp\u00f3\u0142ki jako ca\u0142o\u015bci. To, co harmonijnie funkcjonowa\u0142o przez dziesi\u0119ciolecia w gronie pierwotnych wsp\u00f3lnik\u00f3w, kt\u00f3rych spajaj\u0105 wszelkie dobre i z\u0142e do\u015bwiadczenia minionych lat, niekoniecznie musi si\u0119 uda\u0107 w nast\u0119pnym pokoleniu. Jakkolwiek wi\u0119c pomys\u0142, by <strong>przekaza\u0107 firm\u0119 rodzinie<\/strong> czyli dzieciom lub ma\u0142\u017conkowi, wydawa\u0107 si\u0119 mo\u017ce prosty w realizacji, jego prze\u0142o\u017cenie na konkretne rozwi\u0105zania mo\u017ce wymaga\u0107 nie tylko znalezienia odpowiedzi na wiele pyta\u0144 i rozwiania w\u0105tpliwo\u015bci co do intencji potencjalnych sukcesor\u00f3w, ale te\u017c modelu prawnego, kt\u00f3ry zabezpieczy zar\u00f3wno interesy nast\u0119pc\u00f3w, jak i biznesowego przedsi\u0119wzi\u0119cia.<\/p>\n\n\n\n<p>Pomo\u017cemy w rozeznaniu si\u0119 co do mo\u017cliwych rozwi\u0105za\u0144 i ich konsekwencji.\u00a0 Wierzymy, \u017ce lektura opublikowanych pyta\u0144 i odpowiedzi u\u0142atwi wypracowanie w\u0142asnej drogi do rodzinnej sukcesji. Cho\u0107 nie wykluczamy te\u017c, \u017ce dla cz\u0119\u015bci przedsi\u0119biorc\u00f3w b\u0119dzie to materia\u0142 do rozwa\u017cenia innych rozwi\u0105za\u0144: dopuszczenia do rodzinnego biznesu osoby czy os\u00f3b z zewn\u0105trz lub sprzeda\u017cy firmy.<\/p>\n\n\n\n<h2 class=\"wp-block-heading\"><span class=\"ez-toc-section\" id=\"Zachowanie_rodzinnych_firm_dzieki_Fundacji_rodzinnej\"><\/span>Zachowanie rodzinnych firm dzi\u0119ki Fundacji rodzinnej<span class=\"ez-toc-section-end\"><\/span><\/h2>\n\n\n\n<p>Bior\u0105c pod uwag\u0119 powy\u017cej wskazane problemy, idealnym rozwi\u0105zaniem mo\u017ce okaza\u0107 si\u0119 skorzystanie z fundacji rodzinnej. Jest to\u202fnarz\u0119dzie, kt\u00f3re mo\u017ce zosta\u0107 wykorzystane do\u202fprzygotowania kompleksowej sukcesji przedsi\u0119biorc\u00f3w, umo\u017cliwiaj\u0105c im\u202fkumulacj\u0119 rodzinnego kapita\u0142u, a\u202fjednocze\u015bnie zabezpieczaj\u0105c zgromadzony przez nich maj\u0105tek na\u202flata.&nbsp;<\/p>\n\n\n\n<p>\u017beby dowiedzie\u0107 si\u0119, kto dok\u0142adnie mo\u017ce skorzysta\u0107 z fundacji rodzinnej oraz\u00a0 na czym ona polega przeczytaj artyku\u0142 <a href=\"https:\/\/pragmatiq.pl\/zmianawarty\/dla-kogo-fundacja-rodzinna\/\" target=\"_blank\" rel=\"noreferrer noopener\">Dla kogo fundacja rodzinna? <\/a>.\u00a0\u00a0\u00a0<\/p>\n\n\n\n<p>Za\u0142o\u017cenie fundacji rodzinnej umo\u017cliwi przede wszystkim zachowanie, a nawet rozw\u00f3j maj\u0105tku zgromadzonego w rodzinnych r\u0119kach. Skutecznym na to sposobem mo\u017ce by\u0107 chocia\u017cby przekazanie udzia\u0142\u00f3w rodzinnych sp\u00f3\u0142ek do maj\u0105tku FR.&nbsp;&nbsp;<\/p>\n\n\n\n<p>Dzi\u0119ki temu nestor rodziny zapobiegnie rozdrobnienia struktury w\u0142a\u015bcicielskiej w sp\u00f3\u0142kach po jego \u015bmierci, zachowuj\u0105c kontrol\u0119 nad nimi w r\u0119kach rodziny.&nbsp;&nbsp;<\/p>\n\n\n\n<p>Ponadto, dzi\u0119ki fundacji rodzinnej przedsi\u0119biorcy mog\u0105 szczeg\u00f3\u0142owo okre\u015bli\u0107 sw\u00f3j model biznesowy oraz spos\u00f3b zarz\u0105dzania zebranym przez laty maj\u0105tkiem na nast\u0119pne, a nawet kolejne pokolenia.&nbsp;&nbsp;<\/p>\n\n\n\n<p>Co wi\u0119cej, wykorzystanie fundacji rodzinnej mo\u017ce tak\u017ce odci\u0105\u017cy\u0107 spadkobierc\u00f3w niezainteresowanych prowadzeniem biznesu. Bliscy fundatora, kt\u00f3rzy nie posiadaj\u0105 predyspozycji lub nie s\u0105 zainteresowani prowadzeniem spraw rodzinnych firm, mog\u0105 by\u0107 pasywnymi beneficjentami fundacji rodzinnej, za\u015b osoby, kt\u00f3re zaanga\u017cuj\u0105 si\u0119 w ich dzia\u0142alno\u015b\u0107 by\u0142yby np. nagrodzone za czuwanie nad rozwojem rodzinnego maj\u0105tku w postaci dodatkowych \u015bwiadcze\u0144. Mo\u017cliwe jest tak\u017ce kontrolowanie sp\u00f3\u0142ek przez fundacj\u0119 poprzez zewn\u0119trznych mened\u017cer\u00f3w, co sprawi, \u017ce sp\u00f3\u0142ki pozostan\u0105 w rodzinnych r\u0119kach, a cz\u0142onkowie rodziny b\u0119d\u0105 mogli powi\u0119ksza\u0107 maj\u0105tek bez nadmiernego wysi\u0142ku.&nbsp;&nbsp;<\/p>\n\n\n\n<p>Dzi\u0119ki za\u0142o\u017ceniu fundacji rodzinnej mo\u017cemy unikn\u0105\u0107 r\u00f3wnie\u017c potencjalnych konflikt\u00f3w mi\u0119dzy cz\u0142onkami familii, doskonal\u0105c dzia\u0142anie fundacji rodzinnej jeszcze za \u017cycia nestora.&nbsp;&nbsp;<\/p>\n\n\n\n<p>Fundacja rodzinna w niekt\u00f3rych przypadkach pomo\u017ce tak\u017ce unikn\u0105\u0107 zachowku, czego przyk\u0142ad opisujemy w artykule <a href=\"https:\/\/pragmatiq.pl\/zmianawarty\/zasady-obliczania-zachowku-po-zalozeniu-fundacji-rodzinnej\/#Ustalenie_udzialu_przypadajacego_uprawnionemu_w_przypadku_dziedziczenia_ustawowego\" target=\"_blank\" rel=\"noreferrer noopener\">Czy za\u0142o\u017cenie fundacji rodzinnej zmieni zasady obliczania zachowku?<\/a> \u00a0<\/p>\n\n\n\n<p>Aleksander Ga\u0142ek<\/p>\n\n\n<div id=\"cssmenu\" class=\"menu-wszystko-zostaje-w-rodzinie-container\"><ul id=\"menu-wszystko-zostaje-w-rodzinie\" class=\"akordeony\"><li id=\"menu-item-214\" class=\"menu-item menu-item-type-taxonomy menu-item-object-category menu-item-has-children has-sub\"><a href=\"https:\/\/pragmatiq.pl\/zmianawarty\/podstawowe-zasady-dziedziczenia\/\"><span>Podstawowe zasady dziedziczenia<\/span><\/a>\n<ul>\n\t<li id=\"menu-item-269\" class=\"menu-item menu-item-type-post_type menu-item-object-post\"><a href=\"https:\/\/pragmatiq.pl\/zmianawarty\/co-wchodzi-w-sklad-spadku\/\"><span>Czy w sk\u0142ad spadku po zmar\u0142ym wchodz\u0105 r\u00f3wnie\u017c d\u0142ugi?<\/span><\/a><\/li>\n\t<li id=\"menu-item-1619\" class=\"menu-item menu-item-type-post_type menu-item-object-post\"><a href=\"https:\/\/pragmatiq.pl\/zmianawarty\/jakie-sa-podstawowe-zasady-dziedziczenia-ustawowego\/\"><span>Jakie s\u0105 podstawowe zasady dziedziczenia ustawowego? &#8211; Schemat dziedziczenia spadku -kolejno\u015b\u0107<\/span><\/a><\/li>\n\t<li id=\"menu-item-453\" class=\"menu-item menu-item-type-post_type menu-item-object-post\"><a href=\"https:\/\/pragmatiq.pl\/zmianawarty\/jak-wykazac-ze-jest-sie-spadkobierca\/\"><span>Jak wykaza\u0107, \u017ce jest si\u0119 spadkobierc\u0105?<\/span><\/a><\/li>\n\t<li id=\"menu-item-452\" class=\"menu-item menu-item-type-post_type menu-item-object-post\"><a href=\"https:\/\/pragmatiq.pl\/zmianawarty\/zapisanie-konkretnego-skladnika-majatku-na-co-zwrocic-uwage\/\"><span>Zapisanie konkretnego sk\u0142adnika maj\u0105tku w testamencie \u2013 na co zwr\u00f3ci\u0107 uwag\u0119?<\/span><\/a><\/li>\n\t<li id=\"menu-item-587\" class=\"menu-item menu-item-type-post_type menu-item-object-post\"><a href=\"https:\/\/pragmatiq.pl\/zmianawarty\/chcesz-wiedziec-wiecej\/\"><span>Chcesz wiedzie\u0107 wi\u0119cej?<\/span><\/a><\/li>\n<\/ul>\n<\/li>\n<li id=\"menu-item-216\" class=\"menu-item menu-item-type-taxonomy menu-item-object-category menu-item-has-children has-sub\"><a href=\"https:\/\/pragmatiq.pl\/zmianawarty\/testament-sporzadzanie-zmiana-odwolanie\/\"><span>Testament &#8211; sporz\u0105dzanie, zmiana, odwo\u0142anie<\/span><\/a>\n<ul>\n\t<li id=\"menu-item-451\" class=\"menu-item menu-item-type-post_type menu-item-object-post\"><a href=\"https:\/\/pragmatiq.pl\/zmianawarty\/czy-testament-odreczny-faktycznie-musi-byc-napisany-recznie\/\"><span>Czy testament odr\u0119czny faktycznie musi by\u0107 napisany r\u0119cznie?<\/span><\/a><\/li>\n\t<li id=\"menu-item-837\" class=\"menu-item menu-item-type-post_type menu-item-object-post\"><a href=\"https:\/\/pragmatiq.pl\/zmianawarty\/czy-lepiej-sporzadzic-testament-czy-zdac-sie-na-dziedziczenie-ustawowe\/\"><span>Czy lepiej sporz\u0105dzi\u0107 testament, czy zda\u0107 si\u0119 na dziedziczenie ustawowe?<\/span><\/a><\/li>\n\t<li id=\"menu-item-859\" class=\"menu-item menu-item-type-post_type menu-item-object-post\"><a href=\"https:\/\/pragmatiq.pl\/zmianawarty\/jak-odwolac-testament\/\"><span>Jak odwo\u0142a\u0107 testament?<\/span><\/a><\/li>\n\t<li id=\"menu-item-268\" class=\"menu-item menu-item-type-post_type menu-item-object-post\"><a href=\"https:\/\/pragmatiq.pl\/zmianawarty\/czy-testament-sporzadzony-za-granica-jest-wazny-w-polsce\/\"><span>Jak napisa\u0107 testament, kt\u00f3ry b\u0119dzie wa\u017cny w Polsce?<\/span><\/a><\/li>\n\t<li id=\"menu-item-588\" class=\"menu-item menu-item-type-post_type menu-item-object-post\"><a href=\"https:\/\/pragmatiq.pl\/zmianawarty\/chcesz-wiedziec-wiecej\/\"><span>Chcesz wiedzie\u0107 wi\u0119cej?<\/span><\/a><\/li>\n<\/ul>\n<\/li>\n<li id=\"menu-item-215\" class=\"menu-item menu-item-type-taxonomy menu-item-object-category menu-item-has-children has-sub\"><a href=\"https:\/\/pragmatiq.pl\/zmianawarty\/spadek-przyjecie-odrzucenie-odpowiedzialnosc\/\"><span>Spadek &#8211; przyj\u0119cie, odrzucenie, odpowiedzialno\u015b\u0107<\/span><\/a>\n<ul>\n\t<li id=\"menu-item-807\" class=\"menu-item menu-item-type-post_type menu-item-object-post\"><a href=\"https:\/\/pragmatiq.pl\/zmianawarty\/co-to-znaczy-przyjac-spadek-z-dobrodziejstwem-inwentarza-i-kto-placi-za-sporzadzenie-spisu-lub-wykazu-inwentarza\/\"><span>Co to znaczy przyj\u0105\u0107 spadek z dobrodziejstwem inwentarza i kto p\u0142aci za sporz\u0105dzenie spisu (lub wykazu) inwentarza?<\/span><\/a><\/li>\n\t<li id=\"menu-item-264\" class=\"menu-item menu-item-type-post_type menu-item-object-post\"><a href=\"https:\/\/pragmatiq.pl\/zmianawarty\/co-sie-dzieje-gdy-spadkobierca-odrzuci-spadek\/\"><span>Co si\u0119 dzieje, gdy spadkobierca odrzuci spadek?<\/span><\/a><\/li>\n\t<li id=\"menu-item-450\" class=\"menu-item menu-item-type-post_type menu-item-object-post\"><a href=\"https:\/\/pragmatiq.pl\/zmianawarty\/co-trzeba-zrobic-zeby-przyjac-spadek\/\"><span>Co trzeba zrobi\u0107, \u017ceby przyj\u0105\u0107 spadek?<\/span><\/a><\/li>\n\t<li id=\"menu-item-871\" class=\"menu-item menu-item-type-post_type menu-item-object-post\"><a href=\"https:\/\/pragmatiq.pl\/zmianawarty\/czy-odrzucenie-spadku-przez-rodzica-oznacza-automatyczne-odrzucenie-spadku-przez-jego-dzieci\/\"><span>Czy odrzucenie spadku przez rodzica oznacza automatyczne  odrzucenie spadku przez jego dzieci?<\/span><\/a><\/li>\n\t<li id=\"menu-item-589\" class=\"menu-item menu-item-type-post_type menu-item-object-post\"><a href=\"https:\/\/pragmatiq.pl\/zmianawarty\/chcesz-wiedziec-wiecej\/\"><span>Chcesz wiedzie\u0107 wi\u0119cej?<\/span><\/a><\/li>\n<\/ul>\n<\/li>\n<li id=\"menu-item-206\" class=\"menu-item menu-item-type-taxonomy menu-item-object-category menu-item-has-children has-sub\"><a href=\"https:\/\/pragmatiq.pl\/zmianawarty\/darowizna-i-zachowek\/\"><span>Darowizna i zachowek<\/span><\/a>\n<ul>\n\t<li id=\"menu-item-271\" class=\"menu-item menu-item-type-post_type menu-item-object-post\"><a href=\"https:\/\/pragmatiq.pl\/zmianawarty\/jak-darowac-corce-a-nie-zieciowi\/\"><span>Darowizna od rodzic\u00f3w &#8211; Jak darowa\u0107 c\u00f3rce, a nie zi\u0119ciowi?<\/span><\/a><\/li>\n\t<li id=\"menu-item-449\" class=\"menu-item menu-item-type-post_type menu-item-object-post\"><a href=\"https:\/\/pragmatiq.pl\/zmianawarty\/zachowek-co-to-jest-kto-i-kiedy-moze-go-zadac\/\"><span>Zachowek \u2013 co to jest, kto i kiedy mo\u017ce go \u017c\u0105da\u0107?<\/span><\/a><\/li>\n\t<li id=\"menu-item-4445\" class=\"menu-item menu-item-type-post_type menu-item-object-post\"><a href=\"https:\/\/pragmatiq.pl\/zmianawarty\/zasady-obliczania-zachowku-po-zalozeniu-fundacji-rodzinnej\/\"><span>Czy za\u0142o\u017cenie fundacji rodzinnej zmieni zasady obliczania zachowku?<\/span><\/a><\/li>\n\t<li id=\"menu-item-4443\" class=\"menu-item menu-item-type-post_type menu-item-object-post\"><a href=\"https:\/\/pragmatiq.pl\/zmianawarty\/zachowek-w-firmie-rodzinnej-jak-sprawiedliwie-podzielic-swoj-majatek-zachowujac-trwalosc-biznesu\/\"><span>Zachowek w firmie rodzinnej \u2013 jak sprawiedliwie podzieli\u0107 sw\u00f3j maj\u0105tek, zachowuj\u0105c trwa\u0142o\u015b\u0107 biznesu?<\/span><\/a><\/li>\n\t<li id=\"menu-item-4446\" class=\"menu-item menu-item-type-post_type menu-item-object-post\"><a href=\"https:\/\/pragmatiq.pl\/zmianawarty\/mozliwosci-obrony-przed-zaplata-zachowku\/\"><span>Czy fundacja rodzinna mo\u017ce obroni\u0107 si\u0119 przed zap\u0142at\u0105 wysokiego zachowku?\u00a0\u00a0<\/span><\/a><\/li>\n\t<li id=\"menu-item-4447\" class=\"menu-item menu-item-type-post_type menu-item-object-post\"><a href=\"https:\/\/pragmatiq.pl\/zmianawarty\/status-beneficjenta-fundacji-rodzinnej-a-prawo-do-zachowku\/\"><span>Status beneficjenta fundacji rodzinnej a prawo do zachowku<\/span><\/a><\/li>\n\t<li id=\"menu-item-4444\" class=\"menu-item menu-item-type-post_type menu-item-object-post\"><a href=\"https:\/\/pragmatiq.pl\/zmianawarty\/umowa-zrzeczenia-sie-prawa-do-zachowku-jak-ja-wykorzystac-w-sukcesji-biznesu\/\"><span>Umowa zrzeczenia si\u0119 prawa do zachowku \u2013 jak j\u0105 wykorzysta\u0107 w sukcesji biznesu?<\/span><\/a><\/li>\n\t<li id=\"menu-item-590\" class=\"menu-item menu-item-type-post_type menu-item-object-post\"><a href=\"https:\/\/pragmatiq.pl\/zmianawarty\/chcesz-wiedziec-wiecej\/\"><span>Chcesz wiedzie\u0107 wi\u0119cej?<\/span><\/a><\/li>\n<\/ul>\n<\/li>\n<li id=\"menu-item-207\" class=\"menu-item menu-item-type-taxonomy menu-item-object-category menu-item-has-children has-sub\"><a href=\"https:\/\/pragmatiq.pl\/zmianawarty\/dziedziczenie-firmy-jednoosobowej\/\"><span>Dziedziczenie firmy jednoosobowej<\/span><\/a>\n<ul>\n\t<li id=\"menu-item-274\" class=\"menu-item menu-item-type-post_type menu-item-object-post\"><a href=\"https:\/\/pragmatiq.pl\/zmianawarty\/majatek-prywatny-i-firmowy-czym-rozni-sie-ich-dziedziczenie\/\"><span>Maj\u0105tek prywatny i firmowy \u2013 czym r\u00f3\u017cni si\u0119 ich dziedziczenie?<\/span><\/a><\/li>\n\t<li id=\"menu-item-448\" class=\"menu-item menu-item-type-post_type menu-item-object-post\"><a href=\"https:\/\/pragmatiq.pl\/zmianawarty\/kto-to-jest-zarzadca-sukcesyjny-i-jaki-jest-zakres-jego-dzialania\/\"><span>Kto to jest zarz\u0105dca sukcesyjny i jaki jest zakres jego dzia\u0142ania?<\/span><\/a><\/li>\n\t<li id=\"menu-item-591\" class=\"menu-item menu-item-type-post_type menu-item-object-post\"><a href=\"https:\/\/pragmatiq.pl\/zmianawarty\/chcesz-wiedziec-wiecej\/\"><span>Chcesz wiedzie\u0107 wi\u0119cej?<\/span><\/a><\/li>\n<\/ul>\n<\/li>\n<li id=\"menu-item-209\" class=\"menu-item menu-item-type-taxonomy menu-item-object-category menu-item-has-children has-sub\"><a href=\"https:\/\/pragmatiq.pl\/zmianawarty\/dziedziczenie-spolki\/\"><span>Dziedziczenie sp\u00f3\u0142ki<\/span><\/a>\n<ul>\n\t<li id=\"menu-item-265\" class=\"menu-item menu-item-type-post_type menu-item-object-post\"><a href=\"https:\/\/pragmatiq.pl\/zmianawarty\/czy-mozna-zapisac-udzialy-w-spolce-osobowej-kilku-spadkobiercom\/\"><span>Czy mo\u017cna zapisa\u0107 \u201eudzia\u0142y\u201d w sp\u00f3\u0142ce osobowej kilku spadkobiercom?<\/span><\/a><\/li>\n\t<li id=\"menu-item-447\" class=\"menu-item menu-item-type-post_type menu-item-object-post\"><a href=\"https:\/\/pragmatiq.pl\/zmianawarty\/czy-spolka-rozwiazuje-sie-wskutek-smierci-wspolnika\/\"><span>Czy sp\u00f3\u0142ka rozwi\u0105zuje si\u0119 wskutek \u015bmierci wsp\u00f3lnika?<\/span><\/a><\/li>\n\t<li id=\"menu-item-592\" class=\"menu-item menu-item-type-post_type menu-item-object-post\"><a href=\"https:\/\/pragmatiq.pl\/zmianawarty\/chcesz-wiedziec-wiecej\/\"><span>Chcesz wiedzie\u0107 wi\u0119cej?<\/span><\/a><\/li>\n<\/ul>\n<\/li>\n<li id=\"menu-item-208\" class=\"menu-item menu-item-type-taxonomy menu-item-object-category menu-item-has-children has-sub\"><a href=\"https:\/\/pragmatiq.pl\/zmianawarty\/dziedziczenie-innych-skladnikow-majatku\/\"><span>Dziedziczenie innych sk\u0142adnik\u00f3w maj\u0105tku<\/span><\/a>\n<ul>\n\t<li id=\"menu-item-273\" class=\"menu-item menu-item-type-post_type menu-item-object-post\"><a href=\"https:\/\/pragmatiq.pl\/zmianawarty\/koncesje-zezwolenia-licencje-co-sie-z-nimi-dzieje-po-smierci-przedsiebiorcy\/\"><span>Koncesje, zezwolenia, licencje \u2013 co si\u0119 z nimi dzieje po \u015bmierci przedsi\u0119biorcy?<\/span><\/a><\/li>\n\t<li id=\"menu-item-444\" class=\"menu-item menu-item-type-post_type menu-item-object-post\"><a href=\"https:\/\/pragmatiq.pl\/zmianawarty\/czy-polisy-wchodza-w-sklad-spadku\/\"><span>Czy polisy wchodz\u0105 w sk\u0142ad spadku?<\/span><\/a><\/li>\n\t<li id=\"menu-item-445\" class=\"menu-item menu-item-type-post_type menu-item-object-post\"><a href=\"https:\/\/pragmatiq.pl\/zmianawarty\/co-sie-dzieje-po-smierci-z-udzielonymi-pelnomocnictwami\/\"><span>Co si\u0119 dzieje po \u015bmierci z udzielonymi pe\u0142nomocnictwami?<\/span><\/a><\/li>\n\t<li id=\"menu-item-593\" class=\"menu-item menu-item-type-post_type menu-item-object-post\"><a href=\"https:\/\/pragmatiq.pl\/zmianawarty\/chcesz-wiedziec-wiecej\/\"><span>Chcesz wiedzie\u0107 wi\u0119cej?<\/span><\/a><\/li>\n<\/ul>\n<\/li>\n<li id=\"menu-item-212\" class=\"menu-item menu-item-type-taxonomy menu-item-object-category menu-item-has-children has-sub\"><a href=\"https:\/\/pragmatiq.pl\/zmianawarty\/podatek-od-spadkow-i-darowizn\/\"><span>Podatek od spadk\u00f3w i darowizn<\/span><\/a>\n<ul>\n\t<li id=\"menu-item-272\" class=\"menu-item menu-item-type-post_type menu-item-object-post\"><a href=\"https:\/\/pragmatiq.pl\/zmianawarty\/kiedy-nie-placi-sie-podatku-od-spadkow-i-darowizn\/\"><span>Kiedy nie p\u0142aci si\u0119 podatku od spadk\u00f3w i darowizn?<\/span><\/a><\/li>\n\t<li id=\"menu-item-442\" class=\"menu-item menu-item-type-post_type menu-item-object-post\"><a href=\"https:\/\/pragmatiq.pl\/zmianawarty\/co-musza-zrobic-czlonkowie-najblizszej-rodziny-aby-nie-placic-podatku-od-spadkow-i-darowizn\/\"><span>Co musz\u0105 zrobi\u0107 cz\u0142onkowie najbli\u017cszej rodziny, aby nie p\u0142aci\u0107 podatku od spadk\u00f3w i darowizn?<\/span><\/a><\/li>\n\t<li id=\"menu-item-443\" class=\"menu-item menu-item-type-post_type menu-item-object-post\"><a href=\"https:\/\/pragmatiq.pl\/zmianawarty\/co-to-jest-czysta-wartosc-spadku-i-jak-ja-obliczyc\/\"><span>Co to jest czysta warto\u015b\u0107 spadku i jak j\u0105 obliczy\u0107?<\/span><\/a><\/li>\n\t<li id=\"menu-item-972\" class=\"menu-item menu-item-type-post_type menu-item-object-post\"><a href=\"https:\/\/pragmatiq.pl\/zmianawarty\/ktorzy-czlonkowie-rodziny-moga-byc-zwolnieni-z-zaplaty-podatku-od-spadkow-i-darowizn\/\"><span>Kt\u00f3rzy cz\u0142onkowie rodziny mog\u0105 by\u0107 zwolnieni z zap\u0142aty podatku od spadk\u00f3w i darowizn?<\/span><\/a><\/li>\n\t<li id=\"menu-item-594\" class=\"menu-item menu-item-type-post_type menu-item-object-post\"><a href=\"https:\/\/pragmatiq.pl\/zmianawarty\/chcesz-wiedziec-wiecej\/\"><span>Chcesz wiedzie\u0107 wi\u0119cej?<\/span><\/a><\/li>\n<\/ul>\n<\/li>\n<li id=\"menu-item-213\" class=\"menu-item menu-item-type-taxonomy menu-item-object-category menu-item-has-children has-sub\"><a href=\"https:\/\/pragmatiq.pl\/zmianawarty\/podatki-dochodowe-i-podatek-od-towarow-i-uslug\/\"><span>Podatki dochodowe i podatek od towar\u00f3w i us\u0142ug<\/span><\/a>\n<ul>\n\t<li id=\"menu-item-1481\" class=\"menu-item menu-item-type-post_type menu-item-object-post\"><a href=\"https:\/\/pragmatiq.pl\/zmianawarty\/z-czym-podatkowo-wiaze-sie-ustanowienie-zarzadcy-sukcesyjnego-i-prowadzenie-przedsiebiorstwa-w-spadku\/\"><span>Z czym podatkowo wi\u0105\u017ce si\u0119 ustanowienie zarz\u0105dcy sukcesyjnego i prowadzenie przedsi\u0119biorstwa w spadku?<\/span><\/a><\/li>\n\t<li id=\"menu-item-1656\" class=\"menu-item menu-item-type-post_type menu-item-object-post\"><a href=\"https:\/\/pragmatiq.pl\/zmianawarty\/jakie-sa-skutki-podatkowe-odplatnego-zniesienia-wspolwlasnosci-majatku-po-podziale-spadku\/\"><span>\ufeffJakie s\u0105 skutki podatkowe odp\u0142atnego zniesienia wsp\u00f3\u0142w\u0142asno\u015bci maj\u0105tku po podziale spadku?<\/span><\/a><\/li>\n\t<li id=\"menu-item-1650\" class=\"menu-item menu-item-type-post_type menu-item-object-post\"><a href=\"https:\/\/pragmatiq.pl\/zmianawarty\/jak-amortyzowac-skladniki-majatku-przekazane-w-darowiznie\/\"><span>\ufeffJak amortyzowa\u0107 sk\u0142adniki maj\u0105tku przekazane w darowi\u017anie?<\/span><\/a><\/li>\n\t<li id=\"menu-item-266\" class=\"menu-item menu-item-type-post_type menu-item-object-post\"><a href=\"https:\/\/pragmatiq.pl\/zmianawarty\/czy-otrzymanie-spadku-lub-darowizny-podlega-opodatkowaniu-pit\/\"><span>Czy otrzymanie spadku lub darowizny podlega opodatkowaniu PIT?<\/span><\/a><\/li>\n\t<li id=\"menu-item-440\" class=\"menu-item menu-item-type-post_type menu-item-object-post\"><a href=\"https:\/\/pragmatiq.pl\/zmianawarty\/jakie-skutki-podatkowe-na-gruncie-vat-wywoluje-wycofanie-okreslonych-skladnikow-z-majatku-firmowego-przed-przekazaniem-go-w-spadku-lub-darowiznie\/\"><span>Jakie skutki podatkowe na gruncie VAT wywo\u0142uje wycofanie okre\u015blonych sk\u0142adnik\u00f3w z maj\u0105tku firmowego przed przekazaniem go w spadku lub darowi\u017anie?<\/span><\/a><\/li>\n\t<li id=\"menu-item-1631\" class=\"menu-item menu-item-type-post_type menu-item-object-post\"><a href=\"https:\/\/pragmatiq.pl\/zmianawarty\/czy-wylaczenie-okreslonych-skladnikow-z-majatku-firmowego-przed-przekazaniem-go-w-spadku-lub-darowiznie-podlega-opodatkowaniu-pit\/\"><span>\ufeffCzy wy\u0142\u0105czenie okre\u015blonych sk\u0142adnik\u00f3w z maj\u0105tku firmowego przed przekazaniem go w spadku lub darowi\u017anie podlega opodatkowaniu PIT?<\/span><\/a><\/li>\n\t<li id=\"menu-item-441\" class=\"menu-item menu-item-type-post_type menu-item-object-post\"><a href=\"https:\/\/pragmatiq.pl\/zmianawarty\/czy-spadek-lub-darowizna-podlega-opodatkowaniu-vat-lub-pcc\/\"><span>Czy spadek lub darowizna podlega opodatkowaniu VAT lub PCC?<\/span><\/a><\/li>\n\t<li id=\"menu-item-981\" class=\"menu-item menu-item-type-post_type menu-item-object-post\"><a href=\"https:\/\/pragmatiq.pl\/zmianawarty\/czy-darowizna-przedsiebiorstwa-wplywa-na-prawo-do-odliczenia-vat\/\"><span>Czy darowizna przedsi\u0119biorstwa wp\u0142ywa na prawo do odliczenia VAT?<\/span><\/a><\/li>\n\t<li id=\"menu-item-989\" class=\"menu-item menu-item-type-post_type menu-item-object-post\"><a href=\"https:\/\/pragmatiq.pl\/zmianawarty\/co-to-jest-sukcesja-podatkowa\/\"><span>\ufeffCo to jest sukcesja podatkowa?<\/span><\/a><\/li>\n\t<li id=\"menu-item-595\" class=\"menu-item menu-item-type-post_type menu-item-object-post\"><a href=\"https:\/\/pragmatiq.pl\/zmianawarty\/chcesz-wiedziec-wiecej\/\"><span>Chcesz wiedzie\u0107 wi\u0119cej?<\/span><\/a><\/li>\n<\/ul>\n<\/li>\n<li id=\"menu-item-210\" class=\"menu-item menu-item-type-taxonomy menu-item-object-category menu-item-has-children has-sub\"><a href=\"https:\/\/pragmatiq.pl\/zmianawarty\/odpowiedzialnosc-podatkowa-spadkobiercow\/\"><span>Odpowiedzialno\u015b\u0107 podatkowa spadkobierc\u00f3w<\/span><\/a>\n<ul>\n\t<li id=\"menu-item-267\" class=\"menu-item menu-item-type-post_type menu-item-object-post\"><a href=\"https:\/\/pragmatiq.pl\/zmianawarty\/czy-spadkobiercy-odpowiadaja-za-dlugi-podatkowe-spadkodawcy\/\"><span>Czy spadkobiercy odpowiadaj\u0105 za d\u0142ugi podatkowe spadkodawcy?<\/span><\/a><\/li>\n\t<li id=\"menu-item-439\" class=\"menu-item menu-item-type-post_type menu-item-object-post\"><a href=\"https:\/\/pragmatiq.pl\/zmianawarty\/kto-odpowiada-za-deklaracje-podatkowe-spadkodawcy\/\"><span>Kto odpowiada za deklaracje podatkowe spadkodawcy?<\/span><\/a><\/li>\n\t<li id=\"menu-item-596\" class=\"menu-item menu-item-type-post_type menu-item-object-post\"><a href=\"https:\/\/pragmatiq.pl\/zmianawarty\/chcesz-wiedziec-wiecej\/\"><span>Chcesz wiedzie\u0107 wi\u0119cej?<\/span><\/a><\/li>\n<\/ul>\n<\/li>\n<li id=\"menu-item-211\" class=\"menu-item menu-item-type-taxonomy menu-item-object-category menu-item-has-children has-sub\"><a href=\"https:\/\/pragmatiq.pl\/zmianawarty\/planowanie-podatkowo-spadkowe\/\"><span>Planowanie podatkowo-spadkowe<\/span><\/a>\n<ul>\n\t<li id=\"menu-item-4440\" class=\"menu-item menu-item-type-post_type menu-item-object-post\"><a href=\"https:\/\/pragmatiq.pl\/zmianawarty\/dla-kogo-fundacja-rodzinna\/\"><span>Dla kogo fundacja rodzinna?<\/span><\/a><\/li>\n\t<li id=\"menu-item-438\" class=\"menu-item menu-item-type-post_type menu-item-object-post\"><a href=\"https:\/\/pragmatiq.pl\/zmianawarty\/czy-podatkowo-korzystniej-jest-odziedziczyc-firme-czy-udzialy-w-spolce\/\"><span>Czy podatkowo korzystniej jest odziedziczy\u0107 firm\u0119, czy udzia\u0142y w sp\u00f3\u0142ce?<\/span><\/a><\/li>\n\t<li id=\"menu-item-597\" class=\"menu-item menu-item-type-post_type menu-item-object-post\"><a href=\"https:\/\/pragmatiq.pl\/zmianawarty\/chcesz-wiedziec-wiecej\/\"><span>Chcesz wiedzie\u0107 wi\u0119cej?<\/span><\/a><\/li>\n<\/ul>\n<\/li>\n<\/ul><\/div>\n\n\n\n<div style=\"height:29px\" aria-hidden=\"true\" class=\"wp-block-spacer\"><\/div>\n\n\n\n<p><\/p>\n","protected":false},"excerpt":{"rendered":"<p>Przeczytaj nasz artyku\u0142 i dowiedz si\u0119 jak wa\u017cna w negocjacjach jest wycena sp\u00f3\u0142ki!<\/p>\n","protected":false},"author":6,"featured_media":398,"comment_status":"open","ping_status":"open","sticky":false,"template":"","format":"standard","meta":{"footnotes":""},"categories":[98,4],"tags":[174],"class_list":["post-58","post","type-post","status-publish","format-standard","has-post-thumbnail","hentry","category-wszystko-zostaje-w-rodzinie-czyli-przekazanie-firmy-innym-czlonkom-rodziny","category-artykuly","tag-wszystko-zostaje-w-rodzinie"],"_links":{"self":[{"href":"https:\/\/pragmatiq.pl\/zmianawarty\/wp-json\/wp\/v2\/posts\/58","targetHints":{"allow":["GET"]}}],"collection":[{"href":"https:\/\/pragmatiq.pl\/zmianawarty\/wp-json\/wp\/v2\/posts"}],"about":[{"href":"https:\/\/pragmatiq.pl\/zmianawarty\/wp-json\/wp\/v2\/types\/post"}],"author":[{"embeddable":true,"href":"https:\/\/pragmatiq.pl\/zmianawarty\/wp-json\/wp\/v2\/users\/6"}],"replies":[{"embeddable":true,"href":"https:\/\/pragmatiq.pl\/zmianawarty\/wp-json\/wp\/v2\/comments?post=58"}],"version-history":[{"count":29,"href":"https:\/\/pragmatiq.pl\/zmianawarty\/wp-json\/wp\/v2\/posts\/58\/revisions"}],"predecessor-version":[{"id":4396,"href":"https:\/\/pragmatiq.pl\/zmianawarty\/wp-json\/wp\/v2\/posts\/58\/revisions\/4396"}],"wp:featuredmedia":[{"embeddable":true,"href":"https:\/\/pragmatiq.pl\/zmianawarty\/wp-json\/wp\/v2\/media\/398"}],"wp:attachment":[{"href":"https:\/\/pragmatiq.pl\/zmianawarty\/wp-json\/wp\/v2\/media?parent=58"}],"wp:term":[{"taxonomy":"category","embeddable":true,"href":"https:\/\/pragmatiq.pl\/zmianawarty\/wp-json\/wp\/v2\/categories?post=58"},{"taxonomy":"post_tag","embeddable":true,"href":"https:\/\/pragmatiq.pl\/zmianawarty\/wp-json\/wp\/v2\/tags?post=58"}],"curies":[{"name":"wp","href":"https:\/\/api.w.org\/{rel}","templated":true}]}}