{"id":5071,"date":"2026-03-04T11:14:47","date_gmt":"2026-03-04T10:14:47","guid":{"rendered":"https:\/\/pragmatiq.pl\/zmianawarty\/?p=5071"},"modified":"2026-03-04T11:14:53","modified_gmt":"2026-03-04T10:14:53","slug":"jak-zmienia-sie-szczegolne-formy-testamentu-przeglad-projektu-zmian-w-prawie-spadkowym","status":"publish","type":"post","link":"https:\/\/pragmatiq.pl\/zmianawarty\/jak-zmienia-sie-szczegolne-formy-testamentu-przeglad-projektu-zmian-w-prawie-spadkowym\/","title":{"rendered":"Jak zmieni\u0105 si\u0119 szczeg\u00f3lne formy testamentu? Przegl\u0105d projektu zmian w prawie spadkowym"},"content":{"rendered":"<div id=\"ez-toc-container\" class=\"ez-toc-v2_0_82_2 counter-hierarchy ez-toc-counter ez-toc-white ez-toc-container-direction\">\n<div class=\"ez-toc-title-container\"><p class=\"ez-toc-title\" style=\"cursor:inherit\">Spis tre\u015bci<\/p>\n<\/div><nav><ul class='ez-toc-list ez-toc-list-level-1 ' ><li class='ez-toc-page-1 ez-toc-heading-level-2'><a class=\"ez-toc-link ez-toc-heading-1\" href=\"https:\/\/pragmatiq.pl\/zmianawarty\/jak-zmienia-sie-szczegolne-formy-testamentu-przeglad-projektu-zmian-w-prawie-spadkowym\/#Nowelizacja_prawa_spadkowego_%E2%80%93_dwa_niezalezne_projekty_zmian_w_kodeksie_cywilnym\" >Nowelizacja prawa spadkowego &#8211; dwa niezale\u017cne projekty zmian w kodeksie cywilnym<\/a><\/li><li class='ez-toc-page-1 ez-toc-heading-level-2'><a class=\"ez-toc-link ez-toc-heading-2\" href=\"https:\/\/pragmatiq.pl\/zmianawarty\/jak-zmienia-sie-szczegolne-formy-testamentu-przeglad-projektu-zmian-w-prawie-spadkowym\/#Szczegolne_formy_testamentu_%E2%80%93_planowane_zmiany_w_prawie_spadkowym\" >Szczeg\u00f3lne formy testamentu &#8211; planowane zmiany w prawie spadkowym<\/a><ul class='ez-toc-list-level-3' ><li class='ez-toc-heading-level-3'><a class=\"ez-toc-link ez-toc-heading-3\" href=\"https:\/\/pragmatiq.pl\/zmianawarty\/jak-zmienia-sie-szczegolne-formy-testamentu-przeglad-projektu-zmian-w-prawie-spadkowym\/#Likwidacja_testamentu_alograficznego\" >Likwidacja testamentu alograficznego<\/a><\/li><li class='ez-toc-page-1 ez-toc-heading-level-3'><a class=\"ez-toc-link ez-toc-heading-4\" href=\"https:\/\/pragmatiq.pl\/zmianawarty\/jak-zmienia-sie-szczegolne-formy-testamentu-przeglad-projektu-zmian-w-prawie-spadkowym\/#Likwidacja_testamentu_podroznego\" >Likwidacja testamentu podr\u00f3\u017cnego&nbsp;<\/a><\/li><\/ul><\/li><li class='ez-toc-page-1 ez-toc-heading-level-2'><a class=\"ez-toc-link ez-toc-heading-5\" href=\"https:\/\/pragmatiq.pl\/zmianawarty\/jak-zmienia-sie-szczegolne-formy-testamentu-przeglad-projektu-zmian-w-prawie-spadkowym\/#Testament_ustny_jako_szczegolna_forma_testamentu\" >Testament ustny jako szczeg\u00f3lna forma testamentu&nbsp;<\/a><ul class='ez-toc-list-level-3' ><li class='ez-toc-heading-level-3'><a class=\"ez-toc-link ez-toc-heading-6\" href=\"https:\/\/pragmatiq.pl\/zmianawarty\/jak-zmienia-sie-szczegolne-formy-testamentu-przeglad-projektu-zmian-w-prawie-spadkowym\/#Kiedy_mozna_skorzystac_z_testamentu_ustnego\" >Kiedy mo\u017cna skorzysta\u0107 z testamentu ustnego?<\/a><\/li><li class='ez-toc-page-1 ez-toc-heading-level-3'><a class=\"ez-toc-link ez-toc-heading-7\" href=\"https:\/\/pragmatiq.pl\/zmianawarty\/jak-zmienia-sie-szczegolne-formy-testamentu-przeglad-projektu-zmian-w-prawie-spadkowym\/#Stwierdzanie_tresci_testamentu_ustnego_%E2%80%93_jakie_zmiany_przyniesienie_nowelizacja_prawa_spadkowego\" >Stwierdzanie tre\u015bci testamentu ustnego &#8211; jakie zmiany przyniesienie nowelizacja prawa spadkowego?<\/a><\/li><li class='ez-toc-page-1 ez-toc-heading-level-3'><a class=\"ez-toc-link ez-toc-heading-8\" href=\"https:\/\/pragmatiq.pl\/zmianawarty\/jak-zmienia-sie-szczegolne-formy-testamentu-przeglad-projektu-zmian-w-prawie-spadkowym\/#Testament_ustny_audiowizualny_jako_szczegolna_forma_testamentu\" >Testament ustny audiowizualny jako szczeg\u00f3lna forma testamentu<\/a><\/li><\/ul><\/li><li class='ez-toc-page-1 ez-toc-heading-level-2'><a class=\"ez-toc-link ez-toc-heading-9\" href=\"https:\/\/pragmatiq.pl\/zmianawarty\/jak-zmienia-sie-szczegolne-formy-testamentu-przeglad-projektu-zmian-w-prawie-spadkowym\/#Kto_moze_byc_swiadkiem_testamentow_szczegolnych\" >Kto mo\u017ce by\u0107 \u015bwiadkiem testament\u00f3w szczeg\u00f3lnych?<\/a><ul class='ez-toc-list-level-3' ><li class='ez-toc-heading-level-3'><a class=\"ez-toc-link ez-toc-heading-10\" href=\"https:\/\/pragmatiq.pl\/zmianawarty\/jak-zmienia-sie-szczegolne-formy-testamentu-przeglad-projektu-zmian-w-prawie-spadkowym\/#Zmiany_w_prawie_spadkowym_a_bezstronnosc_swiadka\" >Zmiany w prawie spadkowym a bezstronno\u015b\u0107 \u015bwiadka<\/a><\/li><\/ul><\/li><li class='ez-toc-page-1 ez-toc-heading-level-2'><a class=\"ez-toc-link ez-toc-heading-11\" href=\"https:\/\/pragmatiq.pl\/zmianawarty\/jak-zmienia-sie-szczegolne-formy-testamentu-przeglad-projektu-zmian-w-prawie-spadkowym\/#Podsumowanie_nowelizacji_prawa_spadkowego\" >Podsumowanie nowelizacji prawa spadkowego<\/a><\/li><\/ul><\/nav><\/div>\n\n<p><strong>W najbli\u017cszym czasie ustawodawca planuje wdro\u017cy\u0107 istotne zmiany w zakresie prawa spadkowego. Nowelizacja prawa spadkowego ma wprowadzi\u0107 wi\u0119ksz\u0105 przejrzysto\u015b\u0107 w przepisach oraz dostosowa\u0107 obecne regulacje do wsp\u00f3\u0142czesnych reali\u00f3w. Sprawd\u017a, jakie zmiany w prawie spadkowym planuje ustawodawca i jak mog\u0105 one wp\u0142yn\u0105\u0107 na sytuacj\u0119 spadkodawc\u00f3w oraz spadkobierc\u00f3w!<\/strong><\/p>\n\n\n\n<h2 class=\"wp-block-heading\"><span class=\"ez-toc-section\" id=\"Nowelizacja_prawa_spadkowego_%E2%80%93_dwa_niezalezne_projekty_zmian_w_kodeksie_cywilnym\"><\/span>Nowelizacja prawa spadkowego &#8211; dwa niezale\u017cne projekty zmian w kodeksie cywilnym<span class=\"ez-toc-section-end\"><\/span><\/h2>\n\n\n\n<p>Obecnie trwaj\u0105 prace nad nowelizacj\u0105 przepis\u00f3w o testamentach szczeg\u00f3lnych. Aby dostosowa\u0107 przepisy, sporz\u0105dzono dwa niezale\u017cne projekty o zmianie Kodeksu cywilnego.&nbsp;<\/p>\n\n\n\n<p>Pierwsza propozycja projektu pojawi\u0142a si\u0119 jeszcze w 2022 roku (nr w wykazie prac legislacyjnych Rady Ministr\u00f3w \u2013 UD448). Na jego podstawie przygotowano projekt ustawy o zmianie ustawy \u2013 Kodeksu cywilnego oraz ustawy \u2013 Kodeksu post\u0119powania cywilnego z dnia 24 kwietnia 2024 roku (nr w wykazie prac legislacyjnych Rady Ministr\u00f3w \u2013 UD30), kt\u00f3ry jest obecnie na etapie opiniowania oraz konsultacji.<\/p>\n\n\n\n<p>Komisja Kodyfikacyjna Prawa Cywilnego jednocze\u015bnie przeanalizowa\u0142a propozycje przedstawione w projekcie z 2024 roku i uwzgl\u0119dniaj\u0105c uwagi zg\u0142oszone w toku konsultacji spo\u0142ecznych do projektu z 2024 roku, przygotowa\u0142a drugi, odr\u0119bny projekt.&nbsp;<\/p>\n\n\n\n<h2 class=\"wp-block-heading\"><span class=\"ez-toc-section\" id=\"Szczegolne_formy_testamentu_%E2%80%93_planowane_zmiany_w_prawie_spadkowym\"><\/span>Szczeg\u00f3lne formy testamentu &#8211; planowane zmiany w prawie spadkowym<span class=\"ez-toc-section-end\"><\/span><\/h2>\n\n\n\n<p>W projektach zmian przewidziano m.in. <strong>likwidacj\u0119 niekt\u00f3rych dotychczasowych szczeg\u00f3lnych form testamentu<\/strong>. Ustawodawca zmierza w ten spos\u00f3b do uproszczenia katalogu form testamentu oraz dostosowania go do wsp\u00f3\u0142czesnych reali\u00f3w. Zmiany maj\u0105 tak\u017ce ograniczy\u0107 ryzyko spor\u00f3w mi\u0119dzy spadkobiercami co do wa\u017cno\u015bci pozostawionych testament\u00f3w.<\/p>\n\n\n\n<figure class=\"wp-block-image size-large\"><img fetchpriority=\"high\" decoding=\"async\" width=\"1024\" height=\"683\" src=\"https:\/\/pragmatiq.pl\/zmianawarty\/wp-content\/uploads\/2025\/03\/IMG_1546-1024x683.jpeg\" alt=\"\" class=\"wp-image-4888\" srcset=\"https:\/\/pragmatiq.pl\/zmianawarty\/wp-content\/uploads\/2025\/03\/IMG_1546-1024x683.jpeg 1024w, https:\/\/pragmatiq.pl\/zmianawarty\/wp-content\/uploads\/2025\/03\/IMG_1546-300x200.jpeg 300w, https:\/\/pragmatiq.pl\/zmianawarty\/wp-content\/uploads\/2025\/03\/IMG_1546-768x512.jpeg 768w, https:\/\/pragmatiq.pl\/zmianawarty\/wp-content\/uploads\/2025\/03\/IMG_1546-1536x1024.jpeg 1536w, https:\/\/pragmatiq.pl\/zmianawarty\/wp-content\/uploads\/2025\/03\/IMG_1546-2048x1365.jpeg 2048w\" sizes=\"(max-width: 767px) 89vw, (max-width: 1000px) 54vw, (max-width: 1071px) 543px, 580px\" \/><\/figure>\n\n\n\n<h3 class=\"wp-block-heading\"><span class=\"ez-toc-section\" id=\"Likwidacja_testamentu_alograficznego\"><\/span>Likwidacja testamentu alograficznego<span class=\"ez-toc-section-end\"><\/span><\/h3>\n\n\n\n<p>Projekt Komisji Kodyfikacyjnej przewiduje ca\u0142kowit\u0105 likwidacj\u0119 testamentu allograficznego. Likwidacji tej formy testamentu nie obejmuje jednak projekt z 2024 roku (UD30).&nbsp;<\/p>\n\n\n\n<p>Przy testamencie allograficznym spadkodawca sk\u0142ada swoje o\u015bwiadczenie w przedmiocie ostatniej woli w obecno\u015bci dw\u00f3ch \u015bwiadk\u00f3w. Ponadto o\u015bwiadczenie powinno zosta\u0107 z\u0142o\u017cone przed odpowiednim organem (np. w\u00f3jtem, marsza\u0142kiem wojew\u00f3dztwa, sekretarzem gminy czy kierownikiem urz\u0119du stanu cywilnego).<\/p>\n\n\n\n<p>Nast\u0119pnie urz\u0119dnik spisuje protok\u00f3\u0142 i odczytuje go spadkodawcy w obecno\u015bci \u015bwiadk\u00f3w. W dalszej kolejno\u015bci dokument jest podpisywany przez spadkodawc\u0119, \u015bwiadk\u00f3w i osob\u0119 przyjmuj\u0105c\u0105 o\u015bwiadczenie.<\/p>\n\n\n\n<p>W praktyce testament allograficzny jest wykorzystywany jednak bardzo rzadko. Przede wszystkim niewiele os\u00f3b ma \u015bwiadomo\u015b\u0107 o istnieniu takiej formy testamentu. Jednocze\u015bnie w obecnych realiach spo\u0142ecznych, du\u017co \u0142atwiej od testamentu allograficznego jest sporz\u0105dzi\u0107 testament w formie aktu notarialnego. W rezultacie przyczyny, kt\u00f3re kiedy\u015b uzasadnia\u0142y utrzymywanie tej formy, w du\u017cej mierze przesta\u0142y istnie\u0107.<\/p>\n\n\n\n<p>Zwr\u00f3ci\u0107 nale\u017cy tak\u017ce uwag\u0119 na liczne problemy zwi\u0105zane z testamentem allograficznym. Osoby, przed kt\u00f3rymi jest on sporz\u0105dzany, cz\u0119sto nie maj\u0105 wykszta\u0142cenia prawniczego i nie znaj\u0105 ustawowych wymog\u00f3w formalnych testamentu allograficznego. Sprzyja to pope\u0142nianiu b\u0142\u0119d\u00f3w przy sporz\u0105dzaniu protoko\u0142u, co w konsekwencji mo\u017ce prowadzi\u0107 do niewa\u017cno\u015bci sk\u0142adanego o\u015bwiadczenia i spor\u00f3w mi\u0119dzy spadkobiercami.<\/p>\n\n\n\n<figure class=\"wp-block-image size-large\"><img decoding=\"async\" width=\"1024\" height=\"683\" src=\"https:\/\/pragmatiq.pl\/zmianawarty\/wp-content\/uploads\/2025\/03\/IMG_1597-1024x683.jpeg\" alt=\"\" class=\"wp-image-4891\" srcset=\"https:\/\/pragmatiq.pl\/zmianawarty\/wp-content\/uploads\/2025\/03\/IMG_1597-1024x683.jpeg 1024w, https:\/\/pragmatiq.pl\/zmianawarty\/wp-content\/uploads\/2025\/03\/IMG_1597-300x200.jpeg 300w, https:\/\/pragmatiq.pl\/zmianawarty\/wp-content\/uploads\/2025\/03\/IMG_1597-768x512.jpeg 768w, https:\/\/pragmatiq.pl\/zmianawarty\/wp-content\/uploads\/2025\/03\/IMG_1597-1536x1024.jpeg 1536w, https:\/\/pragmatiq.pl\/zmianawarty\/wp-content\/uploads\/2025\/03\/IMG_1597-2048x1365.jpeg 2048w\" sizes=\"(max-width: 767px) 89vw, (max-width: 1000px) 54vw, (max-width: 1071px) 543px, 580px\" \/><\/figure>\n\n\n\n<h3 class=\"wp-block-heading\"><span class=\"ez-toc-section\" id=\"Likwidacja_testamentu_podroznego\"><\/span>Likwidacja testamentu podr\u00f3\u017cnego&nbsp;<span class=\"ez-toc-section-end\"><\/span><\/h3>\n\n\n\n<p>Obydwa projekty przewiduj\u0105 r\u00f3wnie\u017c likwidacj\u0119 testamentu podr\u00f3\u017cnego, gdy\u017c w praktyce ta forma testamentu nie jest zbyt cz\u0119sto wykorzystywana. Sporz\u0105dzenie testamentu w czasie podr\u00f3\u017cy jest obecnie niemal niemo\u017cliwe &#8211; przewo\u017anicy i ich pracownicy nie s\u0105 zwykle przygotowani do spisania testamentu podr\u00f3\u017cnego. W rezultacie projektodawcy zdecydowali si\u0119 upro\u015bci\u0107 przepisy prawa spadkowego i ca\u0142kowicie zlikwidowa\u0107 testamenty podr\u00f3\u017cne.\u00a0<\/p>\n\n\n\n<h2 class=\"wp-block-heading\"><span class=\"ez-toc-section\" id=\"Testament_ustny_jako_szczegolna_forma_testamentu\"><\/span>Testament ustny jako szczeg\u00f3lna forma testamentu&nbsp;<span class=\"ez-toc-section-end\"><\/span><\/h2>\n\n\n\n<p>Testament ustny wci\u0105\u017c jest najcz\u0119\u015bciej stosowan\u0105 form\u0105 testamentu szczeg\u00f3lnego, mimo \u017ce od lat budzi on wiele w\u0105tpliwo\u015bci. Cz\u0119sto pojawiaj\u0105 si\u0119 bowiem problemy dowodowe, a tak\u017ce ryzyka wyst\u0105pienia nadu\u017cy\u0107, np. w postaci sfa\u0142szowania tre\u015bci testamentu. Z tego wzgl\u0119du od dawna postulowano zmian\u0119 art. 952 k.c., a nawet ca\u0142kowite zniesienie ustnej formy testamentu.<\/p>\n\n\n\n<p>Na razie nie zdecydowano si\u0119 jednak na likwidacj\u0119 testamentu ustnego. Projektodawcy uznali, \u017ce w nag\u0142ych, wyj\u0105tkowych sytuacjach spadkodawca powinien mie\u0107 mo\u017cliwo\u015b\u0107 skutecznego wyra\u017cenia swojej ostatniej woli.&nbsp;<\/p>\n\n\n\n<figure class=\"wp-block-image size-large\"><img decoding=\"async\" width=\"1024\" height=\"683\" src=\"https:\/\/pragmatiq.pl\/zmianawarty\/wp-content\/uploads\/2025\/03\/IMG_1589-1024x683.jpeg\" alt=\"\" class=\"wp-image-4889\" srcset=\"https:\/\/pragmatiq.pl\/zmianawarty\/wp-content\/uploads\/2025\/03\/IMG_1589-1024x683.jpeg 1024w, https:\/\/pragmatiq.pl\/zmianawarty\/wp-content\/uploads\/2025\/03\/IMG_1589-300x200.jpeg 300w, https:\/\/pragmatiq.pl\/zmianawarty\/wp-content\/uploads\/2025\/03\/IMG_1589-768x512.jpeg 768w, https:\/\/pragmatiq.pl\/zmianawarty\/wp-content\/uploads\/2025\/03\/IMG_1589-1536x1024.jpeg 1536w, https:\/\/pragmatiq.pl\/zmianawarty\/wp-content\/uploads\/2025\/03\/IMG_1589-2048x1365.jpeg 2048w\" sizes=\"(max-width: 767px) 89vw, (max-width: 1000px) 54vw, (max-width: 1071px) 543px, 580px\" \/><figcaption class=\"wp-element-caption\">rodzica, kredytu, s\u0105du<\/figcaption><\/figure>\n\n\n\n<h3 class=\"wp-block-heading\"><span class=\"ez-toc-section\" id=\"Kiedy_mozna_skorzystac_z_testamentu_ustnego\"><\/span>Kiedy mo\u017cna skorzysta\u0107 z testamentu ustnego?<span class=\"ez-toc-section-end\"><\/span><\/h3>\n\n\n\n<p>Celem projektowanych zmian jest m.in. ograniczenie stosowania testamentu ustnego wy\u0142\u0105cznie do szczeg\u00f3lnych przypadk\u00f3w i uniemo\u017cliwienie korzystania z niego wtedy, gdy sporz\u0105dzenie testamentu w\u0142asnor\u0119cznego lub notarialnego jest mo\u017cliwe.&nbsp;<\/p>\n\n\n\n<p>Obydwa projekty dopuszczaj\u0105 mo\u017cliwo\u015b\u0107 skorzystania z testamentu ustnego jedynie, gdy \u0142\u0105cznie spe\u0142nione zostan\u0105 dwie przes\u0142anki:<\/p>\n\n\n\n<ul class=\"wp-block-list\">\n<li>wyst\u0119puj\u0105 nadzwyczajne, nag\u0142e okoliczno\u015bci uniemo\u017cliwiaj\u0105ce lub powa\u017cnie utrudniaj\u0105ce sporz\u0105dzenie testamentu zwyk\u0142ego, oraz<\/li>\n\n\n\n<li>istnieje obawa rych\u0142ej \u015bmierci spadkodawcy.<\/li>\n<\/ul>\n\n\n\n<p>W projektach nie zawarto definicji sytuacji nadzwyczajnych. Mo\u017cna jednak przyj\u0105\u0107, \u017ce nadzwyczajn\u0105 okoliczno\u015bci\u0105 mo\u017ce by\u0107 np. pow\u00f3d\u017a, pandemia, powa\u017cny wypadek komunikacyjny, atak terrorystyczny czy dzia\u0142ania zbrojne. Z ca\u0142\u0105 pewno\u015bci\u0105 katalog tych okoliczno\u015bci jest otwarty.&nbsp;<\/p>\n\n\n\n<p>Projektowane zmiany s\u0105 wyrazem odej\u015bcia od dotychczasowego modelu, w kt\u00f3rym wystarcza\u0142o spe\u0142nienie tylko jednego z powy\u017cszych warunk\u00f3w.<\/p>\n\n\n\n<h3 class=\"wp-block-heading\"><span class=\"ez-toc-section\" id=\"Stwierdzanie_tresci_testamentu_ustnego_%E2%80%93_jakie_zmiany_przyniesienie_nowelizacja_prawa_spadkowego\"><\/span>Stwierdzanie tre\u015bci testamentu ustnego &#8211; jakie zmiany przyniesienie nowelizacja prawa spadkowego?<span class=\"ez-toc-section-end\"><\/span><\/h3>\n\n\n\n<p>Projekt Komisji Kodyfikacyjnej przewiduje ca\u0142kowite odej\u015bcie od mo\u017cliwo\u015bci ustalania tre\u015bci testamentu ustnego wy\u0142\u0105cznie na podstawie zezna\u0144 \u015bwiadk\u00f3w. Zmiana ta ma zmniejszy\u0107 ryzyko fa\u0142szerstw i zwi\u0119kszy\u0107 bezpiecze\u0144stwo prawne spadkobierc\u00f3w.<\/p>\n\n\n\n<p>Nowe przepisy b\u0119d\u0105 wymaga\u0142y si\u0119gania po bardziej wiarygodne sposoby utrwalenia tre\u015bci testamentu. Jednym z nich mo\u017ce by\u0107 pisemny protok\u00f3\u0142 sporz\u0105dzony i podpisany zgodnie z wymogami ustawy.<strong> Ma to u\u0142atwi\u0107 prowadzenie post\u0119powa\u0144 spadkowych i uczyni\u0107 je bardziej przejrzystymi.<\/strong><\/p>\n\n\n\n<p>Istotna zmiana dotyczy tak\u017ce zasad podpisywania pisma stwierdzaj\u0105cego tre\u015b\u0107 testamentu ustnego. Dot\u0105d dokument m\u00f3g\u0142 by\u0107 podpisany albo przez spadkodawc\u0119 i dw\u00f3ch \u015bwiadk\u00f3w, albo tylko przez wszystkich \u015bwiadk\u00f3w. Taki model sprzyja\u0142 m.in. antydatowaniu dokument\u00f3w i \u201epotwierdzaniu\u201d o\u015bwiadcze\u0144 rzekomo z\u0142o\u017conych tu\u017c przed \u015bmierci\u0105 testatora.<\/p>\n\n\n\n<p>Aby wyeliminowa\u0107 te ryzyka, projekt jednoznacznie wskazuje, \u017ce <strong>pismo musi zawiera\u0107 podpis spadkodawcy<\/strong>. Wym\u00f3g ten pe\u0142ni kilka istotnych funkcji:<\/p>\n\n\n\n<ul class=\"wp-block-list\">\n<li>potwierdza, \u017ce spadkodawca zapozna\u0142 si\u0119 z tre\u015bci\u0105 dokumentu i mia\u0142 mo\u017cliwo\u015b\u0107 jej zweryfikowania,<\/li>\n\n\n\n<li>umo\u017cliwia bieg\u0142ym ocen\u0119 autentyczno\u015bci podpisu,<\/li>\n\n\n\n<li>ogranicza mo\u017cliwo\u015b\u0107 sporz\u0105dzania dokumentu dopiero po \u015bmierci testatora.<\/li>\n<\/ul>\n\n\n\n<p>Projekt Komisji Kodyfikacyjnej zak\u0142ada zatem, \u017ce pismo powinno powsta\u0107 niezw\u0142ocznie po z\u0142o\u017ceniu o\u015bwiadczenia, jeszcze za \u017cycia spadkodawcy. Najpierw dokument podpisuje spadkodawca, a dopiero potem \u2013 co najmniej trzech \u015bwiadk\u00f3w, nawet je\u015bli nast\u0105pi to ju\u017c po jego \u015bmierci.<\/p>\n\n\n\n<p>Nieco inne zmiany w ustawie przewiduje projekt z 2024 roku (UD30). Projekt zak\u0142ada bowiem, \u017ce tre\u015b\u0107 o\u015bwiadczenia spadkodawcy powinna zosta\u0107 spisana niezw\u0142ocznie przez jednego ze \u015bwiadk\u00f3w. Nie powinno to jednak nast\u0105pi\u0107 p\u00f3\u017aniej ni\u017c w ci\u0105gu miesi\u0105ca od jego z\u0142o\u017cenia. W pi\u015bmie trzeba wskaza\u0107 miejsce i dat\u0119 z\u0142o\u017cenia o\u015bwiadczenia oraz sporz\u0105dzenia dokumentu, a tak\u017ce okoliczno\u015bci, kt\u00f3re uzasadniaj\u0105 sporz\u0105dzenie testamentu ustnego. Dokument powinien by\u0107 podpisany przez spadkodawc\u0119 i dw\u00f3ch \u015bwiadk\u00f3w albo przez wszystkich \u015bwiadk\u00f3w.<\/p>\n\n\n\n<p>Je\u017celi tre\u015b\u0107 testamentu nie zostanie spisana przed otwarciem spadku, jej ustalenie b\u0119dzie si\u0119 mog\u0142o odby\u0107 wy\u0142\u0105cznie na podstawie zgodnych zezna\u0144 \u015bwiadk\u00f3w z\u0142o\u017conych przed s\u0105dem. Termin na z\u0142o\u017cenie takich zezna\u0144 ma wynosi\u0107 trzy miesi\u0105ce od otwarcia spadku (obecnie jest to sze\u015b\u0107 miesi\u0119cy). W sytuacji, gdy jest wiele \u015bwiadk\u00f3w, a przes\u0142uchanie jednego lub kilku z oka\u017ce si\u0119 niemo\u017cliwe, s\u0105d b\u0119dzie m\u00f3g\u0142 oprze\u0107 si\u0119 na zeznaniach dw\u00f3ch \u015bwiadk\u00f3w. Zasad\u0105 pozostanie jednak, \u017ce w miar\u0119 mo\u017cliwo\u015bci nale\u017cy przes\u0142ucha\u0107 wszystkich \u015bwiadk\u00f3w.<\/p>\n\n\n\n<figure class=\"wp-block-image size-large\"><img loading=\"lazy\" decoding=\"async\" width=\"1024\" height=\"683\" src=\"https:\/\/pragmatiq.pl\/zmianawarty\/wp-content\/uploads\/2024\/09\/IMG_1547-1024x683.jpeg\" alt=\"\" class=\"wp-image-4761\" srcset=\"https:\/\/pragmatiq.pl\/zmianawarty\/wp-content\/uploads\/2024\/09\/IMG_1547-1024x683.jpeg 1024w, https:\/\/pragmatiq.pl\/zmianawarty\/wp-content\/uploads\/2024\/09\/IMG_1547-300x200.jpeg 300w, https:\/\/pragmatiq.pl\/zmianawarty\/wp-content\/uploads\/2024\/09\/IMG_1547-768x512.jpeg 768w, https:\/\/pragmatiq.pl\/zmianawarty\/wp-content\/uploads\/2024\/09\/IMG_1547-1536x1024.jpeg 1536w, https:\/\/pragmatiq.pl\/zmianawarty\/wp-content\/uploads\/2024\/09\/IMG_1547-2048x1365.jpeg 2048w\" sizes=\"(max-width: 767px) 89vw, (max-width: 1000px) 54vw, (max-width: 1071px) 543px, 580px\" \/><figcaption class=\"wp-element-caption\">listopada, kredytu, rodzica, obowi\u0105zku<\/figcaption><\/figure>\n\n\n\n<p>Celem zmian jest wyra\u017ane oddzielenie momentu sporz\u0105dzenia testamentu i p\u00f3\u017aniejszego stwierdzenia jego tre\u015bci. Stwierdzenie tre\u015bci testamentu na pi\u015bmie jest mo\u017cliwe tylko za \u017cycia spadkodawcy. Natomiast po jego \u015bmierci tre\u015b\u0107 testamentu mo\u017ce potwierdzi\u0107 ju\u017c tylko s\u0105d. Planowane zmiany przepis\u00f3w maj\u0105 uporz\u0105dkowa\u0107 dotychczasowe procedury i zwi\u0119kszy\u0107 bezpiecze\u0144stwo prawne spadkobierc\u00f3w.<\/p>\n\n\n\n<h3 class=\"wp-block-heading\"><span class=\"ez-toc-section\" id=\"Testament_ustny_audiowizualny_jako_szczegolna_forma_testamentu\"><\/span>Testament ustny audiowizualny jako szczeg\u00f3lna forma testamentu<span class=\"ez-toc-section-end\"><\/span><\/h3>\n\n\n\n<p>Projekt nowelizacji wprowadza nowy spos\u00f3b stwierdzania tre\u015bci testamentu ustnego \u2013 za pomoc\u0105 nagrania audiowizualnego. O\u015bwiadczenie woli z\u0142o\u017cone ustnie w obecno\u015bci \u015bwiadk\u00f3w b\u0119dzie mo\u017cna nagra\u0107 urz\u0105dzeniem rejestruj\u0105cym obraz i d\u017awi\u0119k np. telefonem.<\/p>\n\n\n\n<p>Celem tej regulacji jest zwi\u0119kszenie pewno\u015bci dowodowej i ograniczenie ryzyka fa\u0142szowania testament\u00f3w ustnych. Nagranie ma pozwoli\u0107 na dok\u0142adne odtworzenie tre\u015bci testamentu oraz weryfikacj\u0119 os\u00f3b bior\u0105cych udzia\u0142 w czynno\u015bci.<\/p>\n\n\n\n<p>Nagranie musi umo\u017cliwia\u0107 identyfikacj\u0119:<\/p>\n\n\n\n<ul class=\"wp-block-list\">\n<li>spadkodawcy oraz<\/li>\n\n\n\n<li>co najmniej trzech \u015bwiadk\u00f3w obecnych przy sk\u0142adaniu o\u015bwiadczenia.<\/li>\n<\/ul>\n\n\n\n<p>Nie jest konieczne podawanie imion i nazwisk na nagraniu. Wystarczy, aby to\u017csamo\u015b\u0107 os\u00f3b da\u0142o si\u0119 ustali\u0107 na podstawie ich wygl\u0105du, g\u0142osu czy pe\u0142nionej funkcji. Obowi\u0105zkow\u0105 obecno\u015b\u0107 \u015bwiadk\u00f3w przy testamencie audiowizualnym przewidziano wy\u0142\u0105cznie w projekcie Komisji Kodyfikacyjnej. Projekt ustawy z 2024 roku (UD30) nie wymaga natomiast obecno\u015bci \u017cadnych \u015bwiadk\u00f3w.<\/p>\n\n\n\n<p>Obydwa projekty ustawy o zmianie Kodeksu cywilnego przewiduj\u0105, \u017ce nagranie audiowizualne b\u0119dzie r\u00f3wnowa\u017cne z pismem podpisanym przez spadkodawc\u0119. W praktyce mo\u017cna si\u0119 spodziewa\u0107, \u017ce w nag\u0142ych sytuacjach nagranie b\u0119dzie cz\u0119\u015bciej wybieranym sposobem utrwalenia testamentu ustnego.<\/p>\n\n\n\n<p>Warto zwr\u00f3ci\u0107 uwag\u0119, i\u017c w projektach przewidziano r\u00f3\u017cne terminy przekazania nagrania:<\/p>\n\n\n\n<ul class=\"wp-block-list\">\n<li>zgodnie z za\u0142o\u017ceniami projektu z 2024 roku (UD30) nagranie trzeba przekaza\u0107 do s\u0105du spadku w ci\u0105gu miesi\u0105ca od z\u0142o\u017cenia o\u015bwiadczenia, a po \u015bmierci spadkodawcy \u2013 w ci\u0105gu trzech miesi\u0119cy od tej chwili;<\/li>\n\n\n\n<li>zgodnie z za\u0142o\u017ceniami projektu Komisji Kodyfikacyjnej&nbsp;nagranie nale\u017cy przekaza\u0107 do notariusza lub s\u0105du spadku w terminie trzech miesi\u0119cy od dnia otwarcia spadku.<\/li>\n<\/ul>\n\n\n\n<p>Wprowadzenie testamentu audiowizualnego jest bez w\u0105tpienia wa\u017cnym krokiem w kierunku unowocze\u015bnienia prawa spadkowego.\u00a0Nale\u017cy jednak pami\u0119ta\u0107, i\u017c mo\u017cliwo\u015b\u0107 skorzystania z testamentu ustnego audiowizualnego jest dopuszczalna tylko w nadzwyczajnych sytuacjach. Testament audiowizualny nie jest samodzieln\u0105, \u201ezwyk\u0142\u0105\u201d form\u0105 testamentu, a jedynie nowym sposobem utrwalenia o\u015bwiadczenia woli w ramach testamentu szczeg\u00f3lnego, gdy sporz\u0105dzenie testamentu w\u0142asnor\u0119cznego lub notarialnego jest niemo\u017cliwe lub powa\u017cnie utrudnione.<\/p>\n\n\n\n<h2 class=\"wp-block-heading\"><span class=\"ez-toc-section\" id=\"Kto_moze_byc_swiadkiem_testamentow_szczegolnych\"><\/span>Kto mo\u017ce by\u0107 \u015bwiadkiem testament\u00f3w szczeg\u00f3lnych?<span class=\"ez-toc-section-end\"><\/span><\/h2>\n\n\n\n<p>Zar\u00f3wno projekt z 2024 roku (UD30), jak i projekt Komisji Kodyfikacyjnej przewiduj\u0105 istotne zmiany w katalogu os\u00f3b, kt\u00f3re mog\u0105 by\u0107 \u015bwiadkami testament\u00f3w szczeg\u00f3lnych.<\/p>\n\n\n\n<p>Projekt zmian Komisji Kodyfikacyjnej doprecyzowuje przede wszystkim, kim w og\u00f3le jest \u015bwiadek testamentu. To osoba, kt\u00f3ra: <strong>jest obecna przy sk\u0142adaniu o\u015bwiadczenia woli<\/strong>, <strong>wie, \u017ce spadkodawca sporz\u0105dza testament<\/strong> i <strong>rozumie tre\u015b\u0107 jego o\u015bwiadczenia<\/strong>. Definicja zawarta w projekcie ustawy z g\u00f3ry wyklucza zatem osoby, kt\u00f3re:<\/p>\n\n\n\n<ul class=\"wp-block-list\">\n<li>nie zdaj\u0105 sobie sprawy, \u017ce bior\u0105 udzia\u0142 w sporz\u0105dzeniu testamentu<\/li>\n\n\n\n<li>albo nie rozumiej\u0105, co spadkodawca m\u00f3wi.<\/li>\n<\/ul>\n\n\n\n<p>Projekt Komisji zak\u0142ada r\u00f3wnie\u017c, \u017ce<strong> \u015bwiadkiem nie mo\u017ce by\u0107 w szczeg\u00f3lno\u015bci:<\/strong><\/p>\n\n\n\n<ul class=\"wp-block-list\">\n<li>osoba, kt\u00f3ra <strong>nie widzi lub nie s\u0142yszy<\/strong> w takim stopniu, \u017ce nie jest w stanie odebra\u0107 tre\u015bci o\u015bwiadczenia spadkodawcy,<\/li>\n\n\n\n<li>osoba, kt\u00f3ra <strong>nie uko\u0144czy\u0142a 16 roku \u017cycia<\/strong>,<\/li>\n\n\n\n<li>osoba, kt\u00f3ra ze wzgl\u0119du na <strong>u\u0142omno\u015bci intelektualne<\/strong> nie jest w stanie zrozumie\u0107 tre\u015bci testamentu.<\/li>\n<\/ul>\n\n\n\n<p>Jednocze\u015bnie projekt odchodzi od dotychczasowych, sztywnych wy\u0142\u0105cze\u0144. \u015awiadkiem mo\u017ce by\u0107 np. osoba niema albo osoba, kt\u00f3ra nie potrafi pisa\u0107. Wystarczy, \u017ce dana osoba rozumie o\u015bwiadczenie spadkodawcy i mo\u017ce pom\u00f3c w jego utrwaleniu (np. w postaci nagrania).<\/p>\n\n\n\n<h3 class=\"wp-block-heading\"><span class=\"ez-toc-section\" id=\"Zmiany_w_prawie_spadkowym_a_bezstronnosc_swiadka\"><\/span>Zmiany w prawie spadkowym a bezstronno\u015b\u0107 \u015bwiadka<span class=\"ez-toc-section-end\"><\/span><\/h3>\n\n\n\n<p>Obydwa projekty obejmuj\u0105 zmiany przepis\u00f3w dotycz\u0105ce <strong>bezstronno\u015bci \u015bwiadka<\/strong>. \u015awiadkiem nie mo\u017ce by\u0107 bowiem osoba posiadaj\u0105ca oczywisty interes w tre\u015bci testamentu.<\/p>\n\n\n\n<p>Projekt z 2024 roku (UD30) oraz projekt Komisji Kodyfikacyjnej, zak\u0142adaj\u0105 \u017ce&nbsp;\u015bwiadkiem co do zasady nie mo\u017ce by\u0107:<\/p>\n\n\n\n<ul class=\"wp-block-list\">\n<li>osoba, kt\u00f3ra <strong>otrzymuje jak\u0105kolwiek korzy\u015b\u0107 z testamentu<\/strong>,<\/li>\n\n\n\n<li><strong>ma\u0142\u017conek, by\u0142y ma\u0142\u017conek<\/strong>, a tak\u017ce osoba pozostaj\u0105ca lub pozostaj\u0105ca w przesz\u0142o\u015bci <strong>we wsp\u00f3lnym po\u017cyciu<\/strong> (konkubinat) z osob\u0105, kt\u00f3ra ma otrzyma\u0107 korzy\u015b\u0107 z testamentu,<\/li>\n\n\n\n<li><strong>krewni i powinowaci<\/strong> beneficjenta (np. dzieci, rodzice, rodze\u0144stwo, kuzynostwo) oraz osoby z nim przysposobione \u2013 <strong>do czwartego stopnia pokrewie\u0144stwa<\/strong>,<\/li>\n\n\n\n<li>krewni osoby, kt\u00f3ra \u017cyje w konkubinacie lub w stosunku przysposobienia z beneficjentem \u2013 r\u00f3wnie\u017c do czwartego stopnia.<\/li>\n<\/ul>\n\n\n\n<p>Istotne ograniczenia wprowadzono r\u00f3wnie\u017c w przypadku gdy spadkobierc\u0105 jest osoba prawna (np. sp\u00f3\u0142ka z o.o.). W takiej sytuacji \u015bwiadkiem nie mog\u0105 by\u0107 tak\u017ce osoby powi\u0105zane z tym podmiotem, tj. osoby, kt\u00f3rych rola, funkcja lub interes mo\u017ce budzi\u0107 w\u0105tpliwo\u015bci co do ich bezstronno\u015bci.<\/p>\n\n\n\n<h2 class=\"wp-block-heading\"><span class=\"ez-toc-section\" id=\"Podsumowanie_nowelizacji_prawa_spadkowego\"><\/span>Podsumowanie nowelizacji prawa spadkowego<span class=\"ez-toc-section-end\"><\/span><\/h2>\n\n\n\n<p>Planowana nowelizacja przepis\u00f3w spadkowych powinna zwi\u0119kszy\u0107 pewno\u015b\u0107 co do wa\u017cno\u015bci testament\u00f3w, ograniczy\u0107 pole do nadu\u017cy\u0107 i spor\u00f3w mi\u0119dzy spadkobiercami oraz lepiej dostosowa\u0107 prawo do wsp\u00f3\u0142czesnych reali\u00f3w. Warto \u015bledzi\u0107 dalsze etapy prac legislacyjnych, kt\u00f3re mog\u0105 zako\u0144czy\u0107 si\u0119 ju\u017c w 2026 roku!<\/p>\n\n\n\n<p>Aleksandra Szyszkowska<\/p>\n","protected":false},"excerpt":{"rendered":"<p>W najbli\u017cszym czasie ustawodawca planuje wdro\u017cy\u0107 istotne zmiany w zakresie prawa spadkowego. Nowelizacja prawa spadkowego ma wprowadzi\u0107 wi\u0119ksz\u0105 przejrzysto\u015b\u0107 w przepisach oraz dostosowa\u0107 obecne regulacje do wsp\u00f3\u0142czesnych reali\u00f3w. Sprawd\u017a, jakie zmiany w prawie spadkowym planuje ustawodawca i jak mog\u0105 one wp\u0142yn\u0105\u0107 na sytuacj\u0119 spadkodawc\u00f3w oraz spadkobierc\u00f3w! Nowelizacja prawa spadkowego &#8211; dwa niezale\u017cne projekty zmian w &hellip; <\/p>\n<p class=\"link-more\"><a href=\"https:\/\/pragmatiq.pl\/zmianawarty\/jak-zmienia-sie-szczegolne-formy-testamentu-przeglad-projektu-zmian-w-prawie-spadkowym\/\" class=\"more-link\">Continue reading<span class=\"screen-reader-text\"> &#8222;Jak zmieni\u0105 si\u0119 szczeg\u00f3lne formy testamentu? Przegl\u0105d projektu zmian w prawie spadkowym&#8221;<\/span><\/a><\/p>\n","protected":false},"author":31,"featured_media":0,"comment_status":"open","ping_status":"open","sticky":false,"template":"","format":"standard","meta":{"footnotes":""},"categories":[1],"tags":[],"class_list":["post-5071","post","type-post","status-publish","format-standard","hentry","category-bez-kategorii"],"_links":{"self":[{"href":"https:\/\/pragmatiq.pl\/zmianawarty\/wp-json\/wp\/v2\/posts\/5071","targetHints":{"allow":["GET"]}}],"collection":[{"href":"https:\/\/pragmatiq.pl\/zmianawarty\/wp-json\/wp\/v2\/posts"}],"about":[{"href":"https:\/\/pragmatiq.pl\/zmianawarty\/wp-json\/wp\/v2\/types\/post"}],"author":[{"embeddable":true,"href":"https:\/\/pragmatiq.pl\/zmianawarty\/wp-json\/wp\/v2\/users\/31"}],"replies":[{"embeddable":true,"href":"https:\/\/pragmatiq.pl\/zmianawarty\/wp-json\/wp\/v2\/comments?post=5071"}],"version-history":[{"count":1,"href":"https:\/\/pragmatiq.pl\/zmianawarty\/wp-json\/wp\/v2\/posts\/5071\/revisions"}],"predecessor-version":[{"id":5072,"href":"https:\/\/pragmatiq.pl\/zmianawarty\/wp-json\/wp\/v2\/posts\/5071\/revisions\/5072"}],"wp:attachment":[{"href":"https:\/\/pragmatiq.pl\/zmianawarty\/wp-json\/wp\/v2\/media?parent=5071"}],"wp:term":[{"taxonomy":"category","embeddable":true,"href":"https:\/\/pragmatiq.pl\/zmianawarty\/wp-json\/wp\/v2\/categories?post=5071"},{"taxonomy":"post_tag","embeddable":true,"href":"https:\/\/pragmatiq.pl\/zmianawarty\/wp-json\/wp\/v2\/tags?post=5071"}],"curies":[{"name":"wp","href":"https:\/\/api.w.org\/{rel}","templated":true}]}}