{"id":5065,"date":"2026-01-28T10:47:02","date_gmt":"2026-01-28T09:47:02","guid":{"rendered":"https:\/\/pragmatiq.pl\/zmianawarty\/?p=5065"},"modified":"2026-01-28T10:49:52","modified_gmt":"2026-01-28T09:49:52","slug":"fundacja-rodzinna-2026-r-jak-dziala-i-dlaczego-zyskuje-na-znaczeniu","status":"publish","type":"post","link":"https:\/\/pragmatiq.pl\/zmianawarty\/fundacja-rodzinna-2026-r-jak-dziala-i-dlaczego-zyskuje-na-znaczeniu\/","title":{"rendered":"Fundacja rodzinna 2026 r. &#8211; jak dzia\u0142a i dlaczego zyskuje na znaczeniu?"},"content":{"rendered":"<div id=\"ez-toc-container\" class=\"ez-toc-v2_0_82_2 counter-hierarchy ez-toc-counter ez-toc-white ez-toc-container-direction\">\n<div class=\"ez-toc-title-container\"><p class=\"ez-toc-title\" style=\"cursor:inherit\">Spis tre\u015bci<\/p>\n<\/div><nav><ul class='ez-toc-list ez-toc-list-level-1 ' ><li class='ez-toc-page-1 ez-toc-heading-level-2'><a class=\"ez-toc-link ez-toc-heading-1\" href=\"https:\/\/pragmatiq.pl\/zmianawarty\/fundacja-rodzinna-2026-r-jak-dziala-i-dlaczego-zyskuje-na-znaczeniu\/#Czym_jest_fundacja_rodzinna\" >Czym jest fundacja rodzinna?\u00a0<\/a><\/li><li class='ez-toc-page-1 ez-toc-heading-level-2'><a class=\"ez-toc-link ez-toc-heading-2\" href=\"https:\/\/pragmatiq.pl\/zmianawarty\/fundacja-rodzinna-2026-r-jak-dziala-i-dlaczego-zyskuje-na-znaczeniu\/#Jakie_korzysci_daje_fundacja_rodzinna\" >Jakie korzy\u015bci daje fundacja rodzinna?\u00a0<\/a><\/li><li class='ez-toc-page-1 ez-toc-heading-level-2'><a class=\"ez-toc-link ez-toc-heading-3\" href=\"https:\/\/pragmatiq.pl\/zmianawarty\/fundacja-rodzinna-2026-r-jak-dziala-i-dlaczego-zyskuje-na-znaczeniu\/#Jakie_sa_ograniczenia_fundacji_rodzinnej\" >Jakie s\u0105 ograniczenia fundacji rodzinnej?\u00a0<\/a><\/li><li class='ez-toc-page-1 ez-toc-heading-level-2'><a class=\"ez-toc-link ez-toc-heading-4\" href=\"https:\/\/pragmatiq.pl\/zmianawarty\/fundacja-rodzinna-2026-r-jak-dziala-i-dlaczego-zyskuje-na-znaczeniu\/#Jak_fundacja_rodzinna_w_2026_roku_sprawdza_sie_w_praktyce\" >Jak fundacja rodzinna w 2026 roku sprawdza si\u0119 w praktyce?\u00a0<\/a><\/li><li class='ez-toc-page-1 ez-toc-heading-level-2'><a class=\"ez-toc-link ez-toc-heading-5\" href=\"https:\/\/pragmatiq.pl\/zmianawarty\/fundacja-rodzinna-2026-r-jak-dziala-i-dlaczego-zyskuje-na-znaczeniu\/#Jakie_sa_perspektywy_rozwoju_w_kolejnych_latach\" >Jakie s\u0105 perspektywy rozwoju w kolejnych latach?\u00a0<\/a><\/li><li class='ez-toc-page-1 ez-toc-heading-level-2'><a class=\"ez-toc-link ez-toc-heading-6\" href=\"https:\/\/pragmatiq.pl\/zmianawarty\/fundacja-rodzinna-2026-r-jak-dziala-i-dlaczego-zyskuje-na-znaczeniu\/#Fundacja_rodzinna_najczesciej_zadawane_pytania\" >Fundacja rodzinna: najcz\u0119\u015bciej zadawane pytania<\/a><\/li><\/ul><\/nav><\/div>\n\t\t<div data-elementor-type=\"wp-post\" data-elementor-id=\"5065\" class=\"elementor elementor-5065\" data-elementor-post-type=\"post\">\n\t\t\t\t\t\t\t<div class=\"elementor-element elementor-element-ec0c9df e-flex e-con-boxed e-con e-parent\" data-id=\"ec0c9df\" data-element_type=\"container\" data-settings=\"{&quot;content_width&quot;:&quot;boxed&quot;}\" data-core-v316-plus=\"true\">\n\t\t\t\t\t<div class=\"e-con-inner\">\n\t\t\t\t<div class=\"elementor-element elementor-element-1c566b3a elementor-widget elementor-widget-text-editor\" data-id=\"1c566b3a\" data-element_type=\"widget\" data-widget_type=\"text-editor.default\">\n\t\t\t\t<div class=\"elementor-widget-container\">\n\t\t\t<style>\/*! elementor - v3.18.0 - 08-12-2023 *\/\n.elementor-widget-text-editor.elementor-drop-cap-view-stacked .elementor-drop-cap{background-color:#69727d;color:#fff}.elementor-widget-text-editor.elementor-drop-cap-view-framed .elementor-drop-cap{color:#69727d;border:3px solid;background-color:transparent}.elementor-widget-text-editor:not(.elementor-drop-cap-view-default) .elementor-drop-cap{margin-top:8px}.elementor-widget-text-editor:not(.elementor-drop-cap-view-default) .elementor-drop-cap-letter{width:1em;height:1em}.elementor-widget-text-editor .elementor-drop-cap{float:left;text-align:center;line-height:1;font-size:50px}.elementor-widget-text-editor .elementor-drop-cap-letter{display:inline-block}<\/style>\t\t\t\t<p><!-- wp:paragraph --><\/p>\n<p><strong>Fundacja rodzinna w 2026 r. to coraz cz\u0119\u015bciej wybierane rozwi\u0105zanie w Polsce, kt\u00f3re realnie wspiera sukcesj\u0119 biznesu i ochron\u0119 maj\u0105tku rodzinnego.<\/strong> <strong>Umo\u017cliwia zachowanie ci\u0105g\u0142o\u015bci firmy, uporz\u0105dkowane przekazywanie aktyw\u00f3w kolejnym pokoleniom oraz minimalizuje ryzyko spor\u00f3w spadkowych. Dzi\u0119ki preferencyjnym zasadom podatkowym i jasno okre\u015blonym regu\u0142om planowania sukcesji, fundacja rodzinna staje si\u0119 narz\u0119dziem, kt\u00f3re \u0142\u0105czy bezpiecze\u0144stwo, stabilno\u015b\u0107 i d\u0142ugoterminowy rozw\u00f3j przedsi\u0119biorstw rodzinnych.<\/strong><\/p>\n<p><!-- \/wp:paragraph --><!-- wp:heading --><\/p>\n<h2 class=\"wp-block-heading\"><span class=\"ez-toc-section\" id=\"Czym_jest_fundacja_rodzinna\"><\/span><strong>Czym jest fundacja rodzinna?<\/strong>\u00a0<span class=\"ez-toc-section-end\"><\/span><\/h2>\n<p><!-- \/wp:heading --><!-- wp:paragraph --><\/p>\n<p>Fundacja rodzinna to instytucja prawna, kt\u00f3ra funkcjonuje w Polsce od 2023 r. Jej celem jest uporz\u0105dkowane przekazywanie maj\u0105tku kolejnym pokoleniom i ochrona przedsi\u0119biorstw rodzinnych przed podzia\u0142em. Fundator wnosi do fundacji aktywa \u2013 takie jak udzia\u0142y w sp\u00f3\u0142kach, akcje czy nieruchomo\u015bci \u2013 i okre\u015bla w statucie, kto b\u0119dzie beneficjentem oraz jakie \u015bwiadczenia otrzyma. Dzi\u0119ki temu maj\u0105tek pozostaje w ca\u0142o\u015bci, a jego podzia\u0142 odbywa si\u0119 zgodnie z wol\u0105 fundatora.\u00a0<\/p>\n<p><!-- \/wp:paragraph --><!-- wp:heading --><\/p>\n<h2 class=\"wp-block-heading\"><span class=\"ez-toc-section\" id=\"Jakie_korzysci_daje_fundacja_rodzinna\"><\/span><strong>Jakie korzy\u015bci daje fundacja rodzinna?\u00a0<\/strong><span class=\"ez-toc-section-end\"><\/span><\/h2>\n<p><!-- \/wp:heading --><!-- wp:paragraph --><\/p>\n<p>Najwa\u017cniejsz\u0105 zalet\u0105 fundacji rodzinnej jest zapewnienie <strong>ci\u0105g\u0142o\u015bci biznesu<\/strong>. Sp\u00f3\u0142ka nie trafia do kilku spadkobierc\u00f3w z r\u00f3\u017cnymi interesami, ale pozostaje w jednym podmiocie, co u\u0142atwia jej stabilne prowadzenie.\u00a0<\/p>\n<p><!-- \/wp:paragraph --><!-- wp:paragraph --><\/p>\n<p>Drug\u0105 du\u017c\u0105 korzy\u015bci\u0105 s\u0105 <strong>korzystne zasady podatkowe<\/strong>. Fundacja nie p\u0142aci CIT od wi\u0119kszo\u015bci bie\u017c\u0105cych dochod\u00f3w \u2013 obowi\u0105zek podatkowy pojawia si\u0119 dopiero w chwili wyp\u0142aty \u015bwiadcze\u0144 dla beneficjent\u00f3w. Najbli\u017csza rodzina fundatora korzysta przy tym z dodatkowych zwolnie\u0144 podatkowych.\u00a0<\/p>\n<p><!-- \/wp:paragraph --><!-- wp:paragraph --><\/p>\n<p>W praktyce fundacja rodzinna pozwala te\u017c <strong>unikn\u0105\u0107 spor\u00f3w spadkowych<\/strong>. Statut precyzyjnie reguluje, kto i w jakiej formie ma korzysta\u0107 z dochod\u00f3w, dzi\u0119ki czemu ewentualne konflikty rodzinne nie blokuj\u0105 dzia\u0142ania firmy ani nie zagra\u017caj\u0105 stabilno\u015bci maj\u0105tku.\u00a0<\/p>\n<p><!-- \/wp:paragraph --><!-- wp:heading --><\/p>\n<h2 class=\"wp-block-heading\"><span class=\"ez-toc-section\" id=\"Jakie_sa_ograniczenia_fundacji_rodzinnej\"><\/span><strong>Jakie s\u0105 ograniczenia fundacji rodzinnej?\u00a0<\/strong><span class=\"ez-toc-section-end\"><\/span><\/h2>\n<p><!-- \/wp:heading --><!-- wp:paragraph --><\/p>\n<p>Ustawa przewiduje, \u017ce fundacja mo\u017ce prowadzi\u0107 dzia\u0142alno\u015b\u0107 gospodarcz\u0105 tylko w wybranych obszarach (art. 5). Dozwolone s\u0105 m.in.:\u00a0<\/p>\n<p><!-- \/wp:paragraph --><!-- wp:list --><\/p>\n<ul>\n<li style=\"list-style-type: none;\">\n<ul><!-- wp:list-item --><\/ul>\n<\/li>\n<\/ul>\n<p>\u00a0<\/p>\n<ul>\n<li style=\"list-style-type: none;\">\n<ul>\n<li>inwestycje w udzia\u0142y i akcje,\u00a0<\/li>\n<\/ul>\n<\/li>\n<\/ul>\n<p><!-- \/wp:list-item --><\/p>\n<p><!-- \/wp:list --><!-- wp:list --><\/p>\n<ul>\n<li style=\"list-style-type: none;\">\n<ul><!-- wp:list-item --><\/ul>\n<\/li>\n<\/ul>\n<p>\u00a0<\/p>\n<ul>\n<li style=\"list-style-type: none;\">\n<ul>\n<li>wynajem, dzier\u017cawa i obr\u00f3t nieruchomo\u015bciami,\u00a0<\/li>\n<\/ul>\n<\/li>\n<\/ul>\n<p><!-- \/wp:list-item --><\/p>\n<p><!-- \/wp:list --><!-- wp:list --><\/p>\n<ul>\n<li style=\"list-style-type: none;\">\n<ul><!-- wp:list-item --><\/ul>\n<\/li>\n<\/ul>\n<p>\u00a0<\/p>\n<ul>\n<li style=\"list-style-type: none;\">\n<ul>\n<li>udzielanie po\u017cyczek beneficjentom i sp\u00f3\u0142kom powi\u0105zanym,\u00a0<\/li>\n<\/ul>\n<\/li>\n<\/ul>\n<p><!-- \/wp:list-item --><\/p>\n<p><!-- \/wp:list --><!-- wp:list --><\/p>\n<ul>\n<li style=\"list-style-type: none;\">\n<ul><!-- wp:list-item --><\/ul>\n<\/li>\n<\/ul>\n<p>\u00a0<\/p>\n<ul>\n<li style=\"list-style-type: none;\">\n<ul>\n<li>lokowanie \u015brodk\u00f3w w instrumenty finansowe,\u00a0<\/li>\n<\/ul>\n<\/li>\n<\/ul>\n<p><!-- \/wp:list-item --><\/p>\n<p><!-- \/wp:list --><!-- wp:list --><\/p>\n<ul>\n<li style=\"list-style-type: none;\">\n<ul><!-- wp:list-item --><\/ul>\n<\/li>\n<\/ul>\n<p>\u00a0<\/p>\n<ul>\n<li style=\"list-style-type: none;\">\n<ul>\n<li>dzia\u0142alno\u015b\u0107 rolnicza w ramach gospodarstwa rolnego.\u00a0<\/li>\n<\/ul>\n<\/li>\n<\/ul>\n<p><!-- \/wp:list-item --><\/p>\n<p><!-- \/wp:list --><!-- wp:paragraph --><\/p>\n<p>Nie jest natomiast dopuszczona dzia\u0142alno\u015b\u0107 w formie klasycznego handlu czy produkcji. Dodatkowo ka\u017cda fundacja ma te\u017c obowi\u0105zki sprawozdawcze \u2013 musi prowadzi\u0107 ksi\u0119gi rachunkowe, sporz\u0105dza\u0107 roczne sprawozdanie finansowe i by\u0107 wpisana do rejestru fundacji rodzinnych w Piotrkowie Trybunalskim.\u00a0<\/p>\n<p><!-- \/wp:paragraph --><!-- wp:heading --><\/p>\n<h2 class=\"wp-block-heading\"><span class=\"ez-toc-section\" id=\"Jak_fundacja_rodzinna_w_2026_roku_sprawdza_sie_w_praktyce\"><\/span><strong>Jak fundacja rodzinna w 2026 roku sprawdza si\u0119 w praktyce?\u00a0<\/strong><span class=\"ez-toc-section-end\"><\/span><\/h2>\n<p><!-- \/wp:heading --><!-- wp:paragraph --><\/p>\n<p>Po dw\u00f3ch latach funkcjonowania wida\u0107, \u017ce fundacja rodzinna w 2026 roku sta\u0142a si\u0119 realnym narz\u0119dziem sukcesji. W praktyce korzystaj\u0105 z niej g\u0142\u00f3wnie:\u00a0<\/p>\n<p><!-- \/wp:paragraph --><!-- wp:list --><\/p>\n<ul>\n<li style=\"list-style-type: none;\">\n<ul><!-- wp:list-item --><\/ul>\n<\/li>\n<\/ul>\n<p>\u00a0<\/p>\n<ul>\n<li style=\"list-style-type: none;\">\n<ul>\n<li><strong>w\u0142a\u015bciciele firm rodzinnych<\/strong>, kt\u00f3rzy chc\u0105 zachowa\u0107 sp\u00f3\u0142k\u0119 w ca\u0142o\u015bci i zapewni\u0107 jej stabilne funkcjonowanie,\u00a0<\/li>\n<\/ul>\n<\/li>\n<\/ul>\n<p><!-- \/wp:list-item --><\/p>\n<p><!-- \/wp:list --><!-- wp:list --><\/p>\n<ul>\n<li style=\"list-style-type: none;\">\n<ul><!-- wp:list-item --><\/ul>\n<\/li>\n<\/ul>\n<p>\u00a0<\/p>\n<ul>\n<li style=\"list-style-type: none;\">\n<ul>\n<li><strong>osoby posiadaj\u0105ce maj\u0105tek pasywny<\/strong>, np. portfele nieruchomo\u015bci czy pakiety udzia\u0142\u00f3w, kt\u00f3re dzi\u0119ki fundacji mog\u0105 by\u0107 \u0142atwiej zarz\u0105dzane.\u00a0<\/li>\n<\/ul>\n<\/li>\n<\/ul>\n<p><!-- \/wp:list-item --><\/p>\n<p><!-- \/wp:list --><!-- wp:paragraph --><\/p>\n<p>Przyk\u0142ady pokazuj\u0105, \u017ce fundacja mo\u017ce przej\u0105\u0107 udzia\u0142y w przedsi\u0119biorstwie i zapewni\u0107 jego dalszy rozw\u00f3j niezale\u017cnie od konflikt\u00f3w spadkowych, albo gromadzi\u0107 dochody z najmu i wyp\u0142aca\u0107 beneficjentom w formie zaplanowanych \u015bwiadcze\u0144. Coraz cz\u0119\u015bciej fundacje rodzinne s\u0105 te\u017c elementem wi\u0119kszych struktur holdingowych, co pozwala na bardziej elastyczne zarz\u0105dzanie maj\u0105tkiem.\u00a0<\/p>\n<p><!-- \/wp:paragraph --><!-- wp:heading --><\/p>\n<h2 class=\"wp-block-heading\"><span class=\"ez-toc-section\" id=\"Jakie_sa_perspektywy_rozwoju_w_kolejnych_latach\"><\/span><strong>Jakie s\u0105 perspektywy rozwoju w kolejnych latach?\u00a0<\/strong><span class=\"ez-toc-section-end\"><\/span><\/h2>\n<p><!-- \/wp:heading --><!-- wp:paragraph --><\/p>\n<p>W 2025 roku fundacja rodzinna przesta\u0142a by\u0107 nowo\u015bci\u0105 i sta\u0142a si\u0119 rozpoznawalnym narz\u0119dziem planowania sukcesji. Pierwsze interpretacje podatkowe u\u0142atwiaj\u0105 jej stosowanie, a zainteresowanie przedsi\u0119biorc\u00f3w systematycznie ro\u015bnie. Nadal jednak najcz\u0119\u015bciej wybieraj\u0105 j\u0105 rodziny posiadaj\u0105ce wi\u0119kszy maj\u0105tek, kt\u00f3re chc\u0105 zapewni\u0107 stabilno\u015b\u0107 biznesu na wiele pokole\u0144.\u00a0<\/p>\n<p><!-- \/wp:paragraph --><\/p>\t\t\t\t\t\t<\/div>\n\t\t\t\t<\/div>\n\t\t\t\t\t<\/div>\n\t\t\t\t<\/div>\n\t\t<div class=\"elementor-element elementor-element-34f7ce8 e-flex e-con-boxed e-con e-parent\" data-id=\"34f7ce8\" data-element_type=\"container\" data-settings=\"{&quot;content_width&quot;:&quot;boxed&quot;}\" data-core-v316-plus=\"true\">\n\t\t\t\t\t<div class=\"e-con-inner\">\n\t\t\t\t<div class=\"elementor-element elementor-element-280a95c elementor-widget elementor-widget-text-editor\" data-id=\"280a95c\" data-element_type=\"widget\" data-widget_type=\"text-editor.default\">\n\t\t\t\t<div class=\"elementor-widget-container\">\n\t\t\t\t\t\t\t<h2><span class=\"ez-toc-section\" id=\"Fundacja_rodzinna_najczesciej_zadawane_pytania\"><\/span>Fundacja rodzinna: najcz\u0119\u015bciej zadawane pytania<span class=\"ez-toc-section-end\"><\/span><\/h2>\t\t\t\t\t\t<\/div>\n\t\t\t\t<\/div>\n\t\t\t\t\t<\/div>\n\t\t\t\t<\/div>\n\t\t<div class=\"elementor-element elementor-element-1564fe7 e-flex e-con-boxed e-con e-parent\" data-id=\"1564fe7\" data-element_type=\"container\" data-settings=\"{&quot;content_width&quot;:&quot;boxed&quot;}\" data-core-v316-plus=\"true\">\n\t\t\t\t\t<div class=\"e-con-inner\">\n\t\t\t\t<div class=\"elementor-element elementor-element-5d7d54f elementor-widget elementor-widget-accordion\" data-id=\"5d7d54f\" data-element_type=\"widget\" data-widget_type=\"accordion.default\">\n\t\t\t\t<div class=\"elementor-widget-container\">\n\t\t\t<style>\/*! elementor - v3.18.0 - 08-12-2023 *\/\n.elementor-accordion{text-align:left}.elementor-accordion .elementor-accordion-item{border:1px solid #d5d8dc}.elementor-accordion .elementor-accordion-item+.elementor-accordion-item{border-top:none}.elementor-accordion .elementor-tab-title{margin:0;padding:15px 20px;font-weight:700;line-height:1;cursor:pointer;outline:none}.elementor-accordion .elementor-tab-title .elementor-accordion-icon{display:inline-block;width:1.5em}.elementor-accordion .elementor-tab-title .elementor-accordion-icon svg{width:1em;height:1em}.elementor-accordion .elementor-tab-title .elementor-accordion-icon.elementor-accordion-icon-right{float:right;text-align:right}.elementor-accordion .elementor-tab-title .elementor-accordion-icon.elementor-accordion-icon-left{float:left;text-align:left}.elementor-accordion .elementor-tab-title .elementor-accordion-icon .elementor-accordion-icon-closed{display:block}.elementor-accordion .elementor-tab-title .elementor-accordion-icon .elementor-accordion-icon-opened,.elementor-accordion .elementor-tab-title.elementor-active .elementor-accordion-icon-closed{display:none}.elementor-accordion .elementor-tab-title.elementor-active .elementor-accordion-icon-opened{display:block}.elementor-accordion .elementor-tab-content{display:none;padding:15px 20px;border-top:1px solid #d5d8dc}@media (max-width:767px){.elementor-accordion .elementor-tab-title{padding:12px 15px}.elementor-accordion .elementor-tab-title .elementor-accordion-icon{width:1.2em}.elementor-accordion .elementor-tab-content{padding:7px 15px}}.e-con-inner>.elementor-widget-accordion,.e-con>.elementor-widget-accordion{width:var(--container-widget-width);--flex-grow:var(--container-widget-flex-grow)}<\/style>\t\t<div class=\"elementor-accordion\">\n\t\t\t\t\t\t\t<div class=\"elementor-accordion-item\">\n\t\t\t\t\t<div id=\"elementor-tab-title-9801\" class=\"elementor-tab-title\" data-tab=\"1\" role=\"button\" aria-controls=\"elementor-tab-content-9801\" aria-expanded=\"false\">\n\t\t\t\t\t\t\t\t\t\t\t\t\t<span class=\"elementor-accordion-icon elementor-accordion-icon-left\" aria-hidden=\"true\">\n\t\t\t\t\t\t\t\t\t\t\t\t\t\t\t<span class=\"elementor-accordion-icon-closed\"><i class=\"fas fa-plus\"><\/i><\/span>\n\t\t\t\t\t\t\t\t<span class=\"elementor-accordion-icon-opened\"><i class=\"fas fa-minus\"><\/i><\/span>\n\t\t\t\t\t\t\t\t\t\t\t\t\t\t<\/span>\n\t\t\t\t\t\t\t\t\t\t\t\t<a class=\"elementor-accordion-title\" tabindex=\"0\">Czym jest fundacja rodzinna?<\/a>\n\t\t\t\t\t<\/div>\n\t\t\t\t\t<div id=\"elementor-tab-content-9801\" class=\"elementor-tab-content elementor-clearfix\" data-tab=\"1\" role=\"region\" aria-labelledby=\"elementor-tab-title-9801\"><p><span class=\"TextRun SCXW235938203 BCX8\" lang=\"PL-PL\" xml:lang=\"PL-PL\" data-contrast=\"auto\"><span class=\"NormalTextRun SCXW235938203 BCX8\">Fundacja rodzinna to narz\u0119dzie wprowadzone w 2023 roku, s\u0142u\u017c\u0105ce do gromadzenia i przekazywania maj\u0105tku zgodnie z zasadami okre\u015blonymi przez fundatora.<\/span><\/span><span class=\"EOP SCXW235938203 BCX8\" data-ccp-props=\"{&quot;134233117&quot;:false,&quot;134233118&quot;:false,&quot;335559738&quot;:240,&quot;335559739&quot;:240}\">\u00a0<\/span><\/p><\/div>\n\t\t\t\t<\/div>\n\t\t\t\t\t\t\t<div class=\"elementor-accordion-item\">\n\t\t\t\t\t<div id=\"elementor-tab-title-9802\" class=\"elementor-tab-title\" data-tab=\"2\" role=\"button\" aria-controls=\"elementor-tab-content-9802\" aria-expanded=\"false\">\n\t\t\t\t\t\t\t\t\t\t\t\t\t<span class=\"elementor-accordion-icon elementor-accordion-icon-left\" aria-hidden=\"true\">\n\t\t\t\t\t\t\t\t\t\t\t\t\t\t\t<span class=\"elementor-accordion-icon-closed\"><i class=\"fas fa-plus\"><\/i><\/span>\n\t\t\t\t\t\t\t\t<span class=\"elementor-accordion-icon-opened\"><i class=\"fas fa-minus\"><\/i><\/span>\n\t\t\t\t\t\t\t\t\t\t\t\t\t\t<\/span>\n\t\t\t\t\t\t\t\t\t\t\t\t<a class=\"elementor-accordion-title\" tabindex=\"0\">Kto mo\u017ce za\u0142o\u017cy\u0107 fundacj\u0119 rodzinn\u0105? <\/a>\n\t\t\t\t\t<\/div>\n\t\t\t\t\t<div id=\"elementor-tab-content-9802\" class=\"elementor-tab-content elementor-clearfix\" data-tab=\"2\" role=\"region\" aria-labelledby=\"elementor-tab-title-9802\"><p><span class=\"TextRun SCXW242224452 BCX8\" lang=\"PL-PL\" xml:lang=\"PL-PL\" data-contrast=\"auto\"><span class=\"NormalTextRun SCXW242224452 BCX8\">Fundacj\u0119 rodzinn\u0105 zak\u0142ada osoba fizyczna, kt\u00f3ra wnosi maj\u0105tek i ustala statut z zasadami dla beneficjent\u00f3w.<\/span><\/span><span class=\"EOP SCXW242224452 BCX8\" data-ccp-props=\"{&quot;134233117&quot;:false,&quot;134233118&quot;:false,&quot;335559738&quot;:240,&quot;335559739&quot;:240}\">\u00a0<\/span><\/p><\/div>\n\t\t\t\t<\/div>\n\t\t\t\t\t\t\t<div class=\"elementor-accordion-item\">\n\t\t\t\t\t<div id=\"elementor-tab-title-9803\" class=\"elementor-tab-title\" data-tab=\"3\" role=\"button\" aria-controls=\"elementor-tab-content-9803\" aria-expanded=\"false\">\n\t\t\t\t\t\t\t\t\t\t\t\t\t<span class=\"elementor-accordion-icon elementor-accordion-icon-left\" aria-hidden=\"true\">\n\t\t\t\t\t\t\t\t\t\t\t\t\t\t\t<span class=\"elementor-accordion-icon-closed\"><i class=\"fas fa-plus\"><\/i><\/span>\n\t\t\t\t\t\t\t\t<span class=\"elementor-accordion-icon-opened\"><i class=\"fas fa-minus\"><\/i><\/span>\n\t\t\t\t\t\t\t\t\t\t\t\t\t\t<\/span>\n\t\t\t\t\t\t\t\t\t\t\t\t<a class=\"elementor-accordion-title\" tabindex=\"0\">Jakie s\u0105 g\u0142\u00f3wne korzy\u015bci fundacji rodzinnej? <\/a>\n\t\t\t\t\t<\/div>\n\t\t\t\t\t<div id=\"elementor-tab-content-9803\" class=\"elementor-tab-content elementor-clearfix\" data-tab=\"3\" role=\"region\" aria-labelledby=\"elementor-tab-title-9803\"><p><span class=\"TextRun SCXW96428145 BCX8\" lang=\"PL-PL\" xml:lang=\"PL-PL\" data-contrast=\"auto\"><span class=\"NormalTextRun SCXW96428145 BCX8\">Najwa\u017cniejsze zalety fundacji rodzinnej to ochrona maj\u0105tku, ci\u0105g\u0142o\u015b\u0107 biznesu, unikni\u0119cie spor\u00f3w spadkowych oraz korzystne zasady podatkowe.<\/span><\/span><span class=\"EOP SCXW96428145 BCX8\" data-ccp-props=\"{&quot;134233117&quot;:false,&quot;134233118&quot;:false,&quot;335559738&quot;:240,&quot;335559739&quot;:240}\">\u00a0<\/span><\/p><\/div>\n\t\t\t\t<\/div>\n\t\t\t\t\t\t\t<div class=\"elementor-accordion-item\">\n\t\t\t\t\t<div id=\"elementor-tab-title-9804\" class=\"elementor-tab-title\" data-tab=\"4\" role=\"button\" aria-controls=\"elementor-tab-content-9804\" aria-expanded=\"false\">\n\t\t\t\t\t\t\t\t\t\t\t\t\t<span class=\"elementor-accordion-icon elementor-accordion-icon-left\" aria-hidden=\"true\">\n\t\t\t\t\t\t\t\t\t\t\t\t\t\t\t<span class=\"elementor-accordion-icon-closed\"><i class=\"fas fa-plus\"><\/i><\/span>\n\t\t\t\t\t\t\t\t<span class=\"elementor-accordion-icon-opened\"><i class=\"fas fa-minus\"><\/i><\/span>\n\t\t\t\t\t\t\t\t\t\t\t\t\t\t<\/span>\n\t\t\t\t\t\t\t\t\t\t\t\t<a class=\"elementor-accordion-title\" tabindex=\"0\">Jak\u0105 dzia\u0142alno\u015b\u0107 mo\u017ce prowadzi\u0107 fundacja rodzinna? <\/a>\n\t\t\t\t\t<\/div>\n\t\t\t\t\t<div id=\"elementor-tab-content-9804\" class=\"elementor-tab-content elementor-clearfix\" data-tab=\"4\" role=\"region\" aria-labelledby=\"elementor-tab-title-9804\"><p><span class=\"TextRun SCXW75663816 BCX8\" lang=\"PL-PL\" xml:lang=\"PL-PL\" data-contrast=\"auto\"><span class=\"NormalTextRun SCXW75663816 BCX8\">Fundacja rodzinna ma ograniczony zakres \u2013 mo\u017ce inwestowa\u0107 w udzia\u0142y, akcje, nieruchomo\u015bci czy instrumenty finansowe, ale nie mo\u017ce prowadzi\u0107 klasycznego handlu.<\/span><\/span><span class=\"EOP SCXW75663816 BCX8\" data-ccp-props=\"{&quot;134233117&quot;:false,&quot;134233118&quot;:false,&quot;335559738&quot;:240,&quot;335559739&quot;:240}\">\u00a0<\/span><\/p><\/div>\n\t\t\t\t<\/div>\n\t\t\t\t\t\t\t<div class=\"elementor-accordion-item\">\n\t\t\t\t\t<div id=\"elementor-tab-title-9805\" class=\"elementor-tab-title\" data-tab=\"5\" role=\"button\" aria-controls=\"elementor-tab-content-9805\" aria-expanded=\"false\">\n\t\t\t\t\t\t\t\t\t\t\t\t\t<span class=\"elementor-accordion-icon elementor-accordion-icon-left\" aria-hidden=\"true\">\n\t\t\t\t\t\t\t\t\t\t\t\t\t\t\t<span class=\"elementor-accordion-icon-closed\"><i class=\"fas fa-plus\"><\/i><\/span>\n\t\t\t\t\t\t\t\t<span class=\"elementor-accordion-icon-opened\"><i class=\"fas fa-minus\"><\/i><\/span>\n\t\t\t\t\t\t\t\t\t\t\t\t\t\t<\/span>\n\t\t\t\t\t\t\t\t\t\t\t\t<a class=\"elementor-accordion-title\" tabindex=\"0\">Jakie obowi\u0105zki sprawozdawcze ma fundacja rodzinna? <\/a>\n\t\t\t\t\t<\/div>\n\t\t\t\t\t<div id=\"elementor-tab-content-9805\" class=\"elementor-tab-content elementor-clearfix\" data-tab=\"5\" role=\"region\" aria-labelledby=\"elementor-tab-title-9805\"><p><span class=\"TextRun SCXW28480998 BCX8\" lang=\"PL-PL\" xml:lang=\"PL-PL\" data-contrast=\"auto\"><span class=\"NormalTextRun SCXW28480998 BCX8\">Fundacja rodzinna musi prowadzi\u0107 ksi\u0119gi rachunkowe, sk\u0142ada\u0107 roczne sprawozdanie finansowe i by\u0107 wpisana do rejestru fundacji rodzinnych w Piotrkowie Trybunalskim.<\/span><\/span><span class=\"EOP SCXW28480998 BCX8\" data-ccp-props=\"{&quot;134233117&quot;:false,&quot;134233118&quot;:false,&quot;335559738&quot;:240,&quot;335559739&quot;:240}\">\u00a0<\/span><\/p><\/div>\n\t\t\t\t<\/div>\n\t\t\t\t\t\t\t<div class=\"elementor-accordion-item\">\n\t\t\t\t\t<div id=\"elementor-tab-title-9806\" class=\"elementor-tab-title\" data-tab=\"6\" role=\"button\" aria-controls=\"elementor-tab-content-9806\" aria-expanded=\"false\">\n\t\t\t\t\t\t\t\t\t\t\t\t\t<span class=\"elementor-accordion-icon elementor-accordion-icon-left\" aria-hidden=\"true\">\n\t\t\t\t\t\t\t\t\t\t\t\t\t\t\t<span class=\"elementor-accordion-icon-closed\"><i class=\"fas fa-plus\"><\/i><\/span>\n\t\t\t\t\t\t\t\t<span class=\"elementor-accordion-icon-opened\"><i class=\"fas fa-minus\"><\/i><\/span>\n\t\t\t\t\t\t\t\t\t\t\t\t\t\t<\/span>\n\t\t\t\t\t\t\t\t\t\t\t\t<a class=\"elementor-accordion-title\" tabindex=\"0\">Dla kogo fundacja rodzinna jest najlepszym rozwi\u0105zaniem?<\/a>\n\t\t\t\t\t<\/div>\n\t\t\t\t\t<div id=\"elementor-tab-content-9806\" class=\"elementor-tab-content elementor-clearfix\" data-tab=\"6\" role=\"region\" aria-labelledby=\"elementor-tab-title-9806\"><p><span class=\"TextRun SCXW64672777 BCX8\" lang=\"PL-PL\" xml:lang=\"PL-PL\" data-contrast=\"auto\"><span class=\"NormalTextRun SCXW64672777 BCX8\">Z fundacji rodzinnej najcz\u0119\u015bciej korzystaj\u0105 w\u0142a\u015bciciele firm rodzinnych i osoby posiadaj\u0105ce znacz\u0105cy maj\u0105tek, ale sprawdza si\u0119 te\u017c przy zarz\u0105dzaniu portfelem nieruchomo\u015bci czy udzia\u0142\u00f3w.<\/span><\/span><span class=\"EOP SCXW64672777 BCX8\" data-ccp-props=\"{&quot;134233117&quot;:false,&quot;134233118&quot;:false,&quot;335559738&quot;:240,&quot;335559739&quot;:240}\">\u00a0<\/span><\/p><\/div>\n\t\t\t\t<\/div>\n\t\t\t\t\t\t\t\t<\/div>\n\t\t\t\t<\/div>\n\t\t\t\t<\/div>\n\t\t\t\t\t<\/div>\n\t\t\t\t<\/div>\n\t\t<div class=\"elementor-element elementor-element-35c540a e-flex e-con-boxed e-con e-parent\" data-id=\"35c540a\" data-element_type=\"container\" data-settings=\"{&quot;content_width&quot;:&quot;boxed&quot;}\" data-core-v316-plus=\"true\">\n\t\t\t\t\t<div class=\"e-con-inner\">\n\t\t\t\t<div class=\"elementor-element elementor-element-d5fcbdb elementor-widget elementor-widget-html\" data-id=\"d5fcbdb\" data-element_type=\"widget\" data-widget_type=\"html.default\">\n\t\t\t\t<div class=\"elementor-widget-container\">\n\t\t\t<script type=\"application\/ld+json\">\r\n{\r\n  \"@context\": \"https:\/\/schema.org\",\r\n  \"@type\": \"FAQPage\",\r\n  \"mainEntity\": [\r\n    {\r\n      \"@type\": \"Question\",\r\n      \"name\": \"Czym jest fundacja rodzinna?\",\r\n      \"acceptedAnswer\": {\r\n        \"@type\": \"Answer\",\r\n        \"text\": \"Fundacja rodzinna to narz\u0119dzie wprowadzone w 2023 roku, s\u0142u\u017c\u0105ce do gromadzenia i przekazywania maj\u0105tku zgodnie z zasadami okre\u015blonymi przez fundatora.\"\r\n      }\r\n    },\r\n    {\r\n      \"@type\": \"Question\",\r\n      \"name\": \"Kto mo\u017ce za\u0142o\u017cy\u0107 fundacj\u0119 rodzinn\u0105?\",\r\n      \"acceptedAnswer\": {\r\n        \"@type\": \"Answer\",\r\n        \"text\": \"Fundacj\u0119 rodzinn\u0105 zak\u0142ada osoba fizyczna, kt\u00f3ra wnosi maj\u0105tek i ustala statut z zasadami dla beneficjent\u00f3w.\"\r\n      }\r\n    },\r\n    {\r\n      \"@type\": \"Question\",\r\n      \"name\": \"Jakie s\u0105 g\u0142\u00f3wne korzy\u015bci fundacji rodzinnej?\",\r\n      \"acceptedAnswer\": {\r\n        \"@type\": \"Answer\",\r\n        \"text\": \"Najwa\u017cniejsze zalety fundacji rodzinnej to ochrona maj\u0105tku, ci\u0105g\u0142o\u015b\u0107 biznesu, unikni\u0119cie spor\u00f3w spadkowych oraz korzystne zasady podatkowe.\"\r\n      }\r\n    },\r\n    {\r\n      \"@type\": \"Question\",\r\n      \"name\": \"Jak\u0105 dzia\u0142alno\u015b\u0107 mo\u017ce prowadzi\u0107 fundacja rodzinna?\",\r\n      \"acceptedAnswer\": {\r\n        \"@type\": \"Answer\",\r\n        \"text\": \"Fundacja rodzinna ma ograniczony zakres \u2013 mo\u017ce inwestowa\u0107 w udzia\u0142y, akcje, nieruchomo\u015bci czy instrumenty finansowe, ale nie mo\u017ce prowadzi\u0107 klasycznego handlu.\"\r\n      }\r\n    },\r\n    {\r\n      \"@type\": \"Question\",\r\n      \"name\": \"Jakie obowi\u0105zki sprawozdawcze ma fundacja rodzinna?\",\r\n      \"acceptedAnswer\": {\r\n        \"@type\": \"Answer\",\r\n        \"text\": \"Fundacja rodzinna musi prowadzi\u0107 ksi\u0119gi rachunkowe, sk\u0142ada\u0107 roczne sprawozdanie finansowe i by\u0107 wpisana do rejestru fundacji rodzinnych w Piotrkowie Trybunalskim.\"\r\n      }\r\n    },\r\n    {\r\n      \"@type\": \"Question\",\r\n      \"name\": \"Dla kogo fundacja rodzinna jest najlepszym rozwi\u0105zaniem?\",\r\n      \"acceptedAnswer\": {\r\n        \"@type\": \"Answer\",\r\n        \"text\": \"Z fundacji rodzinnej najcz\u0119\u015bciej korzystaj\u0105 z niej w\u0142a\u015bciciele firm rodzinnych i osoby posiadaj\u0105ce znacz\u0105cy maj\u0105tek, ale sprawdza si\u0119 te\u017c przy zarz\u0105dzaniu portfelem nieruchomo\u015bci czy udzia\u0142\u00f3w.\"\r\n      }\r\n    }\r\n  ]\r\n}\r\n<\/script>\r\n\t\t<\/div>\n\t\t\t\t<\/div>\n\t\t\t\t\t<\/div>\n\t\t\t\t<\/div>\n\t\t\t\t\t\t\t<\/div>\n\t\t","protected":false},"excerpt":{"rendered":"<p>Fundacja rodzinna w 2026 r. to coraz cz\u0119\u015bciej wybierane rozwi\u0105zanie w Polsce, kt\u00f3re realnie wspiera sukcesj\u0119 biznesu i ochron\u0119 maj\u0105tku rodzinnego. Umo\u017cliwia zachowanie ci\u0105g\u0142o\u015bci firmy, uporz\u0105dkowane przekazywanie aktyw\u00f3w kolejnym pokoleniom oraz minimalizuje ryzyko spor\u00f3w spadkowych. Dzi\u0119ki preferencyjnym zasadom podatkowym i jasno okre\u015blonym regu\u0142om planowania sukcesji, fundacja rodzinna staje si\u0119 narz\u0119dziem, kt\u00f3re \u0142\u0105czy bezpiecze\u0144stwo, stabilno\u015b\u0107 i &hellip; <\/p>\n<p class=\"link-more\"><a href=\"https:\/\/pragmatiq.pl\/zmianawarty\/fundacja-rodzinna-2026-r-jak-dziala-i-dlaczego-zyskuje-na-znaczeniu\/\" class=\"more-link\">Continue reading<span class=\"screen-reader-text\"> &#8222;Fundacja rodzinna 2026 r. &#8211; jak dzia\u0142a i dlaczego zyskuje na znaczeniu?&#8221;<\/span><\/a><\/p>\n","protected":false},"author":36,"featured_media":0,"comment_status":"open","ping_status":"open","sticky":false,"template":"","format":"standard","meta":{"footnotes":""},"categories":[1],"tags":[],"class_list":["post-5065","post","type-post","status-publish","format-standard","hentry","category-bez-kategorii"],"_links":{"self":[{"href":"https:\/\/pragmatiq.pl\/zmianawarty\/wp-json\/wp\/v2\/posts\/5065","targetHints":{"allow":["GET"]}}],"collection":[{"href":"https:\/\/pragmatiq.pl\/zmianawarty\/wp-json\/wp\/v2\/posts"}],"about":[{"href":"https:\/\/pragmatiq.pl\/zmianawarty\/wp-json\/wp\/v2\/types\/post"}],"author":[{"embeddable":true,"href":"https:\/\/pragmatiq.pl\/zmianawarty\/wp-json\/wp\/v2\/users\/36"}],"replies":[{"embeddable":true,"href":"https:\/\/pragmatiq.pl\/zmianawarty\/wp-json\/wp\/v2\/comments?post=5065"}],"version-history":[{"count":4,"href":"https:\/\/pragmatiq.pl\/zmianawarty\/wp-json\/wp\/v2\/posts\/5065\/revisions"}],"predecessor-version":[{"id":5069,"href":"https:\/\/pragmatiq.pl\/zmianawarty\/wp-json\/wp\/v2\/posts\/5065\/revisions\/5069"}],"wp:attachment":[{"href":"https:\/\/pragmatiq.pl\/zmianawarty\/wp-json\/wp\/v2\/media?parent=5065"}],"wp:term":[{"taxonomy":"category","embeddable":true,"href":"https:\/\/pragmatiq.pl\/zmianawarty\/wp-json\/wp\/v2\/categories?post=5065"},{"taxonomy":"post_tag","embeddable":true,"href":"https:\/\/pragmatiq.pl\/zmianawarty\/wp-json\/wp\/v2\/tags?post=5065"}],"curies":[{"name":"wp","href":"https:\/\/api.w.org\/{rel}","templated":true}]}}