{"id":503,"date":"2018-08-28T16:01:59","date_gmt":"2018-08-28T14:01:59","guid":{"rendered":"https:\/\/zmianawarty.pl\/?p=503"},"modified":"2024-09-16T14:55:43","modified_gmt":"2024-09-16T12:55:43","slug":"kiedy-nalezy-zaplacic-podatek-od-sprzedazy-przedsiebiorstwa","status":"publish","type":"post","link":"https:\/\/pragmatiq.pl\/zmianawarty\/kiedy-nalezy-zaplacic-podatek-od-sprzedazy-przedsiebiorstwa\/","title":{"rendered":"Kiedy nale\u017cy zap\u0142aci\u0107 podatek od sprzeda\u017cy przedsi\u0119biorstwa?"},"content":{"rendered":"\n<p><strong>Sprzeda\u017c przedsi\u0119biorstwa opodatkowana jest jak zwyk\u0142a bie\u017c\u0105ca sprzeda\u017c w ramach dzia\u0142alno\u015bci gospodarczej. Przedsi\u0119biorca zobowi\u0105zany jest zatem do rozliczenia przychodu z tej transakcji razem z pozosta\u0142ymi przychodami z dzia\u0142alno\u015bci gospodarczej.<\/strong><\/p>\n\n\n\n<p>W efekcie od ustalonego dochodu (przych\u00f3d pomniejszony o koszty) przedsi\u0119biorca odprowadza miesi\u0119czn\u0105 lub kwartaln\u0105 zaliczk\u0119 na podatek dochodowy, a nast\u0119pnie w uj\u0119ciu rocznym wykazuje doch\u00f3d ze sprzeda\u017cy razem z pozosta\u0142ymi osi\u0105gni\u0119tymi z dzia\u0142alno\u015bci gospodarczej.<\/p>\n\n\n\n<p><strong>Przyk\u0142ad:<\/strong><\/p>\n\n\n\n<p><em>Przedsi\u0119biorca sprzeda\u0142 przedsi\u0119biorstwo 2 stycznia 2018 roku. Zaliczk\u0119 na podatek dochodowy musi zap\u0142aci\u0107 do:<\/em><\/p>\n\n\n\n<ul class=\"wp-block-list\">\n<li><em>20 lutego \u2013 przy przyj\u0119tym miesi\u0119cznym systemie rozliczania zaliczek lub<\/em><\/li>\n\n\n\n<li><em>20 kwietnia \u2013 przy przyj\u0119tym kwartalnym systemie rozliczania zaliczek.<\/em><\/li>\n<\/ul>\n\n\n\n<p><em>&nbsp;<\/em><em>Z kolei termin obowi\u0105zkowego rozliczenia z urz\u0119dem skarbowym, w tym z\u0142o\u017cenia zeznania zawieraj\u0105cego przychody i koszty zwi\u0105zane ze sprzeda\u017c\u0105 przedsi\u0119biorstwa, up\u0142ynie 30 kwietnia roku nast\u0119puj\u0105cego po tym, w kt\u00f3rym zosta\u0142o sprzedane przedsi\u0119biorstwo, czyli w 2019 roku.<\/em><\/p>\n\n\n\n<figure class=\"wp-block-embed is-type-video is-provider-youtube wp-block-embed-youtube wp-embed-aspect-16-9 wp-has-aspect-ratio\"><div class=\"wp-block-embed__wrapper\">\n<iframe title=\"Jaki podatek zap\u0142acisz przy sprzeda\u017cy firmy?\" width=\"525\" height=\"295\" src=\"https:\/\/www.youtube.com\/embed\/HmwEEMlyhNk?feature=oembed\" frameborder=\"0\" allow=\"accelerometer; autoplay; clipboard-write; encrypted-media; gyroscope; picture-in-picture; web-share\" referrerpolicy=\"strict-origin-when-cross-origin\" allowfullscreen><\/iframe>\n<\/div><figcaption class=\"wp-element-caption\"> <br>Zobacz tak\u017ce film instrukta\u017cowy: <em>Jaki podatek zap\u0142acisz przy sprzeda\u017cy firmy?\ufeff<\/em> <\/figcaption><\/figure>\n\n\n\n<p>Mo\u017cliwa jest te\u017c sytuacja, w kt\u00f3rej przedsi\u0119biorca rozlicza PIT wg tzw. zaliczek uproszczonych opartych o doch\u00f3d poprzednich lat. W takiej sytuacji pe\u0142ne rozliczenie sprzeda\u017cy przedsi\u0119biorstwa nast\u0105pi dopiero przy z\u0142o\u017ceniu deklaracji rocznej.<\/p>\n\n\n\n<p><strong>Podstawa prawna<\/strong>: art. 14 ustawy o PIT, art. 44 ustawy o PIT.<\/p>\n\n\n\n<p>Maria Ratajczyk<\/p>\n\n\n\n<div style=\"height:44px\" aria-hidden=\"true\" class=\"wp-block-spacer\"><\/div>\n\n\n\n<p>Powr\u00f3t do <strong>P<\/strong><a href=\"https:\/\/pragmatiq.pl\/zmianawarty\/wyjscie-z-biznesu\/\"><strong>YTANIA I ODPOWIEDZI<\/strong><\/a><\/p>\n\n\n\n<p><\/p>\n\n\n\n<div style=\"height:34px\" aria-hidden=\"true\" class=\"wp-block-spacer\"><\/div>\n\n\n\n<p><br><\/p>\n","protected":false},"excerpt":{"rendered":"<p>Sprzeda\u017c przedsi\u0119biorstwa opodatkowana jest jak zwyk\u0142a bie\u017c\u0105ca sprzeda\u017c w ramach dzia\u0142alno\u015bci gospodarczej. Przedsi\u0119biorca zobowi\u0105zany jest zatem do rozliczenia przychodu z tej transakcji razem z pozosta\u0142ymi przychodami z dzia\u0142alno\u015bci gospodarczej. W efekcie od ustalonego dochodu (przych\u00f3d pomniejszony o koszty) przedsi\u0119biorca odprowadza miesi\u0119czn\u0105 lub kwartaln\u0105 zaliczk\u0119 na podatek dochodowy, a nast\u0119pnie w uj\u0119ciu rocznym wykazuje doch\u00f3d ze &hellip; <\/p>\n<p class=\"link-more\"><a href=\"https:\/\/pragmatiq.pl\/zmianawarty\/kiedy-nalezy-zaplacic-podatek-od-sprzedazy-przedsiebiorstwa\/\" class=\"more-link\">Continue reading<span class=\"screen-reader-text\"> &#8222;Kiedy nale\u017cy zap\u0142aci\u0107 podatek od sprzeda\u017cy przedsi\u0119biorstwa?&#8221;<\/span><\/a><\/p>\n","protected":false},"author":15,"featured_media":396,"comment_status":"open","ping_status":"open","sticky":false,"template":"","format":"standard","meta":{"footnotes":""},"categories":[100,4],"tags":[72,52],"class_list":["post-503","post","type-post","status-publish","format-standard","has-post-thumbnail","hentry","category-wyjscie-z-biznesu-czyli-sprzedaz-firmy","category-artykuly","tag-podatek","tag-sprzedaz-firmy"],"_links":{"self":[{"href":"https:\/\/pragmatiq.pl\/zmianawarty\/wp-json\/wp\/v2\/posts\/503","targetHints":{"allow":["GET"]}}],"collection":[{"href":"https:\/\/pragmatiq.pl\/zmianawarty\/wp-json\/wp\/v2\/posts"}],"about":[{"href":"https:\/\/pragmatiq.pl\/zmianawarty\/wp-json\/wp\/v2\/types\/post"}],"author":[{"embeddable":true,"href":"https:\/\/pragmatiq.pl\/zmianawarty\/wp-json\/wp\/v2\/users\/15"}],"replies":[{"embeddable":true,"href":"https:\/\/pragmatiq.pl\/zmianawarty\/wp-json\/wp\/v2\/comments?post=503"}],"version-history":[{"count":10,"href":"https:\/\/pragmatiq.pl\/zmianawarty\/wp-json\/wp\/v2\/posts\/503\/revisions"}],"predecessor-version":[{"id":4226,"href":"https:\/\/pragmatiq.pl\/zmianawarty\/wp-json\/wp\/v2\/posts\/503\/revisions\/4226"}],"wp:featuredmedia":[{"embeddable":true,"href":"https:\/\/pragmatiq.pl\/zmianawarty\/wp-json\/wp\/v2\/media\/396"}],"wp:attachment":[{"href":"https:\/\/pragmatiq.pl\/zmianawarty\/wp-json\/wp\/v2\/media?parent=503"}],"wp:term":[{"taxonomy":"category","embeddable":true,"href":"https:\/\/pragmatiq.pl\/zmianawarty\/wp-json\/wp\/v2\/categories?post=503"},{"taxonomy":"post_tag","embeddable":true,"href":"https:\/\/pragmatiq.pl\/zmianawarty\/wp-json\/wp\/v2\/tags?post=503"}],"curies":[{"name":"wp","href":"https:\/\/api.w.org\/{rel}","templated":true}]}}