{"id":4944,"date":"2025-06-16T16:22:02","date_gmt":"2025-06-16T14:22:02","guid":{"rendered":"https:\/\/pragmatiq.pl\/zmianawarty\/?p=4944"},"modified":"2025-06-16T16:22:07","modified_gmt":"2025-06-16T14:22:07","slug":"sprawozdanie-finansowe-fundacji-rodzinnej","status":"publish","type":"post","link":"https:\/\/pragmatiq.pl\/zmianawarty\/sprawozdanie-finansowe-fundacji-rodzinnej\/","title":{"rendered":"Sprawozdanie finansowe fundacji rodzinnej"},"content":{"rendered":"<div id=\"ez-toc-container\" class=\"ez-toc-v2_0_82_2 counter-hierarchy ez-toc-counter ez-toc-white ez-toc-container-direction\">\n<div class=\"ez-toc-title-container\"><p class=\"ez-toc-title\" style=\"cursor:inherit\">Spis tre\u015bci<\/p>\n<\/div><nav><ul class='ez-toc-list ez-toc-list-level-1 ' ><li class='ez-toc-page-1 ez-toc-heading-level-2'><a class=\"ez-toc-link ez-toc-heading-1\" href=\"https:\/\/pragmatiq.pl\/zmianawarty\/sprawozdanie-finansowe-fundacji-rodzinnej\/#Sprawozdanie_fundacji_rodzinnej_%E2%80%93_jak_dopelnic_formalnosci\" >Sprawozdanie fundacji rodzinnej \u2013 jak dope\u0142ni\u0107 formalno\u015bci<\/a><\/li><li class='ez-toc-page-1 ez-toc-heading-level-2'><a class=\"ez-toc-link ez-toc-heading-2\" href=\"https:\/\/pragmatiq.pl\/zmianawarty\/sprawozdanie-finansowe-fundacji-rodzinnej\/#Sprawozdanie_fundacji_rodzinnej_%E2%80%93_termin_zlozenia_dokumentow_do_sadu\" >Sprawozdanie fundacji rodzinnej \u2013 termin z\u0142o\u017cenia dokument\u00f3w do s\u0105du<\/a><\/li><li class='ez-toc-page-1 ez-toc-heading-level-2'><a class=\"ez-toc-link ez-toc-heading-3\" href=\"https:\/\/pragmatiq.pl\/zmianawarty\/sprawozdanie-finansowe-fundacji-rodzinnej\/#Brak_zlozenia_sprawozdania_finansowego_fundacji_rodzinnej_%E2%80%93_konsekwencje\" >Brak z\u0142o\u017cenia sprawozdania finansowego fundacji rodzinnej &#8211; konsekwencje<\/a><\/li><\/ul><\/nav><\/div>\n\n<p><strong>Ostateczny termin na zatwierdzenie sprawozdania finansowego dla fundacji rodzinnych up\u0142ywa 30 czerwca. Niezg\u0142oszenie sprawozdania finansowego w terminie mo\u017ce skutkowa\u0107 konsekwencjami. Z artyku\u0142u dowiesz si\u0119 jak dope\u0142ni\u0107 formalno\u015bci.<\/strong><\/p>\n\n\n\n<p>Fundacje rodzinne, jako osoby prawne s\u0105 zobowi\u0105zane stosowa\u0107 przepisy ustawy o&nbsp;rachunkowo\u015bci i prowadzi\u0107 pe\u0142n\u0105 ksi\u0119gowo\u015b\u0107.<\/p>\n\n\n\n<h2 class=\"wp-block-heading\"><span class=\"ez-toc-section\" id=\"Sprawozdanie_fundacji_rodzinnej_%E2%80%93_jak_dopelnic_formalnosci\"><\/span>Sprawozdanie fundacji rodzinnej \u2013 jak dope\u0142ni\u0107 formalno\u015bci<span class=\"ez-toc-section-end\"><\/span><\/h2>\n\n\n\n<p>Sprawozdanie finansowe fundacji rodzinnej powinno zosta\u0107 sporz\u0105dzone w terminie trzech miesi\u0119cy od dnia zamkni\u0119cia ksi\u0105g rachunkowych. Fundacje rodzinne, kt\u00f3re zako\u0144czy\u0142y rok obrotowy z ko\u0144cem 2024 r. powinny sporz\u0105dzi\u0107 sprawozdanie do 31 marca oraz dokona\u0107 zatwierdzenia do 30 czerwca 2025 r.<\/p>\n\n\n\n<p>Organem zatwierdzaj\u0105cym sprawozdanie finansowe fundacji rodzinnej jest zgromadzenie beneficjent\u00f3w, kt\u00f3re zatwierdza sprawozdanie finansowe podejmuj\u0105c uchwa\u0142\u0119.&nbsp;Zgromadzenie beneficjent\u00f3w fundacji rodzinnej zwo\u0142ywane jest zazwyczaj przez zarz\u0105d, chyba \u017ce statut fundacji rodzinnej stanowi inaczej.&nbsp;Statut mo\u017ce przewidywa\u0107 odst\u0119pstwa od procedury odbywania zgromadze\u0144 beneficjent\u00f3w uregulowanych w ustawie o fundacji&nbsp; rodzinnej. Zawsze nale\u017cy ustali\u0107 wi\u0119c jaka by\u0142a wola fundatora w tej kwestii oraz dochowa\u0107 wym\u00f3w przewidzianych w statucie.<\/p>\n\n\n\n<h2 class=\"wp-block-heading\"><span class=\"ez-toc-section\" id=\"Sprawozdanie_fundacji_rodzinnej_%E2%80%93_termin_zlozenia_dokumentow_do_sadu\"><\/span>Sprawozdanie fundacji rodzinnej \u2013 termin z\u0142o\u017cenia dokument\u00f3w do s\u0105du<span class=\"ez-toc-section-end\"><\/span><\/h2>\n\n\n\n<p>Termin na z\u0142o\u017cenie sprawozdania finansowego do S\u0105du w Piotrkowie Trybunalskim wynosi 15 dni od daty podj\u0119cia uchwa\u0142y o zatwierdzeniu sprawozdania finansowego. Standardowo b\u0119dzie to zatem 15 lipca 2025 r.<\/p>\n\n\n\n<p>Warto pami\u0119ta\u0107, \u017ce S\u0105d Okr\u0119gowy w Piotrkowie Trybunalskim jest jedynym s\u0105dem w Polsce, kt\u00f3ry prowadzi Rejestr Fundacji Rodzinnych \u2013&nbsp;i&nbsp;kt\u00f3ry nie funkcjonuje w formie elektronicznej. Dlatego do papierowego wniosku o zmian\u0119 danych w rejestrze fundacji rodzinnych (zgodnie&nbsp;z Rozporz\u0105dzeniem Ministra Sprawiedliwo\u015bci z dnia 18 maja 2023 roku, Dz.U. z 2023 r.&nbsp;poz. 974 z p\u00f3\u017an. zm. &#8211; druk RFR-Z30 oraz druk RFR-ZN) nale\u017cy za\u0142\u0105czy\u0107:<\/p>\n\n\n\n<p>1) sprawozdanie finansowe w formie elektronicznej (p\u0142yta CD-plik XML),<\/p>\n\n\n\n<p>2) wydruk sprawozdania finansowego w formie papierowej,<br>3) protok\u00f3\u0142 z posiedzenia Zgromadzenia Beneficjent\u00f3w na kt\u00f3rym podj\u0119to uchwa\u0142y Zgromadzenia Beneficjent\u00f3w o zatwierdzeniu sprawozdania finansowego, o podziale zysku lub pokryciu straty oraz o udzieleniu absolutorium cz\u0142onkom zarz\u0105du fundacji,<br>4) sprawozdanie z badania, je\u017celi sprawozdanie finansowe fundacji podlega badaniu zgodnie z ustaw\u0105 o rachunkowo\u015bci,<br>5) op\u0142at\u0119 s\u0105dow\u0105 w wysoko\u015bci&nbsp;250 z\u0142otych.<\/p>\n\n\n\n<p>W rejestrze&nbsp;fundacji&nbsp;rodzinnych&nbsp;dla ka\u017cdej&nbsp;fundacji&nbsp;rodzinnej&nbsp;wpisuje si\u0119 wzmiank\u0119 o z\u0142o\u017ceniu rocznego sprawozdania finansowego&nbsp;fundacji&nbsp;rodzinnej&nbsp;z oznaczeniem dnia jego z\u0142o\u017cenia i roku obrotowego.<\/p>\n\n\n\n<h2 class=\"wp-block-heading\"><span class=\"ez-toc-section\" id=\"Brak_zlozenia_sprawozdania_finansowego_fundacji_rodzinnej_%E2%80%93_konsekwencje\"><\/span>Brak z\u0142o\u017cenia sprawozdania finansowego fundacji rodzinnej &#8211; konsekwencje<span class=\"ez-toc-section-end\"><\/span><\/h2>\n\n\n\n<p>Brak dope\u0142nienia formalno\u015bci zwi\u0105zanych z przygotowaniem i z\u0142o\u017ceniem sprawozdania finansowego do rejestru mo\u017ce powodowa\u0107 sankcje karne (kar\u0119 grzywny lub kar\u0119 ograniczenie wolno\u015bci w przypadku braku z\u0142o\u017cenia sprawozdania finansowego, a w przypadku braku sporz\u0105dzenia sprawozdania finansowego tak\u017ce kar\u0119 pozbawienia wolno\u015bci).<\/p>\n\n\n\n<p>Przepisy ustawy o fundacji rodzinnej przewiduj\u0105 ponadto, i\u017c s\u0105d rejestrowy wszczyna z urz\u0119du post\u0119powanie o rozwi\u0105zanie\u00a0fundacji\u00a0rodzinnej\u00a0wpisanej do rejestru\u00a0fundacji\u00a0rodzinnych\u00a0bez przeprowadzania post\u0119powania likwidacyjnego, w przypadku gdy \u00a0mimo wezwania s\u0105du rejestrowego nie z\u0142o\u017cono rocznych sprawozda\u0144 finansowych za dwa kolejne lata obrotowe.<\/p>\n\n\n\n<p>Jacek Mi\u0142aszewski<\/p>\n","protected":false},"excerpt":{"rendered":"<p>Ostateczny termin na zatwierdzenie sprawozdania finansowego dla fundacji rodzinnych up\u0142ywa 30 czerwca. Niezg\u0142oszenie sprawozdania finansowego w terminie mo\u017ce skutkowa\u0107 konsekwencjami. Z artyku\u0142u dowiesz si\u0119 jak dope\u0142ni\u0107 formalno\u015bci. Fundacje rodzinne, jako osoby prawne s\u0105 zobowi\u0105zane stosowa\u0107 przepisy ustawy o&nbsp;rachunkowo\u015bci i prowadzi\u0107 pe\u0142n\u0105 ksi\u0119gowo\u015b\u0107. Sprawozdanie fundacji rodzinnej \u2013 jak dope\u0142ni\u0107 formalno\u015bci Sprawozdanie finansowe fundacji rodzinnej powinno zosta\u0107 &hellip; <\/p>\n<p class=\"link-more\"><a href=\"https:\/\/pragmatiq.pl\/zmianawarty\/sprawozdanie-finansowe-fundacji-rodzinnej\/\" class=\"more-link\">Continue reading<span class=\"screen-reader-text\"> &#8222;Sprawozdanie finansowe fundacji rodzinnej&#8221;<\/span><\/a><\/p>\n","protected":false},"author":31,"featured_media":3967,"comment_status":"open","ping_status":"open","sticky":false,"template":"","format":"standard","meta":{"footnotes":""},"categories":[1],"tags":[],"class_list":["post-4944","post","type-post","status-publish","format-standard","has-post-thumbnail","hentry","category-bez-kategorii"],"_links":{"self":[{"href":"https:\/\/pragmatiq.pl\/zmianawarty\/wp-json\/wp\/v2\/posts\/4944","targetHints":{"allow":["GET"]}}],"collection":[{"href":"https:\/\/pragmatiq.pl\/zmianawarty\/wp-json\/wp\/v2\/posts"}],"about":[{"href":"https:\/\/pragmatiq.pl\/zmianawarty\/wp-json\/wp\/v2\/types\/post"}],"author":[{"embeddable":true,"href":"https:\/\/pragmatiq.pl\/zmianawarty\/wp-json\/wp\/v2\/users\/31"}],"replies":[{"embeddable":true,"href":"https:\/\/pragmatiq.pl\/zmianawarty\/wp-json\/wp\/v2\/comments?post=4944"}],"version-history":[{"count":2,"href":"https:\/\/pragmatiq.pl\/zmianawarty\/wp-json\/wp\/v2\/posts\/4944\/revisions"}],"predecessor-version":[{"id":4961,"href":"https:\/\/pragmatiq.pl\/zmianawarty\/wp-json\/wp\/v2\/posts\/4944\/revisions\/4961"}],"wp:featuredmedia":[{"embeddable":true,"href":"https:\/\/pragmatiq.pl\/zmianawarty\/wp-json\/wp\/v2\/media\/3967"}],"wp:attachment":[{"href":"https:\/\/pragmatiq.pl\/zmianawarty\/wp-json\/wp\/v2\/media?parent=4944"}],"wp:term":[{"taxonomy":"category","embeddable":true,"href":"https:\/\/pragmatiq.pl\/zmianawarty\/wp-json\/wp\/v2\/categories?post=4944"},{"taxonomy":"post_tag","embeddable":true,"href":"https:\/\/pragmatiq.pl\/zmianawarty\/wp-json\/wp\/v2\/tags?post=4944"}],"curies":[{"name":"wp","href":"https:\/\/api.w.org\/{rel}","templated":true}]}}