{"id":481,"date":"2018-08-28T15:33:35","date_gmt":"2018-08-28T13:33:35","guid":{"rendered":"https:\/\/zmianawarty.pl\/?p=481"},"modified":"2024-09-16T14:49:28","modified_gmt":"2024-09-16T12:49:28","slug":"jak-zmniejszyc-ryzyko-wystapienia-sporow-w-spolce","status":"publish","type":"post","link":"https:\/\/pragmatiq.pl\/zmianawarty\/jak-zmniejszyc-ryzyko-wystapienia-sporow-w-spolce\/","title":{"rendered":"Jak zmniejszy\u0107 ryzyko wyst\u0105pienia spor\u00f3w w sp\u00f3\u0142ce?"},"content":{"rendered":"\n<p><strong>Wprowadzenie do sp\u00f3\u0142ki mened\u017cera zawsze wi\u0105\u017ce si\u0119 z ryzykiem powstania w przysz\u0142o\u015bci sporu mi\u0119dzy wsp\u00f3lnikami. Ryzyko to mo\u017cna zmniejszy\u0107, pami\u0119taj\u0105c o kilku istotnych kwestiach.<\/strong><\/p>\n\n\n\n<p>Najwa\u017cniejsze jest dobranie odpowiedniego partnera, kt\u00f3ry \u2013 poza kompetencjami do prowadzenia biznesu \u2013 b\u0119dzie te\u017c osob\u0105 lojaln\u0105 i godn\u0105 zaufania. Przed definitywnym zaproszeniem mened\u017cera do sp\u00f3\u0142ki warto powierzy\u0107 mu prowadzenie dzia\u0142alno\u015bci operacyjnej na okres pr\u00f3bny i w ten spos\u00f3b oceni\u0107 jego kandydatur\u0119.<\/p>\n\n\n\n<figure class=\"wp-block-embed is-type-video is-provider-youtube wp-block-embed-youtube wp-embed-aspect-16-9 wp-has-aspect-ratio\"><div class=\"wp-block-embed__wrapper\">\n<iframe title=\"Jak przygotowa\u0107 si\u0119 do sporu mi\u0119dzy wsp\u00f3lnikami?\" width=\"525\" height=\"295\" src=\"https:\/\/www.youtube.com\/embed\/oVfo9a_Kc0c?feature=oembed\" frameborder=\"0\" allow=\"accelerometer; autoplay; clipboard-write; encrypted-media; gyroscope; picture-in-picture; web-share\" referrerpolicy=\"strict-origin-when-cross-origin\" allowfullscreen><\/iframe>\n<\/div><figcaption class=\"wp-element-caption\">Jak przygotowa\u0107 si\u0119 do sporu mi\u0119dzy wsp\u00f3lnikami? Zobacz nasz film!<\/figcaption><\/figure>\n\n\n\n<p><em>&nbsp;<\/em>Odpowiednie sprawdzenie mened\u017cera nie zawsze zapobiega konfliktom, kt\u00f3re mog\u0105 si\u0119 pojawi\u0107 w trakcie dalszej wsp\u00f3\u0142pracy. Zapraszaj\u0105c do sp\u00f3\u0142ki nowego wsp\u00f3lnika, nie mo\u017cna zapomnie\u0107 o kompleksowym uregulowaniu zasad wsp\u00f3\u0142pracy w umowie sp\u00f3\u0142ki. Warto w szczeg\u00f3lno\u015bci zadba\u0107 o takie kwestie, jak spos\u00f3b g\u0142osowania nad uchwa\u0142ami w sp\u00f3\u0142ce, zasady wyp\u0142aty zysk\u00f3w, ograniczenie mo\u017cliwo\u015bci powstania pata decyzyjnego, zapewnienie odpowiedniego poziomu kontroli w sp\u00f3\u0142ce, zastrze\u017cenie zakazu konkurencji.<\/p>\n\n\n\n<p>Wi\u0119cej na ten temat mo\u017cna przeczyta\u0107 w odpowiedziach na pytania: <a href=\"https:\/\/pragmatiq.pl\/zmianawarty\/na-co-zwrocic-szczegolna-uwage-zawierajac-umowe-spolki-z-menedzerem\/\">Na co zwr\u00f3ci\u0107 szczeg\u00f3ln\u0105 uwag\u0119, zawieraj\u0105c umow\u0119 sp\u00f3\u0142ki?<\/a> ,<a href=\"https:\/\/pragmatiq.pl\/zmianawarty\/jakie-wiekszosci-w-spolkach-decyduja-o-poszczegolnych-sprawach\/\"> Jakie wi\u0119kszo\u015bci w sp\u00f3\u0142kach decyduj\u0105 o poszczeg\u00f3lnych sprawach?<\/a> , <a href=\"https:\/\/pragmatiq.pl\/zmianawarty\/kto-decyduje-o-wyplacie-zysku-w-spolce\/\">Kto decyduje o wyp\u0142acie zysku w sp\u00f3\u0142ce?,<\/a> <a href=\"https:\/\/pragmatiq.pl\/zmianawarty\/w-jaki-sposob-wspolnicy-moga-kontrolowac-menedzera\/\">W jaki spos\u00f3b wsp\u00f3lnicy mog\u0105 kontrolowa\u0107 mened\u017cera?<\/a>, <a href=\"https:\/\/pragmatiq.pl\/zmianawarty\/czy-w-umowie-spolki-mozna-ograniczyc-dzialania-konkurencyjne-menedzera\/\">Czy w umowie sp\u00f3\u0142ki mo\u017cna ograniczy\u0107 dzia\u0142ania konkurencyjne mened\u017cera?<\/a>.<\/p>\n\n\n\n<p>Umowa sp\u00f3\u0142ki nie zawsze jest wystarczaj\u0105ca do odpowiedniego zabezpieczenia przed konfliktem. Z tego wzgl\u0119du warto zawiera\u0107 dodatkowe porozumienia, kt\u00f3re \u2013 w przeciwie\u0144stwie do umowy sp\u00f3\u0142ki \u2013 nie musz\u0105 by\u0107 dokumentami powszechnie dost\u0119pnymi.<\/p>\n\n\n\n<h2 class=\"wp-block-heading\"><strong>Spory wsp\u00f3lnik\u00f3w po \u015bmierci nestora\u00a0<\/strong>\u00a0<\/h2>\n\n\n\n<p>Kolejnym aspektem, kt\u00f3ry mo\u017ce spowodowa\u0107 sp\u00f3r w sp\u00f3\u0142ce jest chocia\u017cby podzia\u0142 maj\u0105tku sp\u00f3\u0142ki pomi\u0119dzy sukcesor\u00f3w, w tym ewentualne konflikty zwi\u0105zane z przys\u0142uguj\u0105cym spadkobiercom zachowkiem.&nbsp;&nbsp;<\/p>\n\n\n\n<p>W celu ich zapobie\u017cenia pomocna mo\u017ce okaza\u0107 si\u0119 fundacja rodzinna. Dzi\u0119ki jej rozwi\u0105zaniom nestor rodziny mo\u017ce jeszcze w trakcie \u017cycia ustali\u0107 warunki oraz spos\u00f3b podzia\u0142u maj\u0105tku mi\u0119dzy sukcesor\u00f3w, zapoznaj\u0105c ich z nimi i zapobiegaj\u0105c jednocze\u015bnie wyst\u0105pienia spor\u00f3w po jego \u015bmierci.&nbsp;<\/p>\n\n\n\n<p>Co wi\u0119cej, w toku porozumie\u0144 zawartych za \u017cycia fundatora, mo\u017ce on ustali\u0107 np. spos\u00f3b rozliczenia zachowku pomi\u0119dzy nieuj\u0119tymi w jego planie spadkobiercami.&nbsp;&nbsp;<\/p>\n\n\n\n<p>Wi\u0119cej o sposobach podzielenia rodzinnego maj\u0105tku, w taki spos\u00f3b, aby np. konieczno\u015b\u0107 zap\u0142aty zachowku nie zawa\u017cy\u0142a o jego rozdrobnieniu przeczytasz w naszym artykule: <a href=\"https:\/\/pragmatiq.pl\/zmianawarty\/zachowek-w-firmie-rodzinnej-jak-sprawiedliwie-podzielic-swoj-majatek-zachowujac-trwalosc-biznesu\/\" target=\"_blank\" rel=\"noreferrer noopener\">Zachowek w\u202ffirmie rodzinnej \u2013 jak sprawiedliwie podzieli\u0107 sw\u00f3j maj\u0105tek, zachowuj\u0105c trwa\u0142o\u015b\u0107 biznesu?<\/a>.\u00a0\u00a0<\/p>\n\n\n\n<p>Tomasz Rutkowski<\/p>\n\n\n\n<div style=\"height:55px\" aria-hidden=\"true\" class=\"wp-block-spacer\"><\/div>\n\n\n\n<div style=\"height:26px\" aria-hidden=\"true\" class=\"wp-block-spacer\"><\/div>\n\n\n\n<p><\/p>\n","protected":false},"excerpt":{"rendered":"<p>Wprowadzenie do sp\u00f3\u0142ki mened\u017cera zawsze wi\u0105\u017ce si\u0119 z ryzykiem powstania w przysz\u0142o\u015bci sporu mi\u0119dzy wsp\u00f3lnikami. Ryzyko to mo\u017cna zmniejszy\u0107, pami\u0119taj\u0105c o kilku istotnych kwestiach. Najwa\u017cniejsze jest dobranie odpowiedniego partnera, kt\u00f3ry \u2013 poza kompetencjami do prowadzenia biznesu \u2013 b\u0119dzie te\u017c osob\u0105 lojaln\u0105 i godn\u0105 zaufania. Przed definitywnym zaproszeniem mened\u017cera do sp\u00f3\u0142ki warto powierzy\u0107 mu prowadzenie dzia\u0142alno\u015bci &hellip; <\/p>\n<p class=\"link-more\"><a href=\"https:\/\/pragmatiq.pl\/zmianawarty\/jak-zmniejszyc-ryzyko-wystapienia-sporow-w-spolce\/\" class=\"more-link\">Continue reading<span class=\"screen-reader-text\"> &#8222;Jak zmniejszy\u0107 ryzyko wyst\u0105pienia spor\u00f3w w sp\u00f3\u0142ce?&#8221;<\/span><\/a><\/p>\n","protected":false},"author":19,"featured_media":397,"comment_status":"open","ping_status":"open","sticky":false,"template":"","format":"standard","meta":{"footnotes":""},"categories":[99,4],"tags":[55,76],"class_list":["post-481","post","type-post","status-publish","format-standard","has-post-thumbnail","hentry","category-spolka-rodzinna-z-zewnetrznym-menedzerem-kategoria","category-artykuly","tag-umowa-spolki","tag-wspolnik"],"_links":{"self":[{"href":"https:\/\/pragmatiq.pl\/zmianawarty\/wp-json\/wp\/v2\/posts\/481","targetHints":{"allow":["GET"]}}],"collection":[{"href":"https:\/\/pragmatiq.pl\/zmianawarty\/wp-json\/wp\/v2\/posts"}],"about":[{"href":"https:\/\/pragmatiq.pl\/zmianawarty\/wp-json\/wp\/v2\/types\/post"}],"author":[{"embeddable":true,"href":"https:\/\/pragmatiq.pl\/zmianawarty\/wp-json\/wp\/v2\/users\/19"}],"replies":[{"embeddable":true,"href":"https:\/\/pragmatiq.pl\/zmianawarty\/wp-json\/wp\/v2\/comments?post=481"}],"version-history":[{"count":12,"href":"https:\/\/pragmatiq.pl\/zmianawarty\/wp-json\/wp\/v2\/posts\/481\/revisions"}],"predecessor-version":[{"id":4403,"href":"https:\/\/pragmatiq.pl\/zmianawarty\/wp-json\/wp\/v2\/posts\/481\/revisions\/4403"}],"wp:featuredmedia":[{"embeddable":true,"href":"https:\/\/pragmatiq.pl\/zmianawarty\/wp-json\/wp\/v2\/media\/397"}],"wp:attachment":[{"href":"https:\/\/pragmatiq.pl\/zmianawarty\/wp-json\/wp\/v2\/media?parent=481"}],"wp:term":[{"taxonomy":"category","embeddable":true,"href":"https:\/\/pragmatiq.pl\/zmianawarty\/wp-json\/wp\/v2\/categories?post=481"},{"taxonomy":"post_tag","embeddable":true,"href":"https:\/\/pragmatiq.pl\/zmianawarty\/wp-json\/wp\/v2\/tags?post=481"}],"curies":[{"name":"wp","href":"https:\/\/api.w.org\/{rel}","templated":true}]}}