{"id":4799,"date":"2024-10-14T12:11:26","date_gmt":"2024-10-14T10:11:26","guid":{"rendered":"https:\/\/pragmatiq.pl\/zmianawarty\/?p=4799"},"modified":"2025-03-25T07:11:10","modified_gmt":"2025-03-25T06:11:10","slug":"szczep-rodzinny-w-porzadku-dziedziczenia-czy-obdarowana-przed-10-laty-wnuczka-jest-zobowiazana-do-zaplaty-zachowku-krewnym","status":"publish","type":"post","link":"https:\/\/pragmatiq.pl\/zmianawarty\/szczep-rodzinny-w-porzadku-dziedziczenia-czy-obdarowana-przed-10-laty-wnuczka-jest-zobowiazana-do-zaplaty-zachowku-krewnym\/","title":{"rendered":"\u201eSzczep rodzinny\u201d w porz\u0105dku dziedziczenia. Czy obdarowana przed 10 laty wnuczka jest zobowi\u0105zana do zap\u0142aty zachowku krewnym?"},"content":{"rendered":"<div id=\"ez-toc-container\" class=\"ez-toc-v2_0_82_2 counter-hierarchy ez-toc-counter ez-toc-white ez-toc-container-direction\">\n<div class=\"ez-toc-title-container\"><p class=\"ez-toc-title\" style=\"cursor:inherit\">Spis tre\u015bci<\/p>\n<\/div><nav><ul class='ez-toc-list ez-toc-list-level-1 ' ><li class='ez-toc-page-1 ez-toc-heading-level-2'><a class=\"ez-toc-link ez-toc-heading-1\" href=\"https:\/\/pragmatiq.pl\/zmianawarty\/szczep-rodzinny-w-porzadku-dziedziczenia-czy-obdarowana-przed-10-laty-wnuczka-jest-zobowiazana-do-zaplaty-zachowku-krewnym\/#Czym_jest_zachowek\" >Czym jest zachowek?<\/a><\/li><li class='ez-toc-page-1 ez-toc-heading-level-2'><a class=\"ez-toc-link ez-toc-heading-2\" href=\"https:\/\/pragmatiq.pl\/zmianawarty\/szczep-rodzinny-w-porzadku-dziedziczenia-czy-obdarowana-przed-10-laty-wnuczka-jest-zobowiazana-do-zaplaty-zachowku-krewnym\/#Jakie_darowizny_doliczane_sa_do_spadku\" >Jakie darowizny doliczane s\u0105 do spadku?<\/a><\/li><li class='ez-toc-page-1 ez-toc-heading-level-2'><a class=\"ez-toc-link ez-toc-heading-3\" href=\"https:\/\/pragmatiq.pl\/zmianawarty\/szczep-rodzinny-w-porzadku-dziedziczenia-czy-obdarowana-przed-10-laty-wnuczka-jest-zobowiazana-do-zaplaty-zachowku-krewnym\/#Na_czym_polegal_problem_rozstrzygany_przez_Sad_Najwyzszy\" >Na czym polega\u0142 problem rozstrzygany przez S\u0105d Najwy\u017cszy?<\/a><\/li><li class='ez-toc-page-1 ez-toc-heading-level-2'><a class=\"ez-toc-link ez-toc-heading-4\" href=\"https:\/\/pragmatiq.pl\/zmianawarty\/szczep-rodzinny-w-porzadku-dziedziczenia-czy-obdarowana-przed-10-laty-wnuczka-jest-zobowiazana-do-zaplaty-zachowku-krewnym\/#Dziecko_musi_zaplacic_naleznosc_za_zachowek_do_ktorego_zobowiazany_bylby_zmarly_rodzic\" >Dziecko musi zap\u0142aci\u0107 nale\u017cno\u015b\u0107 za zachowek, do kt\u00f3rego zobowi\u0105zany by\u0142by zmar\u0142y rodzic<\/a><\/li><li class='ez-toc-page-1 ez-toc-heading-level-2'><a class=\"ez-toc-link ez-toc-heading-5\" href=\"https:\/\/pragmatiq.pl\/zmianawarty\/szczep-rodzinny-w-porzadku-dziedziczenia-czy-obdarowana-przed-10-laty-wnuczka-jest-zobowiazana-do-zaplaty-zachowku-krewnym\/#Za_zachowek_odpowiedzialni_sa_spadkobiercy_a_nie_%E2%80%9Eszczep_rodziny%E2%80%9D\" >Za zachowek odpowiedzialni s\u0105 spadkobiercy, a nie \u201eszczep rodziny\u201d<\/a><\/li><li class='ez-toc-page-1 ez-toc-heading-level-2'><a class=\"ez-toc-link ez-toc-heading-6\" href=\"https:\/\/pragmatiq.pl\/zmianawarty\/szczep-rodzinny-w-porzadku-dziedziczenia-czy-obdarowana-przed-10-laty-wnuczka-jest-zobowiazana-do-zaplaty-zachowku-krewnym\/#Praktyczne_wykorzystanie\" >Praktyczne wykorzystanie<\/a><\/li><\/ul><\/nav><\/div>\n\n<p><strong>S\u0105d Najwy\u017cszy, w uchwale z dnia 8 sierpnia 2024 r. wskaza\u0142, \u017ce przy obliczaniu zachowku nie dolicza si\u0119 darowizn dokonanych przed wi\u0119cej ni\u017c 10 laty przed otwarciem spadku na rzecz os\u00f3b, kt\u00f3re dochodzi\u0142yby do spadku, gdyby pierwotny spadkobierca z jakiego\u015b powodu nie dziedziczy\u0142. W poni\u017cszym artykule t\u0142umaczymy, z czym wi\u0105\u017ce si\u0119 powy\u017csze rozstrzygni\u0119cie, jakie mo\u017ce mie\u0107 ono skutki oraz jak uzasadni\u0142 je S\u0105d. Przeczytaj ten artyku\u0142, \u017ceby dowiedzie\u0107 si\u0119, czy darowanie wnukowi maj\u0105tku mo\u017ce ochroni\u0107 rodzinny kapita\u0142 przed obowi\u0105zkiem oddania jego cz\u0119\u015bci np. jednemu z dzieci.<\/strong><\/p>\n\n\n\n<h2 class=\"wp-block-heading\"><span class=\"ez-toc-section\" id=\"Czym_jest_zachowek\"><\/span>Czym jest zachowek?<span class=\"ez-toc-section-end\"><\/span><\/h2>\n\n\n\n<p>\u017beby zrozumie\u0107, na czym dok\u0142adnie polega orzeczenie S\u0105du Najwy\u017cszego, warto najpierw przypomnie\u0107, czego dotyczy regulacja zachowku i na czym on dok\u0142adnie polega.<\/p>\n\n\n\n<p>Zachowek to&nbsp;uprawnienie, kt\u00f3re ma&nbsp;na&nbsp;celu zabezpieczenie interes\u00f3w spadkobierc\u00f3w ustawowych. Chroni on zatem interesy cz\u0142onk\u00f3w najbli\u017cszej rodziny, na&nbsp;wypadek, gdyby&nbsp;zostali&nbsp;niesprawiedliwie potraktowani przez&nbsp;spadkodawc\u0119 wskutek jego decyzji testamentowych lub dokonanych darowizn za \u017cycia spadkodawcy. Takie sytuacje mog\u0105 mie\u0107 miejsce, gdy&nbsp;sukcesorzy nie&nbsp;otrzymaj\u0105 nic lub otrzymaj\u0105 mniej, ni\u017c im przys\u0142uguje na gruncie prawa spadkowego.&nbsp;<\/p>\n\n\n\n<p>Zachowek przys\u0142uguje tylko&nbsp;najbli\u017cszej rodzinie spadkodawcy, tj.&nbsp;zst\u0119pnym (jego dzieciom, wnukom, prawnukom itd.) oraz&nbsp;co&nbsp;do&nbsp;zasady ma\u0142\u017conkowi i&nbsp;rodzicom, kt\u00f3rzy&nbsp;byliby powo\u0142ani do&nbsp;spadku z&nbsp;ustawy.<\/p>\n\n\n\n<p>Wa\u017cn\u0105 kwesti\u0105 podczas ustalania wysoko\u015bci zachowku jest okre\u015blenie warto\u015bci ca\u0142ego maj\u0105tku spadkodawcy, od&nbsp;kt\u00f3rego&nbsp;zachowek ma&nbsp;by\u0107 wyliczony. Sk\u0142ada si\u0119 na&nbsp;niego nie&nbsp;tylko&nbsp;to, co&nbsp;zmar\u0142y pozostawi\u0142 w&nbsp;chwili \u015bmierci, ale&nbsp;r\u00f3wnie\u017c niekt\u00f3re darowizny dokonane za&nbsp;\u017cycia spadkodawcy i&nbsp;zapisy windykacyjne.<\/p>\n\n\n\n<h2 class=\"wp-block-heading\"><span class=\"ez-toc-section\" id=\"Jakie_darowizny_doliczane_sa_do_spadku\"><\/span>Jakie darowizny doliczane s\u0105 do spadku?<span class=\"ez-toc-section-end\"><\/span><\/h2>\n\n\n\n<p>Co&nbsp;do&nbsp;zasady, do&nbsp;warto\u015bci maj\u0105tku spadkowego doliczeniu podlegaj\u0105 darowizny dokonane w&nbsp;ci\u0105gu ostatnich 10 lat przed&nbsp;otwarciem spadku. Nale\u017cy jednak zwr\u00f3ci\u0107 uwag\u0119 na&nbsp;to, \u017ce&nbsp;w&nbsp;przypadku otrzymania darowizny przez&nbsp;spadkobierc\u0119 lub uprawnionego do&nbsp;zachowku, dolicza si\u0119 j\u0105&nbsp;do&nbsp;bazowej warto\u015bci spadku niezale\u017cnie od&nbsp;daty jej otrzymania, a tak\u017ce bez wzgl\u0119du na przedmiot darowizny oraz intencje spadkodawcy. Do&nbsp;warto\u015bci spadku nie&nbsp;dolicza si\u0119 jednak drobnych, zwyczajowo przyj\u0119tych darowizn (np. prezentu imieninowego).<\/p>\n\n\n\n<p>Wi\u0119cej o zachowku oraz o tym, jak istotny jest on w przypadku sukcesji firmy, przeczytasz w naszym artykule <em><a href=\"https:\/\/pragmatiq.pl\/zmianawarty\/zachowek-w-firmie-rodzinnej-jak-sprawiedliwie-podzielic-swoj-majatek-zachowujac-trwalosc-biznesu\/\" data-type=\"link\" data-id=\"https:\/\/pragmatiq.pl\/zmianawarty\/zachowek-w-firmie-rodzinnej-jak-sprawiedliwie-podzielic-swoj-majatek-zachowujac-trwalosc-biznesu\/\" target=\"_blank\" rel=\"noreferrer noopener\">Zachowek w&nbsp;firmie rodzinnej \u2013 jak sprawiedliwie podzieli\u0107 sw\u00f3j maj\u0105tek, zachowuj\u0105c trwa\u0142o\u015b\u0107 biznesu?<\/a><\/em> <\/p>\n\n\n\n<h2 class=\"wp-block-heading\"><span class=\"ez-toc-section\" id=\"Na_czym_polegal_problem_rozstrzygany_przez_Sad_Najwyzszy\"><\/span>Na czym polega\u0142 problem rozstrzygany przez S\u0105d Najwy\u017cszy?<span class=\"ez-toc-section-end\"><\/span><\/h2>\n\n\n\n<p>Wy\u017cej wspomniana uchwa\u0142a S\u0105du Najwy\u017cszego dotyczy\u0142a sprawy spadkowej, w kt\u00f3rej po \u015bmierci matki syn domaga\u0142 si\u0119 zachowku od wnuczki, kt\u00f3ra 13 lat przed \u015bmierci\u0105 babci otrzyma\u0142a od niej nieruchomo\u015b\u0107. Co warto podkre\u015bli\u0107, \u017cadne z dzieci (w tym matka obdarowanej) nie odrzuci\u0142o ani nie zrzek\u0142o si\u0119 spadku, a co wi\u0119cej, nie zosta\u0142o uznanymi niegodnymi dziedziczenia.<\/p>\n\n\n\n<p>Ze wzgl\u0119du na powy\u017csze, wnuczka z chwil\u0105 \u015bmierci babci nie by\u0142a spadkobierczyni\u0105 (poniewa\u017c w tej sytuacji by\u0142a ni\u0105 jej matka), a sama darowizna zosta\u0142a dokonana ponad 10 lat przed otwarciem spadku.<\/p>\n\n\n\n<p>S\u0105d Okr\u0119gowy, rozpoznaj\u0105c opisywan\u0105 spraw\u0119, zwr\u00f3ci\u0142 uwag\u0119 na to, \u017ce dotychczas rozstrzygni\u0119cia s\u0105d\u00f3w w podobnych kwestiach by\u0142y rozbie\u017cne co do tego, czy spadkobierc\u00f3w i uprawnionych do zachowku nale\u017cy wi\u0105za\u0107 z <strong>potencjalnym <\/strong>kr\u0119giem spadkobierc\u00f3w i uprawnionych do zachowku, czy te\u017c wy\u0142\u0105cznie z osobami, kt\u00f3re <strong>rzeczywi\u015bcie <\/strong>staj\u0105 si\u0119 spadkobiercami lub uprawnionymi do zachowku.<\/p>\n\n\n\n<p>Ponadto, zwr\u00f3cono uwag\u0119 na to, \u017ce spadkodawczyni w rzeczywisto\u015bci odda\u0142a wnuczce jedyny cenny sk\u0142adnik maj\u0105tku, pozbawiaj\u0105c tym samym \u00f3wczesnych spadkodawc\u00f3w odniesienia realnej korzy\u015bci, a tak\u017ce prawa do zachowku \u2013 tylko dlatego, \u017ce wnuczka nie sta\u0142a si\u0119 spadkobierczyni\u0105.<\/p>\n\n\n\n<p>W wyniku powy\u017cszych rozwa\u017ca\u0144 S\u0105d Okr\u0119gowy poprosi\u0142 S\u0105d Najwy\u017cszy o rozstrzygni\u0119cie kwestii, czy rozliczenie zachowku nie powinno by\u0107 dokonywane mi\u0119dzy poszczeg\u00f3lnymi szczepami lub ga\u0142\u0119ziami rodzinnymi. Pozytywna odpowied\u017a doprowadzi\u0142aby do sytuacji, w kt\u00f3rej dokonana w sprawie darowizna na rzecz wnuczki podlega\u0142aby uwzgl\u0119dnieniu przy obliczaniu zachowku.<\/p>\n\n\n\n<h2 class=\"wp-block-heading\"><span class=\"ez-toc-section\" id=\"Dziecko_musi_zaplacic_naleznosc_za_zachowek_do_ktorego_zobowiazany_bylby_zmarly_rodzic\"><\/span>Dziecko musi zap\u0142aci\u0107 nale\u017cno\u015b\u0107 za zachowek, do kt\u00f3rego zobowi\u0105zany by\u0142by zmar\u0142y rodzic<span class=\"ez-toc-section-end\"><\/span><\/h2>\n\n\n\n<p>S\u0105d Najwy\u017cszy przyzna\u0142, \u017ce doliczanie do spadku darowizn przy obliczaniu zachowku ma na celu zapobieganie sytuacji, w kt\u00f3rej osoby uprawnione do zachowku utraci\u0142yby nale\u017cn\u0105 im ochron\u0119 wskutek czynno\u015bci dokonanych za \u017cycia przez spadkodawc\u0119. Wskaza\u0142 zarazem, \u017ce nie mo\u017ce ono ogranicza\u0107 prawa do dysponowania maj\u0105tkiem przez spadkodawc\u0119.<\/p>\n\n\n\n<p>S\u0105d Najwy\u017cszy przywo\u0142a\u0142 tak\u017ce stanowisko, zgodnie z kt\u00f3rym zobowi\u0105zanie do uzupe\u0142nienia zachowku ci\u0105\u017c\u0105ce na obdarowanym przechodzi na jego nast\u0119pc\u00f3w tak\u017ce wtedy, gdy obdarowany nie do\u017cy\u0142 otwarcia spadku po darczy\u0144cy, nawet gdy darowizna zosta\u0142a dokonana przed wi\u0119cej ni\u017c 10 laty od \u015bmierci spadkodawcy. Tak\u0105 sytuacj\u0119 obrazuje poni\u017cszy przyk\u0142ad:<\/p>\n\n\n\n<p>Przyk\u0142ad 1:<\/p>\n\n\n\n<p><em>Jan Kowalski darowa\u0142 w 2005 roku kolekcj\u0119 obraz\u00f3w stanowi\u0105cych niemal ca\u0142y jego maj\u0105tek, swojej c\u00f3rce Annie Kowalskiej. Anna Kowalska umar\u0142a w 2016 r. w zwi\u0105zku z czym nale\u017c\u0105ca do niej kolekcja obraz\u00f3w zosta\u0142a przekazana jej jedynemu spadkobiercy \u2013 Micha\u0142owi Kowalskiemu. W 2017 r. zmar\u0142 Jan Kowalski, kt\u00f3rego spadkobiercami byli Micha\u0142 Kowalski (syn Anny) oraz Adam Kowalski (syn Jana). Syn Jana Kowalskiego, w zwi\u0105zku z brakiem spadku po ojcu s\u0142usznie zwr\u00f3ci\u0142 si\u0119 do Micha\u0142a Kowalskiego o wyp\u0142at\u0119 zachowku, w zwi\u0105zku z posiadaniem przez niego kolekcji obraz\u00f3w, co Micha\u0142 uczyni\u0142.<\/em><\/p>\n\n\n\n<h2 class=\"wp-block-heading\"><span class=\"ez-toc-section\" id=\"Za_zachowek_odpowiedzialni_sa_spadkobiercy_a_nie_%E2%80%9Eszczep_rodziny%E2%80%9D\"><\/span>Za zachowek odpowiedzialni s\u0105 spadkobiercy, a nie \u201eszczep rodziny\u201d<span class=\"ez-toc-section-end\"><\/span><\/h2>\n\n\n\n<p>S\u0105d Najwy\u017cszy przypomnia\u0142, \u017ce na rzecz doliczenia darowizny dokonanej zst\u0119pnemu, kt\u00f3ry nie do\u017cy\u0142 otwarcia spadku, a w jego miejsce wszed\u0142 dalszy zst\u0119pny (np. gdy darowizna mia\u0142a miejsce na rzecz c\u00f3rki, kt\u00f3ra zmar\u0142a przed otwarciem spadku, a w jej miejsce wchodzi wnuczka spadkodawcy), przemawia po\u015brednio regu\u0142a wyra\u017cona w art. 996 \u00a7 1 zdanie drugie k.c. Argument ten nie dotyczy jednak sytuacji odwrotnej, tj. darowizny dokonanej na rzecz dalszego zst\u0119pnego (w przywo\u0142anym przyk\u0142adzie &#8211; wnuczki), kt\u00f3ry nie dochodzi do spadku, poniewa\u017c dziedziczy jego wst\u0119pny (czyli c\u00f3rka spadkodawcy).<\/p>\n\n\n\n<p>S\u0105d Najwy\u017cszy wskaza\u0142, \u017ce w omawianym przyk\u0142adzie obdarowana wnuczka nie dziedziczy\u0142aby z ustawy, zatem nie by\u0142a zobowi\u0105zana do zap\u0142acenia zachowku.<\/p>\n\n\n\n<p>Dodatkowo nale\u017cy mie\u0107 na uwadze, \u017ce przyj\u0119ta w artykule 994 \u00a7 1 k.c. granica czasowa dotyczy tylko darowizn uczynionych na rzecz os\u00f3b trzecich. Darowizny uczynione na rzecz spadkobierc\u00f3w albo uprawnionych do zachowku dolicza si\u0119 natomiast do spadku <strong>niezale\u017cnie od tego, kiedy zosta\u0142y dokonane<\/strong>, tak\u017ce w\u00f3wczas, gdy spadkodawca uczyni\u0142 darowizn\u0119 wi\u0119cej ni\u017c dziesi\u0119\u0107 lat przed \u015bmierci\u0105.<\/p>\n\n\n\n<p>Co za tym idzie, ka\u017cda z os\u00f3b nieb\u0119d\u0105cych w chwili otwarcia spadku spadkobiercami, nie odpowiada za uzupe\u0142nienie zachowku, je\u017celi darowizny wobec nich zosta\u0142y dokonane na wi\u0119cej ni\u017c 10 laty przed otwarciem spadku darczy\u0144cy.<\/p>\n\n\n\n<h2 class=\"wp-block-heading\"><span class=\"ez-toc-section\" id=\"Praktyczne_wykorzystanie\"><\/span>Praktyczne wykorzystanie<span class=\"ez-toc-section-end\"><\/span><\/h2>\n\n\n\n<p>Okazuje si\u0119 zatem, \u017ce przemy\u015blane zarz\u0105dzanie maj\u0105tkiem za \u017cycia, mo\u017ce by\u0107 kluczowe r\u00f3wnie\u017c w ramach ochrony maj\u0105tku przed konieczno\u015bci\u0105 jego rozdrobnienia.<\/p>\n\n\n\n<p>Zgodnie z uchwa\u0142\u0105 S\u0105du Najwy\u017cszego, darowizna przekazana osobom, kt\u00f3re nie stan\u0105 si\u0119 spadkobiercami z chwil\u0105 \u015bmierci darczy\u0144cy, nie zalicza si\u0119 do substratu zachowku ju\u017c po 10 latach po jej dokonaniu. Poni\u017cej przyk\u0142ad praktycznego zastosowania takiej informacji.<\/p>\n\n\n\n<p>Przyk\u0142ad 2<\/p>\n\n\n\n<p><em>Renata Kowalska mia\u0142a 2 dzieci &#8211; Krystiana i Ma\u0142gorzat\u0119. Renata darowa\u0142a 15 lat przed \u015bmierci\u0105 jacht wnukowi. Zapobieg\u0142a tym samym konieczno\u015bci zap\u0142aty przez niego zachowku, pozwalaj\u0105c w pe\u0142ni cieszy\u0107 si\u0119 rodzinn\u0105 pami\u0105tk\u0105. <\/em><em><\/em><\/p>\n\n\n\n<p>Co ciekawe, taki spos\u00f3b post\u0119powania mo\u017ce przypomina\u0107 wykorzystanie fundacji rodzinnej, dzi\u0119ki kt\u00f3rej fundator jest w stanie przekaza\u0107 rodzinny maj\u0105tek wed\u0142ug okre\u015blonych regu\u0142, chocia\u017cby wy\u0142\u0105cznie osobom, kt\u00f3re przejawiaj\u0105 cechy potrzebne do jego utrzymania, lub osobom, kt\u00f3re spe\u0142ni\u0105 wyznaczone przez spadkodawc\u0119 warunki. Wi\u0119cej o fundacji rodzinnej przeczytasz w artykule <em>Fundacja rodzinna: Odpowiednia strategia biznesowa? Ograniczenia, ryzyka i korzy\u015bci<\/em> <a href=\"https:\/\/pragmatiq.pl\/zmianawarty\/fundacja-rodzinna-odpowiednia-strategia-biznesowa-jakie-daje-korzysci\/\" target=\"_blank\" rel=\"noreferrer noopener\">Strategie biznesowe fundacji rodzinnej &#8211; poznaj korzy\u015bci z za\u0142o\u017cenia! <\/a>, a tak\u017ce w artykule <em>Fundacja rodzinna: jak j\u0105 za\u0142o\u017cy\u0107 i ile to kosztuje? <\/em><a href=\"https:\/\/pragmatiq.pl\/zmianawarty\/fundacja-rodzinna-jak-ja-zalozyc-i-ile-to-kosztuje\/\" target=\"_blank\" rel=\"noreferrer noopener\">Jakie koszty nale\u017cy ponie\u015b\u0107 przy zak\u0142adaniu fundacji rodzinnej? <\/a><\/p>\n\n\n\n<p>Konrad Sawczuk<\/p>\n\n\n\n<p>Jakub Stegenta<\/p>\n\n\n\n<p>Jacek Mi\u0142aszewski<\/p>\n","protected":false},"excerpt":{"rendered":"<p>S\u0105d Najwy\u017cszy, w uchwale z dnia 8 sierpnia 2024 r. wskaza\u0142, \u017ce przy obliczaniu zachowku nie dolicza si\u0119 darowizn dokonanych przed wi\u0119cej ni\u017c 10 laty przed otwarciem spadku na rzecz os\u00f3b, kt\u00f3re dochodzi\u0142yby do spadku, gdyby pierwotny spadkobierca z jakiego\u015b powodu nie dziedziczy\u0142. W poni\u017cszym artykule t\u0142umaczymy, z czym wi\u0105\u017ce si\u0119 powy\u017csze rozstrzygni\u0119cie, jakie mo\u017ce &hellip; <\/p>\n<p class=\"link-more\"><a href=\"https:\/\/pragmatiq.pl\/zmianawarty\/szczep-rodzinny-w-porzadku-dziedziczenia-czy-obdarowana-przed-10-laty-wnuczka-jest-zobowiazana-do-zaplaty-zachowku-krewnym\/\" class=\"more-link\">Continue reading<span class=\"screen-reader-text\"> &#8222;\u201eSzczep rodzinny\u201d w porz\u0105dku dziedziczenia. Czy obdarowana przed 10 laty wnuczka jest zobowi\u0105zana do zap\u0142aty zachowku krewnym?&#8221;<\/span><\/a><\/p>\n","protected":false},"author":31,"featured_media":3967,"comment_status":"open","ping_status":"open","sticky":false,"template":"","format":"standard","meta":{"footnotes":""},"categories":[1],"tags":[],"class_list":["post-4799","post","type-post","status-publish","format-standard","has-post-thumbnail","hentry","category-bez-kategorii"],"_links":{"self":[{"href":"https:\/\/pragmatiq.pl\/zmianawarty\/wp-json\/wp\/v2\/posts\/4799","targetHints":{"allow":["GET"]}}],"collection":[{"href":"https:\/\/pragmatiq.pl\/zmianawarty\/wp-json\/wp\/v2\/posts"}],"about":[{"href":"https:\/\/pragmatiq.pl\/zmianawarty\/wp-json\/wp\/v2\/types\/post"}],"author":[{"embeddable":true,"href":"https:\/\/pragmatiq.pl\/zmianawarty\/wp-json\/wp\/v2\/users\/31"}],"replies":[{"embeddable":true,"href":"https:\/\/pragmatiq.pl\/zmianawarty\/wp-json\/wp\/v2\/comments?post=4799"}],"version-history":[{"count":2,"href":"https:\/\/pragmatiq.pl\/zmianawarty\/wp-json\/wp\/v2\/posts\/4799\/revisions"}],"predecessor-version":[{"id":4801,"href":"https:\/\/pragmatiq.pl\/zmianawarty\/wp-json\/wp\/v2\/posts\/4799\/revisions\/4801"}],"wp:featuredmedia":[{"embeddable":true,"href":"https:\/\/pragmatiq.pl\/zmianawarty\/wp-json\/wp\/v2\/media\/3967"}],"wp:attachment":[{"href":"https:\/\/pragmatiq.pl\/zmianawarty\/wp-json\/wp\/v2\/media?parent=4799"}],"wp:term":[{"taxonomy":"category","embeddable":true,"href":"https:\/\/pragmatiq.pl\/zmianawarty\/wp-json\/wp\/v2\/categories?post=4799"},{"taxonomy":"post_tag","embeddable":true,"href":"https:\/\/pragmatiq.pl\/zmianawarty\/wp-json\/wp\/v2\/tags?post=4799"}],"curies":[{"name":"wp","href":"https:\/\/api.w.org\/{rel}","templated":true}]}}