{"id":479,"date":"2018-08-28T15:31:26","date_gmt":"2018-08-28T13:31:26","guid":{"rendered":"https:\/\/zmianawarty.pl\/?p=479"},"modified":"2024-09-16T16:01:12","modified_gmt":"2024-09-16T14:01:12","slug":"w-jaki-sposob-wspolnicy-moga-kontrolowac-menedzera","status":"publish","type":"post","link":"https:\/\/pragmatiq.pl\/zmianawarty\/w-jaki-sposob-wspolnicy-moga-kontrolowac-menedzera\/","title":{"rendered":"W jaki spos\u00f3b wsp\u00f3lnicy mog\u0105 kontrolowa\u0107 mened\u017cera?"},"content":{"rendered":"\n<p><strong>Jedn\u0105 z wa\u017cniejszych kwestii, kt\u00f3r\u0105 powinni rozwa\u017cy\u0107 wsp\u00f3lnicy decyduj\u0105cy si\u0119 na wprowadzenie do sp\u00f3\u0142ki zewn\u0119trznego mened\u017cera, jest okre\u015blenie zakresu kontroli wsp\u00f3lnik\u00f3w nad mened\u017cerem oraz sprecyzowanie trybu jego odwo\u0142ania. Zasady dotycz\u0105ce kontroli mened\u017cera powinny zosta\u0107 okre\u015blone zar\u00f3wno w przypadku sp\u00f3\u0142ek kapita\u0142owych, jak i osobowych.<\/strong><\/p>\n\n\n\n<h2 class=\"wp-block-heading\">Sp\u00f3\u0142ki kapita\u0142owe<\/h2>\n\n\n\n<p>Istot\u0105 sp\u00f3\u0142ki z o.o. jest, co prawda, rozdzielenie funkcji inwestora kapita\u0142owego (wsp\u00f3lnika) od zarz\u0105du sp\u00f3\u0142ki, jednak nie oznacza to, \u017ce zarz\u0105d mo\u017ce wszystko. Kodeks sp\u00f3\u0142ek handlowych przyznaje wsp\u00f3lnikom szereg uprawnie\u0144 umo\u017cliwiaj\u0105cych kontrol\u0119 dzia\u0142a\u0144 zarz\u0105du, a ponadto w umowie sp\u00f3\u0142ki mo\u017cna zawrze\u0107 dodatkowe postanowienia, kt\u00f3re pozwol\u0105 na bezpieczne przekazanie w\u0142adzy w r\u0119ce mened\u017cera.<\/p>\n\n\n\n<p>Po pierwsze, zgodnie z przepisami Kodeksu sp\u00f3\u0142ek handlowych, cz\u0142onek zarz\u0105du sp\u00f3\u0142ki z o.o. jest powo\u0142ywany i odwo\u0142ywany uchwa\u0142\u0105 wsp\u00f3lnik\u00f3w, chyba \u017ce umowa stanowi inaczej. W przypadku sp\u00f3\u0142ki akcyjnej, je\u015bli statut sp\u00f3\u0142ki nie stanowi inaczej, cz\u0142onek zarz\u0105du jest powo\u0142ywany i odwo\u0142ywany przez rad\u0119 nadzorcz\u0105. Dodatkowo w sp\u00f3\u0142ce akcyjnej uprawnienie do odwo\u0142ania cz\u0142onka zarz\u0105du przys\u0142uguje tak\u017ce walnemu zgromadzeniu.<\/p>\n\n\n\n<p>Mo\u017ce si\u0119 zdarzy\u0107, \u017ce ze wzgl\u0119du na trudno\u015bci zwi\u0105zane ze zwo\u0142aniem zgromadzenia wsp\u00f3lnik\u00f3w sp\u00f3\u0142ki z o.o. odwo\u0142anie cz\u0142onka zarz\u0105du b\u0119dzie trudne i czasoch\u0142onne. Mo\u017ce si\u0119 tak sta\u0107 zw\u0142aszcza w sytuacji, gdy sam cz\u0142onek zarz\u0105du posiada ma\u0142y pakiet udzia\u0142\u00f3w i jest jednym ze wsp\u00f3lnik\u00f3w. Aby si\u0119 uchroni\u0107 przed utrudnieniami w odwo\u0142aniu cz\u0142onka zarz\u0105du, w umowie sp\u00f3\u0142ki z o.o. r\u00f3wnie\u017c mo\u017cna przekaza\u0107 kompetencje do powo\u0142ywania i odwo\u0142ywania cz\u0142onk\u00f3w zarz\u0105du radzie nadzorczej.&nbsp;Wi\u0119cej na temat funkcji rady nadzorczej w sp\u00f3\u0142ce mo\u017cna przeczyta\u0107 w odpowiedzi na pytanie: <a href=\"https:\/\/pragmatiq.pl\/zmianawarty\/do-czego-mozna-wykorzystac-rade-nadzorcza-w-spolce\/\"><em>Do czego mo\u017cna wykorzysta\u0107 rad\u0119 nadzorcz\u0105 w sp\u00f3\u0142ce?<\/em><\/a><\/p>\n\n\n\n<p>Ponadto do dokonania przez zarz\u0105d niekt\u00f3rych czynno\u015bci wymagana jest zgoda zgromadzenia wsp\u00f3lnik\u00f3w. Wym\u00f3g uzyskania takiej zgody mo\u017ce wynika\u0107 z Kodeksu sp\u00f3\u0142ek handlowych (np. zgody na zawarcie umowy po\u017cyczki z cz\u0142onkiem zarz\u0105du sp\u00f3\u0142ki z o.o. czy na zbycie nale\u017c\u0105cej do sp\u00f3\u0142ki nieruchomo\u015bci) lub z umowy sp\u00f3\u0142ki. Ze wzgl\u0119du na mo\u017cliwo\u015b\u0107 wprowadzenia do umowy sp\u00f3\u0142ki katalogu czynno\u015bci, do dokonania kt\u00f3rych wymagana jest uchwa\u0142a zgromadzenia wsp\u00f3lnik\u00f3w, przed powo\u0142aniem do zarz\u0105du osoby spoza sp\u00f3\u0142ki warto si\u0119 zastanowi\u0107, dokonanie jakich czynno\u015bci powinno wymaga\u0107 takiej uchwa\u0142y (np. wprowadzenie do umowy sp\u00f3\u0142ki wymogu uzyskania zgody zgromadzenia wsp\u00f3lnik\u00f3w na dokonanie czynno\u015bci, kt\u00f3rej warto\u015b\u0107 przekracza 200 000 z\u0142). Jest to spos\u00f3b na umowne ograniczenie zarz\u0105du i zapewnienie sobie kontroli nad podejmowaniem przez zarz\u0105d najistotniejszych z punktu widzenia sp\u00f3\u0142ki czynno\u015bci.<\/p>\n\n\n\n<figure class=\"wp-block-embed is-type-video is-provider-youtube wp-block-embed-youtube wp-embed-aspect-16-9 wp-has-aspect-ratio\"><div class=\"wp-block-embed__wrapper\">\n<iframe title=\"Jak motywowa\u0107 kluczowych pracownik\u00f3w? Poradnik o udzia\u0142ach fantomowych\" width=\"525\" height=\"295\" src=\"https:\/\/www.youtube.com\/embed\/q32QrdB3evQ?feature=oembed\" frameborder=\"0\" allow=\"accelerometer; autoplay; clipboard-write; encrypted-media; gyroscope; picture-in-picture; web-share\" referrerpolicy=\"strict-origin-when-cross-origin\" allowfullscreen><\/iframe>\n<\/div><figcaption class=\"wp-element-caption\">Jak motywowa\u0107 pracownik\u00f3w? Zobacz nasz film!<\/figcaption><\/figure>\n\n\n\n<p>W przypadku, gdy wym\u00f3g uzyskania zgody zgromadzenia wsp\u00f3lnik\u00f3w wynika z ustawy, czynno\u015b\u0107 prawna dokonana bez tej zgody jest niewa\u017cna. Je\u015bli natomiast wym\u00f3g ten wynika z umowy sp\u00f3\u0142ki, dokonanie czynno\u015bci bez zgody zgromadzenia mo\u017ce si\u0119 wi\u0105za\u0107 z odpowiedzialno\u015bci\u0105 odszkodowawcz\u0105 zarz\u0105du z tytu\u0142u naruszenia umowy.<\/p>\n\n\n\n<p>Trzeba pami\u0119ta\u0107, \u017ce zarz\u0105d, kt\u00f3ry prowadzi sprawy sp\u00f3\u0142ki w spos\u00f3b nierzetelny, mo\u017ce ponosi\u0107 nie tylko odpowiedzialno\u015b\u0107 odszkodowawcz\u0105, ale tak\u017ce karn\u0105. Zgodnie z Kodeksem karnym cz\u0142onek zarz\u0105du ponosi bowiem odpowiedzialno\u015b\u0107 za wyrz\u0105dzenie sp\u00f3\u0142ce znacznej szkody maj\u0105tkowej poprzez nadu\u017cycie uprawnie\u0144 lub niedope\u0142nienie ci\u0105\u017c\u0105cego na nim obowi\u0105zku.<\/p>\n\n\n\n<p>Warto te\u017c wiedzie\u0107, \u017ce podstawowym prawem ka\u017cdego wsp\u00f3lnika w sp\u00f3\u0142ce z o.o., niezale\u017cnie od liczby posiadanych przez niego udzia\u0142\u00f3w, jest mo\u017cliwo\u015b\u0107 przegl\u0105dania ksi\u0105g i dokument\u00f3w sp\u00f3\u0142ki. Co wi\u0119cej, wsp\u00f3lnik mo\u017ce je przegl\u0105da\u0107 wraz z upowa\u017cnion\u0105 przez siebie osob\u0105 (np. z prawnikiem). W sp\u00f3\u0142ce akcyjnej kontrol\u0119 sprawuje \u2013 co do zasady \u2013 rada nadzorcza. Nic nie stoi jednak na przeszkodzie, aby rad\u0119 nadzorcz\u0105 powo\u0142a\u0107 tak\u017ce w sp\u00f3\u0142ce z o.o. W takiej sytuacji umowa sp\u00f3\u0142ki z o.o. mo\u017ce wy\u0142\u0105czy\u0107 b\u0105d\u017a ograniczy\u0107 prawo indywidualnej kontroli wsp\u00f3lnik\u00f3w.<\/p>\n\n\n\n<h2 class=\"wp-block-heading\">Sp\u00f3\u0142ki osobowe<\/h2>\n\n\n\n<p>Ze wzgl\u0119du na to, \u017ce w sp\u00f3\u0142kach osobowych nie wyst\u0119puje rozdzielenie roli inwestora kapita\u0142owego (wsp\u00f3lnika) od funkcji zarz\u0105dczej, inaczej kszta\u0142tuj\u0105 si\u0119 r\u00f3wnie\u017c zasady kontroli wsp\u00f3lnik\u00f3w nad zewn\u0119trznym mened\u017cerem. Wprowadzenie zewn\u0119trznego mened\u017cera do sp\u00f3\u0142ki osobowej wi\u0105\u017ce si\u0119 najcz\u0119\u015bciej z przyznaniem mu statusu wsp\u00f3lnika w sp\u00f3\u0142ce.<\/p>\n\n\n\n<p>Co do zasady, ka\u017cdy ze wsp\u00f3lnik\u00f3w uprawniony jest do prowadzenia spraw sp\u00f3\u0142ki jawnej, komandytowej lub komandytowo-akcyjnej. Mo\u017ce on te\u017c prowadzi\u0107 bez uchwa\u0142y wsp\u00f3lnik\u00f3w sprawy nieprzekraczaj\u0105ce zakresu zwyk\u0142ych czynno\u015bci sp\u00f3\u0142ki. Je\u015bli jednak przed za\u0142atwieniem sprawy nieprzekraczaj\u0105cej zakresu zwyk\u0142ych czynno\u015bci cho\u0107by jeden z pozosta\u0142ych wsp\u00f3lnik\u00f3w uprawnionych do prowadzenia spraw sp\u00f3\u0142ki sprzeciwi si\u0119 jej prowadzeniu, wymagana jest uprzednia uchwa\u0142a wsp\u00f3lnik\u00f3w.<\/p>\n\n\n\n<p>W sprawach przekraczaj\u0105cych zakres zwyk\u0142ych czynno\u015bci sp\u00f3\u0142ki jawnej wymagana jest zgoda wszystkich wsp\u00f3lnik\u00f3w, w tym tak\u017ce tych wy\u0142\u0105czonych od prowadzenia spraw sp\u00f3\u0142ki. Natomiast w przypadku sp\u00f3\u0142ki komandytowej, do podj\u0119cia decyzji przekraczaj\u0105cych zakres zwyk\u0142ych czynno\u015bci sp\u00f3\u0142ki konieczne jest uzyskanie zgody wszystkich komandytariuszy.<\/p>\n\n\n\n<p>W umowie lub statucie sp\u00f3\u0142ki mo\u017cna ponadto wprowadzi\u0107 katalog czynno\u015bci, do dokonania kt\u00f3rych niezb\u0119dna jest uchwa\u0142a wsp\u00f3lnik\u00f3w sp\u00f3\u0142ki. Dopuszczalne jest m.in. wprowadzenie wymogu podj\u0119cia uchwa\u0142y wsp\u00f3lnik\u00f3w przed dokonaniem czynno\u015bci, kt\u00f3rej warto\u015b\u0107 przekracza okre\u015blon\u0105 kwot\u0119.<\/p>\n\n\n\n<p>Mened\u017cer mo\u017ce przyst\u0105pi\u0107 do sp\u00f3\u0142ki jawnej, komandytowej oraz komandytowo-akcyjnej r\u00f3wnie\u017c za po\u015brednictwem sp\u00f3\u0142ki z o.o., w kt\u00f3rej wsp\u00f3lnikami byliby dotychczasowi wsp\u00f3lnicy sp\u00f3\u0142ki osobowej, za\u015b mened\u017cer by\u0142by jej cz\u0142onkiem zarz\u0105du. W tej sytuacji, do sp\u00f3\u0142ki z o.o. zarz\u0105dzanej przez mened\u017cera b\u0119d\u0105 mia\u0142y zastosowanie wskazane powy\u017cej zasady prowadzenia spraw sp\u00f3\u0142ki. Plusem takiego rozwi\u0105zania jest mo\u017cliwo\u015b\u0107 odwo\u0142ania cz\u0142onka zarz\u0105du sp\u00f3\u0142ki przez jej wsp\u00f3lnik\u00f3w, co pozwala na szybk\u0105 zmian\u0119 mened\u017cera w przypadku, gdy nie stosuje si\u0119 on do wytycznych wsp\u00f3lnik\u00f3w.<\/p>\n\n\n\n<p><strong>Podstawa prawna: <\/strong>art. 17, art. 39, art. 42, art. 43, art. 121, art. 201 \u00a7 4, art. 212, art. 293, art. 368 \u00a7 4 k.s.h.; 296 k.k.<\/p>\n\n\n\n<p> Martyna Kunke <\/p>\n","protected":false},"excerpt":{"rendered":"<p>Jedn\u0105 z wa\u017cniejszych kwestii, kt\u00f3r\u0105 powinni rozwa\u017cy\u0107 wsp\u00f3lnicy decyduj\u0105cy si\u0119 na wprowadzenie do sp\u00f3\u0142ki zewn\u0119trznego mened\u017cera, jest okre\u015blenie zakresu kontroli wsp\u00f3lnik\u00f3w nad mened\u017cerem oraz sprecyzowanie trybu jego odwo\u0142ania. Zasady dotycz\u0105ce kontroli mened\u017cera powinny zosta\u0107 okre\u015blone zar\u00f3wno w przypadku sp\u00f3\u0142ek kapita\u0142owych, jak i osobowych. Sp\u00f3\u0142ki kapita\u0142owe Istot\u0105 sp\u00f3\u0142ki z o.o. jest, co prawda, rozdzielenie funkcji inwestora &hellip; <\/p>\n<p class=\"link-more\"><a href=\"https:\/\/pragmatiq.pl\/zmianawarty\/w-jaki-sposob-wspolnicy-moga-kontrolowac-menedzera\/\" class=\"more-link\">Continue reading<span class=\"screen-reader-text\"> &#8222;W jaki spos\u00f3b wsp\u00f3lnicy mog\u0105 kontrolowa\u0107 mened\u017cera?&#8221;<\/span><\/a><\/p>\n","protected":false},"author":14,"featured_media":397,"comment_status":"open","ping_status":"open","sticky":false,"template":"","format":"standard","meta":{"footnotes":""},"categories":[99,4],"tags":[63,76],"class_list":["post-479","post","type-post","status-publish","format-standard","has-post-thumbnail","hentry","category-spolka-rodzinna-z-zewnetrznym-menedzerem-kategoria","category-artykuly","tag-menedzer","tag-wspolnik"],"_links":{"self":[{"href":"https:\/\/pragmatiq.pl\/zmianawarty\/wp-json\/wp\/v2\/posts\/479","targetHints":{"allow":["GET"]}}],"collection":[{"href":"https:\/\/pragmatiq.pl\/zmianawarty\/wp-json\/wp\/v2\/posts"}],"about":[{"href":"https:\/\/pragmatiq.pl\/zmianawarty\/wp-json\/wp\/v2\/types\/post"}],"author":[{"embeddable":true,"href":"https:\/\/pragmatiq.pl\/zmianawarty\/wp-json\/wp\/v2\/users\/14"}],"replies":[{"embeddable":true,"href":"https:\/\/pragmatiq.pl\/zmianawarty\/wp-json\/wp\/v2\/comments?post=479"}],"version-history":[{"count":12,"href":"https:\/\/pragmatiq.pl\/zmianawarty\/wp-json\/wp\/v2\/posts\/479\/revisions"}],"predecessor-version":[{"id":4292,"href":"https:\/\/pragmatiq.pl\/zmianawarty\/wp-json\/wp\/v2\/posts\/479\/revisions\/4292"}],"wp:featuredmedia":[{"embeddable":true,"href":"https:\/\/pragmatiq.pl\/zmianawarty\/wp-json\/wp\/v2\/media\/397"}],"wp:attachment":[{"href":"https:\/\/pragmatiq.pl\/zmianawarty\/wp-json\/wp\/v2\/media?parent=479"}],"wp:term":[{"taxonomy":"category","embeddable":true,"href":"https:\/\/pragmatiq.pl\/zmianawarty\/wp-json\/wp\/v2\/categories?post=479"},{"taxonomy":"post_tag","embeddable":true,"href":"https:\/\/pragmatiq.pl\/zmianawarty\/wp-json\/wp\/v2\/tags?post=479"}],"curies":[{"name":"wp","href":"https:\/\/api.w.org\/{rel}","templated":true}]}}