{"id":4709,"date":"2024-07-02T09:57:42","date_gmt":"2024-07-02T07:57:42","guid":{"rendered":"https:\/\/zmianawarty.pl\/?p=4709"},"modified":"2025-03-25T07:34:27","modified_gmt":"2025-03-25T06:34:27","slug":"czy-fundacja-rodzinna-placi-podatek-od-cfc","status":"publish","type":"post","link":"https:\/\/pragmatiq.pl\/zmianawarty\/czy-fundacja-rodzinna-placi-podatek-od-cfc\/","title":{"rendered":"Czy fundacja rodzinna p\u0142aci podatek od CFC?"},"content":{"rendered":"<div id=\"ez-toc-container\" class=\"ez-toc-v2_0_82_2 counter-hierarchy ez-toc-counter ez-toc-white ez-toc-container-direction\">\n<div class=\"ez-toc-title-container\"><p class=\"ez-toc-title\" style=\"cursor:inherit\">Spis tre\u015bci<\/p>\n<\/div><nav><ul class='ez-toc-list ez-toc-list-level-1 ' ><li class='ez-toc-page-1 ez-toc-heading-level-2'><a class=\"ez-toc-link ez-toc-heading-1\" href=\"https:\/\/pragmatiq.pl\/zmianawarty\/czy-fundacja-rodzinna-placi-podatek-od-cfc\/#Czym_sa_zagraniczne_jednostki_kontrolowane_CFC\" >Czym s\u0105 zagraniczne jednostki kontrolowane (CFC)?&nbsp;<\/a><\/li><li class='ez-toc-page-1 ez-toc-heading-level-2'><a class=\"ez-toc-link ez-toc-heading-2\" href=\"https:\/\/pragmatiq.pl\/zmianawarty\/czy-fundacja-rodzinna-placi-podatek-od-cfc\/#Opodatkowanie_CFC_fundacje_zagraniczne_spolki_trusty\" >Opodatkowanie CFC (fundacje zagraniczne, sp\u00f3\u0142ki, trusty)<\/a><\/li><li class='ez-toc-page-1 ez-toc-heading-level-2'><a class=\"ez-toc-link ez-toc-heading-3\" href=\"https:\/\/pragmatiq.pl\/zmianawarty\/czy-fundacja-rodzinna-placi-podatek-od-cfc\/#Fundacja_rodzinna_a_podatek_od_CFC_na_gruncie_interpretacji\" >Fundacja rodzinna a podatek od CFC na gruncie interpretacji&nbsp;<\/a><\/li><li class='ez-toc-page-1 ez-toc-heading-level-2'><a class=\"ez-toc-link ez-toc-heading-4\" href=\"https:\/\/pragmatiq.pl\/zmianawarty\/czy-fundacja-rodzinna-placi-podatek-od-cfc\/#Fundacja_rodzinna_a_zagraniczna_jednostka_kontrolowana\" >Fundacja rodzinna a zagraniczna jednostka kontrolowana&nbsp;<\/a><\/li><li class='ez-toc-page-1 ez-toc-heading-level-2'><a class=\"ez-toc-link ez-toc-heading-5\" href=\"https:\/\/pragmatiq.pl\/zmianawarty\/czy-fundacja-rodzinna-placi-podatek-od-cfc\/#Fundatorzy_i_beneficjenci_fundacji_rodzinnej_a_CFC\" >Fundatorzy i beneficjenci fundacji rodzinnej a CFC&nbsp;<\/a><\/li><li class='ez-toc-page-1 ez-toc-heading-level-2'><a class=\"ez-toc-link ez-toc-heading-6\" href=\"https:\/\/pragmatiq.pl\/zmianawarty\/czy-fundacja-rodzinna-placi-podatek-od-cfc\/#Fundacja_rodzinna_a_CFC_%E2%80%93_podsumowanie\" >Fundacja rodzinna a CFC &#8211; podsumowanie&nbsp;<\/a><\/li><\/ul><\/nav><\/div>\n\n<p><strong>Od wej\u015bcia w \u017cycie ustawy o fundacji rodzinnej min\u0105\u0142 ju\u017c ponad rok. Jednym z obszar\u00f3w dzia\u0142ania fundacji, kt\u00f3re budz\u0105 znaczne w\u0105tpliwo\u015bci, jest kwestia CFC, czyli zagranicznych jednostek kontrolowanych. Czy wniesienie do polskiej fundacji rodzinnej udzia\u0142\u00f3w w CFC jest dobrym pomys\u0142em?&nbsp;<\/strong><\/p>\n\n\n\n<h2 class=\"wp-block-heading\"><span class=\"ez-toc-section\" id=\"Czym_sa_zagraniczne_jednostki_kontrolowane_CFC\"><\/span><strong>Czym s\u0105 zagraniczne jednostki kontrolowane (CFC)?&nbsp;<\/strong><span class=\"ez-toc-section-end\"><\/span><\/h2>\n\n\n\n<p>W ci\u0105gu ostatnich lat wielu przedsi\u0119biorc\u00f3w os\u00f3b zdecydowa\u0142o si\u0119 przenie\u015b\u0107 dzia\u0142alno\u015b\u0107 za granic\u0119. Szczeg\u00f3ln\u0105 popularno\u015bci\u0105 cieszy\u0142y si\u0119 pa\u0144stwa o ni\u017cszym poziomie opodatkowania ni\u017c Polska i mniejszej liczbie barier prawnych i administracyjnych. W odpowiedzi polski ustawodawca wprowadzi\u0142 do ustawy o PIT i CIT przepisy o zagranicznych jednostkach kontrolowanych (ang. controlled foreign company). Ich celem jest wyr\u00f3wnanie poziomu efektywnego opodatkowania mi\u0119dzy poszczeg\u00f3lnymi krajami.&nbsp;<\/p>\n\n\n\n<p>Przez zagraniczne jednostki kontrolowane rozumie si\u0119 podmioty zagraniczne, nad kt\u00f3rymi kontrol\u0119 sprawuje polski podatnik (zar\u00f3wno PIT, jak i CIT). Zakres zastosowania przepis\u00f3w o CFC obejmuje nie tylko&nbsp;<strong>zagraniczne sp\u00f3\u0142ki<\/strong>. Zagraniczn\u0105 jednostk\u0105 kontrolowan\u0105 mo\u017ce by\u0107 tak\u017ce:<\/p>\n\n\n\n<ul class=\"wp-block-list\">\n<li><strong>fundacja<\/strong>,&nbsp;<strong>trust&nbsp;<\/strong>lub inny podmiot o charakterze powierniczym,<\/li>\n\n\n\n<li>podatkowa grupa kapita\u0142owa lub pod okre\u015blonymi warunkami jej jednostka sk\u0142adowa,<\/li>\n\n\n\n<li>wydzielona organizacyjnie lub prawnie cz\u0119\u015b\u0107 zagranicznej sp\u00f3\u0142ki albo innego podmiotu.<\/li>\n<\/ul>\n\n\n\n<p>\u2014 przy czym \u017caden z tych podmiot\u00f3w nie mo\u017ce posiada\u0107 siedziby, zarz\u0105du ani rejestracji na terytorium Polski.<\/p>\n\n\n\n<p>Przepisy dotycz\u0105 przede wszystkim podmiot\u00f3w, kt\u00f3re w kraju swojej siedziby p\u0142ac\u0105 podatek dochodowy na korzystniejszych zasadach ni\u017c obowi\u0105zuj\u0105ce w Polsce. Jednym z dodatkowych warunk\u00f3w jest czerpanie przez zagraniczn\u0105 jednostk\u0119 dochod\u00f3w z dzia\u0142alno\u015bci pasywnej (np. z dywidend czy licencji).<\/p>\n\n\n\n<p>Aby zagraniczna jednostka by\u0142a uznana za CFC, musi by\u0107 kontrolowana przez polskiego podatnika. Zasadniczo, warunek kontroli jest spe\u0142niony, je\u015bli polski podatnik posiada (zar\u00f3wno po\u015brednio, jak i bezpo\u015brednio) m.in. powy\u017cej 50%:<\/p>\n\n\n\n<ul class=\"wp-block-list\">\n<li>udzia\u0142\u00f3w w kapitale,<\/li>\n\n\n\n<li>praw g\u0142osu w organach kontrolnych, stanowi\u0105cych lub zarz\u0105dzaj\u0105cych,&nbsp;<\/li>\n\n\n\n<li>praw do uczestnictwa w zysku podmiotu.<\/li>\n<\/ul>\n\n\n\n<p>Przepisy z zakresu CFC nie dotycz\u0105 jednak tych podmiot\u00f3w zagranicznych, kt\u00f3re prowadz\u0105 rzeczywist\u0105 dzia\u0142alno\u015b\u0107 gospodarcz\u0105 w kraju siedziby.<\/p>\n\n\n\n<figure class=\"wp-block-image size-full\"><img fetchpriority=\"high\" decoding=\"async\" width=\"600\" height=\"400\" src=\"https:\/\/pragmatiq.pl\/zmianawarty\/wp-content\/uploads\/2024\/07\/image.jpeg\" alt=\"\" class=\"wp-image-4710\" srcset=\"https:\/\/pragmatiq.pl\/zmianawarty\/wp-content\/uploads\/2024\/07\/image.jpeg 600w, https:\/\/pragmatiq.pl\/zmianawarty\/wp-content\/uploads\/2024\/07\/image-300x200.jpeg 300w\" sizes=\"(max-width: 600px) 100vw, 600px\" \/><\/figure>\n\n\n\n<h2 class=\"wp-block-heading\"><span class=\"ez-toc-section\" id=\"Opodatkowanie_CFC_fundacje_zagraniczne_spolki_trusty\"><\/span><strong>Opodatkowanie CFC (fundacje zagraniczne, sp\u00f3\u0142ki, trusty)<\/strong><span class=\"ez-toc-section-end\"><\/span><\/h2>\n\n\n\n<p>W pewnym uproszczeniu polski podatnik b\u0119dzie musia\u0142 zap\u0142aci\u0107 podatek od CFC, je\u015bli sprawuje kontrol\u0119 nad zagraniczn\u0105 jednostk\u0105 oraz ma prawo do zysk\u00f3w tej jednostki.&nbsp;<\/p>\n\n\n\n<p>W wi\u0119kszo\u015bci przypadk\u00f3w doch\u00f3d uzyskany przez podatnika kontroluj\u0105cego CFC podlega opodatkowaniu w Polsce wed\u0142ug stawki 19% PIT lub CIT. Chodzi o to, aby wyr\u00f3wna\u0107 poziom opodatkowania do wysoko\u015bci obowi\u0105zuj\u0105cej w Polsce.<\/p>\n\n\n\n<figure class=\"wp-block-image size-full\"><img decoding=\"async\" width=\"600\" height=\"400\" src=\"https:\/\/pragmatiq.pl\/zmianawarty\/wp-content\/uploads\/2024\/07\/image-2.jpeg\" alt=\"\" class=\"wp-image-4717\" srcset=\"https:\/\/pragmatiq.pl\/zmianawarty\/wp-content\/uploads\/2024\/07\/image-2.jpeg 600w, https:\/\/pragmatiq.pl\/zmianawarty\/wp-content\/uploads\/2024\/07\/image-2-300x200.jpeg 300w\" sizes=\"(max-width: 600px) 100vw, 600px\" \/><\/figure>\n\n\n\n<h2 class=\"wp-block-heading\"><span class=\"ez-toc-section\" id=\"Fundacja_rodzinna_a_podatek_od_CFC_na_gruncie_interpretacji\"><\/span><strong>Fundacja rodzinna a podatek od CFC na gruncie interpretacji<\/strong>&nbsp;<span class=\"ez-toc-section-end\"><\/span><\/h2>\n\n\n\n<p>Trzeba jednak pami\u0119ta\u0107, \u017ce nie we wszystkich podmiotach, kt\u00f3re spe\u0142niaj\u0105 definicj\u0119 CFC, mo\u017ce uczestniczy\u0107 polska <a href=\"https:\/\/pragmatiq.pl\/fundacja-rodzinna-nowe-narzedzie-sukcesji-i-ochrony-majatku-w-polsce\" data-type=\"link\" data-id=\"https:\/\/pragmatiq.pl\/fundacja-rodzinna-nowe-narzedzie-sukcesji-i-ochrony-majatku-w-polsce\">fundacja rodzinna<\/a>. Udzia\u0142 fundacji rodzinnej w zagranicznych fundacjach czy trustach by\u0142by zasadniczo nieop\u0142acalny, z uwagi na wysokie opodatkowanie. Dochody fundacji rodzinnej z tych \u017ar\u00f3de\u0142 by\u0142yby obj\u0119te stawk\u0105 25% CIT. Uczestnictwo w takich podmiotach wychodzi bowiem poza zakres dozwolonej dzia\u0142alno\u015bci gospodarczej fundacji rodzinnej.\u00a0<\/p>\n\n\n\n<p>Fundacja mo\u017ce natomiast by\u0107 wsp\u00f3lnikiem w zagranicznych sp\u00f3\u0142kach, kt\u00f3re maj\u0105 status podatnik\u00f3w podatku dochodowego.&nbsp;<\/p>\n\n\n\n<p>Zatem czy fundacja rodzinna, kt\u00f3ra posiada udzia\u0142y w CFC (np. 100% udzia\u0142\u00f3w w sp\u00f3\u0142ce kapita\u0142owej na Cyprze), b\u0119dzie musia\u0142a zap\u0142aci\u0107 podatek od CFC? Je\u015bli nie, to czy obowi\u0105zek mo\u017ce przej\u015b\u0107 na osoby fizyczne zaanga\u017cowane w fundacj\u0119 rodzinn\u0105 (jej beneficjent\u00f3w i fundator\u00f3w)?\u202f&nbsp;<\/p>\n\n\n\n<figure class=\"wp-block-image size-full\"><img decoding=\"async\" width=\"600\" height=\"400\" src=\"https:\/\/pragmatiq.pl\/zmianawarty\/wp-content\/uploads\/2024\/07\/image-4.jpeg\" alt=\"\" class=\"wp-image-4720\" srcset=\"https:\/\/pragmatiq.pl\/zmianawarty\/wp-content\/uploads\/2024\/07\/image-4.jpeg 600w, https:\/\/pragmatiq.pl\/zmianawarty\/wp-content\/uploads\/2024\/07\/image-4-300x200.jpeg 300w\" sizes=\"(max-width: 600px) 100vw, 600px\" \/><\/figure>\n\n\n\n<h2 class=\"wp-block-heading\"><span class=\"ez-toc-section\" id=\"Fundacja_rodzinna_a_zagraniczna_jednostka_kontrolowana\"><\/span><strong>Fundacja rodzinna a zagraniczna jednostka kontrolowana&nbsp;<\/strong><span class=\"ez-toc-section-end\"><\/span><\/h2>\n\n\n\n<p>Kontrowersje dotycz\u0105ce fundacji rodzinnej i CFC wynikaj\u0105 z niejednoznacznego brzmienia przepis\u00f3w ustawy o CIT. Kluczowym elementem dzia\u0142alno\u015bci fundacji rodzinnej jest zwolnienie podmiotowe z CIT. Ustawa nie wskazuje jednak wprost, czy zwolnienie podmiotowe obejmuje tak\u017ce podatek od zagranicznych jednostek kontrolowanych.\u202f&nbsp;<\/p>\n\n\n\n<p>Aktualnie organy podatkowe prezentuj\u0105 jednolicie korzystne stanowisko. Z interpretacji indywidualnych wydawanych w ostatnich miesi\u0105cach wynika, \u017ce fundacja rodzinna nie ma obowi\u0105zku zap\u0142aty podatku od CFC. Ustawa wskazuje bowiem wprost kategorie podatku, do kt\u00f3rych zap\u0142aty mo\u017ce by\u0107 zobowi\u0105zana fundacja rodzinna. Po\u015br\u00f3d tych podatk\u00f3w nie wymieniono natomiast podatku od dochod\u00f3w zagranicznej jednostki kontrolowanej. Odwo\u0142uj\u0105c si\u0119 do zasady racjonalno\u015bci ustawodawcy, mo\u017cna wskaza\u0107, \u017ce gdyby chcia\u0142 on obj\u0105\u0107 fundacj\u0119 tak\u017ce podatkiem od CFC, to wskaza\u0142by to wprost w ustawie o CIT.&nbsp;<\/p>\n\n\n\n<p>Tym samym zwolnienie fundacji rodzinnej z CIT obejmuje tak\u017ce podatek od dochod\u00f3w zagranicznej jednostki kontrolowanej. W zwi\u0105zku z tym nale\u017cy uzna\u0107, \u017ce<strong> fundacja nie ma obowi\u0105zku zap\u0142aty podatku od CFC.<\/strong>&nbsp;<\/p>\n\n\n\n<figure class=\"wp-block-image size-full\"><img loading=\"lazy\" decoding=\"async\" width=\"600\" height=\"400\" src=\"https:\/\/pragmatiq.pl\/zmianawarty\/wp-content\/uploads\/2024\/07\/image-1.jpeg\" alt=\"\" class=\"wp-image-4718\" srcset=\"https:\/\/pragmatiq.pl\/zmianawarty\/wp-content\/uploads\/2024\/07\/image-1.jpeg 600w, https:\/\/pragmatiq.pl\/zmianawarty\/wp-content\/uploads\/2024\/07\/image-1-300x200.jpeg 300w\" sizes=\"(max-width: 600px) 100vw, 600px\" \/><\/figure>\n\n\n\n<h2 class=\"wp-block-heading\"><span class=\"ez-toc-section\" id=\"Fundatorzy_i_beneficjenci_fundacji_rodzinnej_a_CFC\"><\/span><strong>Fundatorzy i beneficjenci fundacji rodzinnej a CFC<\/strong>&nbsp;<span class=\"ez-toc-section-end\"><\/span><\/h2>\n\n\n\n<p>Trzeba jednak pami\u0119ta\u0107, \u017ce ww. preferencje podatkowe w zakresie CIT przypisane s\u0105 tylko fundacji rodzinnej \u2014 nie przechodz\u0105 na jej beneficjent\u00f3w i fundator\u00f3w. St\u0105d te\u017c powstaje pytanie, czy beneficjenci lub fundatorzy fundacji rodzinnej p\u0142ac\u0105 podatek od CFC. Osoba fizyczna b\u0119d\u0105ca beneficjentem lub fundatorem nie musi posiada\u0107 bezpo\u015brednio praw (np. udzia\u0142\u00f3w lub g\u0142os\u00f3w) w podmiocie zagranicznym. Wystarczy posiadanie okre\u015blonych praw w fundacji rodzinnej i kontrolowanie jednostki za jej po\u015brednictwem.\u202f&nbsp;<\/p>\n\n\n\n<figure class=\"wp-block-image size-full\"><img loading=\"lazy\" decoding=\"async\" width=\"600\" height=\"400\" src=\"https:\/\/pragmatiq.pl\/zmianawarty\/wp-content\/uploads\/2024\/07\/image-5.jpeg\" alt=\"\" class=\"wp-image-4721\" srcset=\"https:\/\/pragmatiq.pl\/zmianawarty\/wp-content\/uploads\/2024\/07\/image-5.jpeg 600w, https:\/\/pragmatiq.pl\/zmianawarty\/wp-content\/uploads\/2024\/07\/image-5-300x200.jpeg 300w\" sizes=\"(max-width: 600px) 100vw, 600px\" \/><\/figure>\n\n\n\n<p>Aktualnie organy prezentuj\u0105 jednolicie pozytywne stanowisko tak\u017ce w zakresie os\u00f3b fizycznych. Wniesienie udzia\u0142\u00f3w w CFC do fundacji rodzinnej nie powoduje, \u017ce podatek przechodzi na osoby fizyczne, kt\u00f3re s\u0105 zaanga\u017cowane w fundacji. Charakter praw, kt\u00f3re posiada beneficjent lub fundator w fundacji rodzinnej, wyklucza bowiem sprawowanie kontroli nad CFC za po\u015brednictwem tej fundacji.\u202f&nbsp;<\/p>\n\n\n\n<p>Beneficjent lub fundator nie maj\u0105 bowiem udzia\u0142\u00f3w w fundacji rodzinnej, rozumianych jako prawa do cz\u0119\u015bci jej maj\u0105tku. Fundacja jest w pe\u0142ni odr\u0119bnym podmiotem i nie posiada &#8222;w\u0142a\u015bcicieli&#8221; (inaczej ni\u017c np. sp\u00f3\u0142ka z o.o.). Beneficjent ani fundator nie maj\u0105 te\u017c praw do zysku fundacji rodzinnej, kt\u00f3re mog\u0105 by\u0107 wyra\u017cone okre\u015blonym u\u0142amkiem. Przys\u0142uguje im przede wszystkim prawo do \u015bwiadcze\u0144 na zasadach okre\u015blonych w statucie fundacji. \u015awiadczenia mog\u0105 by\u0107 wyp\u0142acane warunkowo, z zastrze\u017ceniem terminu albo w og\u00f3le nie musz\u0105 by\u0107 wyp\u0142acane, je\u015bli statut tak stanowi. Beneficjent nie mo\u017ce domaga\u0107 si\u0119 wyp\u0142aty zysk\u00f3w przez fundacj\u0119, tylko dlatego, \u017ce ma status beneficjenta.&nbsp;<\/p>\n\n\n\n<p>Wi\u0119cej o roli beneficjent\u00f3w i fundator\u00f3w piszemy w artykule: <em><a href=\"http:\/\/https\/\/zmianawarty.pl\/dla-kogo-fundacja-rodzinna\/\" target=\"_blank\" rel=\"noreferrer noopener\">Dla kogo fundacja rodzinna? <\/a><\/em><\/p>\n\n\n\n<p>Trzeba jednak pami\u0119ta\u0107, \u017ce przepisy w tym zakresie s\u0105 niejasne &#8211; w zwi\u0105zku z tym mo\u017cliwa jest zmiana linii interpretacyjnej w przysz\u0142o\u015bci.&nbsp;<\/p>\n\n\n\n<figure class=\"wp-block-image size-full\"><img loading=\"lazy\" decoding=\"async\" width=\"600\" height=\"400\" src=\"https:\/\/pragmatiq.pl\/zmianawarty\/wp-content\/uploads\/2024\/07\/image-3.jpeg\" alt=\"\" class=\"wp-image-4719\" srcset=\"https:\/\/pragmatiq.pl\/zmianawarty\/wp-content\/uploads\/2024\/07\/image-3.jpeg 600w, https:\/\/pragmatiq.pl\/zmianawarty\/wp-content\/uploads\/2024\/07\/image-3-300x200.jpeg 300w\" sizes=\"(max-width: 600px) 100vw, 600px\" \/><\/figure>\n\n\n\n<h2 class=\"wp-block-heading\"><span class=\"ez-toc-section\" id=\"Fundacja_rodzinna_a_CFC_%E2%80%93_podsumowanie\"><\/span><strong>Fundacja rodzinna a CFC &#8211; podsumowanie<\/strong>&nbsp;<span class=\"ez-toc-section-end\"><\/span><\/h2>\n\n\n\n<p>Korzystnym sposobem na przeniesienie biznesu z powrotem do Polski mo\u017ce by\u0107 zatem za\u0142o\u017cenie fundacji rodzinnej &#8211; podatek od CFC nie obejmuje bowiem fundacji, jej beneficjent\u00f3w ani fundator\u00f3w (zgodnie z aktualn\u0105 lini\u0105 interpretacyjn\u0105). Innymi s\u0142owy, fundacja rodzinna i zagraniczna jednostka kontrolowana mog\u0105 by\u0107 dobrym po\u0142\u0105czeniem.&nbsp;<\/p>\n\n\n\n<p>Wszystko zale\u017cy jednak od interpretacji przyj\u0119tej przez organy podatkowe. Na chwil\u0119 obecn\u0105 stanowisko organ\u00f3w jest korzystne, ale nie mo\u017cna wykluczy\u0107 jego zmiany w przysz\u0142o\u015bci. Dlatego przed podj\u0119ciem definitywnych krok\u00f3w zalecamy weryfikacj\u0119 najnowszych rozstrzygni\u0119\u0107. Je\u015bli rozwa\u017casz wniesienie udzia\u0142\u00f3w w CFC do fundacji rodzinnej, rekomendujemy uzyskanie wcze\u015bniej interpretacji indywidualnej, aby zabezpieczy\u0107 interesy wszystkich zaanga\u017cowanych os\u00f3b.&nbsp;<\/p>\n\n\n\n<p>W PragmatIQ na bie\u017c\u0105co \u015bledzimy orzecznictwo oraz podej\u015bcie organ\u00f3w. Je\u015bli w dzia\u0142alno\u015bci swojego biznesu spotykasz si\u0119 z zagadnieniami, kt\u00f3re sprawiaj\u0105 Ci problem \u2014 skontaktuj si\u0119 z naszymi specjalistami.\u202f&nbsp;<\/p>\n\n\n\n<p>Kacper Tokarz, Adam Mory\u0144&nbsp;<\/p>\n","protected":false},"excerpt":{"rendered":"<p>Od wej\u015bcia w \u017cycie ustawy o fundacji rodzinnej min\u0105\u0142 ju\u017c ponad rok. Jednym z obszar\u00f3w dzia\u0142ania fundacji, kt\u00f3re budz\u0105 znaczne w\u0105tpliwo\u015bci, jest kwestia CFC, czyli zagranicznych jednostek kontrolowanych. Czy wniesienie do polskiej fundacji rodzinnej udzia\u0142\u00f3w w CFC jest dobrym pomys\u0142em?&nbsp; Czym s\u0105 zagraniczne jednostki kontrolowane (CFC)?&nbsp; W ci\u0105gu ostatnich lat wielu przedsi\u0119biorc\u00f3w os\u00f3b zdecydowa\u0142o si\u0119 &hellip; <\/p>\n<p class=\"link-more\"><a href=\"https:\/\/pragmatiq.pl\/zmianawarty\/czy-fundacja-rodzinna-placi-podatek-od-cfc\/\" class=\"more-link\">Continue reading<span class=\"screen-reader-text\"> &#8222;Czy fundacja rodzinna p\u0142aci podatek od CFC?&#8221;<\/span><\/a><\/p>\n","protected":false},"author":31,"featured_media":0,"comment_status":"open","ping_status":"open","sticky":false,"template":"","format":"standard","meta":{"footnotes":""},"categories":[1],"tags":[],"class_list":["post-4709","post","type-post","status-publish","format-standard","hentry","category-bez-kategorii"],"_links":{"self":[{"href":"https:\/\/pragmatiq.pl\/zmianawarty\/wp-json\/wp\/v2\/posts\/4709","targetHints":{"allow":["GET"]}}],"collection":[{"href":"https:\/\/pragmatiq.pl\/zmianawarty\/wp-json\/wp\/v2\/posts"}],"about":[{"href":"https:\/\/pragmatiq.pl\/zmianawarty\/wp-json\/wp\/v2\/types\/post"}],"author":[{"embeddable":true,"href":"https:\/\/pragmatiq.pl\/zmianawarty\/wp-json\/wp\/v2\/users\/31"}],"replies":[{"embeddable":true,"href":"https:\/\/pragmatiq.pl\/zmianawarty\/wp-json\/wp\/v2\/comments?post=4709"}],"version-history":[{"count":6,"href":"https:\/\/pragmatiq.pl\/zmianawarty\/wp-json\/wp\/v2\/posts\/4709\/revisions"}],"predecessor-version":[{"id":4898,"href":"https:\/\/pragmatiq.pl\/zmianawarty\/wp-json\/wp\/v2\/posts\/4709\/revisions\/4898"}],"wp:attachment":[{"href":"https:\/\/pragmatiq.pl\/zmianawarty\/wp-json\/wp\/v2\/media?parent=4709"}],"wp:term":[{"taxonomy":"category","embeddable":true,"href":"https:\/\/pragmatiq.pl\/zmianawarty\/wp-json\/wp\/v2\/categories?post=4709"},{"taxonomy":"post_tag","embeddable":true,"href":"https:\/\/pragmatiq.pl\/zmianawarty\/wp-json\/wp\/v2\/tags?post=4709"}],"curies":[{"name":"wp","href":"https:\/\/api.w.org\/{rel}","templated":true}]}}