{"id":434,"date":"2018-08-28T11:05:59","date_gmt":"2018-08-28T09:05:59","guid":{"rendered":"https:\/\/zmianawarty.pl\/?p=434"},"modified":"2024-09-16T15:10:46","modified_gmt":"2024-09-16T13:10:46","slug":"kto-odpowiada-za-deklaracje-podatkowe-spadkodawcy","status":"publish","type":"post","link":"https:\/\/pragmatiq.pl\/zmianawarty\/kto-odpowiada-za-deklaracje-podatkowe-spadkodawcy\/","title":{"rendered":"Kto odpowiada za deklaracje podatkowe spadkodawcy?"},"content":{"rendered":"\n<p><strong>Najog\u00f3lniej rzecz bior\u0105c, za z\u0142o\u017cone przez spadkodawc\u0119 deklaracje podatkowe odpowiadaj\u0105 spadkobiercy \u2013 niezale\u017cnie od tego, czy kontynuuj\u0105 prowadzon\u0105 przez niego dzia\u0142alno\u015b\u0107 gospodarcz\u0105.<\/strong><\/p>\n\n\n\n<p>Przy czym odpowiedzialno\u015b\u0107 spadkobierc\u00f3w ogranicza si\u0119 do obowi\u0105zk\u00f3w o charakterze maj\u0105tkowym, takich jak obowi\u0105zek zap\u0142aty kwoty wykazanej w deklaracji oraz odsetek za zw\u0142ok\u0119 w zap\u0142acie podatku. Nie ponosz\u0105 oni odpowiedzialno\u015bci karnej skarbowej z tytu\u0142u b\u0142\u0119dnego wype\u0142nienia deklaracji przez spadkodawc\u0119. Nie maj\u0105 r\u00f3wnie\u017c obowi\u0105zku sk\u0142adania za zmar\u0142ego zaleg\u0142ych deklaracji, kt\u00f3rych ten nie zd\u0105\u017cy\u0142 z\u0142o\u017cy\u0107 w terminie.<\/p>\n\n\n\n<p>Na zakres odpowiedzialno\u015bci za kwoty wykazane przez zmar\u0142ego w z\u0142o\u017conych deklaracjach wp\u0142yw ma spos\u00f3b przyj\u0119cia spadku.<\/p>\n\n\n\n<figure class=\"wp-block-embed is-type-video is-provider-youtube wp-block-embed-youtube wp-embed-aspect-16-9 wp-has-aspect-ratio\"><div class=\"wp-block-embed__wrapper\">\n<iframe title=\"Firma w testamencie - Jak przygotowa\u0107 si\u0119 do biznesowej zmiany warty?\" width=\"525\" height=\"295\" src=\"https:\/\/www.youtube.com\/embed\/Op1WOr19ChU?feature=oembed\" frameborder=\"0\" allow=\"accelerometer; autoplay; clipboard-write; encrypted-media; gyroscope; picture-in-picture; web-share\" referrerpolicy=\"strict-origin-when-cross-origin\" allowfullscreen><\/iframe>\n<\/div><figcaption class=\"wp-element-caption\">Jak przygotowa\u0107 si\u0119 do zmiany warty? Zobacz nasz film!<\/figcaption><\/figure>\n\n\n\n<p>Co istotne, mimo \u015bmierci spadkodawcy wsp\u00f3\u0142ma\u0142\u017conek zachowuje prawo do wsp\u00f3lnego rozliczenia podatkowego. Ma\u0142\u017conek przejmuje tym samym odpowiedzialno\u015b\u0107 za zap\u0142at\u0119 podatku, maj\u0105c jednocze\u015bnie mo\u017cliwo\u015b\u0107 uwzgl\u0119dnienia ulg i odlicze\u0144, kt\u00f3re przys\u0142ugiwa\u0142y zmar\u0142emu. Wsp\u00f3lne rozliczenie b\u0119dzie mo\u017cliwe, je\u015bli ma\u0142\u017conkowie, mi\u0119dzy kt\u00f3rymi w roku podatkowym istnia\u0142a wsp\u00f3lno\u015b\u0107 maj\u0105tkowa, pozostawali w zwi\u0105zku ma\u0142\u017ce\u0144skim przez ca\u0142y rok podatkowy, kt\u00f3rego dotyczy zeznanie, a ma\u0142\u017conek zmar\u0142 po up\u0142ywie roku podatkowego, ale przed z\u0142o\u017ceniem zeznania.<\/p>\n\n\n\n<p><strong>Przyk\u0142ad: <\/strong><\/p>\n\n\n\n<p><em>M\u0105\u017c zmar\u0142 w marcu 2018 roku. Je\u017celi pozostawa\u0142 z \u017con\u0105 w zwi\u0105zku ma\u0142\u017ce\u0144skim przez ca\u0142y 2017 rok, \u017cona mo\u017ce z\u0142o\u017cy\u0107 wsp\u00f3lne zeznanie podatkowe za 2017 rok.<\/em><\/p>\n\n\n\n<p><em>&nbsp;<\/em>Mo\u017cliwo\u015b\u0107 z\u0142o\u017cenia wsp\u00f3lnego zeznania podatkowego przys\u0142ugiwa\u0107 b\u0119dzie r\u00f3wnie\u017c wtedy, gdy ma\u0142\u017conek zmar\u0142 w trakcie roku, kt\u00f3rego dotyczy zeznanie podatkowe. Warunkiem jest jednak, aby zwi\u0105zek ma\u0142\u017ce\u0144ski zosta\u0142 zawarty przed rozpocz\u0119ciem tego roku.<\/p>\n\n\n\n<p><strong>Przyk\u0142ad: <\/strong><\/p>\n\n\n\n<p><em>Analogicznie jak w przyk\u0142adzie powy\u017cej, m\u0105\u017c zmar\u0142 w marcu 2018 roku. \u017bona b\u0119dzie mog\u0142a z\u0142o\u017cy\u0107 wsp\u00f3lne zeznanie podatkowe za 2018 rok, je\u017celi zwi\u0105zek ma\u0142\u017ce\u0144ski zosta\u0142 zawarty przed tym rokiem (np. 31 grudnia 2017 roku).<\/em><\/p>\n\n\n\n<p>Inaczej wygl\u0105da\u0107 b\u0119dzie sytuacja, gdy przedsi\u0119biorca ustanowi\u0142 za \u017cycia zarz\u0105dc\u0119 sukcesyjnego lub zosta\u0142 on powo\u0142any po jego \u015bmierci i prowadzone jest przedsi\u0119biorstwo w spadku. W\u00f3wczas to przedsi\u0119biorstwo kontynuuje rozliczenia podatkowe dokonywane przez zmar\u0142ego, w tym tak\u017ce z tytu\u0142u PIT i VAT. Przedsi\u0119biorstwo w spadku zobowi\u0105zane b\u0119dzie tak\u017ce z\u0142o\u017cy\u0107 zeznanie roczne za rok podatkowy, w kt\u00f3rym zmar\u0142 przedsi\u0119biorca, a tak\u017ce za kolejne lata, gdy to przedsi\u0119biorstwo nadal b\u0119dzie prowadzone.<\/p>\n\n\n\n<p>Termin oraz zasady zwi\u0105zane ze z\u0142o\u017ceniem sprawozdania s\u0105 takie same, jak w przypadku pozosta\u0142ych podatnik\u00f3w prowadz\u0105cych dzia\u0142alno\u015b\u0107 gospodarcz\u0105.<\/p>\n\n\n\n<p>Wi\u0119cej o podatkowych kwestiach prowadzenia przedsi\u0119biorstwa w spadku mo\u017cna przeczyta\u0107 w odpowiedzi na pytanie: <em>Z czym podatkowo wi\u0105\u017ce si\u0119 ustanowienie zarz\u0105dcy sukcesyjnego i prowadzenie przedsi\u0119biorstwa w spadku?<\/em><\/p>\n\n\n\n<p><em>Krzysztof Smach<\/em><\/p>\n\n\n\n<p><strong>Podstawa prawna<\/strong>: art. 97, art. 98, art. 100 Ordynacji podatkowej; art. 6a ustawy o PIT; art. 48 ust. 1 ustawy o zarz\u0105dzie sukcesyjnym.<\/p>\n\n\n\n<p>Rafa\u0142 Szymkowiak<\/p>\n\n\n\n<p><\/p>\n\n\n\n<p><\/p>\n","protected":false},"excerpt":{"rendered":"<p>Najog\u00f3lniej rzecz bior\u0105c, za z\u0142o\u017cone przez spadkodawc\u0119 deklaracje podatkowe odpowiadaj\u0105 spadkobiercy \u2013 niezale\u017cnie od tego, czy kontynuuj\u0105 prowadzon\u0105 przez niego dzia\u0142alno\u015b\u0107 gospodarcz\u0105. Przy czym odpowiedzialno\u015b\u0107 spadkobierc\u00f3w ogranicza si\u0119 do obowi\u0105zk\u00f3w o charakterze maj\u0105tkowym, takich jak obowi\u0105zek zap\u0142aty kwoty wykazanej w deklaracji oraz odsetek za zw\u0142ok\u0119 w zap\u0142acie podatku. Nie ponosz\u0105 oni odpowiedzialno\u015bci karnej skarbowej z &hellip; <\/p>\n<p class=\"link-more\"><a href=\"https:\/\/pragmatiq.pl\/zmianawarty\/kto-odpowiada-za-deklaracje-podatkowe-spadkodawcy\/\" class=\"more-link\">Continue reading<span class=\"screen-reader-text\"> &#8222;Kto odpowiada za deklaracje podatkowe spadkodawcy?&#8221;<\/span><\/a><\/p>\n","protected":false},"author":25,"featured_media":398,"comment_status":"open","ping_status":"open","sticky":false,"template":"","format":"standard","meta":{"footnotes":""},"categories":[98,4,25],"tags":[72,43],"class_list":["post-434","post","type-post","status-publish","format-standard","has-post-thumbnail","hentry","category-wszystko-zostaje-w-rodzinie-czyli-przekazanie-firmy-innym-czlonkom-rodziny","category-artykuly","category-odpowiedzialnosc-podatkowa-spadkobiercow","tag-podatek","tag-spadek"],"_links":{"self":[{"href":"https:\/\/pragmatiq.pl\/zmianawarty\/wp-json\/wp\/v2\/posts\/434","targetHints":{"allow":["GET"]}}],"collection":[{"href":"https:\/\/pragmatiq.pl\/zmianawarty\/wp-json\/wp\/v2\/posts"}],"about":[{"href":"https:\/\/pragmatiq.pl\/zmianawarty\/wp-json\/wp\/v2\/types\/post"}],"author":[{"embeddable":true,"href":"https:\/\/pragmatiq.pl\/zmianawarty\/wp-json\/wp\/v2\/users\/25"}],"replies":[{"embeddable":true,"href":"https:\/\/pragmatiq.pl\/zmianawarty\/wp-json\/wp\/v2\/comments?post=434"}],"version-history":[{"count":11,"href":"https:\/\/pragmatiq.pl\/zmianawarty\/wp-json\/wp\/v2\/posts\/434\/revisions"}],"predecessor-version":[{"id":4301,"href":"https:\/\/pragmatiq.pl\/zmianawarty\/wp-json\/wp\/v2\/posts\/434\/revisions\/4301"}],"wp:featuredmedia":[{"embeddable":true,"href":"https:\/\/pragmatiq.pl\/zmianawarty\/wp-json\/wp\/v2\/media\/398"}],"wp:attachment":[{"href":"https:\/\/pragmatiq.pl\/zmianawarty\/wp-json\/wp\/v2\/media?parent=434"}],"wp:term":[{"taxonomy":"category","embeddable":true,"href":"https:\/\/pragmatiq.pl\/zmianawarty\/wp-json\/wp\/v2\/categories?post=434"},{"taxonomy":"post_tag","embeddable":true,"href":"https:\/\/pragmatiq.pl\/zmianawarty\/wp-json\/wp\/v2\/tags?post=434"}],"curies":[{"name":"wp","href":"https:\/\/api.w.org\/{rel}","templated":true}]}}