{"id":432,"date":"2018-08-28T11:03:32","date_gmt":"2018-08-28T09:03:32","guid":{"rendered":"https:\/\/zmianawarty.pl\/?p=432"},"modified":"2025-10-23T07:10:33","modified_gmt":"2025-10-23T05:10:33","slug":"jakie-skutki-podatkowe-na-gruncie-vat-wywoluje-wycofanie-okreslonych-skladnikow-z-majatku-firmowego-przed-przekazaniem-go-w-spadku-lub-darowiznie","status":"publish","type":"post","link":"https:\/\/pragmatiq.pl\/zmianawarty\/jakie-skutki-podatkowe-na-gruncie-vat-wywoluje-wycofanie-okreslonych-skladnikow-z-majatku-firmowego-przed-przekazaniem-go-w-spadku-lub-darowiznie\/","title":{"rendered":"Jakie skutki podatkowe na gruncie VAT wywo\u0142uje wycofanie okre\u015blonych sk\u0142adnik\u00f3w z maj\u0105tku firmowego przed przekazaniem go w spadku lub darowi\u017anie?"},"content":{"rendered":"\n<p><strong>Wy\u0142\u0105czenie sk\u0142adnik\u00f3w z maj\u0105tku firmowego przed spadkiem lub darowizn\u0105 jest neutralne podatkowo w PIT. Inaczej jest w przypadku VAT.<\/strong><\/p>\n\n\n\n<p>Wy\u0142\u0105czenie sk\u0142adnik\u00f3w z maj\u0105tku firmowego przed spadkiem lub darowizn\u0105 jest neutralne podatkowo w PIT, o czym mo\u017cna przeczyta\u0107 w odpowiedzi na pytanie: <em><a href=\"https:\/\/pragmatiq.pl\/zmianawarty\/czy-wylaczenie-okreslonych-skladnikow-z-majatku-firmowego-przed-przekazaniem-go-w-spadku-lub-darowiznie-podlega-opodatkowaniu-pit\/\">Czy wy\u0142\u0105czenie okre\u015blonych sk\u0142adnik\u00f3w z maj\u0105tku firmowego przed przekazaniem go w spadku lub darowi\u017anie podlega opodatkowaniu PIT?<\/a><\/em><\/p>\n\n\n\n<p>Je\u017celi przy nabyciu wycofywanego sk\u0142adnika maj\u0105tku przedsi\u0119biorcy przys\u0142ugiwa\u0142o prawo do odliczenia VAT, w\u00f3wczas przy wycofaniu nale\u017cy wykaza\u0107 VAT nale\u017cny, tak jakby przedsi\u0119biorca dokonywa\u0142 sprzeda\u017cy.<\/p>\n\n\n\n<p>Podstaw\u0105 opodatkowania danego \u015brodka trwa\u0142ego jest w takiej sytuacji bie\u017c\u0105ca warto\u015b\u0107 rynkowa tego sk\u0142adnika, a nie jego warto\u015b\u0107 wynikaj\u0105ca z ewidencji.<\/p>\n\n\n\n<h2 class=\"wp-block-heading\">Opodatkowanie VAT przy wycofaniu \u015brodka trwa\u0142ego &#8211; przyk\u0142ad z samochodem<\/h2>\n\n\n\n<p><strong>Przyk\u0142ad:<\/strong><\/p>\n\n\n\n<p><em>Na potrzeby prowadzonej dzia\u0142alno\u015bci gospodarczej przedsi\u0119biorca zakupi\u0142 w 2015 roku samoch\u00f3d osobowy o warto\u015bci 60 000 z\u0142 netto. Z tytu\u0142u zakupu odliczy\u0142 100% VAT w wysoko\u015bci 13 800 z\u0142. <\/em><\/p>\n\n\n\n<figure class=\"wp-block-embed is-type-video is-provider-youtube wp-block-embed-youtube wp-embed-aspect-16-9 wp-has-aspect-ratio\"><div class=\"wp-block-embed__wrapper\">\n<iframe title=\"Firma w testamencie - Jak przygotowa\u0107 si\u0119 do biznesowej zmiany warty?\" width=\"525\" height=\"295\" src=\"https:\/\/www.youtube.com\/embed\/Op1WOr19ChU?feature=oembed\" frameborder=\"0\" allow=\"accelerometer; autoplay; clipboard-write; encrypted-media; gyroscope; picture-in-picture; web-share\" referrerpolicy=\"strict-origin-when-cross-origin\" allowfullscreen><\/iframe>\n<\/div><figcaption class=\"wp-element-caption\">Jak przygotowa\u0107 si\u0119 do zmiany warty? Zobacz nasz film!<\/figcaption><\/figure>\n\n\n\n<p><em>&nbsp;<\/em><em>Z ko\u0144cem 2017 roku przedsi\u0119biorca zdecydowa\u0142 o wycofaniu samochodu na potrzeby prywatne. Z tego tytu\u0142u zobowi\u0105zany by\u0142 do zap\u0142aty VAT, a podstaw\u0105 opodatkowania by\u0142a warto\u015b\u0107 rynkowa samochodu z dnia przekazania na potrzeby w\u0142asne. <\/em><\/p>\n\n\n\n<p><em>\u00a0<\/em>Warto te\u017c sprawdzi\u0107, czy w zwi\u0105zku z wycofaniem danego sk\u0142adnika maj\u0105tku nie powstanie obowi\u0105zek dokonania korekty VAT, je\u015bli czynno\u015b\u0107 ta zostanie dokonana przed up\u0142ywem okresu wskazanego w ustawie o VAT (np. dla samochod\u00f3w o warto\u015bci przekraczaj\u0105cej 15 000 z\u0142 b\u0119dzie to pi\u0119\u0107 lat, a dla nieruchomo\u015bci \u2013 dziesi\u0119\u0107 lat).<\/p>\n\n\n\n<h2 class=\"wp-block-heading\"><strong><strong>Przyk\u0142ad skutk\u00f3w VAT przy przekazaniu nieruchomo\u015bci do maj\u0105tku prywatnego<\/strong><\/strong><\/h2>\n\n\n\n<p><strong>Przyk\u0142ad: <\/strong><\/p>\n\n\n\n<p><em>Przedsi\u0119biorca zakupi\u0142 w styczniu 2014 roku nieruchomo\u015b\u0107 u\u017cytkow\u0105 o warto\u015bci 600 000 z\u0142 netto. Z tytu\u0142u zakupu odliczy\u0142 VAT w wysoko\u015bci 138 000 z\u0142. W listopadzie 2018 roku zdecydowa\u0142 o przekazaniu w darowi\u017anie prowadzonego przez siebie przedsi\u0119biorstwa, jednak nieruchomo\u015b\u0107 chcia\u0142 zachowa\u0107 dla siebie <\/em><em>(na cele prywatne).<\/em><\/p>\n\n\n\n<p><em>&nbsp;<\/em><em>Z tytu\u0142u wycofania nieruchomo\u015bci na potrzeby w\u0142asne nie wyst\u0105pi\u0142 VAT do zap\u0142aty, gdy\u017c nieruchomo\u015b\u0107 by\u0142a zwolniona z VAT. Poniewa\u017c jednak w 2014 roku przedsi\u0119biorca odliczy\u0142 138 000 z\u0142 VAT, a przy przekazaniu tego podatku nie naliczy\u0142, musi skorygowa\u0107 wcze\u015bniej odliczon\u0105 kwot\u0119 w stosunku 59\/120 \u2013 przez 59 miesi\u0119cy (od stycznia 2014 roku do listopada 2018 roku) wykorzystywa\u0142 nieruchomo\u015b\u0107 do czynno\u015bci opodatkowanych VAT. W momencie wycofania do maj\u0105tku prywatnego przyjmuje si\u0119, \u017ce zmieni\u0142o si\u0119 przeznaczenie nieruchomo\u015bci i przez kolejne 61 miesi\u0119cy wykorzystywana jest ona do czynno\u015bci zwolnionych. Prawo do odliczenia VAT w tym zakresie zatem nie istnia\u0142o. <\/em><\/p>\n\n\n\n<p><em>&nbsp;<\/em><em>W konsekwencji przedsi\u0119biorca b\u0119dzie zobowi\u0105zany zwr\u00f3ci\u0107 do urz\u0119du skarbowego 70 150 z\u0142 VAT, kt\u00f3ry wcze\u015bniej odliczy\u0142. <\/em><\/p>\n\n\n\n<p><strong>Podstawa prawna<\/strong>: art. 7 ust. 2, art. 91 ustawy o VAT.<\/p>\n\n\n\n<p>Maria Ratajczyk<\/p>\n\n\n\n<div style=\"height:55px\" aria-hidden=\"true\" class=\"wp-block-spacer\"><\/div>\n\n\n\n<p>Powr\u00f3t do <a href=\"https:\/\/pragmatiq.pl\/zmianawarty\/wszystko-zostaje-w-rodzinie\/\"><strong>PYTANIA I ODPOWIEDZI<\/strong><\/a><\/p>\n\n\n\n<p><\/p>\n","protected":false},"excerpt":{"rendered":"<p>Wy\u0142\u0105czenie sk\u0142adnik\u00f3w z maj\u0105tku firmowego przed spadkiem lub darowizn\u0105 jest neutralne podatkowo w PIT. Inaczej jest w przypadku VAT. Wy\u0142\u0105czenie sk\u0142adnik\u00f3w z maj\u0105tku firmowego przed spadkiem lub darowizn\u0105 jest neutralne podatkowo w PIT, o czym mo\u017cna przeczyta\u0107 w odpowiedzi na pytanie: Czy wy\u0142\u0105czenie okre\u015blonych sk\u0142adnik\u00f3w z maj\u0105tku firmowego przed przekazaniem go w spadku lub darowi\u017anie &hellip; <\/p>\n<p class=\"link-more\"><a href=\"https:\/\/pragmatiq.pl\/zmianawarty\/jakie-skutki-podatkowe-na-gruncie-vat-wywoluje-wycofanie-okreslonych-skladnikow-z-majatku-firmowego-przed-przekazaniem-go-w-spadku-lub-darowiznie\/\" class=\"more-link\">Continue reading<span class=\"screen-reader-text\"> &#8222;Jakie skutki podatkowe na gruncie VAT wywo\u0142uje wycofanie okre\u015blonych sk\u0142adnik\u00f3w z maj\u0105tku firmowego przed przekazaniem go w spadku lub darowi\u017anie?&#8221;<\/span><\/a><\/p>\n","protected":false},"author":15,"featured_media":398,"comment_status":"open","ping_status":"open","sticky":false,"template":"","format":"standard","meta":{"footnotes":""},"categories":[98,4,24],"tags":[61,87,175],"class_list":["post-432","post","type-post","status-publish","format-standard","has-post-thumbnail","hentry","category-wszystko-zostaje-w-rodzinie-czyli-przekazanie-firmy-innym-czlonkom-rodziny","category-artykuly","category-podatki-dochodowe-i-podatek-od-towarow-i-uslug","tag-firma-w-spadku","tag-vat","tag-wyjscie-z-biznesu"],"_links":{"self":[{"href":"https:\/\/pragmatiq.pl\/zmianawarty\/wp-json\/wp\/v2\/posts\/432","targetHints":{"allow":["GET"]}}],"collection":[{"href":"https:\/\/pragmatiq.pl\/zmianawarty\/wp-json\/wp\/v2\/posts"}],"about":[{"href":"https:\/\/pragmatiq.pl\/zmianawarty\/wp-json\/wp\/v2\/types\/post"}],"author":[{"embeddable":true,"href":"https:\/\/pragmatiq.pl\/zmianawarty\/wp-json\/wp\/v2\/users\/15"}],"replies":[{"embeddable":true,"href":"https:\/\/pragmatiq.pl\/zmianawarty\/wp-json\/wp\/v2\/comments?post=432"}],"version-history":[{"count":13,"href":"https:\/\/pragmatiq.pl\/zmianawarty\/wp-json\/wp\/v2\/posts\/432\/revisions"}],"predecessor-version":[{"id":5008,"href":"https:\/\/pragmatiq.pl\/zmianawarty\/wp-json\/wp\/v2\/posts\/432\/revisions\/5008"}],"wp:featuredmedia":[{"embeddable":true,"href":"https:\/\/pragmatiq.pl\/zmianawarty\/wp-json\/wp\/v2\/media\/398"}],"wp:attachment":[{"href":"https:\/\/pragmatiq.pl\/zmianawarty\/wp-json\/wp\/v2\/media?parent=432"}],"wp:term":[{"taxonomy":"category","embeddable":true,"href":"https:\/\/pragmatiq.pl\/zmianawarty\/wp-json\/wp\/v2\/categories?post=432"},{"taxonomy":"post_tag","embeddable":true,"href":"https:\/\/pragmatiq.pl\/zmianawarty\/wp-json\/wp\/v2\/tags?post=432"}],"curies":[{"name":"wp","href":"https:\/\/api.w.org\/{rel}","templated":true}]}}