{"id":430,"date":"2018-08-28T11:00:30","date_gmt":"2018-08-28T09:00:30","guid":{"rendered":"https:\/\/zmianawarty.pl\/?p=430"},"modified":"2024-09-19T13:10:30","modified_gmt":"2024-09-19T11:10:30","slug":"czy-spadek-lub-darowizna-podlega-opodatkowaniu-vat-lub-pcc","status":"publish","type":"post","link":"https:\/\/pragmatiq.pl\/zmianawarty\/czy-spadek-lub-darowizna-podlega-opodatkowaniu-vat-lub-pcc\/","title":{"rendered":"Czy spadek lub darowizna podlega opodatkowaniu VAT lub PCC?"},"content":{"rendered":"\n<p><strong>Na gruncie ustawy o VAT opodatkowaniu tym podatkiem podlega wy\u0142\u0105cznie darowizna (w chwili przekazania maj\u0105tku).<\/strong><\/p>\n\n\n\n<p>Zdarzy si\u0119 tak, gdy w sk\u0142ad darowizny wejd\u0105 sk\u0142adniki maj\u0105tku, w stosunku do kt\u00f3rych darczy\u0144cy przys\u0142ugiwa\u0142o prawo do odliczenia VAT przy ich nabyciu. W\u00f3wczas darowizna taka traktowana b\u0119dzie jako nieodp\u0142atna dostawa towar\u00f3w. Je\u017celi jako taka dostawa towar\u00f3w nie b\u0119dzie ona zwolniona z VAT, darczy\u0144ca b\u0119dzie zobowi\u0105zany odprowadzi\u0107 ten podatek.<\/p>\n\n\n\n<p>Co wa\u017cne, je\u017celi w sk\u0142ad darowizny wchodzi\u0107 b\u0119d\u0105 sk\u0142adniki maj\u0105tku, kt\u00f3re zar\u00f3wno u darczy\u0144cy, jak i obdarowanego stanowi\u0107 b\u0119d\u0105 przedsi\u0119biorstwo lub zorganizowan\u0105 cz\u0119\u015b\u0107 przedsi\u0119biorstwa, w\u00f3wczas darowizna pozostanie wy\u0142\u0105czona z opodatkowania VAT.<\/p>\n\n\n\n<figure class=\"wp-block-embed is-type-video is-provider-youtube wp-block-embed-youtube wp-embed-aspect-16-9 wp-has-aspect-ratio\"><div class=\"wp-block-embed__wrapper\">\n<iframe title=\"Firma w testamencie - Jak przygotowa\u0107 si\u0119 do biznesowej zmiany warty?\" width=\"525\" height=\"295\" src=\"https:\/\/www.youtube.com\/embed\/Op1WOr19ChU?feature=oembed\" frameborder=\"0\" allow=\"accelerometer; autoplay; clipboard-write; encrypted-media; gyroscope; picture-in-picture; web-share\" referrerpolicy=\"strict-origin-when-cross-origin\" allowfullscreen><\/iframe>\n<\/div><figcaption class=\"wp-element-caption\">jak przygotowa\u0107 si\u0119 do sukcesji? Zobacz nasz film!<\/figcaption><\/figure>\n\n\n\n<p>Warto mie\u0107 r\u00f3wnie\u017c na uwadze, \u017ce otrzymanie sk\u0142adnik\u00f3w maj\u0105tku w formie darowizny lub spadku mo\u017ce spowodowa\u0107 obowi\u0105zek zap\u0142aty PCC.<\/p>\n\n\n\n<p>W przypadku umowy darowizny obowi\u0105zek zap\u0142aty PCC wyst\u0105pi po stronie obdarowanego, gdy zostan\u0105 przej\u0119te przez niego d\u0142ugi i ci\u0119\u017cary albo zobowi\u0105zania darczy\u0144cy. W\u00f3wczas ich warto\u015b\u0107 jest podstaw\u0105 opodatkowania tym podatkiem.<\/p>\n\n\n\n<p>W przypadku spadku podlega\u0107 PCC b\u0119dzie czynno\u015b\u0107 dzia\u0142u spadku, je\u017celi w zwi\u0105zku z ni\u0105 dokonywane b\u0119d\u0105 sp\u0142aty lub dop\u0142aty, o czym wi\u0119cej mo\u017cna przeczyta\u0107 w odpowiedzi na pytanie:<em><a href=\"https:\/\/pragmatiq.pl\/zmianawarty\/jakie-sa-skutki-podatkowe-odplatnego-zniesienia-wspolwlasnosci-majatku-po-podziale-spadku\/\"> Jakie s\u0105 skutki podatkowe odp\u0142atnego zniesienia wsp\u00f3\u0142w\u0142asno\u015bci maj\u0105tku po podziale spadku?<\/a><\/em><\/p>\n\n\n\n<p><strong>Podstawa prawna<\/strong>: art. 7 ust. 2 ustawy o VAT; art. 1 ust. 1 pkt 1 lit. f ustawy o PCC.<\/p>\n\n\n\n<p>Maria Ratajczyk<\/p>\n\n\n\n<div style=\"height:32px\" aria-hidden=\"true\" class=\"wp-block-spacer\"><\/div>\n\n\n\n<p>Powr\u00f3t do <a href=\"https:\/\/pragmatiq.pl\/zmianawarty\/wszystko-zostaje-w-rodzinie\/\"><strong>PYTANIA I ODPOWIEDZI<\/strong><\/a><\/p>\n\n\n\n<p><\/p>\n","protected":false},"excerpt":{"rendered":"<p>Na gruncie ustawy o VAT opodatkowaniu tym podatkiem podlega wy\u0142\u0105cznie darowizna (w chwili przekazania maj\u0105tku). Zdarzy si\u0119 tak, gdy w sk\u0142ad darowizny wejd\u0105 sk\u0142adniki maj\u0105tku, w stosunku do kt\u00f3rych darczy\u0144cy przys\u0142ugiwa\u0142o prawo do odliczenia VAT przy ich nabyciu. W\u00f3wczas darowizna taka traktowana b\u0119dzie jako nieodp\u0142atna dostawa towar\u00f3w. Je\u017celi jako taka dostawa towar\u00f3w nie b\u0119dzie ona &hellip; <\/p>\n<p class=\"link-more\"><a href=\"https:\/\/pragmatiq.pl\/zmianawarty\/czy-spadek-lub-darowizna-podlega-opodatkowaniu-vat-lub-pcc\/\" class=\"more-link\">Continue reading<span class=\"screen-reader-text\"> &#8222;Czy spadek lub darowizna podlega opodatkowaniu VAT lub PCC?&#8221;<\/span><\/a><\/p>\n","protected":false},"author":15,"featured_media":398,"comment_status":"open","ping_status":"open","sticky":false,"template":"","format":"standard","meta":{"footnotes":""},"categories":[98,4,24],"tags":[88,87],"class_list":["post-430","post","type-post","status-publish","format-standard","has-post-thumbnail","hentry","category-wszystko-zostaje-w-rodzinie-czyli-przekazanie-firmy-innym-czlonkom-rodziny","category-artykuly","category-podatki-dochodowe-i-podatek-od-towarow-i-uslug","tag-pcc","tag-vat"],"_links":{"self":[{"href":"https:\/\/pragmatiq.pl\/zmianawarty\/wp-json\/wp\/v2\/posts\/430","targetHints":{"allow":["GET"]}}],"collection":[{"href":"https:\/\/pragmatiq.pl\/zmianawarty\/wp-json\/wp\/v2\/posts"}],"about":[{"href":"https:\/\/pragmatiq.pl\/zmianawarty\/wp-json\/wp\/v2\/types\/post"}],"author":[{"embeddable":true,"href":"https:\/\/pragmatiq.pl\/zmianawarty\/wp-json\/wp\/v2\/users\/15"}],"replies":[{"embeddable":true,"href":"https:\/\/pragmatiq.pl\/zmianawarty\/wp-json\/wp\/v2\/comments?post=430"}],"version-history":[{"count":11,"href":"https:\/\/pragmatiq.pl\/zmianawarty\/wp-json\/wp\/v2\/posts\/430\/revisions"}],"predecessor-version":[{"id":4785,"href":"https:\/\/pragmatiq.pl\/zmianawarty\/wp-json\/wp\/v2\/posts\/430\/revisions\/4785"}],"wp:featuredmedia":[{"embeddable":true,"href":"https:\/\/pragmatiq.pl\/zmianawarty\/wp-json\/wp\/v2\/media\/398"}],"wp:attachment":[{"href":"https:\/\/pragmatiq.pl\/zmianawarty\/wp-json\/wp\/v2\/media?parent=430"}],"wp:term":[{"taxonomy":"category","embeddable":true,"href":"https:\/\/pragmatiq.pl\/zmianawarty\/wp-json\/wp\/v2\/categories?post=430"},{"taxonomy":"post_tag","embeddable":true,"href":"https:\/\/pragmatiq.pl\/zmianawarty\/wp-json\/wp\/v2\/tags?post=430"}],"curies":[{"name":"wp","href":"https:\/\/api.w.org\/{rel}","templated":true}]}}