{"id":4204,"date":"2023-12-07T16:32:55","date_gmt":"2023-12-07T15:32:55","guid":{"rendered":"https:\/\/zmianawarty.pl\/?p=4204"},"modified":"2024-09-16T15:13:39","modified_gmt":"2024-09-16T13:13:39","slug":"kurs-fr-obrazek","status":"publish","type":"post","link":"https:\/\/pragmatiq.pl\/zmianawarty\/kurs-fr-obrazek\/","title":{"rendered":"Kurs video &#8222;Fundacja rodzinna &#8211; sukcesja w\u00a0biznesie w\u00a0praktycznych pytaniach i\u00a0odpowiedziach&#8221;"},"content":{"rendered":"\n<p>Dowiedz si\u0119 wi\u0119cej na\u00a0temat najnowszych przepis\u00f3w dotycz\u0105cych <strong>fundacji rodzinnej<\/strong> i\u00a0poznaj jej najwi\u0119ksze zalety w\u00a0naszym kursie!<\/p>\n\n\n\n<h2 class=\"wp-block-heading\">Dlaczego warto za\u0142o\u017cy\u0107 fundacj\u0119 rodzinn\u0105?<\/h2>\n\n\n\n<ul class=\"wp-block-list\">\n<li>zabezpieczenie i\u00a0utrzymanie maj\u0105tku w\u00a0r\u0119kach rodziny na\u00a0pokolenia<\/li>\n\n\n\n<li>zapewnienie wykorzystania maj\u0105tku rodzinnego zgodnie z\u00a0wol\u0105 fundatora<\/li>\n\n\n\n<li>uzyskanie korzy\u015bci przy wdra\u017caniu i\u00a0realizacji planu sukcesji<\/li>\n\n\n\n<li>szansa na\u00a0unikni\u0119cie zachowku<\/li>\n\n\n\n<li>mo\u017cliwo\u015b\u0107 korzystania z licznych preferencji i zwolnie\u0144 podatkowych<\/li>\n\n\n\n<li>minimalizacja ryzyka konflikt\u00f3w w rodzinie<\/li>\n<\/ul>\n\n\n\n<h2 class=\"wp-block-heading\">Z\u00a0naszego kursu dowiesz si\u0119 m.in.<\/h2>\n\n\n\n<ul class=\"wp-block-list\">\n<li>na&nbsp;co&nbsp;koniecznie zwr\u00f3ci\u0107 uwag\u0119 przy planowaniu sukcesji i&nbsp;za\u0142o\u017ceniu fundacji rodzinnej<\/li>\n\n\n\n<li>jaki maj\u0105tek nale\u017cy wnie\u015b\u0107 do&nbsp;fundacji rodzinnej, w&nbsp;jaki spos\u00f3b to&nbsp;zrobi\u0107 i&nbsp;jakie wi\u0105\u017c\u0105 si\u0119 z&nbsp;tym skutki podatkowe<\/li>\n\n\n\n<li>jak opodatkowana jest fundacja rodzinna i\u00a0wyp\u0142ata \u015bwiadcze\u0144 na\u00a0rzecz jej beneficjent\u00f3w<\/li>\n\n\n\n<li>czy&nbsp;fundacja rodzinna pozwala na&nbsp;unikni\u0119cie obowi\u0105zku zap\u0142aty zachowku<\/li>\n\n\n\n<li>jak wygl\u0105da prowadzenie ksi\u0119gowo\u015bci w\u00a0fundacji rodzinnej<\/li>\n<\/ul>\n\n\n\n<p><a href=\"https:\/\/pragmatiq.pl\/kursy\/fundacjarodzinna\/\">Sprawd\u017a program i <\/a><a href=\"https:\/\/pragmatiq.pl\/kursy\/fundacjarodzinna\/\" target=\"_blank\" rel=\"noreferrer noopener\">wykup dost\u0119p tutaj!<\/a><\/p>\n","protected":false},"excerpt":{"rendered":"<p>Dowiedz si\u0119 wi\u0119cej na\u00a0temat najnowszych przepis\u00f3w dotycz\u0105cych fundacji rodzinnej i\u00a0poznaj jej najwi\u0119ksze zalety w\u00a0naszym kursie! Dlaczego warto za\u0142o\u017cy\u0107 fundacj\u0119 rodzinn\u0105? Z\u00a0naszego kursu dowiesz si\u0119 m.in. Sprawd\u017a program i wykup dost\u0119p tutaj!<\/p>\n","protected":false},"author":27,"featured_media":4205,"comment_status":"open","ping_status":"open","sticky":false,"template":"","format":"standard","meta":{"footnotes":""},"categories":[1],"tags":[],"class_list":["post-4204","post","type-post","status-publish","format-standard","has-post-thumbnail","hentry","category-bez-kategorii"],"_links":{"self":[{"href":"https:\/\/pragmatiq.pl\/zmianawarty\/wp-json\/wp\/v2\/posts\/4204","targetHints":{"allow":["GET"]}}],"collection":[{"href":"https:\/\/pragmatiq.pl\/zmianawarty\/wp-json\/wp\/v2\/posts"}],"about":[{"href":"https:\/\/pragmatiq.pl\/zmianawarty\/wp-json\/wp\/v2\/types\/post"}],"author":[{"embeddable":true,"href":"https:\/\/pragmatiq.pl\/zmianawarty\/wp-json\/wp\/v2\/users\/27"}],"replies":[{"embeddable":true,"href":"https:\/\/pragmatiq.pl\/zmianawarty\/wp-json\/wp\/v2\/comments?post=4204"}],"version-history":[{"count":2,"href":"https:\/\/pragmatiq.pl\/zmianawarty\/wp-json\/wp\/v2\/posts\/4204\/revisions"}],"predecessor-version":[{"id":4282,"href":"https:\/\/pragmatiq.pl\/zmianawarty\/wp-json\/wp\/v2\/posts\/4204\/revisions\/4282"}],"wp:featuredmedia":[{"embeddable":true,"href":"https:\/\/pragmatiq.pl\/zmianawarty\/wp-json\/wp\/v2\/media\/4205"}],"wp:attachment":[{"href":"https:\/\/pragmatiq.pl\/zmianawarty\/wp-json\/wp\/v2\/media?parent=4204"}],"wp:term":[{"taxonomy":"category","embeddable":true,"href":"https:\/\/pragmatiq.pl\/zmianawarty\/wp-json\/wp\/v2\/categories?post=4204"},{"taxonomy":"post_tag","embeddable":true,"href":"https:\/\/pragmatiq.pl\/zmianawarty\/wp-json\/wp\/v2\/tags?post=4204"}],"curies":[{"name":"wp","href":"https:\/\/api.w.org\/{rel}","templated":true}]}}