{"id":415,"date":"2018-08-28T09:55:19","date_gmt":"2018-08-28T07:55:19","guid":{"rendered":"https:\/\/zmianawarty.pl\/?p=415"},"modified":"2024-09-19T13:38:40","modified_gmt":"2024-09-19T11:38:40","slug":"czy-spolka-rozwiazuje-sie-wskutek-smierci-wspolnika","status":"publish","type":"post","link":"https:\/\/pragmatiq.pl\/zmianawarty\/czy-spolka-rozwiazuje-sie-wskutek-smierci-wspolnika\/","title":{"rendered":"Czy sp\u00f3\u0142ka rozwi\u0105zuje si\u0119 wskutek \u015bmierci wsp\u00f3lnika?"},"content":{"rendered":"<div id=\"ez-toc-container\" class=\"ez-toc-v2_0_82_2 counter-hierarchy ez-toc-counter ez-toc-white ez-toc-container-direction\">\n<div class=\"ez-toc-title-container\"><p class=\"ez-toc-title\" style=\"cursor:inherit\">Spis tre\u015bci<\/p>\n<\/div><nav><ul class='ez-toc-list ez-toc-list-level-1 ' ><li class='ez-toc-page-1 ez-toc-heading-level-2'><a class=\"ez-toc-link ez-toc-heading-1\" href=\"https:\/\/pragmatiq.pl\/zmianawarty\/czy-spolka-rozwiazuje-sie-wskutek-smierci-wspolnika\/#Spolka_cywilna\" >Sp\u00f3\u0142ka cywilna<\/a><\/li><li class='ez-toc-page-1 ez-toc-heading-level-2'><a class=\"ez-toc-link ez-toc-heading-2\" href=\"https:\/\/pragmatiq.pl\/zmianawarty\/czy-spolka-rozwiazuje-sie-wskutek-smierci-wspolnika\/#Spolka_jawna\" >Sp\u00f3\u0142ka jawna<\/a><\/li><li class='ez-toc-page-1 ez-toc-heading-level-2'><a class=\"ez-toc-link ez-toc-heading-3\" href=\"https:\/\/pragmatiq.pl\/zmianawarty\/czy-spolka-rozwiazuje-sie-wskutek-smierci-wspolnika\/#Spolka_komandytowa_i_spolka_komandytowo-akcyjna\" >Sp\u00f3\u0142ka komandytowa i sp\u00f3\u0142ka komandytowo-akcyjna<\/a><\/li><li class='ez-toc-page-1 ez-toc-heading-level-2'><a class=\"ez-toc-link ez-toc-heading-4\" href=\"https:\/\/pragmatiq.pl\/zmianawarty\/czy-spolka-rozwiazuje-sie-wskutek-smierci-wspolnika\/#Spolka_z_oo_spolka_akcyjna_i_prosta_spolka_akcyjna\" >Sp\u00f3\u0142ka z o.o., sp\u00f3\u0142ka akcyjna i prosta sp\u00f3\u0142ka akcyjna<\/a><\/li><li class='ez-toc-page-1 ez-toc-heading-level-2'><a class=\"ez-toc-link ez-toc-heading-5\" href=\"https:\/\/pragmatiq.pl\/zmianawarty\/czy-spolka-rozwiazuje-sie-wskutek-smierci-wspolnika\/#Smierc_wspolnika_a_fundacja_rodzinna\" >\u015amier\u0107 wsp\u00f3lnika a fundacja rodzinna&nbsp;&nbsp;<\/a><\/li><\/ul><\/nav><\/div>\n\n<p><strong>Znaczna cz\u0119\u015b\u0107 um\u00f3w i statut\u00f3w sp\u00f3\u0142ek milczy na temat dziedziczenia. Brak jakiegokolwiek uregulowania w tym zakresie powoduje, \u017ce w przypadku \u015bmierci wsp\u00f3lnika obowi\u0105zuj\u0105ce staj\u0105 si\u0119 og\u00f3lne zasady wynikaj\u0105ce z odpowiednich ustaw. Co to oznacza?<\/strong><\/p>\n\n\n\n<h2 class=\"wp-block-heading\"><span class=\"ez-toc-section\" id=\"Spolka_cywilna\"><\/span>Sp\u00f3\u0142ka cywilna<span class=\"ez-toc-section-end\"><\/span><\/h2>\n\n\n\n<p>Je\u015bli umowa sp\u00f3\u0142ki cywilnej nie zawiera \u017cadnej wzmianki na temat dziedziczenia oraz nie ustanowiono zarz\u0105du sukcesyjnego, z chwil\u0105 \u015bmierci jednego ze wsp\u00f3lnik\u00f3w sp\u00f3\u0142ka przestaje istnie\u0107. Dzieje si\u0119 tak nawet w przypadku sp\u00f3\u0142ek wieloosobowych, kt\u00f3rych dzia\u0142alno\u015b\u0107 w wielu przypadkach mog\u0142aby by\u0107 kontynuowana.<\/p>\n\n\n\n<p>Kodeks cywilny zawiera tymczasem regulacj\u0119 pozwalaj\u0105c\u0105 spadkobiercom wsp\u00f3lnika na wej\u015bcie do sp\u00f3\u0142ki. Wymaga to jednak odpowiedniego zastrze\u017cenia (w umowie sp\u00f3\u0142ki albo w uchwale wsp\u00f3lnik\u00f3w) oraz wskazania przez spadkobierc\u00f3w jednej osoby, kt\u00f3ra b\u0119dzie wykonywa\u0142a ich prawa. W praktyce, w przypadku jakiegokolwiek sporu spadkobierc\u00f3w lub trudno\u015bci w ustaleniu kr\u0119gu spadkobierc\u00f3w, trudno jest skorzysta\u0107 z opisanej mo\u017cliwo\u015bci.<\/p>\n\n\n\n<figure class=\"wp-block-embed is-type-video is-provider-youtube wp-block-embed-youtube wp-embed-aspect-16-9 wp-has-aspect-ratio\"><div class=\"wp-block-embed__wrapper\">\n<iframe title=\"Jak skonstruowa\u0107 u\u017cyteczn\u0105 umow\u0119 sp\u00f3\u0142ki?\" width=\"525\" height=\"295\" src=\"https:\/\/www.youtube.com\/embed\/HroXWwHCFpQ?feature=oembed\" frameborder=\"0\" allow=\"accelerometer; autoplay; clipboard-write; encrypted-media; gyroscope; picture-in-picture; web-share\" referrerpolicy=\"strict-origin-when-cross-origin\" allowfullscreen><\/iframe>\n<\/div><figcaption class=\"wp-element-caption\">Jak przygotowa\u0107 u\u017cyteczn\u0105 umow\u0119 sp\u00f3\u0142ki? Zobacz nasz film!<\/figcaption><\/figure>\n\n\n\n<p>W ustawie o zarz\u0105dzie sukcesyjnym przewidziano, \u017ce kontynuacj\u0119 funkcjonowania sp\u00f3\u0142ki cywilnej na dotychczasowych zasadach mo\u017ce zapewni\u0107 ustanowienie zarz\u0105du sukcesyjnego. Ustanowi\u0107 go mo\u017ce, jeszcze za \u017cycia, wsp\u00f3lnik sp\u00f3\u0142ki cywilnej, a po jego \u015bmierci zarz\u0105d ustanowi\u0107 mog\u0105 osoby uprawnione. Kontynuacja funkcjonowania sp\u00f3\u0142ki ma miejsce, gdy jeszcze za \u017cycia wsp\u00f3lnika zastrze\u017cono, \u017ce w przypadku \u015bmierci spadkobiercy wst\u0119puj\u0105 oni w jego miejsce. W\u00f3wczas prawa spadkobierc\u00f3w przedsi\u0119biorcy w sp\u00f3\u0142ce wykonuje zarz\u0105dca sukcesyjny. Od dnia ustanowienia zarz\u0105du sukcesyjnego jest on uprawniony i zobowi\u0105zany do prowadzenia spraw sp\u00f3\u0142ki oraz jej reprezentacji na zasadach dotychczasowych dla zmar\u0142ego wsp\u00f3lnika.<\/p>\n\n\n\n<h2 class=\"wp-block-heading\"><span class=\"ez-toc-section\" id=\"Spolka_jawna\"><\/span>Sp\u00f3\u0142ka jawna<span class=\"ez-toc-section-end\"><\/span><\/h2>\n\n\n\n<p>\u015amier\u0107 wsp\u00f3lnika sp\u00f3\u0142ki jawnej jest, co do zasady, przyczyn\u0105 rozwi\u0105zania sp\u00f3\u0142ki. Sp\u00f3\u0142ka mo\u017ce jednak kontynuowa\u0107 dzia\u0142alno\u015b\u0107, je\u015bli wszyscy pozostali wsp\u00f3lnicy niezw\u0142ocznie (w ci\u0105gu kilku lub kilkunastu dni od \u015bmierci wsp\u00f3lnika) postanowi\u0105, \u017ce sp\u00f3\u0142ka trwa dalej. Nie dotyczy to jednak sytuacji, gdy w sp\u00f3\u0142ce pozostaje tylko jeden wsp\u00f3lnik. Jedyny wsp\u00f3lnik mo\u017ce ubiega\u0107 si\u0119 o przej\u0119cie ca\u0142ego maj\u0105tku sp\u00f3\u0142ki w celu jednoosobowej kontynuacji jej dzia\u0142alno\u015bci.<\/p>\n\n\n\n<h2 class=\"wp-block-heading\"><span class=\"ez-toc-section\" id=\"Spolka_komandytowa_i_spolka_komandytowo-akcyjna\"><\/span>Sp\u00f3\u0142ka komandytowa i sp\u00f3\u0142ka komandytowo-akcyjna<span class=\"ez-toc-section-end\"><\/span><\/h2>\n\n\n\n<p>Co do zasady, \u015bmier\u0107 komandytariusza i akcjonariusza nie powoduje rozwi\u0105zania sp\u00f3\u0142ki. Inaczej jest w przypadku komplementariusza, kt\u00f3rego \u015bmier\u0107 mo\u017ce powodowa\u0107 zako\u0144czenie dzia\u0142alno\u015bci sp\u00f3\u0142ki.<\/p>\n\n\n\n<h2 class=\"wp-block-heading\"><span class=\"ez-toc-section\" id=\"Spolka_z_oo_spolka_akcyjna_i_prosta_spolka_akcyjna\"><\/span>Sp\u00f3\u0142ka z o.o., sp\u00f3\u0142ka akcyjna i prosta sp\u00f3\u0142ka akcyjna<span class=\"ez-toc-section-end\"><\/span><\/h2>\n\n\n\n<p>Sp\u00f3\u0142ka z ograniczon\u0105 odpowiedzialno\u015bci\u0105, sp\u00f3\u0142ka akcyjna i prosta sp\u00f3\u0142ka akcyjna mog\u0105 kontynuowa\u0107 swoj\u0105 dzia\u0142alno\u015b\u0107 bez wzgl\u0119du na \u015bmier\u0107 wsp\u00f3lnika (akcjonariusza).<\/p>\n\n\n\n<p>Zach\u0119camy do zapoznanie si\u0119 z naszymi wpisami na takie tematy jak&nbsp;<a href=\"https:\/\/pragmatiq.pl\/zmianawarty\/kto-i-kiedy-zglasza-do-ceidg-wygasniecie-zarzadu-sukcesyjnego-oraz-wykresla-przedsiebiorstwo-w-spadku\/\">zarz\u0105d sukcesyjny<\/a>&nbsp;oraz&nbsp;<a href=\"https:\/\/pragmatiq.pl\/zmianawarty\/skutki-podatkowe-aportu-przedsiebiorstwa-w-spadku-do-spolki-osobowej\/\">nabycie przedsi\u0119biorstwa w spadku<\/a>. <\/p>\n\n\n\n<p>Wiele kwestii zwi\u0105zanych z dziedziczeniem mo\u017cna odmiennie uregulowa\u0107 w umowach lub statutach sp\u00f3\u0142ek, ni\u017c wynika to z przepis\u00f3w ustawowych. Wi\u0119cej na ten temat przeczytasz w artykule:\u00a0<a href=\"https:\/\/pragmatiq.pl\/zmianawarty\/\"><em>Jak umowy i\u00a0statuty sp\u00f3\u0142ek wp\u0142ywaj\u0105 na\u00a0dziedziczenie?<\/em><\/a><\/p>\n\n\n\n<p>Wi\u0119cej o tym jak zabezpieczy\u0107 sp\u00f3\u0142k\u0119 z o.o. na wypadek \u015bmierci jednego ze wsp\u00f3lnik\u00f3w przeczytasz w artykule:<em><a href=\"https:\/\/www.doradzamy.to\/artykuly\/smierc-wspolnika-spolki-z-o-o-jak-zabezpieczyc-spolke-na-wypadek-smierci\" target=\"_blank\" rel=\"noopener\">&nbsp;\u015amier\u0107 wsp\u00f3lnika sp\u00f3\u0142ki z o.o. &#8211; jak zabezpieczy\u0107 sp\u00f3\u0142k\u0119 na wypadek \u015bmierci?<\/a><\/em><\/p>\n\n\n\n<p><strong>Co to jest sukcesja w dwuosobowej sp\u00f3\u0142ce cywilnej?<\/strong><br>Powo\u0142anie zarz\u0105dcy sukcesyjnego w sp\u00f3\u0142ce cywilnej funkcjonuje na takich samych zasadach jak w przypadku dzia\u0142alno\u015bci jednoosobowej. W zwi\u0105zku z tym zarz\u0105dca sukcesyjny ustanawiany jest przez poszczeg\u00f3lnych wsp\u00f3lnik\u00f3w na wypadek ich \u015bmierci, poprzez wpisanie ich do CEIDG.<\/p>\n\n\n\n<h2 class=\"wp-block-heading\"><span class=\"ez-toc-section\" id=\"Smierc_wspolnika_a_fundacja_rodzinna\"><\/span><strong>\u015amier\u0107 wsp\u00f3lnika a fundacja rodzinna&nbsp;<\/strong>&nbsp;<span class=\"ez-toc-section-end\"><\/span><\/h2>\n\n\n\n<p>Rozwi\u0105zaniem, kt\u00f3re zapewnia dalsze dzia\u0142anie rodzinnych firm, nawet po \u015bmierci przedsi\u0119biorcy mo\u017ce by\u0107 r\u00f3wnie\u017c fundacja rodzinna.&nbsp;\u017beby dowiedzie\u0107 si\u0119 wi\u0119cej o tym, do czego s\u0142u\u017cy oraz kto mo\u017ce skorzysta\u0107 z fundacji rodzinnej, przeczytaj nasz artyku\u0142 <a href=\"https:\/\/pragmatiq.pl\/zmianawarty\/dla-kogo-fundacja-rodzinna\/\" target=\"_blank\" rel=\"noreferrer noopener\">Dla kogo fundacja rodzinna?<\/a>. &nbsp;<\/p>\n\n\n\n<p><em>Micha\u0142 Walczak<\/em><\/p>\n\n\n\n<div style=\"height:31px\" aria-hidden=\"true\" class=\"wp-block-spacer\"><\/div>\n\n\n\n<p>Powr\u00f3t do <a href=\"https:\/\/pragmatiq.pl\/zmianawarty\/wszystko-zostaje-w-rodzinie\/\"><strong>PYTANIA I ODPOWIEDZI<\/strong><\/a><\/p>\n\n\n\n<p><\/p>\n","protected":false},"excerpt":{"rendered":"<p>Znaczna cz\u0119\u015b\u0107 um\u00f3w i statut\u00f3w sp\u00f3\u0142ek milczy na temat dziedziczenia. Brak jakiegokolwiek uregulowania w tym zakresie powoduje, \u017ce w przypadku \u015bmierci wsp\u00f3lnika obowi\u0105zuj\u0105ce staj\u0105 si\u0119 og\u00f3lne zasady wynikaj\u0105ce z odpowiednich ustaw. Co to oznacza? Sp\u00f3\u0142ka cywilna Je\u015bli umowa sp\u00f3\u0142ki cywilnej nie zawiera \u017cadnej wzmianki na temat dziedziczenia oraz nie ustanowiono zarz\u0105du sukcesyjnego, z chwil\u0105 \u015bmierci &hellip; <\/p>\n<p class=\"link-more\"><a href=\"https:\/\/pragmatiq.pl\/zmianawarty\/czy-spolka-rozwiazuje-sie-wskutek-smierci-wspolnika\/\" class=\"more-link\">Continue reading<span class=\"screen-reader-text\"> &#8222;Czy sp\u00f3\u0142ka rozwi\u0105zuje si\u0119 wskutek \u015bmierci wsp\u00f3lnika?&#8221;<\/span><\/a><\/p>\n","protected":false},"author":9,"featured_media":398,"comment_status":"open","ping_status":"open","sticky":false,"template":"","format":"standard","meta":{"footnotes":""},"categories":[98,4,21],"tags":[61,84,173,174,175],"class_list":["post-415","post","type-post","status-publish","format-standard","has-post-thumbnail","hentry","category-wszystko-zostaje-w-rodzinie-czyli-przekazanie-firmy-innym-czlonkom-rodziny","category-artykuly","category-dziedziczenie-spolki","tag-firma-w-spadku","tag-smierc-wspolnika","tag-spolka-rodzinna-z-zewnetrznym-menedzerem","tag-wszystko-zostaje-w-rodzinie","tag-wyjscie-z-biznesu"],"_links":{"self":[{"href":"https:\/\/pragmatiq.pl\/zmianawarty\/wp-json\/wp\/v2\/posts\/415","targetHints":{"allow":["GET"]}}],"collection":[{"href":"https:\/\/pragmatiq.pl\/zmianawarty\/wp-json\/wp\/v2\/posts"}],"about":[{"href":"https:\/\/pragmatiq.pl\/zmianawarty\/wp-json\/wp\/v2\/types\/post"}],"author":[{"embeddable":true,"href":"https:\/\/pragmatiq.pl\/zmianawarty\/wp-json\/wp\/v2\/users\/9"}],"replies":[{"embeddable":true,"href":"https:\/\/pragmatiq.pl\/zmianawarty\/wp-json\/wp\/v2\/comments?post=415"}],"version-history":[{"count":20,"href":"https:\/\/pragmatiq.pl\/zmianawarty\/wp-json\/wp\/v2\/posts\/415\/revisions"}],"predecessor-version":[{"id":4793,"href":"https:\/\/pragmatiq.pl\/zmianawarty\/wp-json\/wp\/v2\/posts\/415\/revisions\/4793"}],"wp:featuredmedia":[{"embeddable":true,"href":"https:\/\/pragmatiq.pl\/zmianawarty\/wp-json\/wp\/v2\/media\/398"}],"wp:attachment":[{"href":"https:\/\/pragmatiq.pl\/zmianawarty\/wp-json\/wp\/v2\/media?parent=415"}],"wp:term":[{"taxonomy":"category","embeddable":true,"href":"https:\/\/pragmatiq.pl\/zmianawarty\/wp-json\/wp\/v2\/categories?post=415"},{"taxonomy":"post_tag","embeddable":true,"href":"https:\/\/pragmatiq.pl\/zmianawarty\/wp-json\/wp\/v2\/tags?post=415"}],"curies":[{"name":"wp","href":"https:\/\/api.w.org\/{rel}","templated":true}]}}