{"id":408,"date":"2018-08-28T09:32:57","date_gmt":"2018-08-28T07:32:57","guid":{"rendered":"https:\/\/zmianawarty.pl\/?p=408"},"modified":"2024-09-16T12:54:29","modified_gmt":"2024-09-16T10:54:29","slug":"co-trzeba-zrobic-zeby-przyjac-spadek","status":"publish","type":"post","link":"https:\/\/pragmatiq.pl\/zmianawarty\/co-trzeba-zrobic-zeby-przyjac-spadek\/","title":{"rendered":"Co trzeba zrobi\u0107, \u017ceby przyj\u0105\u0107 spadek?"},"content":{"rendered":"\n<p><strong>Do spadkobierc\u00f3w nale\u017cy decyzja o tym, czy przyj\u0105\u0107 spadek i w jaki spos\u00f3b to zrobi\u0107.<\/strong><\/p>\n\n\n\n<p>Pierwsz\u0105 mo\u017cliwo\u015bci\u0105 jest z\u0142o\u017cenie przed s\u0105dem lub notariuszem o\u015bwiadczenia o przyj\u0119ciu spadku. Termin na z\u0142o\u017cenie takiego o\u015bwiadczenia wynosi sze\u015b\u0107 miesi\u0119cy i biegnie od dnia, w kt\u00f3rym spadkobierca dowiedzia\u0142 si\u0119 o powo\u0142aniu do spadku. O\u015bwiadczenie mo\u017ce zosta\u0107 z\u0142o\u017cone ustnie lub na pi\u015bmie z podpisem urz\u0119dowo po\u015bwiadczonym. Spadkobierca mo\u017ce z\u0142o\u017cy\u0107 o\u015bwiadczenie osobi\u015bcie albo przez pe\u0142nomocnika, przy czym odpowiednie pe\u0142nomocnictwo powinno by\u0107 udzielone w formie pisemnej z podpisem urz\u0119dowo po\u015bwiadczonym.<\/p>\n\n\n\n<p>Warto podkre\u015bli\u0107, \u017ce o\u015bwiadczenie o przyj\u0119ciu (lub odrzuceniu) spadku nie mo\u017ce zosta\u0107 odwo\u0142ane, a z\u0142o\u017cone pod warunkiem lub z zastrze\u017ceniem terminu jest niewa\u017cne.<\/p>\n\n\n\n<figure class=\"wp-block-embed is-type-video is-provider-youtube wp-block-embed-youtube wp-embed-aspect-16-9 wp-has-aspect-ratio\"><div class=\"wp-block-embed__wrapper\">\n<iframe title=\"Firma w testamencie - Jak przygotowa\u0107 si\u0119 do biznesowej zmiany warty?\" width=\"525\" height=\"295\" src=\"https:\/\/www.youtube.com\/embed\/Op1WOr19ChU?feature=oembed\" frameborder=\"0\" allow=\"accelerometer; autoplay; clipboard-write; encrypted-media; gyroscope; picture-in-picture; web-share\" referrerpolicy=\"strict-origin-when-cross-origin\" allowfullscreen><\/iframe>\n<\/div><figcaption class=\"wp-element-caption\">Jak przygotowa\u0107 si\u0119 do biznesowej sukcesji? Zobacz nasz film!<\/figcaption><\/figure>\n\n\n\n<p>Osoba decyduj\u0105ca si\u0119 na z\u0142o\u017cenie o\u015bwiadczenia o przyj\u0119ciu spadku ma do wyboru dwie opcje. Mo\u017ce przyj\u0105\u0107 spadek wprost (przyj\u0119cie proste) albo z dobrodziejstwem inwentarza. W pierwszym przypadku spadkobierca ponosi pe\u0142n\u0105 odpowiedzialno\u015b\u0107 za d\u0142ugi zmar\u0142ego ca\u0142ym swoim maj\u0105tkiem. Z kolei w drugim przypadku odpowiedzialno\u015b\u0107 spadkobiercy zostaje ograniczona do warto\u015bci aktyw\u00f3w wchodz\u0105cych w sk\u0142ad spadku (tzw. stanu czynnego spadku). Przyj\u0119cie spadku z dobrodziejstwem inwentarza jest wi\u0119c dobrym rozwi\u0105zaniem, je\u015bli spadkobierca nie ma pewno\u015bci, czy w sk\u0142ad spadku nie wchodz\u0105 d\u0142ugi lub nie wie, jaka jest ich wysoko\u015b\u0107.<\/p>\n\n\n\n<p> Zach\u0119camy do zapoznanie si\u0119 z naszymi wpisami na takie tematy jak&nbsp;<a href=\"https:\/\/pragmatiq.pl\/zmianawarty\/kto-i-kiedy-zglasza-do-ceidg-wygasniecie-zarzadu-sukcesyjnego-oraz-wykresla-przedsiebiorstwo-w-spadku\/\">zarz\u0105dca sukcesyjny CEIDG<\/a>&nbsp;oraz&nbsp;<a href=\"https:\/\/pragmatiq.pl\/zmianawarty\/sukcesja-firmy-po-smierci-wlasciciela-na-co-zwrocic-uwage\/\">planowanie spadkowe<\/a>. <\/p>\n\n\n\n<p>Do przyj\u0119cia spadku dochodzi r\u00f3wnie\u017c w razie niez\u0142o\u017cenia w terminie sze\u015bciu miesi\u0119cy o\u015bwiadczenia o przyj\u0119ciu spadku lub jego odrzuceniu. Brak o\u015bwiadczenia spadkobiercy jest jednoznaczny z przyj\u0119ciem spadku z dobrodziejstwem inwentarza.<\/p>\n\n\n\n<p><strong>Podstawa prawna<\/strong>: art. 1012, art. 1015, art. 1018 k.c.<\/p>\n\n\n\n<p>Karolina Kuli\u0144ska &#8211; Polak<\/p>\n\n\n\n<div style=\"height:39px\" aria-hidden=\"true\" class=\"wp-block-spacer\"><\/div>\n\n\n\n<p>Powr\u00f3t do<a href=\"https:\/\/pragmatiq.pl\/zmianawarty\/wszystko-zostaje-w-rodzinie\/\"><strong> PYTANIA I ODPOWIEDZI<\/strong><\/a><\/p>\n\n\n\n<p><\/p>\n","protected":false},"excerpt":{"rendered":"<p>Do spadkobierc\u00f3w nale\u017cy decyzja o tym, czy przyj\u0105\u0107 spadek i w jaki spos\u00f3b to zrobi\u0107. Pierwsz\u0105 mo\u017cliwo\u015bci\u0105 jest z\u0142o\u017cenie przed s\u0105dem lub notariuszem o\u015bwiadczenia o przyj\u0119ciu spadku. Termin na z\u0142o\u017cenie takiego o\u015bwiadczenia wynosi sze\u015b\u0107 miesi\u0119cy i biegnie od dnia, w kt\u00f3rym spadkobierca dowiedzia\u0142 si\u0119 o powo\u0142aniu do spadku. O\u015bwiadczenie mo\u017ce zosta\u0107 z\u0142o\u017cone ustnie lub na &hellip; <\/p>\n<p class=\"link-more\"><a href=\"https:\/\/pragmatiq.pl\/zmianawarty\/co-trzeba-zrobic-zeby-przyjac-spadek\/\" class=\"more-link\">Continue reading<span class=\"screen-reader-text\"> &#8222;Co trzeba zrobi\u0107, \u017ceby przyj\u0105\u0107 spadek?&#8221;<\/span><\/a><\/p>\n","protected":false},"author":6,"featured_media":398,"comment_status":"open","ping_status":"open","sticky":false,"template":"","format":"standard","meta":{"footnotes":""},"categories":[98,4,18],"tags":[82],"class_list":["post-408","post","type-post","status-publish","format-standard","has-post-thumbnail","hentry","category-wszystko-zostaje-w-rodzinie-czyli-przekazanie-firmy-innym-czlonkom-rodziny","category-artykuly","category-spadek-przyjecie-odrzucenie-odpowiedzialnosc","tag-przyjecie-spadku"],"_links":{"self":[{"href":"https:\/\/pragmatiq.pl\/zmianawarty\/wp-json\/wp\/v2\/posts\/408","targetHints":{"allow":["GET"]}}],"collection":[{"href":"https:\/\/pragmatiq.pl\/zmianawarty\/wp-json\/wp\/v2\/posts"}],"about":[{"href":"https:\/\/pragmatiq.pl\/zmianawarty\/wp-json\/wp\/v2\/types\/post"}],"author":[{"embeddable":true,"href":"https:\/\/pragmatiq.pl\/zmianawarty\/wp-json\/wp\/v2\/users\/6"}],"replies":[{"embeddable":true,"href":"https:\/\/pragmatiq.pl\/zmianawarty\/wp-json\/wp\/v2\/comments?post=408"}],"version-history":[{"count":11,"href":"https:\/\/pragmatiq.pl\/zmianawarty\/wp-json\/wp\/v2\/posts\/408\/revisions"}],"predecessor-version":[{"id":4195,"href":"https:\/\/pragmatiq.pl\/zmianawarty\/wp-json\/wp\/v2\/posts\/408\/revisions\/4195"}],"wp:featuredmedia":[{"embeddable":true,"href":"https:\/\/pragmatiq.pl\/zmianawarty\/wp-json\/wp\/v2\/media\/398"}],"wp:attachment":[{"href":"https:\/\/pragmatiq.pl\/zmianawarty\/wp-json\/wp\/v2\/media?parent=408"}],"wp:term":[{"taxonomy":"category","embeddable":true,"href":"https:\/\/pragmatiq.pl\/zmianawarty\/wp-json\/wp\/v2\/categories?post=408"},{"taxonomy":"post_tag","embeddable":true,"href":"https:\/\/pragmatiq.pl\/zmianawarty\/wp-json\/wp\/v2\/tags?post=408"}],"curies":[{"name":"wp","href":"https:\/\/api.w.org\/{rel}","templated":true}]}}