{"id":4046,"date":"2023-11-09T10:47:16","date_gmt":"2023-11-09T09:47:16","guid":{"rendered":"https:\/\/zmianawarty.pl\/?p=4046"},"modified":"2024-09-16T14:21:23","modified_gmt":"2024-09-16T12:21:23","slug":"fundacja-rodzinna-odpowiedzialnosc-majatkowa","status":"publish","type":"post","link":"https:\/\/pragmatiq.pl\/zmianawarty\/fundacja-rodzinna-odpowiedzialnosc-majatkowa\/","title":{"rendered":"Fundacja rodzinna \u2013 odpowiedzialno\u015b\u0107 maj\u0105tkowa"},"content":{"rendered":"<div id=\"ez-toc-container\" class=\"ez-toc-v2_0_82_2 counter-hierarchy ez-toc-counter ez-toc-white ez-toc-container-direction\">\n<div class=\"ez-toc-title-container\"><p class=\"ez-toc-title\" style=\"cursor:inherit\">Spis tre\u015bci<\/p>\n<\/div><nav><ul class='ez-toc-list ez-toc-list-level-1 ' ><li class='ez-toc-page-1 ez-toc-heading-level-2'><a class=\"ez-toc-link ez-toc-heading-1\" href=\"https:\/\/pragmatiq.pl\/zmianawarty\/fundacja-rodzinna-odpowiedzialnosc-majatkowa\/#Odpowiedzialnosc_majatkowa_fundacji_rodzinnej\" >Odpowiedzialno\u015b\u0107 maj\u0105tkowa fundacji rodzinnej<\/a><ul class='ez-toc-list-level-3' ><li class='ez-toc-heading-level-3'><a class=\"ez-toc-link ez-toc-heading-2\" href=\"https:\/\/pragmatiq.pl\/zmianawarty\/fundacja-rodzinna-odpowiedzialnosc-majatkowa\/#Dlugi_z_tytulu_obowiazku_alimentacyjnego\" >D\u0142ugi z tytu\u0142u obowi\u0105zku alimentacyjnego<\/a><\/li><\/ul><\/li><li class='ez-toc-page-1 ez-toc-heading-level-2'><a class=\"ez-toc-link ez-toc-heading-3\" href=\"https:\/\/pragmatiq.pl\/zmianawarty\/fundacja-rodzinna-odpowiedzialnosc-majatkowa\/#Odpowiedzialnosc_wobec_fundacji_rodzinnej\" >Odpowiedzialno\u015b\u0107 wobec fundacji rodzinnej<\/a><ul class='ez-toc-list-level-3' ><li class='ez-toc-heading-level-3'><a class=\"ez-toc-link ez-toc-heading-4\" href=\"https:\/\/pragmatiq.pl\/zmianawarty\/fundacja-rodzinna-odpowiedzialnosc-majatkowa\/#Odpowiedzialnosc_majatkowa_fundatora\" >Odpowiedzialno\u015b\u0107 maj\u0105tkowa fundatora<\/a><\/li><\/ul><\/li><li class='ez-toc-page-1 ez-toc-heading-level-2'><a class=\"ez-toc-link ez-toc-heading-5\" href=\"https:\/\/pragmatiq.pl\/zmianawarty\/fundacja-rodzinna-odpowiedzialnosc-majatkowa\/#Odpowiedzialnosc_majatkowa_beneficjentow_w_fundacji_rodzinnej\" >Odpowiedzialno\u015b\u0107 maj\u0105tkowa beneficjent\u00f3w w fundacji rodzinnej<\/a><\/li><li class='ez-toc-page-1 ez-toc-heading-level-2'><a class=\"ez-toc-link ez-toc-heading-6\" href=\"https:\/\/pragmatiq.pl\/zmianawarty\/fundacja-rodzinna-odpowiedzialnosc-majatkowa\/#Odpowiedzialnosc_majatkowa_czlonkow_zarzadu_i_rady_nadzorczej_w_fundacji_rodzinnej\" >Odpowiedzialno\u015b\u0107 maj\u0105tkowa cz\u0142onk\u00f3w zarz\u0105du i rady nadzorczej w fundacji rodzinnej<\/a><ul class='ez-toc-list-level-3' ><li class='ez-toc-heading-level-3'><a class=\"ez-toc-link ez-toc-heading-7\" href=\"https:\/\/pragmatiq.pl\/zmianawarty\/fundacja-rodzinna-odpowiedzialnosc-majatkowa\/#Odpowiedzialnosc_wobec_fundacji_rodzinnej_%E2%80%93_podsumowanie\" >Odpowiedzialno\u015b\u0107 wobec fundacji rodzinnej &#8211; podsumowanie<\/a><\/li><\/ul><\/li><li class='ez-toc-page-1 ez-toc-heading-level-2'><a class=\"ez-toc-link ez-toc-heading-8\" href=\"https:\/\/pragmatiq.pl\/zmianawarty\/fundacja-rodzinna-odpowiedzialnosc-majatkowa\/#Odpowiedzialnosc_po_rozwiazaniu_fundacji_rodzinnej\" >Odpowiedzialno\u015b\u0107 po rozwi\u0105zaniu fundacji rodzinnej<\/a><\/li><li class='ez-toc-page-1 ez-toc-heading-level-2'><a class=\"ez-toc-link ez-toc-heading-9\" href=\"https:\/\/pragmatiq.pl\/zmianawarty\/fundacja-rodzinna-odpowiedzialnosc-majatkowa\/#Czy_fundacja_rodzinna_jest_sposobem_na_unikanie_splaty_dlugow\" >Czy fundacja rodzinna jest sposobem na unikanie sp\u0142aty d\u0142ug\u00f3w?<\/a><ul class='ez-toc-list-level-3' ><li class='ez-toc-heading-level-3'><a class=\"ez-toc-link ez-toc-heading-10\" href=\"https:\/\/pragmatiq.pl\/zmianawarty\/fundacja-rodzinna-odpowiedzialnosc-majatkowa\/#Czy_fundacja_rodzinna_chroni_przed_skarga_paulianska\" >Czy fundacja rodzinna chroni przed skarg\u0105 paulia\u0144sk\u0105?<\/a><\/li><\/ul><\/li><\/ul><\/nav><\/div>\n\n<p>Od czasu wej\u015bcia w \u017cycie ustawy o fundacji rodzinnej coraz cz\u0119\u015bciej pojawiaj\u0105 si\u0119 pytania o to kto i jak ponosi odpowiedzialno\u015b\u0107 na jej podstawie. Dla wielu przedsi\u0119biorc\u00f3w kluczowe jest to, czy jako fundatorzy oraz cz\u0142onkowie ich rodzin jako beneficjenci fundacji rodzinnej b\u0119d\u0105 odpowiada\u0107 za zobowi\u0105zania fundacji rodzinnej, ale r\u00f3wnie\u017c czy fundacja rodzinna b\u0119dzie odpowiada\u0107 za ich zobowi\u0105zania.&nbsp;&nbsp;<\/p>\n\n\n\n<figure class=\"wp-block-image\"><img decoding=\"async\" src=\"https:\/\/images.surferseo.art\/d6a05b02-1976-401e-be91-7eaf6769df37.jpeg\" alt=\"Jednym z cel\u00f3w fundacji rodzinnej jest spe\u0142nianie \u015bwiadczenia przys\u0142uguj\u0105cego beneficjentowi\"\/><\/figure>\n\n\n\n<h2 class=\"wp-block-heading\"><span class=\"ez-toc-section\" id=\"Odpowiedzialnosc_majatkowa_fundacji_rodzinnej\"><\/span>Odpowiedzialno\u015b\u0107 maj\u0105tkowa fundacji rodzinnej<span class=\"ez-toc-section-end\"><\/span><\/h2>\n\n\n\n<p>Pierwszy rodzaj odpowiedzialno\u015bci to <strong>odpowiedzialno\u015b\u0107 fundacji rodzinnej za zobowi\u0105zania fundatora powsta\u0142e przed ustanowieniem fundacji rodzinnej<\/strong>. Poza tym, \u017ce za takie zobowi\u0105zania odpowiada \u2013 co oczywiste \u2013 fundator, to solidarnie z fundatorem odpowiada za nie r\u00f3wnie\u017c fundacja rodzinna. Jest to odpowiedzialno\u015b\u0107 wobec poszczeg\u00f3lnych wierzycieli fundatora, np. wobec osoby udzielaj\u0105cej fundatorowi po\u017cyczki, wobec banku w przypadku zawarcia przez fundatora umowy kredytu czy wobec sprzedawcy w zwi\u0105zku z obowi\u0105zkiem zap\u0142aty przez fundatora ceny nabytego towaru. Zasadno\u015b\u0107 wprowadzenia takich przepis\u00f3w jest jasna \u2013 chodzi o to, aby nie pozwoli\u0107 fundatorom na przenoszenie do fundacji rodzinnej maj\u0105tku z pokrzywdzeniem wierzycieli. W zwi\u0105zku z tym fundacja rodzinna odpowiada wobec tych wierzycieli razem z fundatorem, ale wy\u0142\u0105cznie do warto\u015bci mienia wniesionego przez fundatora.&nbsp;<\/p>\n\n\n\n<h3 class=\"wp-block-heading\"><span class=\"ez-toc-section\" id=\"Dlugi_z_tytulu_obowiazku_alimentacyjnego\"><\/span>D\u0142ugi z tytu\u0142u obowi\u0105zku alimentacyjnego<span class=\"ez-toc-section-end\"><\/span><\/h3>\n\n\n\n<p>Drugi rodzaj odpowiedzialno\u015bci to <strong>odpowiedzialno\u015b\u0107 fundacji rodzinnej za zobowi\u0105zania fundatora<\/strong>, jednak tym razem s\u0105 to zobowi\u0105zania szczeg\u00f3lne \u2013 <strong>wobec wierzycieli alimentacyjnych fundatora, co do kt\u00f3rych obowi\u0105zek alimentacyjny powsta\u0142 ju\u017c <u>po ustanowieniu fundacji rodzinnej<\/u><\/strong>. Poza fundatorem, odpowiada za nie tak\u017ce fundacja rodzinna. Co wa\u017cne, wierzyciel alimentacyjny, o kt\u00f3rym tu mowa, b\u0119dzie m\u00f3g\u0142 jednocze\u015bnie pozwa\u0107 fundacj\u0119 rodzinn\u0105 i fundatora, ale egzekucj\u0119 swoich wierzytelno\u015bci musi najpierw prowadzi\u0107 z maj\u0105tku fundatora. Dopiero gdy nie b\u0119dzie w stanie w ten spos\u00f3b uzyska\u0107 nale\u017cnej zap\u0142aty, egzekucja mo\u017ce zosta\u0107 prowadzona z maj\u0105tku fundacji rodzinnej. Fundacja rodzinna r\u00f3wnie\u017c w tym przypadku odpowiada wy\u0142\u0105cznie do warto\u015bci mienia wniesionego do niej przez fundatora.&nbsp;<\/p>\n\n\n\n<p>Fundacja rodzinna co do zasady nie odpowiada za zobowi\u0105zania fundatora powsta\u0142e po za\u0142o\u017ceniu fundacji rodzinnej. Nale\u017cy pami\u0119ta\u0107 r\u00f3wnie\u017c, \u017ce fundacja rodzinna w pewnych sytuacjach mo\u017ce ponosi\u0107 odpowiedzialno\u015b\u0107 za zachowek &#8211; wi\u0119cej o tym piszemy w artyku\u0142ach<br><a target=\"_blank\" rel=\"noreferrer noopener\" href=\"https:\/\/pragmatiq.pl\/zmianawarty\/czy-mozna-pozwac-fundacje-rodzinna-o-zachowek\/\"><strong><em>Czy&nbsp;mo\u017cna pozwa\u0107 fundacj\u0119 rodzinn\u0105 o&nbsp;zachowek?<\/em><\/strong><\/a> oraz <a target=\"_blank\" rel=\"noreferrer noopener\" href=\"https:\/\/pragmatiq.pl\/zmianawarty\/odpowiedzialnosc-fundacji-rodzinnej-za-zachowek\/\"><strong><em>Czy&nbsp;fundacja rodzinna b\u0119dzie odpowiada\u0107 za&nbsp;zachowek?&nbsp;<\/em><\/strong><\/a><\/p>\n\n\n\n<figure class=\"wp-block-image\"><img decoding=\"async\" src=\"https:\/\/images.surferseo.art\/93346332-6d8b-44bb-94f3-1a6f2fffa2e0.jpeg\" alt=\"Przepisy ustawy o fundacji rodzinnej precyzuj\u0105 odpowiedzialno\u015b\u0107 fundatora\"\/><\/figure>\n\n\n\n<h2 class=\"wp-block-heading\"><span class=\"ez-toc-section\" id=\"Odpowiedzialnosc_wobec_fundacji_rodzinnej\"><\/span>Odpowiedzialno\u015b\u0107 wobec fundacji rodzinnej<span class=\"ez-toc-section-end\"><\/span><\/h2>\n\n\n\n<h3 class=\"wp-block-heading\"><span class=\"ez-toc-section\" id=\"Odpowiedzialnosc_majatkowa_fundatora\"><\/span>Odpowiedzialno\u015b\u0107 maj\u0105tkowa fundatora<span class=\"ez-toc-section-end\"><\/span><\/h3>\n\n\n\n<p>Fundator mo\u017ce ponosi\u0107 odpowiedzialno\u015b\u0107 maj\u0105tkow\u0105 wobec fundacji rodzinnej jedynie w kilku szczeg\u00f3lnych przypadkach. Pierwszy z nich dotyczy okresu poprzedzaj\u0105cego dzie\u0144 wpisu fundacji rodzinnej do rejestru fundacji rodzinnych. W takim wypadku fundator mo\u017ce ponosi\u0107 odpowiedzialno\u015b\u0107 wzgl\u0119dem fundacji, je\u015bli wyrz\u0105dzi szkod\u0119 fundacji rodzinnej w organizacji.<\/p>\n\n\n\n<p>Drugi przypadek, w kt\u00f3rym fundator ponosi odpowiedzialno\u015b\u0107 dotyczy okresu po likwidacji fundacji rodzinnej i wykre\u015bleniu jej z rejestru fundacji rodzinnych. Mianowicie, fundator, kt\u00f3ry otrzyma\u0142 mienie fundacji rodzinnej po jej rozwi\u0105zaniu, odpowiada za zobowi\u0105zania fundacji rodzinnej wykre\u015blonej z rejestru fundacji rodzinnych.<\/p>\n\n\n\n<p>W pozosta\u0142ych przypadkach fundator nie ponosi odpowiedzialno\u015bci wobec fundacji rodzinnej. Mimo \u017ce fundacja rodzinna w om\u00f3wionych wcze\u015bniej przypadkach cz\u0119sto mo\u017ce odpowiada\u0107 za zobowi\u0105zania prywatne fundatora, to fundator co do zasady nie ponosi <strong>odpowiedzialno\u015bci za zobowi\u0105zania fundacji rodzinnej<\/strong> wobec jej wierzycieli.<\/p>\n\n\n\n<h2 class=\"wp-block-heading\"><span class=\"ez-toc-section\" id=\"Odpowiedzialnosc_majatkowa_beneficjentow_w_fundacji_rodzinnej\"><\/span>Odpowiedzialno\u015b\u0107 maj\u0105tkowa beneficjent\u00f3w w fundacji rodzinnej<span class=\"ez-toc-section-end\"><\/span><\/h2>\n\n\n\n<p>Beneficjent nie odpowiada za zobowi\u0105zania fundacji rodzinnej. Natomiast prawa beneficjenta do otrzymywania \u015bwiadcze\u0144 mog\u0105 zosta\u0107 tymczasowo ograniczone, je\u015bli fundacja rodzinna ma problemy z realizacja zobowi\u0105za\u0144.<\/p>\n\n\n\n<p>Po pierwsze, wyp\u0142ata na rzecz beneficjenta nie mo\u017ce zagra\u017ca\u0107 wyp\u0142acalno\u015bci fundacji rodzinnej wobec jej wierzycieli. W przypadku braku wyp\u0142acalno\u015bci fundacji rodzinnej wyp\u0142ata \u015bwiadcze\u0144 zostaje wstrzymana do momentu poprawy sytuacji finansowej fundacji rodzinnej.<\/p>\n\n\n\n<p>Po drugie, fundacja rodzinna zaspokaja roszczenia os\u00f3b, co do kt\u00f3rych fundator posiada obowi\u0105zek alimentacyjny w pierwszej kolejno\u015bci &#8211; przed beneficjentami. Je\u015bli w zwi\u0105zku z tym \u015bwiadczenia na rzecz beneficjent\u00f3w nie zostan\u0105 w pe\u0142ni wyp\u0142acone, zarz\u0105d dokona miarkowania \u015bwiadcze\u0144 w taki spos\u00f3b, aby \u017caden z beneficjent\u00f3w nie zosta\u0142 pokrzywdzony. Pozosta\u0142a kwota zostanie wyp\u0142acona beneficjentom w momencie, gdy poprawi si\u0119 sytuacja finansowa fundacji rodzinnej.<\/p>\n\n\n\n<p>Beneficjent nie odpowiada co prawda za zobowi\u0105zania fundacji rodzinnej, natomiast jest zobowi\u0105zany do zwrotu \u015bwiadczenia, je\u015bli otrzyma\u0142 je w spos\u00f3b niezgodny z ustaw\u0105 lub statutem.<\/p>\n\n\n\n<figure class=\"wp-block-image\"><img decoding=\"async\" src=\"https:\/\/images.surferseo.art\/eb8720a7-7aa8-4eb6-9c38-60ab2109f9a9.jpeg\" alt=\"Beneficjentem fundacji rodzinnej mog\u0105 zosta\u0107 osoby fizyczne i organizacje dzia\u0142alno\u015bci po\u017cytku publicznego\"\/><\/figure>\n\n\n\n<h2 class=\"wp-block-heading\"><span class=\"ez-toc-section\" id=\"Odpowiedzialnosc_majatkowa_czlonkow_zarzadu_i_rady_nadzorczej_w_fundacji_rodzinnej\"><\/span>Odpowiedzialno\u015b\u0107 maj\u0105tkowa cz\u0142onk\u00f3w zarz\u0105du i rady nadzorczej w fundacji rodzinnej<span class=\"ez-toc-section-end\"><\/span><\/h2>\n\n\n\n<p>Cz\u0142onkowie zarz\u0105du fundacji rodzinnej s\u0105 zobowi\u0105zani do lojalnego post\u0119powania wobec fundacji rodzinnej oraz do dok\u0142adania nale\u017cytej staranno\u015bci w wykonywaniu swoich obowi\u0105zk\u00f3w. Dodatkowo cz\u0142onkowie zarz\u0105du musz\u0105 zachowa\u0107 w tajemnicy wszelkiej poufne informacje, kt\u00f3re uzyskali w zwi\u0105zku z wykonywan\u0105 funkcj\u0105. Za tajemnic\u0119 fundacji rodzinnej uznaje si\u0119 m.in. informacje dot. inwestowania, informacje organizacyjne lub inne posiadaj\u0105ce warto\u015b\u0107 gospodarcz\u0105. Za tajemnic\u0119 uznaje si\u0119 r\u00f3wnie\u017c informacje dot. beneficjent\u00f3w fundacji rodzinnej. Wobec istnienia takich obowi\u0105zk\u00f3w, w przypadku ich uchybienia, cz\u0142onkowie zarz\u0105du mog\u0105 ponosi\u0107 odpowiedzialno\u015b\u0107 cywiln\u0105.<\/p>\n\n\n\n<p>Niezale\u017cnie od powy\u017cszego cz\u0142onek zarz\u0105du, cz\u0142onek rady nadzorczej oraz likwidator mog\u0105 zosta\u0107 poci\u0105gni\u0119ci do odpowiedzialno\u015bci za szkod\u0119 wyrz\u0105dzon\u0105 fundacji rodzinnej w zwi\u0105zku z rozwi\u0105zaniem fundacji rodzinnej.<\/p>\n\n\n\n<p>Wi\u0119cej o samym zarz\u0105dzie fundacji rodzinnej dowiesz si\u0119 z artyku\u0142u <a target=\"_blank\" rel=\"noreferrer noopener\" href=\"https:\/\/pragmatiq.pl\/zmianawarty\/fundacja-rodzinna-struktura-rola-zarzadu-i-mozliwosc-zmiany-po-utworzeniu\/\"><strong><em>Fundacja rodzinna: struktura, rola zarz\u0105du i&nbsp;mo\u017cliwo\u015b\u0107 zmiany po&nbsp;utworzeniu?<\/em><\/strong><\/a><\/p>\n\n\n\n<h3 class=\"wp-block-heading\"><span class=\"ez-toc-section\" id=\"Odpowiedzialnosc_wobec_fundacji_rodzinnej_%E2%80%93_podsumowanie\"><\/span>Odpowiedzialno\u015b\u0107 wobec fundacji rodzinnej &#8211; podsumowanie<span class=\"ez-toc-section-end\"><\/span><\/h3>\n\n\n\n<p>W praktyce mo\u017cna wskaza\u0107 na trzy podstawowe zasady odpowiedzialno\u015bci wobec fundacji rodzinnej:<\/p>\n\n\n\n<p>1) odpowiedzialno\u015b\u0107 <strong>cz\u0142onka zarz\u0105du, cz\u0142onka rady nadzorczej lub likwidatora<\/strong> za szkod\u0119 wyrz\u0105dzon\u0105 fundacji rodzinnej;<\/p>\n\n\n\n<p>2) odpowiedzialno\u015b\u0107 <strong>fundatora, pe\u0142nomocnika powo\u0142anego przez fundatora lub cz\u0142onka zarz\u0105du<\/strong> <strong>za <\/strong>szkod\u0119 wyrz\u0105dzon\u0105 fundacji rodzinnej w organizacji (tj. po utworzeniu fundacji rodzinnej, a przed jej wpisem do rejestru fundacji rodzinnych);<\/p>\n\n\n\n<p>3) odpowiedzialno\u015b\u0107 <strong>beneficjenta,<\/strong> kt\u00f3ry otrzyma\u0142 \u015bwiadczenie w spos\u00f3b niezgodny z ustaw\u0105 lub statutem <strong>za zwrot tego \u015bwiadczenia<\/strong> (jest to odpowiedzialno\u015b\u0107 solidarna z cz\u0142onkiem zarz\u0105du, kt\u00f3ry to \u015bwiadczenie wyp\u0142aci\u0142).&nbsp;&nbsp;<\/p>\n\n\n\n<p>Wszystkie te podmioty odpowiadaj\u0105 w opisanych przypadkach wobec fundacji rodzinnej <strong>bez ogranicze\u0144.&nbsp;<\/strong><\/p>\n\n\n\n<h2 class=\"wp-block-heading\"><span class=\"ez-toc-section\" id=\"Odpowiedzialnosc_po_rozwiazaniu_fundacji_rodzinnej\"><\/span>Odpowiedzialno\u015b\u0107 po rozwi\u0105zaniu fundacji rodzinnej<span class=\"ez-toc-section-end\"><\/span><\/h2>\n\n\n\n<p>W ramach fundacji rodzinnej istnieje jeszcze jeden rodzaj odpowiedzialno\u015bci, kt\u00f3ry jest zwi\u0105zany z <strong>rozwi\u0105zaniem fundacji rodzinnej.<\/strong> To <strong>odpowiedzialno\u015b\u0107<\/strong> <strong>fundatora, beneficjenta lub spadkobiercy,<\/strong> kt\u00f3ry otrzyma\u0142 mienie w zwi\u0105zku z rozwi\u0105zaniem fundacji rodzinnej, <strong>za zobowi\u0105zania wykre\u015blonej z rejestru fundacji rodzinnej<\/strong> wobec jej wierzycieli. Jest to odpowiedzialno\u015b\u0107 wy\u0142\u0105cznie do warto\u015bci otrzymanego mienia.&nbsp;<\/p>\n\n\n\n<p>Je\u015bli chcia\u0142by\u015b za\u0142o\u017cy\u0107 fundacj\u0119 rodzinn\u0105, przeczytaj nasze artyku\u0142y <a target=\"_blank\" rel=\"noreferrer noopener\" href=\"https:\/\/pragmatiq.pl\/zmianawarty\/fundacja-rodzinna-jak-ja-zalozyc-i-ile-to-kosztuje\/\"><strong><em>Fundacja rodzinna: jak j\u0105&nbsp;za\u0142o\u017cy\u0107 i&nbsp;ile to&nbsp;kosztuje?<\/em><\/strong><\/a> oraz <a target=\"_blank\" rel=\"noreferrer noopener\" href=\"https:\/\/pragmatiq.pl\/zmianawarty\/pomoc-prawna-przy-zakladaniu-i-prowadzeniu-fundacji-rodzinnej\/\"><strong><em>Pomoc prawna przy zak\u0142adaniu i&nbsp;prowadzeniu fundacji rodzinnej<\/em><\/strong><\/a><\/p>\n\n\n\n<h2 class=\"wp-block-heading\"><span class=\"ez-toc-section\" id=\"Czy_fundacja_rodzinna_jest_sposobem_na_unikanie_splaty_dlugow\"><\/span>Czy fundacja rodzinna jest sposobem na unikanie sp\u0142aty d\u0142ug\u00f3w?<span class=\"ez-toc-section-end\"><\/span><\/h2>\n\n\n\n<p>Nie, fundacja rodzinna to nie spos\u00f3b na ucieczk\u0119 od d\u0142ug\u00f3w. Fundacja rodzinna jest nowym typem osoby prawnej, kt\u00f3ry&nbsp;zosta\u0142 wprowadzony do&nbsp;porz\u0105dku prawnego w&nbsp;maju 2023&nbsp;r. Obok testament\u00f3w i&nbsp;darowizn (w&nbsp;tym \u2013 na&nbsp;wypadek \u015bmierci), jest ona kolejnym sposobem na przeprowadzenie sukcesji i&nbsp;przekazanie nast\u0119pcom mo\u017cliwo\u015bci korzystania z&nbsp;dorobku \u017cyciowego.<\/p>\n\n\n\n<p>Zgodnie z&nbsp;przepisami ustawy o&nbsp;fundacji rodzinnej, fundacja rodzinna powstaje w celu gromadzenia mienia, zarz\u0105dzania nim w&nbsp;interesie beneficjent\u00f3w fundacji rodzinnej oraz&nbsp;spe\u0142niania \u015bwiadcze\u0144 na&nbsp;ich rzecz.<\/p>\n\n\n\n<p>Fundacja rodzinna umo\u017cliwia wi\u0119c&nbsp;gromadzenie rodzinnego maj\u0105tku, a&nbsp;jednocze\u015bnie zaspokajanie potrzeb beneficjent\u00f3w, kt\u00f3rymi co&nbsp;do&nbsp;zasady s\u0105&nbsp;cz\u0142onkowie rodziny fundatora, cho\u0107 mog\u0105 to&nbsp;by\u0107 r\u00f3wnie\u017c inne osoby i&nbsp;podmioty. Na&nbsp;mocy przepis\u00f3w, beneficjentem mo\u017ce by\u0107 bowiem osoba fizyczna oraz&nbsp;organizacja pozarz\u0105dowa prowadz\u0105ca dzia\u0142alno\u015bci po\u017cytku publicznego.<\/p>\n\n\n\n<p>Warto przy tym pami\u0119ta\u0107, \u017ce&nbsp;szczeg\u00f3\u0142owy cel fundacji rodzinnej jest okre\u015blony w&nbsp;statucie przez&nbsp;fundatora. Jak ju\u017c wskazano powy\u017cej, podstawowym celem fundacji jest zabezpieczenie maj\u0105tku i&nbsp;pomna\u017canie go. Je\u015bli jednak fundator wprowadzi odpowiednie postanowienia do&nbsp;statutu czy&nbsp;regulamin\u00f3w, mo\u017ce wyznaczy\u0107 r\u00f3wnie\u017c inne cele, jakie ma&nbsp;wype\u0142nia\u0107 fundacja \u2013 mo\u017ce to&nbsp;by\u0107 wspieranie dzia\u0142alno\u015bci charytatywnej lub finansowanie okre\u015blonych cel\u00f3w (np.&nbsp;bada\u0144 nad&nbsp;nowoczesnymi technologiami czy&nbsp;rozwoju nauki).<\/p>\n\n\n\n<p>Je\u015bli chcesz dowiedzie\u0107 si\u0119 wi\u0119cej o samej fundacji rodzinnej, przeczytaj nasz artyku\u0142 <a target=\"_blank\" rel=\"noreferrer noopener\" href=\"https:\/\/pragmatiq.pl\/zmianawarty\/dla-kogo-fundacja-rodzinna\/\"><strong><em>Dla kogo fundacja rodzinna?<\/em><\/strong><\/a><\/p>\n\n\n\n<h3 class=\"wp-block-heading\"><span class=\"ez-toc-section\" id=\"Czy_fundacja_rodzinna_chroni_przed_skarga_paulianska\"><\/span>Czy fundacja rodzinna chroni przed skarg\u0105 paulia\u0144sk\u0105?<span class=\"ez-toc-section-end\"><\/span><\/h3>\n\n\n\n<p>Skarga paulia\u0144ska to rozwi\u0105zanie prawne, kt\u00f3re pozwala na ochron\u0119 wierzyciela w sytuacji, gdy d\u0142u\u017cnik pozbywa si\u0119 maj\u0105tku ze \u015bwiadomo\u015bci\u0105 pokrzywdzenia wierzyciela. Polega to na tym, \u017ce gdy dojdzie do pozbywania si\u0119 maj\u0105tku przez d\u0142u\u017cnika, wierzyciel mo\u017ce \u017c\u0105da\u0107 uznania czynno\u015bci przenosz\u0105cych mienie na inne osoby (ni\u017c d\u0142u\u017cnik) za bezskuteczne wobec niego. Jednak aby skorzysta\u0107 ze skargi paulia\u0144skiej, nale\u017cy spe\u0142ni\u0107 szereg przes\u0142anek:<\/p>\n\n\n\n<p>1) Wierzycielowi przys\u0142uguje <strong>wierzytelno\u015b\u0107 pieni\u0119\u017cna<\/strong> wobec d\u0142u\u017cnika;<\/p>\n\n\n\n<p>2) D\u0142u\u017cnik dokona\u0142 czynno\u015bci prawnej z <strong>pokrzywdzeniem wierzyciela<\/strong> &#8211; tj. doprowadzi\u0142 do swojej niewyp\u0142acalno\u015bci, sprawi\u0142, \u017ce wierzytelno\u015b\u0107 z du\u017c\u0105 doz\u0105 prawdopodobie\u0144stwa nie zostanie zrealizowana. Ta przes\u0142anka jest spe\u0142niona r\u00f3wnie\u017c, gdy przez dan\u0105 czynno\u015b\u0107 prawn\u0105 d\u0142u\u017cnik pog\u0142\u0119bi\u0142 stan swojej niewyp\u0142acalno\u015bci;<\/p>\n\n\n\n<p>3) <strong>D\u0142u\u017cnik mia\u0142 \u015bwiadomo\u015b\u0107 pokrzywdzenia wierzyciela<\/strong> &#8211; tj. zdawa\u0142 sobie spraw\u0119, \u017ce dana czynno\u015b\u0107 prawna uniemo\u017cliwi zaspokojenie jego wierzycieli;<\/p>\n\n\n\n<p>4) Na skutek ww. czynno\u015bci <strong>osoba trzecia uzyska\u0142a korzy\u015b\u0107 maj\u0105tkow\u0105<\/strong> &#8211; czyli dosz\u0142o w jej maj\u0105tku do przysporzenia, zwi\u0119kszy\u0142y si\u0119 jej aktywa (np. naby\u0142a nieruchomo\u015b\u0107) lub zmniejszy\u0142y pasywa (zwolniono j\u0105 z d\u0142ugu);<\/p>\n\n\n\n<p>5) Osoba trzecia dzia\u0142a\u0142a w <strong>z\u0142ej wierze<\/strong> &#8211; tj. mia\u0142a \u015bwiadomo\u015b\u0107, \u017ce przez dan\u0105 czynno\u015b\u0107 prawn\u0105 d\u0142u\u017cnik doprowadzi do pokrzywdzenia swoich wierzyciela.<\/p>\n\n\n\n<p>Dodatkowo istniej\u0105 pewne <strong>u\u0142atwienia dowodowe dla wierzyciela<\/strong>, je\u015bli d\u0142u\u017cnik pozby\u0142 si\u0119 maj\u0105tku w szczeg\u00f3lny spos\u00f3b:<\/p>\n\n\n\n<p>I. <strong>Nieodp\u0142atno\u015b\u0107 czynno\u015bci<\/strong> &#8211; je\u015bli osoba trzecia uzyska\u0142a korzy\u015b\u0107 maj\u0105tkow\u0105 za darmo (np. w drodze darowizny), automatycznie zostaje spe\u0142niona przes\u0142anka z\u0142ej wiary osoby trzeciej &#8211; w takim wypadku ta osoba nie mo\u017ce powo\u0142a\u0107 si\u0119 na fakt, i\u017c nie wiedzia\u0142a, \u017ce czynno\u015b\u0107 prowadzi do pokrzywdzenia wierzycieli.<\/p>\n\n\n\n<p>II. <strong>Darowizny<\/strong> &#8211; z dokonaniem darowizny mo\u017ce wi\u0105za\u0107 si\u0119 domniemanie, \u017ce d\u0142u\u017cnik dzia\u0142a\u0142 ze \u015bwiadomo\u015bci\u0105 pokrzywdzenia wierzyciela &#8211; ma to miejsce, je\u015bli darowizna doprowadzi\u0142a d\u0142u\u017cnika do stanu niewyp\u0142acalno\u015bci lub pog\u0142\u0119bi\u0142a ten stan.<\/p>\n\n\n\n<p>III. <strong>Korzy\u015b\u0107 na rzecz osoby bliskiej<\/strong> &#8211; je\u015bli d\u0142u\u017cnik dokona\u0142 czynno\u015bci na rzecz osoby pozostaj\u0105cej z ni\u0105 w bliskim stosunku lub na rzecz przedsi\u0119biorcy pozostaj\u0105cego z nim w sta\u0142ych stosunkach gospodarczych, to domniemywa si\u0119, \u017ce te osoby mia\u0142y \u015bwiadomo\u015b\u0107 pokrzywdzenia wierzycieli.<\/p>\n\n\n\n<p>W zwi\u0105zku z powy\u017cszym nale\u017cy stwierdzi\u0107, \u017ce do fundacji rodzinnej mo\u017ce mie\u0107 zastosowanie skarga paulia\u0144ska. Przepisy w \u017caden spos\u00f3b nie wy\u0142\u0105czaj\u0105 fundacji rodzinnej ze swojego zakresu zastosowania. Co wi\u0119cej, je\u015bli d\u0142u\u017cnik dokonuje darowizny na rzecz fundacji rodzinnej (a to jedna z popularnych metod wyposa\u017cenia fundacji rodzinnej w maj\u0105tek) to pogarsza swoj\u0105 sytuacj\u0119 prawn\u0105, gdy\u017c mo\u017cna wtedy zastosowa\u0107 do niego domniemanie, i\u017c wiedzia\u0142, \u017ce dzia\u0142a ze \u015bwiadomo\u015bci\u0105 pokrzywdzenia wierzyciela (o ile z dokonan\u0105 darowizn\u0105 wi\u0105za\u0142a si\u0119 niewyp\u0142acalno\u015b\u0107 d\u0142u\u017cnika). R\u00f3wnocze\u015bnie fundacja rodzinna nie b\u0119dzie mog\u0142a o\u015bwiadczy\u0107, \u017ce nie wiedzia\u0142a o pokrzywdzeniu wierzycieli d\u0142u\u017cnika.<\/p>\n\n\n\n<p>Nale\u017cy pami\u0119ta\u0107, \u017ce fundacja rodzinna to narz\u0119dzie do przeprowadzenia sukcesji maj\u0105tku prywatnego lub firmowego, a nie spos\u00f3b na ucieczk\u0119 od d\u0142ug\u00f3w.<\/p>\n\n\n\n<figure class=\"wp-block-image\"><img decoding=\"async\" src=\"https:\/\/images.surferseo.art\/c1a0a5a6-7c78-43ab-923b-8fd3caa1c701.jpeg\" alt=\"Na maj\u0105tek fundacji rodzinnej mog\u0105 sk\u0142ada\u0107 si\u0119 udzia\u0142y w sp\u00f3\u0142kach handlowych\"\/><\/figure>\n\n\n\n<p>Krzysztof Binkowski<\/p>\n\n\n\n<p>Jacek Mi\u0142aszewski<\/p>\n","protected":false},"excerpt":{"rendered":"<p>Od czasu wej\u015bcia w \u017cycie ustawy o fundacji rodzinnej coraz cz\u0119\u015bciej pojawiaj\u0105 si\u0119 pytania o to kto i jak ponosi odpowiedzialno\u015b\u0107 na jej podstawie. Dla wielu przedsi\u0119biorc\u00f3w kluczowe jest to, czy jako fundatorzy oraz cz\u0142onkowie ich rodzin jako beneficjenci fundacji rodzinnej b\u0119d\u0105 odpowiada\u0107 za zobowi\u0105zania fundacji rodzinnej, ale r\u00f3wnie\u017c czy fundacja rodzinna b\u0119dzie odpowiada\u0107 za &hellip; <\/p>\n<p class=\"link-more\"><a href=\"https:\/\/pragmatiq.pl\/zmianawarty\/fundacja-rodzinna-odpowiedzialnosc-majatkowa\/\" class=\"more-link\">Continue reading<span class=\"screen-reader-text\"> &#8222;Fundacja rodzinna \u2013 odpowiedzialno\u015b\u0107 maj\u0105tkowa&#8221;<\/span><\/a><\/p>\n","protected":false},"author":31,"featured_media":3968,"comment_status":"open","ping_status":"open","sticky":false,"template":"","format":"standard","meta":{"footnotes":""},"categories":[182],"tags":[183],"class_list":["post-4046","post","type-post","status-publish","format-standard","has-post-thumbnail","hentry","category-fundacja-rodzinna","tag-fundacja-rodzinna"],"_links":{"self":[{"href":"https:\/\/pragmatiq.pl\/zmianawarty\/wp-json\/wp\/v2\/posts\/4046","targetHints":{"allow":["GET"]}}],"collection":[{"href":"https:\/\/pragmatiq.pl\/zmianawarty\/wp-json\/wp\/v2\/posts"}],"about":[{"href":"https:\/\/pragmatiq.pl\/zmianawarty\/wp-json\/wp\/v2\/types\/post"}],"author":[{"embeddable":true,"href":"https:\/\/pragmatiq.pl\/zmianawarty\/wp-json\/wp\/v2\/users\/31"}],"replies":[{"embeddable":true,"href":"https:\/\/pragmatiq.pl\/zmianawarty\/wp-json\/wp\/v2\/comments?post=4046"}],"version-history":[{"count":1,"href":"https:\/\/pragmatiq.pl\/zmianawarty\/wp-json\/wp\/v2\/posts\/4046\/revisions"}],"predecessor-version":[{"id":4047,"href":"https:\/\/pragmatiq.pl\/zmianawarty\/wp-json\/wp\/v2\/posts\/4046\/revisions\/4047"}],"wp:featuredmedia":[{"embeddable":true,"href":"https:\/\/pragmatiq.pl\/zmianawarty\/wp-json\/wp\/v2\/media\/3968"}],"wp:attachment":[{"href":"https:\/\/pragmatiq.pl\/zmianawarty\/wp-json\/wp\/v2\/media?parent=4046"}],"wp:term":[{"taxonomy":"category","embeddable":true,"href":"https:\/\/pragmatiq.pl\/zmianawarty\/wp-json\/wp\/v2\/categories?post=4046"},{"taxonomy":"post_tag","embeddable":true,"href":"https:\/\/pragmatiq.pl\/zmianawarty\/wp-json\/wp\/v2\/tags?post=4046"}],"curies":[{"name":"wp","href":"https:\/\/api.w.org\/{rel}","templated":true}]}}