{"id":4043,"date":"2023-11-03T12:05:44","date_gmt":"2023-11-03T11:05:44","guid":{"rendered":"https:\/\/zmianawarty.pl\/?p=4043"},"modified":"2024-09-19T12:27:42","modified_gmt":"2024-09-19T10:27:42","slug":"zmiany-w-prawie-spadkowym-ograniczenie-kregu-spadkobiercow-ulatwienia-dotyczace-odrzucenia-spadku-oraz-nowe-przeslanki-niegodnosci","status":"publish","type":"post","link":"https:\/\/pragmatiq.pl\/zmianawarty\/zmiany-w-prawie-spadkowym-ograniczenie-kregu-spadkobiercow-ulatwienia-dotyczace-odrzucenia-spadku-oraz-nowe-przeslanki-niegodnosci\/","title":{"rendered":"Zmiany w prawie spadkowym: Ograniczenie kr\u0119gu spadkobierc\u00f3w u\u0142atwienia dotycz\u0105ce odrzucenia spadku oraz nowe przes\u0142anki niegodno\u015bci."},"content":{"rendered":"<div id=\"ez-toc-container\" class=\"ez-toc-v2_0_82_2 counter-hierarchy ez-toc-counter ez-toc-white ez-toc-container-direction\">\n<div class=\"ez-toc-title-container\"><p class=\"ez-toc-title\" style=\"cursor:inherit\">Spis tre\u015bci<\/p>\n<\/div><nav><ul class='ez-toc-list ez-toc-list-level-1 ' ><li class='ez-toc-page-1 ez-toc-heading-level-2'><a class=\"ez-toc-link ez-toc-heading-1\" href=\"https:\/\/pragmatiq.pl\/zmianawarty\/zmiany-w-prawie-spadkowym-ograniczenie-kregu-spadkobiercow-ulatwienia-dotyczace-odrzucenia-spadku-oraz-nowe-przeslanki-niegodnosci\/#Dalecy_krewni_juz_nie_dziedzicza\" >Dalecy krewni ju\u017c nie dziedzicz\u0105<\/a><\/li><li class='ez-toc-page-1 ez-toc-heading-level-2'><a class=\"ez-toc-link ez-toc-heading-2\" href=\"https:\/\/pragmatiq.pl\/zmianawarty\/zmiany-w-prawie-spadkowym-ograniczenie-kregu-spadkobiercow-ulatwienia-dotyczace-odrzucenia-spadku-oraz-nowe-przeslanki-niegodnosci\/#Jak_bylo\" >Jak by\u0142o?&nbsp;<\/a><\/li><li class='ez-toc-page-1 ez-toc-heading-level-2'><a class=\"ez-toc-link ez-toc-heading-3\" href=\"https:\/\/pragmatiq.pl\/zmianawarty\/zmiany-w-prawie-spadkowym-ograniczenie-kregu-spadkobiercow-ulatwienia-dotyczace-odrzucenia-spadku-oraz-nowe-przeslanki-niegodnosci\/#Jak_jest_od_15_listopada_2023_roku\" >Jak jest od 15 listopada 2023 roku?<\/a><\/li><li class='ez-toc-page-1 ez-toc-heading-level-2'><a class=\"ez-toc-link ez-toc-heading-4\" href=\"https:\/\/pragmatiq.pl\/zmianawarty\/zmiany-w-prawie-spadkowym-ograniczenie-kregu-spadkobiercow-ulatwienia-dotyczace-odrzucenia-spadku-oraz-nowe-przeslanki-niegodnosci\/#Ochrona_maloletnich\" >Ochrona ma\u0142oletnich<\/a><\/li><li class='ez-toc-page-1 ez-toc-heading-level-2'><a class=\"ez-toc-link ez-toc-heading-5\" href=\"https:\/\/pragmatiq.pl\/zmianawarty\/zmiany-w-prawie-spadkowym-ograniczenie-kregu-spadkobiercow-ulatwienia-dotyczace-odrzucenia-spadku-oraz-nowe-przeslanki-niegodnosci\/#Jak_bylo-2\" >Jak by\u0142o?<\/a><\/li><li class='ez-toc-page-1 ez-toc-heading-level-2'><a class=\"ez-toc-link ez-toc-heading-6\" href=\"https:\/\/pragmatiq.pl\/zmianawarty\/zmiany-w-prawie-spadkowym-ograniczenie-kregu-spadkobiercow-ulatwienia-dotyczace-odrzucenia-spadku-oraz-nowe-przeslanki-niegodnosci\/#Jak_jest_od_15_listopada_2023_roku-2\" >Jak jest od 15 listopada 2023 roku?<\/a><\/li><li class='ez-toc-page-1 ez-toc-heading-level-2'><a class=\"ez-toc-link ez-toc-heading-7\" href=\"https:\/\/pragmatiq.pl\/zmianawarty\/zmiany-w-prawie-spadkowym-ograniczenie-kregu-spadkobiercow-ulatwienia-dotyczace-odrzucenia-spadku-oraz-nowe-przeslanki-niegodnosci\/#Nowe_przeslanki_niegodnosci\" >Nowe przes\u0142anki niegodno\u015bci<\/a><\/li><li class='ez-toc-page-1 ez-toc-heading-level-2'><a class=\"ez-toc-link ez-toc-heading-8\" href=\"https:\/\/pragmatiq.pl\/zmianawarty\/zmiany-w-prawie-spadkowym-ograniczenie-kregu-spadkobiercow-ulatwienia-dotyczace-odrzucenia-spadku-oraz-nowe-przeslanki-niegodnosci\/#Jak_bylo-3\" >Jak by\u0142o?<\/a><\/li><li class='ez-toc-page-1 ez-toc-heading-level-2'><a class=\"ez-toc-link ez-toc-heading-9\" href=\"https:\/\/pragmatiq.pl\/zmianawarty\/zmiany-w-prawie-spadkowym-ograniczenie-kregu-spadkobiercow-ulatwienia-dotyczace-odrzucenia-spadku-oraz-nowe-przeslanki-niegodnosci\/#Jak_jest_od_15_listopada_2023_roku-3\" >Jak jest od 15 listopada 2023 roku?<\/a><\/li><\/ul><\/nav><\/div>\n\n<p><strong>Modyfikacje, kt\u00f3re wchodz\u0105 w \u017cycie 15 listopada 2023 roku nie stanowi\u0105 rewolucji w dziedziczeniu, ale w wielu sytuacjach mog\u0105 nieco u\u0142atwi\u0107 \u017cycie spadkobiercom. Aby dowiedzie\u0107 si\u0119 co konkretnie ulegnie zmianie, przeczytaj nasz artyku\u0142.<\/strong><\/p>\n\n\n\n<p>Najwa\u017cniejsze modyfikacje to:<\/p>\n\n\n\n<ol class=\"wp-block-list\" style=\"list-style-type:1\">\n<li><strong>Ograniczenie kr\u0119gu spadkobierc\u00f3w<\/strong> \u2013 do dziedziczenia ustawowego nie b\u0119d\u0105 powo\u0142ani cioteczne i&nbsp;stryjeczne wnuki oraz dalecy krewni;<\/li>\n\n\n\n<li><strong>Lepsza ochrona ma\u0142oletnich spadkobierc\u00f3w przed d\u0142ugami<\/strong> \u2013 nie potrzeba zgody s\u0105du, je\u015bli rodzice dziecka odrzuc\u0105 spadek;<\/li>\n\n\n\n<li><strong>Nowe przes\u0142anki niegodno\u015bci<\/strong> \u2013 uporczywe uchylanie si\u0119 od obowi\u0105zku alimentacyjnego albo obowi\u0105zku pieczy pozbawi spadku.<\/li>\n<\/ol>\n\n\n\n<p>Powy\u017csze zmiany wchodz\u0105 w \u017cycie <strong><u>15 listopada 2023 roku<\/u><\/strong>, a nie 4 listopada \u2013 mimo \u017ce tak\u0105 informacj\u0119 mo\u017cna znale\u017a\u0107 na niekt\u00f3rych stronach internetowych. Sk\u0105d te rozbie\u017cno\u015bci? Zmiany w prawie spadkowym wprowadza Ustawa z dnia 28 lipca 2023 r. o zmianie ustawy &#8211; Kodeks cywilny oraz niekt\u00f3rych innych ustaw. 28 lipca 2023 r. Prezydent podpisa\u0142 ustaw\u0119 4 sierpnia 2023 r. \u2013 i w\u0142a\u015bnie od tej daty niekiedy liczono czas wej\u015bcia w \u017cycie zmian. To jednak b\u0142\u0105d, gdy\u017c tzw. <em>vacatio legis<\/em>, kt\u00f3re w tym przypadku wynosi 3 miesi\u0105ce, nale\u017cy liczy\u0107 od dnia <strong>og\u0142oszenia ustawy w Dzienniku Ustaw RP.<\/strong> To zdarzenie nast\u0105pi\u0142o natomiast dopiero <strong>14 sierpnia 2023 r.<\/strong> Wobec tego czas wej\u015bcia w \u017cycie nowelizacji prawa spadkowego to 3 miesi\u0105ce od 14 sierpnia 2023 roku, czyli <strong>15 listopada 2023 roku.<\/strong><\/p>\n\n\n\n<p>Przebieg procesu legislacyjnego mo\u017cna prze\u015bledzi\u0107 pod tym <a href=\"https:\/\/www.sejm.gov.pl\/Sejm9.nsf\/PrzebiegProc.xsp?nr=2977\" target=\"_blank\" rel=\"noopener\">linkiem<\/a>.<\/p>\n\n\n\n<h2 class=\"wp-block-heading\"><span class=\"ez-toc-section\" id=\"Dalecy_krewni_juz_nie_dziedzicza\"><\/span>Dalecy krewni ju\u017c nie dziedzicz\u0105<span class=\"ez-toc-section-end\"><\/span><\/h2>\n\n\n\n<p>W ramach dziedziczenia mo\u017cemy wyr\u00f3\u017cni\u0107 5 grup spadkobierc\u00f3w:<\/p>\n\n\n\n<ol class=\"wp-block-list\" style=\"list-style-type:1\">\n<li>Ma\u0142\u017conek i zst\u0119pni<\/li>\n\n\n\n<li>Ma\u0142\u017conek, rodzice, rodze\u0144stwo oraz zst\u0119pni rodze\u0144stwa<\/li>\n\n\n\n<li>Dziadkowie i ich zst\u0119pni \u2013 <strong>aktualnie dziadkowie, ich dzieci oraz wnukowie<\/strong><\/li>\n\n\n\n<li>Pasierbowie<\/li>\n\n\n\n<li>Gmina ostatniego miejsca zamieszkania lub Skarb Pa\u0144stwa<\/li>\n<\/ol>\n\n\n\n<p>Jak wida\u0107 powy\u017cej, potencjalnymi spadkobiercami mo\u017ce by\u0107 bardzo wiele os\u00f3b, a procedura ustalania os\u00f3b uprawnionych do dziedziczenia mo\u017ce by\u0107 bardzo skomplikowana i d\u0142ugotrwa\u0142a. Czasami dziedziczy\u0107 maj\u0105tek po zmar\u0142ym mog\u0142y nawet osoby, kt\u00f3re nie posiada\u0142y \u017cadnych faktycznych wi\u0119zi ze zmar\u0142ym spadkodawc\u0105. Wobec tego ustawodawca postanowi\u0142 <strong>zmieni\u0107 zakres trzeciej grupy spadkobierc\u00f3w.<\/strong><\/p>\n\n\n\n<h2 class=\"wp-block-heading\"><span class=\"ez-toc-section\" id=\"Jak_bylo\"><\/span>Jak by\u0142o?&nbsp;<span class=\"ez-toc-section-end\"><\/span><\/h2>\n\n\n\n<p>Wcze\u015bniej trzecia grupa spadkobierc\u00f3w by\u0142a otwarta \u2013 je\u015bli w momencie \u015bmierci spadkobierca nie posiada\u0142 \u017cadnych dzieci (ani dalszych zst\u0119pnych), ma\u0142\u017conka, rodzic\u00f3w ani rodze\u0144stwa, to do dziedziczenia dochodzili jego dziadkowie. W przypadku ich braku dziedziczyli ich zst\u0119pni, tj. wujkowie i ciotki spadkodawcy \u2013 je\u015bli i te osoby nie do\u017cy\u0142y otwarcia spadku, do dziedziczenia dochodzili ich zst\u0119pni, tj. kuzyni spadkodawcy. Na tym jednak nie koniec, bowiem w braku kuzyn\u00f3w mogli dziedziczy\u0107 ich zst\u0119pni i kolejni zst\u0119pni \u2013 ten kr\u0105g spadkobierc\u00f3w nie by\u0142 w \u017caden spos\u00f3b ograniczony.<\/p>\n\n\n\n<h2 class=\"wp-block-heading\"><span class=\"ez-toc-section\" id=\"Jak_jest_od_15_listopada_2023_roku\"><\/span>Jak jest od 15 listopada 2023 roku?<span class=\"ez-toc-section-end\"><\/span><\/h2>\n\n\n\n<p>Trzecia grupa spadkobierc\u00f3w zosta\u0142a ograniczona do wnuk\u00f3w dziadk\u00f3w. Po zmianach zst\u0119pni kuzyn\u00f3w spadkobiercy (tj. tzw. cioteczne lub stryjeczne wnuki) nie s\u0105 powo\u0142ani do dziedziczenia ustawowego.<\/p>\n\n\n\n<p>Naszym zdaniem powy\u017csze zmiany s\u0105 uzasadnione, gdy\u017c cz\u0119sto na tak dalekim poziomie pokrewie\u0144stwa nie istniej\u0105 \u017cadne relacje rodzinne. Co wi\u0119cej wcze\u015bniejszy stan prawny stwarza\u0142 pewne niebezpiecze\u0144stwo. Mianowicie, je\u015bli spadkobierca by\u0142 zad\u0142u\u017cony, to mo\u017cna by\u0142o si\u0119 spodziewa\u0107, \u017ce wszyscy spadkobiercy odrzuc\u0105 spadek po nim, aby nie odziedziczy\u0107 d\u0142ug\u00f3w. Tak szeroka grupa spadkobierc\u00f3w zdecydowanie wyd\u0142u\u017ca\u0142a ca\u0142\u0105 procedur\u0119.<\/p>\n\n\n\n<h2 class=\"wp-block-heading\"><span class=\"ez-toc-section\" id=\"Ochrona_maloletnich\"><\/span>Ochrona ma\u0142oletnich<span class=\"ez-toc-section-end\"><\/span><\/h2>\n\n\n\n<p>Zdarzaj\u0105 si\u0119 takie spadki, kt\u00f3rych nikt nie chce przyj\u0105\u0107, bowiem sk\u0142adaj\u0105 si\u0119 w wi\u0119kszo\u015bci z d\u0142ug\u00f3w. Wobec tego osoby uprawnione do dziedziczenia sk\u0142adaj\u0105 o\u015bwiadczenie (przed s\u0105dem lub notariuszem) o odrzuceniu spadku. Osob\u0119, kt\u00f3ra odrzuca spadek, przepisy traktuj\u0105 tak, jakby nie do\u017cy\u0142a ona otwarcia spadku \u2013 wobec tego w jej miejsce wst\u0119puj\u0105 kolejni spadkobiercy i oni r\u00f3wnie\u017c musz\u0105 odrzuci\u0107 spadek. Nieco bardziej skomplikowana sytuacja wyst\u0119puje w przypadku, gdy uprawnieni do dziedziczenia s\u0105 ma\u0142oletni, bowiem nie mog\u0105 oni samodzielnie odrzuci\u0107 spadku. W tym zakresie nowelizacji poddano dwie istotne kwestie.<\/p>\n\n\n\n<h2 class=\"wp-block-heading\"><span class=\"ez-toc-section\" id=\"Jak_bylo-2\"><\/span>Jak by\u0142o?<span class=\"ez-toc-section-end\"><\/span><\/h2>\n\n\n\n<p>Wcze\u015bniej procedura wygl\u0105da\u0142a w taki spos\u00f3b, \u017ce najpierw spadek odrzuca\u0142 uprawniony do tego rodzic, a nast\u0119pnie sk\u0142ada\u0142 wniosek (jako przedstawiciel ustawowy dziecka) do s\u0105du opieku\u0144czego o udzielenie zgody na odrzucenie spadku w imieniu swojego ma\u0142oletniego dziecka.<\/p>\n\n\n\n<p>Ta zgoda by\u0142a konieczna, gdy\u017c odrzucenie spadku to czynno\u015b\u0107 przekraczaj\u0105ca zwyk\u0142y zarz\u0105d maj\u0105tkiem dziecka \u2013 s\u0105d ka\u017cdorazowo musia\u0142 oceni\u0107 czy rezygnacja z dziedziczenia le\u017cy w interesie dziecka.<\/p>\n\n\n\n<p>Bardzo istotny by\u0142 r\u00f3wnie\u017c termin z\u0142o\u017cenia o\u015bwiadczenia. Wynosi\u0142 on 6 miesi\u0119cy i by\u0142 liczony od dnia dowiedzenia si\u0119 o fakcie dziedziczenia. W praktyce termin liczono od dnia \u015bmierci spadkodawcy lub od dnia odrzucenia spadku przez rodzica. O ile ten termin jest zwykle wystarczaj\u0105cy dla doros\u0142ych spadkobierc\u00f3w, to w przypadku konieczno\u015bci uzyskania zgody s\u0105du opieku\u0144czego, m\u00f3g\u0142 by\u0107 problematyczny. To zagadnienie by\u0142o na tyle istotne, \u017ce na ten temat wypowiada\u0142 si\u0119 S\u0105d Najwy\u017cszy np. w postanowieniu z 2018 roku, gdzie wskazano, i\u017c: <em>Termin przewidziany w art. 1015 \u00a7 1 k.c. nie mo\u017ce si\u0119 sko\u0144czy\u0107 przed prawomocnym zako\u0144czeniem post\u0119powania o zezwolenie na z\u0142o\u017cenie przez ma\u0142oletniego spadkobierc\u0119 o\u015bwiadczenia o odrzuceniu spadku. Po prawomocnym zako\u0144czeniu tego post\u0119powania o\u015bwiadczenie ma\u0142oletniego powinno by\u0107 z\u0142o\u017cone niezw\u0142ocznie, chyba \u017ce termin ten jeszcze nie up\u0142yn\u0105\u0142.<\/em><\/p>\n\n\n\n<h2 class=\"wp-block-heading\"><span class=\"ez-toc-section\" id=\"Jak_jest_od_15_listopada_2023_roku-2\"><\/span>Jak jest od 15 listopada 2023 roku?<span class=\"ez-toc-section-end\"><\/span><\/h2>\n\n\n\n<p>Wprowadzono dwa istotne udogodnienia dla ma\u0142oletnich spadkobierc\u00f3w<\/p>\n\n\n\n<p>Po pierwsze zgoda s\u0105du w wielu przypadkach nie b\u0119dzie ju\u017c potrzebna. Nowe przepisy stanowi\u0105, \u017ce je\u017celi dzie\u00adcko jest powo\u0142ane do dziedziczenia wskutek uprzedniego odrzuce\u00adnia spadku przez rodzica, to odrzucenie spadku w imieniu dziecka przez rodzica, kt\u00f3remu w tym zakresie przys\u0142uguje w\u0142adza rodzicielska \u2013 o ile jest dokonywane za zgod\u0105 drugiego z rodzic\u00f3w, kt\u00f3remu r\u00f3wnie\u017c w tym zakresie przys\u0142uguje w\u0142adza rodzicielska, albo gdy jest dokonywana wsp\u00f3lnie \u2013 nie b\u0119dzie wymaga\u0142o zezwolenia s\u0105du opieku\u0144czego, chyba \u017ce spadek przyj\u00admuje inny potomek rodzic\u00f3w tego dziecka.<\/p>\n\n\n\n<p><strong>PRZYK\u0141AD:<\/strong><\/p>\n\n\n\n<p><em>Spadkodawca mia\u0142 jednego syna \u2013 Piotra \u2013 i dw\u00f3jk\u0119 niepe\u0142noletnich wnuk\u00f3w. Po jego \u015bmierci w sk\u0142ad spadku wszed\u0142 maj\u0105tek o warto\u015bci 100 tys. z\u0142otych i d\u0142ugi w wysoko\u015bci 1 mln z\u0142otych. W zwi\u0105zku z tym syn spadkodawcy odrzuci\u0142 spadek. Zgodnie z nowymi przepisami, Piotr nie musia\u0142 ju\u017c zwraca\u0107 si\u0119 do s\u0105du o zgod\u0119 na odrzucenie spadku w imieniu swoich dzieci. Piotr z\u0142o\u017cy\u0142 o\u015bwiadczenie o odrzuceniu spadku w imieniu ma\u0142oletnich dzieci, wykazuj\u0105c przy tym jedynie, \u017ce posiada w tym zakresie zgod\u0119 drugiego rodzica dzieci oraz sam wcze\u015bniej odrzuci\u0142 ten spadek.<\/em><\/p>\n\n\n\n<p>Druga korzystna zmiana to zawieszenie terminu na z\u0142o\u017cenie o\u015bwiadczenia o przyj\u0119ciu lub odrzuceniu spadku, gdy to wymaga zezwolenia s\u0105du. W takim przypadku termin ulega zawieszeniu na czas trwania post\u0119powania s\u0105dowego w tym zakresie. <\/p>\n\n\n\n<h2 class=\"wp-block-heading\"><span class=\"ez-toc-section\" id=\"Nowe_przeslanki_niegodnosci\"><\/span>Nowe przes\u0142anki niegodno\u015bci<span class=\"ez-toc-section-end\"><\/span><\/h2>\n\n\n\n<p>W prawie spadkowym istniej\u0105 dwie konstrukcje prawne, kt\u00f3re mog\u0105 doprowadzi\u0107 do pozbawienia danej osoby spadku \u2013 to wydziedziczenie oraz niegodno\u015b\u0107 dziedziczenia.<\/p>\n\n\n\n<p>O wydziedziczeniu decyduje sam spadkodawca, wprowadzaj\u0105c odpowiedni zapis w testamencie. Nale\u017cy wskaza\u0107 kto zostaje wydziedziczony oraz z jakiego powodu. Ten pow\u00f3d nie mo\u017ce by\u0107 jednak dowolny \u2013 wy\u0142\u0105czne przyczyny wydziedziczenia s\u0105 wskazane w Kodeksie cywilnym. Pozbawienie spadku z innego powodu nie b\u0119dzie skuteczne, a co za tym idzie \u2013 dana osoba b\u0119dzie mog\u0142a \u017c\u0105da\u0107 zachowku. Wi\u0119cej o zachowku piszemy w artykule: <strong><em><a href=\"https:\/\/pragmatiq.pl\/zmianawarty\/zachowek-co-to-jest-kto-i-kiedy-moze-go-zadac\/\" target=\"_blank\" rel=\"noreferrer noopener\">Zachowek \u2013 co&nbsp;to&nbsp;jest, kto i&nbsp;kiedy mo\u017ce go&nbsp;\u017c\u0105da\u0107?<\/a><\/em><\/strong><\/p>\n\n\n\n<p>Nieco inn\u0105 funkcj\u0119 ma konstrukcja niegodno\u015bci dziedziczenia. W tym przypadku to s\u0105d, ju\u017c po \u015bmierci spadkodawcy, decyduje czy dana osoba, ze wzgl\u0119du na ci\u0119\u017ckie przewinienie wobec spadkodawcy powinna zosta\u0107 pozbawiona spadku. Zwykle chodzi o zdarzenia, kt\u00f3re wyjd\u0105 na jaw ju\u017c po \u015bmierci spadkodawcy, dlatego o niegodno\u015bci dziedziczenia decyduje s\u0105d.<\/p>\n\n\n\n<h2 class=\"wp-block-heading\"><span class=\"ez-toc-section\" id=\"Jak_bylo-3\"><\/span>Jak by\u0142o?<span class=\"ez-toc-section-end\"><\/span><\/h2>\n\n\n\n<p>Dotychczas niegodnym dziedziczenia m\u00f3g\u0142 zosta\u0107 uznany spadkobierca, kt\u00f3ry:<\/p>\n\n\n\n<ul class=\"wp-block-list\">\n<li>umy\u015blnie dopu\u015bci\u0142 si\u0119 ci\u0119\u017ckiego przest\u0119pstwa przeciwko spadkodawcy;<\/li>\n\n\n\n<li>podst\u0119pem lub gro\u017ab\u0105 nak\u0142oni\u0142 spadkodawc\u0119 do sporz\u0105dzenia lub odwo\u0142ania testamentu albo w taki sam spos\u00f3b przeszkodzi\u0142 mu w dokonaniu jednej z tych czynno\u015bci;<\/li>\n\n\n\n<li>umy\u015blnie ukry\u0142 lub zniszczy\u0142 testament spadkodawcy, podrobi\u0142 lub przerobi\u0142 jego testament albo \u015bwiadomie skorzysta\u0142 z testa\u00admentu przez inn\u0105 osob\u0119 podrobionego lub przerobionego.<\/li>\n<\/ul>\n\n\n\n<p>Te powody nadal pozostaj\u0105 aktualne \u2013 nowelizacja doda\u0142a natomiast r\u00f3wnie\u017c inne powody, kt\u00f3re mog\u0105 sta\u0107 si\u0119 podstaw\u0105 uznania danej osoby za niegodn\u0105 dziedziczenia.<\/p>\n\n\n\n<h2 class=\"wp-block-heading\"><span class=\"ez-toc-section\" id=\"Jak_jest_od_15_listopada_2023_roku-3\"><\/span>Jak jest od 15 listopada 2023 roku?<span class=\"ez-toc-section-end\"><\/span><\/h2>\n\n\n\n<p>Nowelizacja rozszerza katalog sytuacji, w kt\u00f3rych spadkobierca mo\u017ce zosta\u0107 uznany za niegodnego dziedziczenia. W nowym stanie prawnym spadkobierca mo\u017ce zosta\u0107 pozbawiony dziedziczenia przez s\u0105d (opr\u00f3cz przypadk\u00f3w wskazanych powy\u017cej) r\u00f3wnie\u017c, gdy:<\/p>\n\n\n\n<ul class=\"wp-block-list\">\n<li>uporczywie uchyla\u0142 si\u0119 od wykonywania wobec spadkodawcy obowi\u0105zku alimentacyjnego okre\u015blonego co do wysoko\u015bci orze\u00adczeniem s\u0105dowym, ugod\u0105 zawart\u0105 przed s\u0105dem albo innym or\u00adganem albo inn\u0105 umow\u0105;<\/li>\n\n\n\n<li>uporczywie uchyla\u0142 si\u0119 od wykonywania obowi\u0105zku pieczy nad spadkodawc\u0105, w szczeg\u00f3lno\u015bci wynikaj\u0105cego z w\u0142adzy ro\u00addzicielskiej, opieki, sprawowania funkcji rodzica zast\u0119pczego, ma\u0142\u017ce\u0144skiego obowi\u0105zku wzajemnej pomocy albo obowi\u0105zku wzajemnego szacunku i wspierania si\u0119 rodzica i dziecka.<\/li>\n<\/ul>\n\n\n\n<p>Krzysztof Binkowski<\/p>\n\n\n\n<p>Jacek Mi\u0142aszewski<\/p>\n","protected":false},"excerpt":{"rendered":"<p>Modyfikacje, kt\u00f3re wchodz\u0105 w \u017cycie 15 listopada 2023 roku nie stanowi\u0105 rewolucji w dziedziczeniu, ale w wielu sytuacjach mog\u0105 nieco u\u0142atwi\u0107 \u017cycie spadkobiercom. Aby dowiedzie\u0107 si\u0119 co konkretnie ulegnie zmianie, przeczytaj nasz artyku\u0142. Najwa\u017cniejsze modyfikacje to: Powy\u017csze zmiany wchodz\u0105 w \u017cycie 15 listopada 2023 roku, a nie 4 listopada \u2013 mimo \u017ce tak\u0105 informacj\u0119 mo\u017cna &hellip; <\/p>\n<p class=\"link-more\"><a href=\"https:\/\/pragmatiq.pl\/zmianawarty\/zmiany-w-prawie-spadkowym-ograniczenie-kregu-spadkobiercow-ulatwienia-dotyczace-odrzucenia-spadku-oraz-nowe-przeslanki-niegodnosci\/\" class=\"more-link\">Continue reading<span class=\"screen-reader-text\"> &#8222;Zmiany w prawie spadkowym: Ograniczenie kr\u0119gu spadkobierc\u00f3w u\u0142atwienia dotycz\u0105ce odrzucenia spadku oraz nowe przes\u0142anki niegodno\u015bci.&#8221;<\/span><\/a><\/p>\n","protected":false},"author":31,"featured_media":3968,"comment_status":"open","ping_status":"open","sticky":false,"template":"","format":"standard","meta":{"footnotes":""},"categories":[1],"tags":[],"class_list":["post-4043","post","type-post","status-publish","format-standard","has-post-thumbnail","hentry","category-bez-kategorii"],"_links":{"self":[{"href":"https:\/\/pragmatiq.pl\/zmianawarty\/wp-json\/wp\/v2\/posts\/4043","targetHints":{"allow":["GET"]}}],"collection":[{"href":"https:\/\/pragmatiq.pl\/zmianawarty\/wp-json\/wp\/v2\/posts"}],"about":[{"href":"https:\/\/pragmatiq.pl\/zmianawarty\/wp-json\/wp\/v2\/types\/post"}],"author":[{"embeddable":true,"href":"https:\/\/pragmatiq.pl\/zmianawarty\/wp-json\/wp\/v2\/users\/31"}],"replies":[{"embeddable":true,"href":"https:\/\/pragmatiq.pl\/zmianawarty\/wp-json\/wp\/v2\/comments?post=4043"}],"version-history":[{"count":3,"href":"https:\/\/pragmatiq.pl\/zmianawarty\/wp-json\/wp\/v2\/posts\/4043\/revisions"}],"predecessor-version":[{"id":4771,"href":"https:\/\/pragmatiq.pl\/zmianawarty\/wp-json\/wp\/v2\/posts\/4043\/revisions\/4771"}],"wp:featuredmedia":[{"embeddable":true,"href":"https:\/\/pragmatiq.pl\/zmianawarty\/wp-json\/wp\/v2\/media\/3968"}],"wp:attachment":[{"href":"https:\/\/pragmatiq.pl\/zmianawarty\/wp-json\/wp\/v2\/media?parent=4043"}],"wp:term":[{"taxonomy":"category","embeddable":true,"href":"https:\/\/pragmatiq.pl\/zmianawarty\/wp-json\/wp\/v2\/categories?post=4043"},{"taxonomy":"post_tag","embeddable":true,"href":"https:\/\/pragmatiq.pl\/zmianawarty\/wp-json\/wp\/v2\/tags?post=4043"}],"curies":[{"name":"wp","href":"https:\/\/api.w.org\/{rel}","templated":true}]}}