{"id":4037,"date":"2023-10-25T17:04:15","date_gmt":"2023-10-25T15:04:15","guid":{"rendered":"https:\/\/zmianawarty.pl\/?p=4037"},"modified":"2024-09-16T14:06:05","modified_gmt":"2024-09-16T12:06:05","slug":"fundacja-rodzinna-jako-morza-i-oceany-polemika-z-tp","status":"publish","type":"post","link":"https:\/\/pragmatiq.pl\/zmianawarty\/fundacja-rodzinna-jako-morza-i-oceany-polemika-z-tp\/","title":{"rendered":"Fundacja rodzinna &#8211; morza i oceany zamiast akwari\u00f3w"},"content":{"rendered":"<div id=\"ez-toc-container\" class=\"ez-toc-v2_0_82_2 counter-hierarchy ez-toc-counter ez-toc-white ez-toc-container-direction\">\n<div class=\"ez-toc-title-container\"><p class=\"ez-toc-title\" style=\"cursor:inherit\">Spis tre\u015bci<\/p>\n<\/div><nav><ul class='ez-toc-list ez-toc-list-level-1 ' ><li class='ez-toc-page-1 ez-toc-heading-level-2'><a class=\"ez-toc-link ez-toc-heading-1\" href=\"https:\/\/pragmatiq.pl\/zmianawarty\/fundacja-rodzinna-jako-morza-i-oceany-polemika-z-tp\/#Ekspresowe_tempo_prac_dotyczace_fundacji_rodzinnej\" >Ekspresowe tempo prac dotycz\u0105ce fundacji rodzinnej?<\/a><\/li><li class='ez-toc-page-1 ez-toc-heading-level-2'><a class=\"ez-toc-link ez-toc-heading-2\" href=\"https:\/\/pragmatiq.pl\/zmianawarty\/fundacja-rodzinna-jako-morza-i-oceany-polemika-z-tp\/#Fundacja_rodzinna_narzedziem_optymalizacji_podatkowej\" >Fundacja rodzinna narz\u0119dziem optymalizacji podatkowej?<\/a><\/li><li class='ez-toc-page-1 ez-toc-heading-level-2'><a class=\"ez-toc-link ez-toc-heading-3\" href=\"https:\/\/pragmatiq.pl\/zmianawarty\/fundacja-rodzinna-jako-morza-i-oceany-polemika-z-tp\/#Sprzecznosc_rozwiazan_fundacji_rodzinnej_z_rozwiazaniami_znanymi_z_testamentu\" >Sprzeczno\u015b\u0107 rozwi\u0105za\u0144 fundacji rodzinnej z rozwi\u0105zaniami znanymi z testamentu<\/a><\/li><li class='ez-toc-page-1 ez-toc-heading-level-2'><a class=\"ez-toc-link ez-toc-heading-4\" href=\"https:\/\/pragmatiq.pl\/zmianawarty\/fundacja-rodzinna-jako-morza-i-oceany-polemika-z-tp\/#Zmiana_warty\" >Zmiana warty<\/a><\/li><\/ul><\/nav><\/div>\n\n<p><strong>W wydaniu Tygodnika Powszechnego z 13 wrze\u015bnia 2023 r. opublikowano artyku\u0142 pod tytu\u0142em \u201eAkwarium dla delfin\u00f3w\u201d autorstwa Marka Rabija, w kt\u00f3rym opisa\u0142 on poruszany cz\u0119sto przez nas temat fundacji rodzinnej. Ze wzgl\u0119du na to, \u017ce zajmowali\u015bmy si\u0119 tematem sukcesji w firmach rodzinnych na d\u0142ugo przed tym, zanim wesz\u0142a w \u017cycie nowa ustawa o fundacjach tego typu, poczuli\u015bmy si\u0119 w obowi\u0105zku skomentowa\u0107 tezy poruszane w artykule, po to, aby wyja\u015bni\u0107 w\u0105tpliwo\u015bci i b\u0142\u0119dne twierdzenia dotycz\u0105ce fundacji rodzinnej, kt\u00f3re nadal, niestety pojawiaj\u0105 si\u0119 w przestrzeni publicznej. Przeczytaj nasz artyku\u0142, \u017ceby dowiedzie\u0107 si\u0119, dlaczego fundacja rodzinna jest istotnym narz\u0119dziem s\u0142u\u017c\u0105cym wszystkim \u2013 nie tylko bogaczom.<\/strong><\/p>\n\n\n\n<h2 class=\"wp-block-heading\"><span class=\"ez-toc-section\" id=\"Ekspresowe_tempo_prac_dotyczace_fundacji_rodzinnej\"><\/span><strong>Ekspresowe tempo prac dotycz\u0105ce fundacji rodzinnej?<\/strong><span class=\"ez-toc-section-end\"><\/span><\/h2>\n\n\n\n<p>Na samym pocz\u0105tku wspomnianego artyku\u0142u zwr\u00f3cono uwag\u0119 na ekspresowe tempo procesu legislacyjnego dotycz\u0105cego uchwalenia Ustawy o fundacji rodzinnej. Nale\u017cy jednak zauwa\u017cy\u0107, \u017ce prace nad ustaw\u0105 trwa\u0142y kilka lat przed jej wej\u015bciem w \u017cycie.<\/p>\n\n\n\n<p>Ju\u017c 13 wrze\u015bnia 2019 roku Ministerstwo Przedsi\u0119biorczo\u015bci i Technologii opublikowa\u0142o \u201eZielon\u0105 Ksi\u0119g\u0119\u201d dotycz\u0105c\u0105 planowanej regulacji zwi\u0105zanej z fundacj\u0105 rodzinn\u0105, a tym samym rozpocz\u0119\u0142o konsultacje spo\u0142eczne odno\u015bnie przysz\u0142ej ustawy.<\/p>\n\n\n\n<p>W zwi\u0105zku z przeprowadzanymi konsultacjami po p\u00f3\u0142torej roku, w marcu 2021 roku opublikowano pierwszy projekt Ustawy o fundacji rodzinnej. Po wielu debatach, w pa\u017adzierniku tego samego roku opublikowano kolejn\u0105 propozycj\u0119 przepis\u00f3w. Nast\u0119pnie, dopiero w listopadzie 2022 roku skierowano do Sejmu finalny projekt ustawy, kt\u00f3ry po wprowadzeniu kilku poprawek zdecydowan\u0105 wi\u0119kszo\u015bci\u0105 g\u0142os\u00f3w zosta\u0142 przyj\u0119ty 15 grudnia przez Sejm. W styczniu 2023 roku swoje poprawki nani\u00f3s\u0142 r\u00f3wnie\u017c Senat, a 26 stycznia tego roku ustawa zosta\u0142a ostatecznie uchwalona.<\/p>\n\n\n\n<p>22 maja 2023 roku po niemal 4 latach prac nad finaln\u0105 wersj\u0105 ustawy wesz\u0142a ona w \u017cycie, zatem nieprawdziwym wydaje si\u0119 stwierdzenie o ekspresowym tempie prac nad regulacj\u0105 wprowadzaj\u0105c\u0105 polsk\u0105 fundacj\u0119 rodzinn\u0105.<\/p>\n\n\n\n<p>Warto podkre\u015bli\u0107, \u017ce w konsultacjach dotycz\u0105cych ustawy bra\u0142o udzia\u0142 kilkadziesi\u0105t podmiot\u00f3w reprezentuj\u0105cych wiele r\u00f3\u017cnych \u015brodowisk. W tym gronie znajdowa\u0142y si\u0119 oczywi\u015bcie najwi\u0119ksze kancelarie w Polsce, ale r\u00f3wnie\u017c takie podmioty jak chocia\u017cby: Inicjatywa Firm Rodzinnych, Pracodawcy RP, Izby Zawodowe (m.in. Polska Izba Bieg\u0142ych Rewident\u00f3w czy Krajowa Izba Doradc\u00f3w Podatkowych) oraz Konfederacja Lewiatan.<\/p>\n\n\n\n<p>Nie spos\u00f3b nie wspomnie\u0107 o tym, \u017ce nasza Kancelaria bra\u0142a czynny udzia\u0142 na ka\u017cdym etapie prac legislacyjnych, wobec czego mo\u017cemy za\u015bwiadczy\u0107 o d\u0142ugotrwa\u0142ych pracach i licznych zmianach tych przepis\u00f3w w czasie ich tworzenia. Dlatego te\u017c, mimo rzeczywi\u015bcie niespotykanej zgody parlamentarnej na ostatnim etapie powstawania ustawy (co tym bardziej \u015bwiadczy o jej wysokim poziomie) trudno m\u00f3wi\u0107 o ekspresowym tempie uchwalenia ustawy. Jak wskazali\u015bmy powy\u017cej Ustawa o fundacji rodzinnej powstawa\u0142a w toku licznych i g\u0142\u0119bokich konsultacji spo\u0142ecznych b\u0119d\u0105c wyrazem kompromisu wielu \u015brodowisk.<\/p>\n\n\n\n<p>Zreszt\u0105, zag\u0142\u0119bienie si\u0119 w odleg\u0142y ju\u017c temat pocz\u0105tku prac nad wprowadzeniem fundacji rodzinnej umo\u017cliwi dostrze\u017cenie r\u00f3wnie\u017c tego, \u017ce za przygotowanie projektu ustawy odpowiada\u0142o Ministerstwo Rozwoju i Technologii, a nie chocia\u017cby, co mo\u017ce z pozoru wydawa\u0107 si\u0119 niekt\u00f3rym rozs\u0105dniejsze Ministerstwo Sprawiedliwo\u015bci. Ot\u00f3\u017c w 2019 roku, kiedy powstawa\u0142a wspomniana ju\u017c Zielona Ksi\u0119ga o fundacji rodzinnej dzia\u0142a\u0142o Ministerstwo Przedsi\u0119biorczo\u015bci i Technologii, kt\u00f3rego Departament Doskonalenia Regulacji Gospodarczych (zgodnie z nazw\u0105 w\u0142a\u015bciwy do przygotowania regulacji takich jak fundacja rodzinna) opracowywa\u0142 strategi\u0119 dotycz\u0105c\u0105 przygotowania regulacji zwi\u0105zanej z fundacj\u0105 rodzinn\u0105. Nast\u0119pnie urz\u0105d ten zosta\u0142 zniesiony, a jego obowi\u0105zki przej\u0119\u0142o Ministerstwo Rozwoju i Technologii, kt\u00f3re we wsp\u00f3\u0142pracy z Ministerstwem Finans\u00f3w kontynuowa\u0142o prac\u0119 poprzednik\u00f3w.<\/p>\n\n\n\n<p>Nie spos\u00f3b r\u00f3wnie\u017c nie wspomnie\u0107 o tym, \u017ce Ustawa o fundacji rodzinnej jest swoist\u0105 kontynuacj\u0105 polityki ustawodawcy dotycz\u0105cej procesu przemy\u015blanej i zaplanowanej sukcesji przedsi\u0119biorc\u00f3w. Kolejny poprzednik Ministerstwa Rozwoju i Technologii, czyli Ministerstwo Finans\u00f3w i Rozwoju stworzy\u0142o ustaw\u0119 o zarz\u0105dzie sukcesyjnym, kt\u00f3rej za\u0142o\u017ceniem jest zadbanie o w\u0142a\u015bciw\u0105 drog\u0119 sukcesji w razie nag\u0142ej \u015bmierci przedsi\u0119biorcy.<\/p>\n\n\n\n<h2 class=\"wp-block-heading\"><span class=\"ez-toc-section\" id=\"Fundacja_rodzinna_narzedziem_optymalizacji_podatkowej\"><\/span><strong>Fundacja rodzinna narz\u0119dziem optymalizacji podatkowej?<\/strong><span class=\"ez-toc-section-end\"><\/span><\/h2>\n\n\n\n<p>Kolejnym, cz\u0119sto poruszanym zarzutem krzywdz\u0105cym nies\u0142usznie ide\u0119 fundacji rodzinnej, a pojawiaj\u0105cym si\u0119 tak\u017ce we wspomnianym artykule jest stwierdzenie, i\u017c jednym z g\u0142\u00f3wnych zastosowa\u0144 fundacji rodzinnej jest optymalizacja podatkowa.<\/p>\n\n\n\n<p>Warto podkre\u015bli\u0107, \u017ce za\u0142o\u017ceniem regulacji dotycz\u0105cej fundacji rodzinnej jest przede wszystkim umo\u017cliwienie przedsi\u0119biorcom skorzystania z rozwi\u0105zania, kt\u00f3re pozwoli im na&nbsp;sukcesj\u0119 pozwalaj\u0105c\u0105 na&nbsp;bezpieczn\u0105 wymian\u0119 pokoleniow\u0105, pozostawiaj\u0105c w&nbsp;rodzinnych r\u0119kach zebrany przez lata maj\u0105tek w&nbsp;spos\u00f3b kontrolowany i&nbsp;zgodny z&nbsp;wol\u0105 nestora rodziny. Co prawda, \u017ceby uczyni\u0107 to&nbsp;rozwi\u0105zanie jak najbardziej atrakcyjnym oraz&nbsp;konkurencyjnym w&nbsp;por\u00f3wnaniu do&nbsp;zagranicznych regulacji z&nbsp;kt\u00f3rych&nbsp;obecnie korzysta\u0142a ju\u017c cz\u0119\u015b\u0107 polskich przedsi\u0119biorc\u00f3w, prawodawca zdecydowa\u0142 si\u0119 na&nbsp;zastosowanie prostej metody oraz&nbsp;do\u015b\u0107 niskiego opodatkowania. Jak wskazuje jednak sam ustawodawca, uzasadniaj\u0105c wspomniane rozwi\u0105zania, powy\u017csze regulacje nie&nbsp;s\u0105&nbsp;nadmiernie korzystne i samo zastosowanie ich w&nbsp;ramach funkcjonowania fundacji rodzinnej nie&nbsp;mo\u017ce by\u0107 uznane za&nbsp;zastosowanie mechanizmu optymalizacyjnego. Prawodawca zaznacza ponadto, \u017ce&nbsp;podobne \u015brodki nie&nbsp;s\u0105&nbsp;niczym nowym i&nbsp;mo\u017cemy odnale\u017a\u0107 je&nbsp;tak\u017ce w&nbsp;innych rozwi\u0105zaniach proponowanych przez&nbsp;pa\u0144stwo. Podkre\u015blono tak\u017ce, \u017ce fundacja rodzinna ma&nbsp;s\u0142u\u017cy\u0107 przede wszystkim w&nbsp;celach ochronnych dla dalszego funkcjonowania rodzinnego biznesu.<\/p>\n\n\n\n<p>Nie&nbsp;mo\u017ce zosta\u0107 ona przy tym wykorzystana jako kolejna forma prawna do&nbsp;prowadzenia dzia\u0142alno\u015bci gospodarczej, zapominaj\u0105c jednocze\u015bnie o&nbsp;zwi\u0105zaniu z&nbsp;jej dzia\u0142alno\u015bci\u0105 interes\u00f3w rodzinnych oraz&nbsp;zaanga\u017cowaniu w&nbsp;dzia\u0142anie fundacji rodzinnej pozosta\u0142ych cz\u0142onk\u00f3w familii. W&nbsp;takim przypadku by\u0142aby to&nbsp;jedynie sztuczna konstrukcja, kt\u00f3ra&nbsp;zgodnie z&nbsp;regu\u0142ami klauzuli o&nbsp;unikaniu opodatkowania (tzw. Klauzuli GAAR) mog\u0142a by\u0107 potraktowana jako dzia\u0142anie wy\u0142\u0105cznie w&nbsp;celach optymalizacyjnych. W takim przypadku szef KAS na\u0142o\u017cy\u0142by na fundacj\u0119 rodzinn\u0105 dzia\u0142aj\u0105c\u0105 jedynie w tych celach karny podatek.<\/p>\n\n\n\n<p>Wi\u0119cej o klauzuli GAAR oraz zastosowaniu jej wobec fundacji rodzinnej mo\u017cna przeczyta\u0107 w artykule <strong><a href=\"https:\/\/pragmatiq.pl\/zmianawarty\/czy-nalezy-obawiac-sie-klauzuli-przeciwko-unikaniu-opodatkowania-gaar-w-przypadku-korzystania-z-fundacji-rodzinnej\/\" target=\"_blank\" rel=\"noreferrer noopener\"><em>Czy nale\u017cy obawia\u0107 si\u0119 klauzuli przeciwko unikaniu opodatkowania (GAAR) w przypadku korzystania z fundacji rodzinnej?<\/em><\/a><\/strong><em><a href=\"https:\/\/pragmatiq.pl\/zmianawarty\/czy-nalezy-obawiac-sie-klauzuli-przeciwko-unikaniu-opodatkowania-gaar-w-przypadku-korzystania-z-fundacji-rodzinnej\/\" target=\"_blank\" rel=\"noreferrer noopener\"> <\/a><\/em><\/p>\n\n\n\n<h2 class=\"wp-block-heading\"><span class=\"ez-toc-section\" id=\"Sprzecznosc_rozwiazan_fundacji_rodzinnej_z_rozwiazaniami_znanymi_z_testamentu\"><\/span><strong>Sprzeczno\u015b\u0107 rozwi\u0105za\u0144 fundacji rodzinnej z rozwi\u0105zaniami znanymi z testamentu<\/strong><span class=\"ez-toc-section-end\"><\/span><\/h2>\n\n\n\n<p>Opr\u00f3cz tego, w artykule zwr\u00f3cono uwag\u0119 r\u00f3wnie\u017c na sprzeczno\u015b\u0107 rozwi\u0105za\u0144 fundacji rodzinnej z zasadami testamentu. Nale\u017cy jednak podkre\u015bli\u0107, \u017ce fundacja rodzinna jest now\u0105 koncepcj\u0105, kt\u00f3ra ma s\u0142u\u017cy\u0107 w\u0142a\u015bnie udoskonaleniu rozwi\u0105za\u0144 dotycz\u0105cych dziedziczenia. Warto zaznaczy\u0107, \u017ce fundacja rodzinna nie jest form\u0105 testamentu, dlatego nie mo\u017cna zarzuca\u0107 jej niezgodno\u015bci z normami obowi\u0105zuj\u0105cymi dla tego rozwi\u0105zania. Ponadto, nale\u017cy pami\u0119ta\u0107, \u017ce jedn\u0105 z r\u00f3l ustawodawcy jest udoskonalanie obecnych rozwi\u0105za\u0144 prawnych, co nast\u0105pi\u0142o w tym przypadku. Jednocze\u015bnie nie mo\u017cna zapomnie\u0107 o fakcie, \u017ce fundacje rodzinne s\u0105 ju\u017c szeroko znane w innych pa\u0144stwach, dlatego konstruuj\u0105c jej zasady mogli\u015bmy bazowa\u0107 na do\u015bwiadczeniach kraj\u00f3w, kt\u00f3re umo\u017cliwi\u0142y zak\u0142adanie fundacji o wiele wcze\u015bniej ni\u017c Polska. Tym samym, odnosz\u0105c si\u0119 do nawi\u0105zania autora wskazuj\u0105cego podobie\u0144stwa fundacji rodzinnej z rozwi\u0105zaniami zawartymi w XVII-wiecznej ordynacji rodowej warto zada\u0107 sobie pytanie, czy postanowienia zawarte w Kodeksie cywilnym z 1964 roku r\u00f3wnie\u017c nie wymagaj\u0105 pilnych zmian, szczeg\u00f3lnie przy tak szybko zmieniaj\u0105cych si\u0119 obecnie realiach spo\u0142eczno-gospodarczych. Odpowiedzi\u0105 na ten problem zdaje si\u0119 by\u0107 w\u0142a\u015bnie nowe (przynajmniej w Polsce) rozwi\u0105zanie jakim jest fundacja rodzinna.<\/p>\n\n\n\n<p>Interesuj\u0105ca jest r\u00f3wnie\u017c obawa zwi\u0105zana z mo\u017cliwo\u015bci\u0105 dysponowania swoim maj\u0105tkiem przez fundatora, kt\u00f3ra przejawia si\u0119 tym, \u017ce za\u0142o\u017cyciele fundacji maj\u0105 pe\u0142n\u0105 mo\u017cliwo\u015b\u0107 wyznaczania beneficjent\u00f3w oraz okre\u015blania zasad otrzymywania przez nich \u015bwiadcze\u0144 od utworzonej fundacji rodzinnej. Co wi\u0119cej, autor (i wielu innych krytyk\u00f3w ustawy) wskazuje, \u017ce rozwi\u0105zania zawarte w statucie fundacji polegaj\u0105ce na wskazaniu konkretnych cech beneficjent\u00f3w mog\u0105 okaza\u0107 si\u0119 niekonstytucyjne.<\/p>\n\n\n\n<p>Czy jednak nie na tym powinna polega\u0107 szeroko poj\u0119ta wolno\u015b\u0107, r\u00f3wnie\u017c w uj\u0119ciu zarz\u0105dzania wypracowanym przez lata maj\u0105tkiem? Wydaje nam si\u0119 sprawiedliw\u0105 idea, zak\u0142adaj\u0105ca, \u017ce to osoba, kt\u00f3ra przez ca\u0142e \u017cycie pracowa\u0142a na sw\u00f3j maj\u0105tek mo\u017ce nim dysponowa\u0107, chocia\u017cby po to, \u017ceby nie zosta\u0142 on sprzeniewierzony po jej \u015bmierci, a rodzina mog\u0142a korzysta\u0107 z niego przez d\u0142ugie lata. Trzeba r\u00f3wnie\u017c podkre\u015bli\u0107, \u017ce w\u0142a\u015bnie jednym z g\u0142\u00f3wnych za\u0142o\u017ce\u0144 fundacji rodzinnej jest umo\u017cliwienie sprawniejszego i bezpieczniejszego procesu sukcesji, kt\u00f3ry pozwoli gromadzi\u0107 maj\u0105tek rodzinny przez lata, co z pewno\u015bci\u0105 wesprze nie tylko bogaczy, ale r\u00f3wnie\u017c mniej zamo\u017cne osoby.<\/p>\n\n\n\n<p>Nale\u017cy pami\u0119ta\u0107 r\u00f3wnie\u017c o tym, \u017ce rozwi\u0105zania fundacji rodzinnej co do zasady nie wy\u0142\u0105czaj\u0105 prawa do zachowku. Zgodnie z przepisami, uprawniony do zachowku mo\u017ce w przewidzianych sytuacjach zwr\u00f3ci\u0107 si\u0119 do fundacji rodzinnej z roszczeniem o nale\u017cny zachowek.<\/p>\n\n\n\n<p>Taka swoboda w naturalny spos\u00f3b przys\u0142uguje r\u00f3wnie\u017c fundatorowi zak\u0142adaj\u0105cemu fundacj\u0119 rodzinn\u0105, wobec czego postulat, wskazuj\u0105cy, \u017ce s\u0105dy rejestrowe powinny bada\u0107 zgodno\u015b\u0107 statut\u00f3w z Konstytucj\u0105 jest zupe\u0142nie chybiony. Zatem, tak samo jak nic nie stoi na przeszkodzie \u017ceby zapisa\u0107 ca\u0142y maj\u0105tek w testamencie dla swojego najstarszego syna, kt\u00f3rego rodze\u0144stwo b\u0119dzie mog\u0142o dochodzi\u0107 nale\u017cnego im zachowku, tak samo nie powinny budzi\u0107 kontrowersji podobne rozwi\u0105zania wykorzystane przy pomocy fundacji rodzinnej. Podkre\u015blenia wymaga r\u00f3wnie\u017c fakt, \u017ce taki zapis w testamencie nie mo\u017ce by\u0107 uznany za niezgodny z Konstytucj\u0105, gdy\u017c zar\u00f3wno doktryna jak i orzecznictwo szeroko uznaje swobod\u0119 testowania. <strong><\/strong><\/p>\n\n\n\n<h2 class=\"wp-block-heading\"><span class=\"ez-toc-section\" id=\"Zmiana_warty\"><\/span><strong>Zmiana warty<\/strong><span class=\"ez-toc-section-end\"><\/span><\/h2>\n\n\n\n<p>Polskie spo\u0142ecze\u0144stwo staje si\u0119 obecnie spo\u0142ecze\u0144stwem starzej\u0105cym si\u0119. Na szcz\u0119\u015bcie jest zarazem spo\u0142ecze\u0144stwem, kt\u00f3re znacznie si\u0119 bogaci i powoli dogania zachodnie kraje. Szkoda by\u0142oby jednak zmarnowa\u0107 ten pozytywny trend, np. pozwalaj\u0105c na zmarnotrawienie maj\u0105tk\u00f3w lub nie zapobiegaj\u0105c sporom w\u015br\u00f3d rodzin przedsi\u0119biorc\u00f3w. Mog\u0105 temu pom\u00f3c narz\u0119dzia oferowane przez fundacje rodzinn\u0105. Co wi\u0119cej, przecz\u0105c zarzutom dotycz\u0105cym unikania podatk\u00f3w przez milioner\u00f3w nale\u017cy podkre\u015bli\u0107, \u017ce bogacze zap\u0142ac\u0105 wi\u0119ksze podatki pozostawiaj\u0105c maj\u0105tek w Polsce, ni\u017c zak\u0142adaj\u0105c fundacje prywatne za granic\u0105 (co dzia\u0142o si\u0119 dotychczas).<\/p>\n\n\n\n<p>Mo\u017cna zatem doj\u015b\u0107 do wniosku, \u017ce powstanie polskiej fundacji rodzinnej nie jest jedynie tytu\u0142owym akwarium dla delfin\u00f3w, a czym\u015b niezb\u0119dnym, niezwykle istotnym, nie tylko dla w\u0105skiej grupy, lecz dla wszystkich, co sprawia, \u017ce regulacj\u0119 t\u0119 mo\u017cna traktowa\u0107 jako morza i oceany, w kt\u00f3rej mog\u0105 p\u0142ywa\u0107 wszystkie ryby \u2013 tak samo te wielkie i pot\u0119\u017cne, jak r\u00f3wnie\u017c drobne, cho\u0107 nie mniej u\u017cyteczne.<\/p>\n\n\n\n<p>Wi\u0119cej o fundacji rodzinnej, o tym kto mo\u017ce z niej skorzysta\u0107 oraz dlaczego jest to rozwi\u0105zanie s\u0142u\u017c\u0105ce ca\u0142ej spo\u0142eczno\u015bci mo\u017cna przeczyta\u0107 w naszym artykule <a href=\"https:\/\/pragmatiq.pl\/zmianawarty\/dla-kogo-fundacja-rodzinna\/\" target=\"_blank\" rel=\"noreferrer noopener\"><strong><em>Dla kogo fundacja rodzinna?<\/em><\/strong> <\/a><\/p>\n\n\n\n<p>Konrad Sawczuk<\/p>\n","protected":false},"excerpt":{"rendered":"<p>W wydaniu Tygodnika Powszechnego z 13 wrze\u015bnia 2023 r. opublikowano artyku\u0142 pod tytu\u0142em \u201eAkwarium dla delfin\u00f3w\u201d autorstwa Marka Rabija, w kt\u00f3rym opisa\u0142 on poruszany cz\u0119sto przez nas temat fundacji rodzinnej. Ze wzgl\u0119du na to, \u017ce zajmowali\u015bmy si\u0119 tematem sukcesji w firmach rodzinnych na d\u0142ugo przed tym, zanim wesz\u0142a w \u017cycie nowa ustawa o fundacjach tego &hellip; <\/p>\n<p class=\"link-more\"><a href=\"https:\/\/pragmatiq.pl\/zmianawarty\/fundacja-rodzinna-jako-morza-i-oceany-polemika-z-tp\/\" class=\"more-link\">Continue reading<span class=\"screen-reader-text\"> &#8222;Fundacja rodzinna &#8211; morza i oceany zamiast akwari\u00f3w&#8221;<\/span><\/a><\/p>\n","protected":false},"author":31,"featured_media":3967,"comment_status":"open","ping_status":"open","sticky":false,"template":"","format":"standard","meta":{"footnotes":""},"categories":[182],"tags":[183],"class_list":["post-4037","post","type-post","status-publish","format-standard","has-post-thumbnail","hentry","category-fundacja-rodzinna","tag-fundacja-rodzinna"],"_links":{"self":[{"href":"https:\/\/pragmatiq.pl\/zmianawarty\/wp-json\/wp\/v2\/posts\/4037","targetHints":{"allow":["GET"]}}],"collection":[{"href":"https:\/\/pragmatiq.pl\/zmianawarty\/wp-json\/wp\/v2\/posts"}],"about":[{"href":"https:\/\/pragmatiq.pl\/zmianawarty\/wp-json\/wp\/v2\/types\/post"}],"author":[{"embeddable":true,"href":"https:\/\/pragmatiq.pl\/zmianawarty\/wp-json\/wp\/v2\/users\/31"}],"replies":[{"embeddable":true,"href":"https:\/\/pragmatiq.pl\/zmianawarty\/wp-json\/wp\/v2\/comments?post=4037"}],"version-history":[{"count":2,"href":"https:\/\/pragmatiq.pl\/zmianawarty\/wp-json\/wp\/v2\/posts\/4037\/revisions"}],"predecessor-version":[{"id":4040,"href":"https:\/\/pragmatiq.pl\/zmianawarty\/wp-json\/wp\/v2\/posts\/4037\/revisions\/4040"}],"wp:featuredmedia":[{"embeddable":true,"href":"https:\/\/pragmatiq.pl\/zmianawarty\/wp-json\/wp\/v2\/media\/3967"}],"wp:attachment":[{"href":"https:\/\/pragmatiq.pl\/zmianawarty\/wp-json\/wp\/v2\/media?parent=4037"}],"wp:term":[{"taxonomy":"category","embeddable":true,"href":"https:\/\/pragmatiq.pl\/zmianawarty\/wp-json\/wp\/v2\/categories?post=4037"},{"taxonomy":"post_tag","embeddable":true,"href":"https:\/\/pragmatiq.pl\/zmianawarty\/wp-json\/wp\/v2\/tags?post=4037"}],"curies":[{"name":"wp","href":"https:\/\/api.w.org\/{rel}","templated":true}]}}