{"id":4002,"date":"2023-09-20T12:25:03","date_gmt":"2023-09-20T10:25:03","guid":{"rendered":"https:\/\/zmianawarty.pl\/?p=4002"},"modified":"2024-09-16T15:22:23","modified_gmt":"2024-09-16T13:22:23","slug":"odpowiedzialnosc-fundacji-rodzinnej-za-zachowek","status":"publish","type":"post","link":"https:\/\/pragmatiq.pl\/zmianawarty\/odpowiedzialnosc-fundacji-rodzinnej-za-zachowek\/","title":{"rendered":"Czy fundacja rodzinna b\u0119dzie odpowiada\u0107 za zachowek?\u00a0"},"content":{"rendered":"<div id=\"ez-toc-container\" class=\"ez-toc-v2_0_82_2 counter-hierarchy ez-toc-counter ez-toc-white ez-toc-container-direction\">\n<div class=\"ez-toc-title-container\"><p class=\"ez-toc-title\" style=\"cursor:inherit\">Spis tre\u015bci<\/p>\n<\/div><nav><ul class='ez-toc-list ez-toc-list-level-1 ' ><li class='ez-toc-page-1 ez-toc-heading-level-2'><a class=\"ez-toc-link ez-toc-heading-1\" href=\"https:\/\/pragmatiq.pl\/zmianawarty\/odpowiedzialnosc-fundacji-rodzinnej-za-zachowek\/#Kto_i_w_jakiej_kolejnosci_odpowiada_za_zachowek\" >Kto i w jakiej kolejno\u015bci odpowiada za zachowek?<\/a><\/li><li class='ez-toc-page-1 ez-toc-heading-level-2'><a class=\"ez-toc-link ez-toc-heading-2\" href=\"https:\/\/pragmatiq.pl\/zmianawarty\/odpowiedzialnosc-fundacji-rodzinnej-za-zachowek\/#Odpowiedzialnosc_spadkobiercy_lub_spadkobiercow\" >Odpowiedzialno\u015b\u0107 spadkobiercy lub spadkobierc\u00f3w&nbsp;<\/a><\/li><li class='ez-toc-page-1 ez-toc-heading-level-2'><a class=\"ez-toc-link ez-toc-heading-3\" href=\"https:\/\/pragmatiq.pl\/zmianawarty\/odpowiedzialnosc-fundacji-rodzinnej-za-zachowek\/#Fundacja_rodzinna_jako_spadkobierca\" >Fundacja rodzinna jako spadkobierca&nbsp;&nbsp;<\/a><\/li><li class='ez-toc-page-1 ez-toc-heading-level-2'><a class=\"ez-toc-link ez-toc-heading-4\" href=\"https:\/\/pragmatiq.pl\/zmianawarty\/odpowiedzialnosc-fundacji-rodzinnej-za-zachowek\/#Fundacja_rodzinna_jako_zapisobierca_windykacyjny\" >Fundacja rodzinna jako zapisobierca windykacyjny&nbsp;&nbsp;<\/a><\/li><li class='ez-toc-page-1 ez-toc-heading-level-2'><a class=\"ez-toc-link ez-toc-heading-5\" href=\"https:\/\/pragmatiq.pl\/zmianawarty\/odpowiedzialnosc-fundacji-rodzinnej-za-zachowek\/#Odpowiedzialnosc_obdarowanego_lub_obdarowanych_ktorych_darowizna_doliczana_jest_do_spadku\" >Odpowiedzialno\u015b\u0107 obdarowanego lub obdarowanych, kt\u00f3rych darowizna doliczana jest do spadku<\/a><\/li><li class='ez-toc-page-1 ez-toc-heading-level-2'><a class=\"ez-toc-link ez-toc-heading-6\" href=\"https:\/\/pragmatiq.pl\/zmianawarty\/odpowiedzialnosc-fundacji-rodzinnej-za-zachowek\/#Fundacja_rodzinna_jako_obdarowany\" >Fundacja rodzinna jako obdarowany&nbsp;&nbsp;<\/a><\/li><\/ul><\/nav><\/div>\n\n<p><strong>Zmiany przepis\u00f3w, kt\u00f3re zosta\u0142y wprowadzone przez ustaw\u0119 o fundacji rodzinnej obejmuj\u0105 r\u00f3wnie\u017c modyfikacj\u0119 zasad w zakresie odpowiedzialno\u015bci za zachowek. Fundacja rodzinna do\u0142\u0105czy\u0142a bowiem do kr\u0119gu podmiot\u00f3w, od kt\u00f3rych b\u0119dzie mo\u017cna dochodzi\u0107 zap\u0142aty zachowku. O tym w jakim zakresie oraz na jakich zasadach fundacja rodzinna b\u0119dzie odpowiada\u0107 za zachowek dowiesz si\u0119 z naszego artyku\u0142u.&nbsp;<\/strong>&nbsp;<\/p>\n\n\n\n<h2 class=\"wp-block-heading\"><span class=\"ez-toc-section\" id=\"Kto_i_w_jakiej_kolejnosci_odpowiada_za_zachowek\"><\/span>Kto i w jakiej kolejno\u015bci odpowiada za zachowek?<span class=\"ez-toc-section-end\"><\/span><\/h2>\n\n\n\n<p>Jest kilka podmiot\u00f3w, kt\u00f3re mog\u0105 odpowiada\u0107 za zachowek, ale jego zap\u0142aty mo\u017cna dochodzi\u0107 od nich w okre\u015blonej kolejno\u015bci i w okre\u015blonych granicach.&nbsp;&nbsp;<\/p>\n\n\n\n<p>Co do zasady osoba uprawniona do zachowku mo\u017ce dochodzi\u0107 jego zap\u0142aty w nast\u0119puj\u0105cej kolejno\u015bci:&nbsp;&nbsp;<\/p>\n\n\n\n<ol class=\"wp-block-list\" start=\"1\">\n<li>w pierwszej kolejno\u015bci \u2013 od spadkobiercy,&nbsp;&nbsp;<\/li>\n<\/ol>\n\n\n\n<ol class=\"wp-block-list\" start=\"2\">\n<li>w drugiej kolejno\u015bci \u2013 od zapisobiercy windykacyjnego,&nbsp;&nbsp;<\/li>\n<\/ol>\n\n\n\n<ol class=\"wp-block-list\" start=\"3\">\n<li>w trzeciej kolejno\u015bci:&nbsp;<\/li>\n<\/ol>\n\n\n\n<ul class=\"wp-block-list\">\n<li>od obdarowanego, kt\u00f3ry otrzyma\u0142 darowizn\u0119 doliczon\u0105 do spadku,&nbsp;&nbsp;<\/li>\n\n\n\n<li>od fundacji rodzinnej, kt\u00f3rej fundusz za\u0142o\u017cycielski doliczono do spadku,&nbsp;&nbsp;<\/li>\n<\/ul>\n\n\n\n<ul class=\"wp-block-list\">\n<li>od osoby, kt\u00f3ra otrzyma\u0142a mienie w zwi\u0105zku z rozwi\u0105zaniem fundacji rodzinnej doliczone do spadku.&nbsp;&nbsp;<\/li>\n<\/ul>\n\n\n\n<p>Poni\u017cej przedstawiamy, jak kszta\u0142tuje si\u0119 odpowiedzialno\u015b\u0107 za zachowek poszczeg\u00f3lnych wy\u017cej wymienionych grup podmiot\u00f3w, z uwzgl\u0119dnieniem fundacji rodzinnej.&nbsp;&nbsp;<\/p>\n\n\n\n<h2 class=\"wp-block-heading\"><span class=\"ez-toc-section\" id=\"Odpowiedzialnosc_spadkobiercy_lub_spadkobiercow\"><\/span>Odpowiedzialno\u015b\u0107 spadkobiercy lub spadkobierc\u00f3w&nbsp;<span class=\"ez-toc-section-end\"><\/span><\/h2>\n\n\n\n<p>W pierwszej kolejno\u015bci za zachowek odpowiada spadkobierca. Oznacza to, \u017ce osoba uprawniona do zachowku powinna w pierwszej kolejno\u015bci dochodzi\u0107 jego zap\u0142aty lub uzupe\u0142nienia od spadkobiercy zmar\u0142ego.&nbsp;&nbsp;<\/p>\n\n\n\n<p>Nale\u017cy mie\u0107 przy tym na uwadze, \u017ce je\u017celi spadkobierca sam jest uprawniony do zachowku, <strong>to jego odpowiedzialno\u015b\u0107 ogranicza si\u0119 tylko do nadwy\u017cki przekraczaj\u0105cej zachowek, kt\u00f3ry przys\u0142uguje jemu samemu. <\/strong>Oznacza to, \u017ce w takiej sytuacji uprawniony do zachowku b\u0119dzie m\u00f3g\u0142 dochodzi\u0107 od takiego spadkobiercy jedynie wspomnianej nadwy\u017cki.&nbsp;&nbsp;<\/p>\n\n\n\n<p>Sytuacja jest nieco bardziej skomplikowana w sytuacji, w kt\u00f3rej spadkobierc\u00f3w jest wi\u0119cej ni\u017c jeden. W takim przypadku do momentu dzia\u0142u spadku, spadkobiercy odpowiadaj\u0105 za zachowek solidarnie, czyli uprawniony do zachowku mo\u017ce dochodzi\u0107 ustalonej kwoty od wszystkich, od kilku, b\u0105d\u017a od ka\u017cdego spadkobiercy z osobna. Natomiast ju\u017c po dokonaniu dzia\u0142u spadku, spadkobiercy odpowiadaj\u0105 za zachowek indywidualnie, w stosunku do wielko\u015bci swojego udzia\u0142u w spadku. W tym przypadku nale\u017cy mie\u0107 r\u00f3wnie\u017c na uwadze ograniczenie odpowiedzialno\u015bci za zachowek, o kt\u00f3rym wspomniano powy\u017cej. W sytuacji, w kt\u00f3rej jest kilku spadkobierc\u00f3w i niekt\u00f3rzy b\u0105d\u017a ka\u017cdy z nich s\u0105 jednocze\u015bnie osobami uprawnionymi do zachowku, ich odpowiedzialno\u015b\u0107 r\u00f3wnie\u017c b\u0119dzie ograniczona jedynie do nadwy\u017cki przekraczaj\u0105cej zachowek przys\u0142uguj\u0105cy danemu spadkobiercy.&nbsp;<\/p>\n\n\n\n<h2 class=\"wp-block-heading\"><span class=\"ez-toc-section\" id=\"Fundacja_rodzinna_jako_spadkobierca\"><\/span>Fundacja rodzinna jako spadkobierca&nbsp;&nbsp;<span class=\"ez-toc-section-end\"><\/span><\/h2>\n\n\n\n<p>Zgodnie z nowelizacj\u0105, fundacja rodzinna mo\u017ce by\u0107 r\u00f3wnie\u017c spadkobierc\u0105. W takiej sytuacji fundacja mo\u017ce odpowiada\u0107 za zachowek.&nbsp;<\/p>\n\n\n\n<p>Je\u017celi wi\u0119c fundacja rodzinna b\u0119dzie spadkobierc\u0105, uprawniony b\u0119dzie m\u00f3g\u0142 dochodzi\u0107 od fundacji zachowku tak jak od pozosta\u0142ych spadkobierc\u00f3w i w takich samych granicach odpowiedzialno\u015bci.&nbsp;&nbsp;<strong>&nbsp;<\/strong>&nbsp;<\/p>\n\n\n\n<ol class=\"wp-block-list\" start=\"1\">\n<li><strong>Odpowiedzialno\u015b\u0107 zapisobiercy lub zapisobierc\u00f3w windykacyjnych&nbsp;<\/strong>&nbsp;<\/li>\n<\/ol>\n\n\n\n<p>W drugiej kolejno\u015bci za zachowek odpowiada zapisobierca windykacyjny. Nale\u017cy przy tym wskaza\u0107, \u017ce odpowiedzialno\u015b\u0107 zapisobiercy windykacyjnego aktualizuje si\u0119 dopiero w sytuacji, w kt\u00f3rej uprawniony do zachowku nie mo\u017ce go uzyska\u0107 w pe\u0142nej wysoko\u015bci od spadkobierc\u00f3w, czyli podmiot\u00f3w odpowiedzialnych w pierwszej kolejno\u015bci.&nbsp;&nbsp;<\/p>\n\n\n\n<p>Odpowiedzialno\u015b\u0107 zapisobiercy windykacyjnego <strong>ogranicza si\u0119 do<\/strong> <strong>granic wzbogacenia, kt\u00f3re powsta\u0142o na skutek zapisu windykacyjnego<\/strong>, a je\u017celi sam zapisobierca windykacyjny jest jednocze\u015bnie osob\u0105 uprawnion\u0105 do zachowku, to jego odpowiedzialno\u015b\u0107 dodatkowo ogranicza si\u0119 jedynie <strong>do nadwy\u017cki przekraczaj\u0105cej jego w\u0142asny zachowek. <\/strong>W przypadku dochodzenia zachowku od zapisobiercy windykacyjnego trzeba zatem wzi\u0105\u0107 pod uwag\u0119 jednocze\u015bnie warto\u015b\u0107 samego zapisu, jak i ewentualnie przys\u0142uguj\u0105cy zapisobiercy zachowek. Dopiero po uwzgl\u0119dnieniu tych dw\u00f3ch warto\u015bci nale\u017cy jednoznacznie okre\u015bli\u0107 w jakiej wysoko\u015bci uprawniony do zachowku mo\u017ce dochodzi\u0107 swojego roszczenia od zapisobiercy windykacyjnego.&nbsp;&nbsp;<\/p>\n\n\n\n<p>W przypadku, w kt\u00f3rym zapisobierc\u00f3w windykacyjnych jest wi\u0119cej ni\u017c jeden, odpowiadaj\u0105 oni za zachowek solidarnie, przy zachowaniu zasad, kt\u00f3re odnosz\u0105 si\u0119 indywidualnie do ka\u017cdego z nich. Tym samym nale\u017cy zweryfikowa\u0107, kt\u00f3rym zapisobiercom windykacyjnym, opr\u00f3cz zapisu przys\u0142uguje r\u00f3wnie\u017c zachowek, aby odpowiednio okre\u015bli\u0107 ich granice odpowiedzialno\u015bci.&nbsp;&nbsp;<\/p>\n\n\n\n<p>W przypadku solidarnej odpowiedzialno\u015bci zapisobierc\u00f3w windykacyjnych za zachowek nie ma znaczenia moment dokonania dzia\u0142u spadku, jak ma to miejsce w przypadku spadkobierc\u00f3w zmar\u0142ego, bowiem zapisobierca nabywa przedmiot zapisu <strong>z chwil\u0105 otwarcia spadku.&nbsp;<\/strong>&nbsp;<\/p>\n\n\n\n<h2 class=\"wp-block-heading\"><span class=\"ez-toc-section\" id=\"Fundacja_rodzinna_jako_zapisobierca_windykacyjny\"><\/span>Fundacja rodzinna jako zapisobierca windykacyjny<strong>&nbsp;<\/strong>&nbsp;<span class=\"ez-toc-section-end\"><\/span><\/h2>\n\n\n\n<p>Fundacja rodzinna opr\u00f3cz mo\u017cliwo\u015bci bycia spadkobierc\u0105, mo\u017ce by\u0107 r\u00f3wnie\u017c zapisobierc\u0105 windykacyjnym. W takim wypadku do fundacji rodzinnej b\u0119d\u0105 mia\u0142y zastosowanie zasady og\u00f3lne dotycz\u0105ce odpowiedzialno\u015bci za zachowek zapisobierc\u00f3w windykacyjnych, kt\u00f3re zosta\u0142y opisane powy\u017cej. Tym samym w przypadku, w kt\u00f3rym jednym z zapisobierc\u00f3w windykacyjnych b\u0119dzie fundacja rodzinna, nale\u017cy j\u0105 traktowa\u0107 na r\u00f3wni z pozosta\u0142ymi zapisobiercami windykacyjnymi.&nbsp;<\/p>\n\n\n\n<ol class=\"wp-block-list\" start=\"2\">\n<li><strong>Odpowiedzialno\u015b\u0107 obdarowanego lub obdarowanych, kt\u00f3rzy otrzymali darowizn\u0119 doliczon\u0105 do spadku, fundacji rodzinnej, kt\u00f3rej fundusz za\u0142o\u017cycielski doliczono do spadku oraz os\u00f3b, kt\u00f3re otrzyma\u0142y mienie w zwi\u0105zku z rozwi\u0105zaniem fundacji rodzinnej, kt\u00f3re doliczane jest do spadku<\/strong>&nbsp;<\/li>\n<\/ol>\n\n\n\n<p>Do grupy podmiot\u00f3w, kt\u00f3re s\u0105 odpowiedzialne za zachowek w trzeciej kolejno\u015bci zalicza si\u0119 jednocze\u015bnie:&nbsp;&nbsp;<\/p>\n\n\n\n<ol class=\"wp-block-list\" start=\"1\">\n<li>obdarowanego lub obdarowanych, kt\u00f3rzy otrzymali darowizn\u0119 doliczon\u0105 do spadku,&nbsp;<\/li>\n<\/ol>\n\n\n\n<ol class=\"wp-block-list\" start=\"2\">\n<li>fundacj\u0119 rodzinn\u0105, kt\u00f3rej fundusz za\u0142o\u017cycielski doliczono do spadku,&nbsp;&nbsp;<\/li>\n<\/ol>\n\n\n\n<ol class=\"wp-block-list\" start=\"3\">\n<li>osob\u0119 lub osoby, kt\u00f3re otrzyma\u0142y mienie w zwi\u0105zku z rozwi\u0105zaniem fundacji rodzinnej doliczone do spadku.&nbsp;&nbsp;<\/li>\n<\/ol>\n\n\n\n<p>W tym przypadku, odpowiedzialno\u015b\u0107 powy\u017cej wymienionych podmiot\u00f3w aktualizuje si\u0119 dopiero w momencie, w kt\u00f3rym uprawniony do zachowku nie mo\u017ce uzyska\u0107 go w pe\u0142nej wysoko\u015bci od spadkobiercy i zapisobiercy windykacyjnego.&nbsp;&nbsp;<\/p>\n\n\n\n<p>Nale\u017cy przy tym zaznaczy\u0107, \u017ce ze wzgl\u0119du na to, \u017ce ustawodawca nie okre\u015bli\u0142 konkretnej kolejno\u015bci, w jakiej nale\u017cy dochodzi\u0107 zachowku od podmiot\u00f3w wskazanych w \u201etrzeciej grupie\u201d, nale\u017cy przyj\u0105\u0107, \u017ce uprawniony mo\u017ce dochodzi\u0107 zachowku od ka\u017cdego z ww. podmiot\u00f3w w odr\u0119bnym post\u0119powaniu \u2013 nie ponosz\u0105 one tym samym odpowiedzialno\u015bci solidarnej, jak ma to miejsce w przypadku spadkobierc\u00f3w czy zapisobierc\u00f3w windykacyjnych.&nbsp;&nbsp;<\/p>\n\n\n\n<p><strong>Obdarowany, fundacja rodzinna oraz osoba, kt\u00f3ra otrzyma\u0142a mienie w zwi\u0105zku z rozwi\u0105zaniem fundacji, kt\u00f3rych darowizna, fundusz za\u0142o\u017cycielski lub mienie zosta\u0142y doliczone do spadku odpowiadaj\u0105 wi\u0119c za zachowek w okre\u015blonym stosunku.<\/strong>&nbsp;<\/p>\n\n\n\n<p>Kluczowe z perspektywy uprawnionego do zachowku b\u0119dzie r\u00f3wnie\u017c okre\u015blenie, czy w danej sytuacji darowizna, fundusz za\u0142o\u017cycielski fundacji rodzinnej lub mienie, kt\u00f3re dana osoba otrzyma\u0142a w zwi\u0105zku z rozwi\u0105zaniem fundacji rodzinnej doliczane jest do spadku.<\/p>\n\n\n\n<p>Poni\u017cej przedstawiamy, jak kszta\u0142tuje si\u0119 odpowiedzialno\u015b\u0107 podmiot\u00f3w wymienionych w \u201egrupie trzeciej\u201d:&nbsp;&nbsp;<\/p>\n\n\n\n<h2 class=\"wp-block-heading\"><span class=\"ez-toc-section\" id=\"Odpowiedzialnosc_obdarowanego_lub_obdarowanych_ktorych_darowizna_doliczana_jest_do_spadku\"><\/span>Odpowiedzialno\u015b\u0107 obdarowanego lub obdarowanych, kt\u00f3rych darowizna doliczana jest do spadku<span class=\"ez-toc-section-end\"><\/span><\/h2>\n\n\n\n<p>Osoba obdarowana, kt\u00f3ra otrzyma\u0142a darowizn\u0119 doliczan\u0105 do spadku odpowiada za zachowek wy\u0142\u0105cznie w granicach wzbogacenia, kt\u00f3re powsta\u0142o na skutek darowizny od spadkodawcy, a je\u017celi sam obdarowany jest uprawniony do zachowku, to jego odpowiedzialno\u015b\u0107 ogranicza si\u0119 do nadwy\u017cki przekraczaj\u0105cej zachowek, kt\u00f3ry mu przys\u0142uguje.&nbsp;&nbsp;<\/p>\n\n\n\n<p>Je\u017celi natomiast obdarowanych jest kilku, to w pierwszej kolejno\u015bci za zachowek odpowiada obdarowany p\u00f3\u017aniej, a obdarowany wcze\u015bniej odpowiada tylko wtedy, gdy uprawniony nie mo\u017ce uzyska\u0107 zachowku w ca\u0142o\u015bci od osoby obdarowanej p\u00f3\u017aniej.&nbsp;&nbsp;<\/p>\n\n\n\n<h2 class=\"wp-block-heading\"><span class=\"ez-toc-section\" id=\"Fundacja_rodzinna_jako_obdarowany\"><\/span>Fundacja rodzinna jako obdarowany&nbsp;&nbsp;<span class=\"ez-toc-section-end\"><\/span><\/h2>\n\n\n\n<p>Fundacja rodzinna opr\u00f3cz bycia spadkobierc\u0105 oraz zapisobierc\u0105 windykacyjnym mo\u017ce by\u0107 r\u00f3wnie\u017c obdarowanym. Fundacja mo\u017ce wyst\u0119powa\u0107 zatem we wszystkich trzech grupach, kt\u00f3re ponosz\u0105 odpowiedzialno\u015b\u0107 za zachowek. Je\u017celi fundacja rodzinna jest r\u00f3wnie\u017c obdarowanym, to odpowiada ona na zasadach og\u00f3lnych tak jak pozostali obdarowani.&nbsp;&nbsp;<\/p>\n\n\n\n<p>Odpowiedzialno\u015b\u0107 fundacji rodzinnej, kt\u00f3rej fundusz za\u0142o\u017cycielski doliczany jest do spadku&nbsp;<\/p>\n\n\n\n<p>Fundacja rodzinna, kt\u00f3rej fundusz za\u0142o\u017cycielski doliczany jest do spadku odpowiada w trzeciej kolejno\u015bci na r\u00f3wni z obdarowanym i osob\u0105, kt\u00f3ra otrzyma\u0142a mienie w zwi\u0105zku z rozwi\u0105zaniem fundacji.&nbsp;&nbsp;<\/p>\n\n\n\n<p>Odpowiedzialno\u015b\u0107 fundacji rodzinnej za zachowek ogranicza si\u0119 natomiast wy\u0142\u0105cznie do granic wzbogacenia powsta\u0142ego na skutek pokrycia funduszu za\u0142o\u017cycielskiego przez spadkodawc\u0119, je\u017celi fundusz ten doliczany jest do spadku.&nbsp;&nbsp;<\/p>\n\n\n\n<p>Odpowiedzialno\u015b\u0107 osoby lub os\u00f3b, kt\u00f3re otrzyma\u0142y mienie w zwi\u0105zku z rozwi\u0105zaniem fundacji rodzinnej, kt\u00f3re zosta\u0142o doliczone do spadku&nbsp;<\/p>\n\n\n\n<p>Osoba, kt\u00f3ra otrzyma\u0142a mienie w zwi\u0105zku z rozwi\u0105zaniem fundacji rodzinnej, kt\u00f3re zgodnie z przepisami podlega doliczeniu do spadku, odpowiada za zachowek wy\u0142\u0105czenie w granicach wzbogacenia b\u0119d\u0105cego skutkiem otrzymania tego mienia, a je\u017celi osoba ta jest sama jednocze\u015bnie uprawniona do zachowku, to jej odpowiedzialno\u015b\u0107 ogranicza si\u0119 tylko do nadwy\u017cki przekraczaj\u0105cej jej w\u0142asny zachowek.&nbsp;<\/p>\n\n\n\n<p>Je\u017celi jest natomiast kilka os\u00f3b, kt\u00f3re otrzyma\u0142y mienie w zwi\u0105zku z rozwi\u0105zaniem fundacji, w pierwszej kolejno\u015bci odpowiada osoba, kt\u00f3ra otrzyma\u0142a mienie p\u00f3\u017aniej, a osoba, kt\u00f3ra otrzyma\u0142a mienie wcze\u015bniej, odpowiada tylko wtedy, gdy uprawniony nie mo\u017ce uzyska\u0107 zachowku w ca\u0142o\u015bci od osoby, kt\u00f3ra otrzyma\u0142a mienie p\u00f3\u017aniej.&nbsp;&nbsp;<\/p>\n\n\n\n<p>Kiedy mo\u017cna dochodzi\u0107 zachowku od kolejnej grupy os\u00f3b odpowiedzialnych za jego sp\u0142at\u0119&nbsp;uzupe\u0142nienie?&nbsp;&nbsp;<\/p>\n\n\n\n<p>Zgodnie z zasadami wskazanymi powy\u017cej, uprawniony do zachowku powinien go dochodzi\u0107 w okre\u015blonej przepisami kolejno\u015bci oraz w okre\u015blonych granicach. Powstaje jednak pytanie, w kt\u00f3rym momencie uprawniony do zachowku mo\u017ce go dochodzi\u0107 od kolejnej grupy podmiot\u00f3w, kt\u00f3ra jest zobowi\u0105zana do jego sp\u0142aty lub uzupe\u0142nienia.&nbsp;&nbsp;&nbsp;<\/p>\n\n\n\n<p>Nie ma przy tym konieczno\u015bci pozywania podmiot\u00f3w odpowiedzialnych za zachowek w pierwszej kolejno\u015bci, w celu umo\u017cliwienia nast\u0119pnie dochodzenia zachowku od podmiot\u00f3w odpowiedzialnych za zachowek p\u00f3\u017aniej.&nbsp;&nbsp;<\/p>\n\n\n\n<p>Przyk\u0142adowo, uprawniony do zachowku nie musi wi\u0119c w pierwszej kolejno\u015bci pozywa\u0107 spadkobierc\u00f3w zmar\u0142ego w celu umo\u017cliwienia sobie dochodzenia uzupe\u0142nienia zachowku od zapisobierc\u00f3w windykacyjnych, kt\u00f3rzy nale\u017c\u0105 do grupy podmiot\u00f3w odpowiedzialnych dopiero w drugiej kolejno\u015bci.&nbsp;&nbsp;<\/p>\n\n\n\n<p><strong>Uprawniony mo\u017ce jednak dochodzi\u0107 zachowku od kolejnej grupy podmiot\u00f3w odpowiedzialnych za zachowek dopiero po wykazaniu, \u017ce nie mo\u017ce on uzyska\u0107 zachowku od podmiot\u00f3w odpowiedzialnych za zachowek wcze\u015bniej.<\/strong> Decyduj\u0105c si\u0119 wi\u0119c na dochodzenie zachowku przyk\u0142adowo od zapisobiercy windykacyjnego, uprawniony musi jednocze\u015bnie przy tym wykaza\u0107, \u017ce nie ma mo\u017cliwo\u015bci otrzymania zachowku od spadkobierc\u00f3w. Je\u017celi bowiem chocia\u017c jeden z nich b\u0119dzie mia\u0142 mo\u017cliwo\u015b\u0107 pokrycia zachowku, to odpowiedzialno\u015b\u0107 zapisobiercy windykacyjnego si\u0119 nie zaktualizuje.&nbsp;&nbsp;&nbsp;<\/p>\n\n\n\n<p>Przepisy nie okre\u015blaj\u0105 jednak w jaki spos\u00f3b uprawniony powinien wykaza\u0107 brak mo\u017cliwo\u015bci uzyskania zachowku.&nbsp;&nbsp;<\/p>\n\n\n\n<p>Nale\u017cy to rozumie\u0107 szeroko i przyjmowa\u0107, \u017ce uprawniony mo\u017ce powo\u0142a\u0107 wszelkie argumenty zar\u00f3wno faktyczne, jak i prawne, kt\u00f3re b\u0119d\u0105 wykazywa\u0107, \u017ce nie mia\u0142 mo\u017cliwo\u015bci uzyskania zachowku od podmiot\u00f3w odpowiedzialnych wcze\u015bniej.&nbsp;&nbsp;<\/p>\n\n\n\n<p>Przyk\u0142adowo, uprawniony mo\u017ce udowodni\u0107, \u017ce nie mo\u017ce uzyska\u0107 zaspokojenia zachowku od spadkobiercy poprzez przedstawienie postanowienia o umorzeniu egzekucji z maj\u0105tku tego spadkobiercy prowadzonej nawet przez innych wierzycieli ni\u017c sam uprawniony.\u00a0\u00a0<\/p>\n\n\n\n<p>Aleksandra Oczkiewicz<\/p>\n\n\n\n<p>Pawe\u0142 Dymkowski&nbsp;&nbsp;<\/p>\n","protected":false},"excerpt":{"rendered":"<p>Zmiany przepis\u00f3w, kt\u00f3re zosta\u0142y wprowadzone przez ustaw\u0119 o fundacji rodzinnej obejmuj\u0105 r\u00f3wnie\u017c modyfikacj\u0119 zasad w zakresie odpowiedzialno\u015bci za zachowek. Fundacja rodzinna do\u0142\u0105czy\u0142a bowiem do kr\u0119gu podmiot\u00f3w, od kt\u00f3rych b\u0119dzie mo\u017cna dochodzi\u0107 zap\u0142aty zachowku. O tym w jakim zakresie oraz na jakich zasadach fundacja rodzinna b\u0119dzie odpowiada\u0107 za zachowek dowiesz si\u0119 z naszego artyku\u0142u.&nbsp;&nbsp; Kto i &hellip; <\/p>\n<p class=\"link-more\"><a href=\"https:\/\/pragmatiq.pl\/zmianawarty\/odpowiedzialnosc-fundacji-rodzinnej-za-zachowek\/\" class=\"more-link\">Continue reading<span class=\"screen-reader-text\"> &#8222;Czy fundacja rodzinna b\u0119dzie odpowiada\u0107 za zachowek?\u00a0&#8222;<\/span><\/a><\/p>\n","protected":false},"author":31,"featured_media":3954,"comment_status":"open","ping_status":"open","sticky":false,"template":"","format":"standard","meta":{"footnotes":""},"categories":[182],"tags":[],"class_list":["post-4002","post","type-post","status-publish","format-standard","has-post-thumbnail","hentry","category-fundacja-rodzinna"],"_links":{"self":[{"href":"https:\/\/pragmatiq.pl\/zmianawarty\/wp-json\/wp\/v2\/posts\/4002","targetHints":{"allow":["GET"]}}],"collection":[{"href":"https:\/\/pragmatiq.pl\/zmianawarty\/wp-json\/wp\/v2\/posts"}],"about":[{"href":"https:\/\/pragmatiq.pl\/zmianawarty\/wp-json\/wp\/v2\/types\/post"}],"author":[{"embeddable":true,"href":"https:\/\/pragmatiq.pl\/zmianawarty\/wp-json\/wp\/v2\/users\/31"}],"replies":[{"embeddable":true,"href":"https:\/\/pragmatiq.pl\/zmianawarty\/wp-json\/wp\/v2\/comments?post=4002"}],"version-history":[{"count":4,"href":"https:\/\/pragmatiq.pl\/zmianawarty\/wp-json\/wp\/v2\/posts\/4002\/revisions"}],"predecessor-version":[{"id":4008,"href":"https:\/\/pragmatiq.pl\/zmianawarty\/wp-json\/wp\/v2\/posts\/4002\/revisions\/4008"}],"wp:featuredmedia":[{"embeddable":true,"href":"https:\/\/pragmatiq.pl\/zmianawarty\/wp-json\/wp\/v2\/media\/3954"}],"wp:attachment":[{"href":"https:\/\/pragmatiq.pl\/zmianawarty\/wp-json\/wp\/v2\/media?parent=4002"}],"wp:term":[{"taxonomy":"category","embeddable":true,"href":"https:\/\/pragmatiq.pl\/zmianawarty\/wp-json\/wp\/v2\/categories?post=4002"},{"taxonomy":"post_tag","embeddable":true,"href":"https:\/\/pragmatiq.pl\/zmianawarty\/wp-json\/wp\/v2\/tags?post=4002"}],"curies":[{"name":"wp","href":"https:\/\/api.w.org\/{rel}","templated":true}]}}