{"id":3977,"date":"2023-08-30T11:36:27","date_gmt":"2023-08-30T09:36:27","guid":{"rendered":"https:\/\/zmianawarty.pl\/?p=3977"},"modified":"2024-09-16T14:23:05","modified_gmt":"2024-09-16T12:23:05","slug":"fundacja-rodzinna-przyszlosc-fundacji-po-smierci-zalozyciela","status":"publish","type":"post","link":"https:\/\/pragmatiq.pl\/zmianawarty\/fundacja-rodzinna-przyszlosc-fundacji-po-smierci-zalozyciela\/","title":{"rendered":"Fundacja rodzinna: przysz\u0142o\u015b\u0107 fundacji po \u015bmierci za\u0142o\u017cyciela"},"content":{"rendered":"<div id=\"ez-toc-container\" class=\"ez-toc-v2_0_82_2 counter-hierarchy ez-toc-counter ez-toc-white ez-toc-container-direction\">\n<div class=\"ez-toc-title-container\"><p class=\"ez-toc-title\" style=\"cursor:inherit\">Spis tre\u015bci<\/p>\n<\/div><nav><ul class='ez-toc-list ez-toc-list-level-1 ' ><li class='ez-toc-page-1 ez-toc-heading-level-2'><a class=\"ez-toc-link ez-toc-heading-1\" href=\"https:\/\/pragmatiq.pl\/zmianawarty\/fundacja-rodzinna-przyszlosc-fundacji-po-smierci-zalozyciela\/#Co_sie_dzieje_z_fundacja_po_smierci_zalozyciela\" >Co si\u0119 dzieje z fundacj\u0105 po \u015bmierci za\u0142o\u017cyciela?<\/a><\/li><li class='ez-toc-page-1 ez-toc-heading-level-2'><a class=\"ez-toc-link ez-toc-heading-2\" href=\"https:\/\/pragmatiq.pl\/zmianawarty\/fundacja-rodzinna-przyszlosc-fundacji-po-smierci-zalozyciela\/#Czy_fundacja_moze_przestac_dzialac_po_smierci_zalozyciela\" >Czy fundacja mo\u017ce przesta\u0107 dzia\u0142a\u0107 po \u015bmierci za\u0142o\u017cyciela?<\/a><\/li><li class='ez-toc-page-1 ez-toc-heading-level-2'><a class=\"ez-toc-link ez-toc-heading-3\" href=\"https:\/\/pragmatiq.pl\/zmianawarty\/fundacja-rodzinna-przyszlosc-fundacji-po-smierci-zalozyciela\/#Jakie_kroki_nalezy_podjac_aby_zapewnic_kontynuacje_dzialalnosci_fundacji_rodzinnej_po_smierci_zalozyciela\" >Jakie kroki nale\u017cy podj\u0105\u0107, aby zapewni\u0107 kontynuacj\u0119 dzia\u0142alno\u015bci fundacji rodzinnej po \u015bmierci za\u0142o\u017cyciela?<\/a><\/li><li class='ez-toc-page-1 ez-toc-heading-level-2'><a class=\"ez-toc-link ez-toc-heading-4\" href=\"https:\/\/pragmatiq.pl\/zmianawarty\/fundacja-rodzinna-przyszlosc-fundacji-po-smierci-zalozyciela\/#Czy_zalozyciel_fundacji_moze_wyznaczyc_swojego_nastepce\" >Czy za\u0142o\u017cyciel fundacji mo\u017ce wyznaczy\u0107 swojego nast\u0119pc\u0119?<\/a><ul class='ez-toc-list-level-3' ><li class='ez-toc-heading-level-3'><a class=\"ez-toc-link ez-toc-heading-5\" href=\"https:\/\/pragmatiq.pl\/zmianawarty\/fundacja-rodzinna-przyszlosc-fundacji-po-smierci-zalozyciela\/#Przyklad\" >Przyk\u0142ad:<\/a><\/li><\/ul><\/li><\/ul><\/nav><\/div>\n\n<p><strong>Fundacja rodzinna jest narz\u0119dziem prawnym, kt\u00f3re umo\u017cliwia przeprowadzenie proces\u00f3w sukcesyjnych, a tak\u017ce pozwala budowa\u0107 struktury organizacyjne zapewniaj\u0105ce kontynuacj\u0119 biznesu i ochron\u0119 maj\u0105tku w perspektywie d\u0142u\u017cszej ni\u017c jedno pokolenie. Dzi\u0119ki niej w\u0142a\u015bciciele firm rodzinnych otrzymali kolejny spos\u00f3b na przekazanie swoim nast\u0119pcom dorobku \u017cyciowego. Z naszego artyku\u0142u dowiesz si\u0119 co dzieje si\u0119 z fundacj\u0105 rodzinn\u0105 po \u015bmierci fundatora i w jaki spos\u00f3b zapewni\u0107 kontynuacj\u0119 dzia\u0142alno\u015bci fundacji.<\/strong><\/p>\n\n\n\n<h2 class=\"wp-block-heading\"><span class=\"ez-toc-section\" id=\"Co_sie_dzieje_z_fundacja_po_smierci_zalozyciela\"><\/span>Co si\u0119 dzieje z fundacj\u0105 po \u015bmierci za\u0142o\u017cyciela?<span class=\"ez-toc-section-end\"><\/span><\/h2>\n\n\n\n<p>Fundacja rodzinna jest osob\u0105 prawn\u0105, kt\u00f3ra powstaje w wyniku z\u0142o\u017cenia przez fundatora o\u015bwiadczenia o ustanowieniu fundacji rodzinnej w akcie za\u0142o\u017cycielskim albo testamencie. Opr\u00f3cz dokumentu o utworzeniu fundacji rodzinnej konieczne jest r\u00f3wnie\u017c ustalenie statutu fundacji, w kt\u00f3rym uregulowane s\u0105 najwa\u017cniejsze kwestie dotycz\u0105ce jej funkcjonowania. W zwi\u0105zku z tym, \u017ce fundacja rodzinna posiada osobowo\u015b\u0107 prawn\u0105 i jest odr\u0119bnym podmiotem od jej za\u0142o\u017cyciela, fundacja rodzinna funkcjonuje dalej tak\u017ce po \u015bmierci fundatora.<\/p>\n\n\n\n<h2 class=\"wp-block-heading\"><span class=\"ez-toc-section\" id=\"Czy_fundacja_moze_przestac_dzialac_po_smierci_zalozyciela\"><\/span>Czy fundacja mo\u017ce przesta\u0107 dzia\u0142a\u0107 po \u015bmierci za\u0142o\u017cyciela?<span class=\"ez-toc-section-end\"><\/span><\/h2>\n\n\n\n<p>Przepisy ustawy o fundacji rodzinnej okre\u015blaj\u0105 okoliczno\u015bci, w kt\u00f3rych fundacja ulega rozwi\u0105zaniu. Nale\u017c\u0105 do nich m.in. okoliczno\u015bci wskazane w statucie, a w szczeg\u00f3lno\u015bci up\u0142yw okresu, na jaki fundacja rodzinna zosta\u0142a powo\u0142ana, zrealizowanie celu fundacji rodzinnej, wyczerpanie \u015brodk\u00f3w finansowych fundacji lub zarz\u0105dzanie fundacj\u0105 w spos\u00f3b oczywi\u015bcie sprzeczny z jej celem lub interesami beneficjent\u00f3w. Okoliczno\u015bci\u0105 stanowi\u0105c\u0105 przes\u0142ank\u0119 rozwi\u0105zania fundacji rodzinnej mo\u017ce by\u0107 np. \u015bmier\u0107 fundatora. Tym samym, w przypadku okre\u015blenia w statucie fundacji, \u017ce ulega ona rozwi\u0105zaniu w razie \u015bmierci fundatora, zaistnienie tego zdarzenia b\u0119dzie skutkowa\u0142o otwarciem likwidacji fundacji, a finalnie zako\u0144czeniem jej dzia\u0142alno\u015bci oraz wykre\u015bleniem fundacji z rejestru fundacji rodzinnych.<\/p>\n\n\n\n<p>Przekazanie maj\u0105tku fundacji rodzinnej w wyniku jej likwidacji mo\u017ce podlega\u0107 opodatkowaniu zar\u00f3wno po stronie fundacji rodzinnej, jak i jej beneficjent\u00f3w. Je\u017celi maj\u0105tek likwidacyjny fundacji przypadnie fundatorowi lub beneficjentowi nale\u017c\u0105cemu do 0 grupy podatkowej dla fundatora, to taki przych\u00f3d b\u0119dzie wolny od opodatkowania PIT. Z kolei fundacja rodzinna zap\u0142aci 15% CIT od podstawy opodatkowania r\u00f3wnej warto\u015bci maj\u0105tku likwidacyjnego w momencie likwidacji, pomniejszonego o warto\u015b\u0107 podatkow\u0105 mienia wniesionego do fundacji rodzinnej. Ustanie bytu prawnego fundacji jest zatem podatkowo traktowane jak sprzeda\u017c maj\u0105tku fundacji.<\/p>\n\n\n\n<p>Jednak wprowadzenie \u015bmierci fundatora jako okoliczno\u015bci stanowi\u0105cej przes\u0142ank\u0119 rozwi\u0105zania fundacji jest bez w\u0105tpienia niecelowe, skoro sensem istnienia fundacji rodzinnej jest u\u0142atwienie przedsi\u0119biorcom przeprowadzenia sukcesji poprzez przekazanie zgromadzonego maj\u0105tku spadkobiercom bez&nbsp;obaw o&nbsp;jego rozdrobnienie czy&nbsp;rozpad rodzinnej firmy po \u015bmierci fundatora.<\/p>\n\n\n\n<h2 class=\"wp-block-heading\"><span class=\"ez-toc-section\" id=\"Jakie_kroki_nalezy_podjac_aby_zapewnic_kontynuacje_dzialalnosci_fundacji_rodzinnej_po_smierci_zalozyciela\"><\/span>Jakie kroki nale\u017cy podj\u0105\u0107, aby zapewni\u0107 kontynuacj\u0119 dzia\u0142alno\u015bci fundacji rodzinnej po \u015bmierci za\u0142o\u017cyciela?<span class=\"ez-toc-section-end\"><\/span><\/h2>\n\n\n\n<p>Fundacja rodzinna dzia\u0142a poprzez zarz\u0105d i mo\u017ce podlega\u0107 wewn\u0119trznemu nadzorowi rady nadzorczej lub innych organ\u00f3w okre\u015blonych przez fundatora w statucie. Modelowo wskazani przez fundatora beneficjenci tworz\u0105 zgromadzenie beneficjent\u00f3w, kt\u00f3re zbiera si\u0119 w okre\u015blonych przez fundatora przypadkach (np. przy uzupe\u0142nieniu sk\u0142adu danego organu, zatwierdzeniu sprawozdania finansowego).<\/p>\n\n\n\n<p>Zwykle w okresie \u017cycia fundatora, to w\u0142a\u015bnie jemu przys\u0142uguj\u0105 najwa\u017cniejsze kompetencje do zarz\u0105dzania fundacj\u0105. Fundator jest w\u00f3wczas cz\u0142onkiem zarz\u0105du, a tak\u017ce beneficjentem, kt\u00f3ry posiada uprawnienie do zasiadania w zgromadzeniu beneficjent\u00f3w. Co wi\u0119cej w statucie fundacji mo\u017cna tak\u017ce przyzna\u0107 fundatorowi szczeg\u00f3lne uprawnienia, charakterystyczne jedynie dla niego. Takie zorganizowanie fundacji sprawia, \u017ce bardzo istotne jest odpowiednie ukszta\u0142towanie statutu, kt\u00f3ry zapewni jej sprawne dzia\u0142anie po \u015bmierci fundatora.<\/p>\n\n\n\n<figure class=\"wp-block-image size-large\"><img fetchpriority=\"high\" decoding=\"async\" width=\"1024\" height=\"683\" src=\"https:\/\/pragmatiq.pl\/zmianawarty\/wp-content\/uploads\/2022\/12\/4390f68d-c075-4cdf-93ca-aa1b08792488-1024x683.png\" alt=\"\" class=\"wp-image-3329\" srcset=\"https:\/\/pragmatiq.pl\/zmianawarty\/wp-content\/uploads\/2022\/12\/4390f68d-c075-4cdf-93ca-aa1b08792488-1024x683.png 1024w, https:\/\/pragmatiq.pl\/zmianawarty\/wp-content\/uploads\/2022\/12\/4390f68d-c075-4cdf-93ca-aa1b08792488-300x200.png 300w, https:\/\/pragmatiq.pl\/zmianawarty\/wp-content\/uploads\/2022\/12\/4390f68d-c075-4cdf-93ca-aa1b08792488-768x512.png 768w, https:\/\/pragmatiq.pl\/zmianawarty\/wp-content\/uploads\/2022\/12\/4390f68d-c075-4cdf-93ca-aa1b08792488-1536x1024.png 1536w, https:\/\/pragmatiq.pl\/zmianawarty\/wp-content\/uploads\/2022\/12\/4390f68d-c075-4cdf-93ca-aa1b08792488-2048x1365.png 2048w\" sizes=\"(max-width: 767px) 89vw, (max-width: 1000px) 54vw, (max-width: 1071px) 543px, 580px\" \/><\/figure>\n\n\n\n<p>Przepisy ustawy o fundacji rodzinnej pozwalaj\u0105 na stosunkowo du\u017c\u0105 swobod\u0119 przy tworzeniu statutu fundacji rodzinnej. Dzi\u0119ki temu mo\u017cliwe jest pe\u0142ne oddanie woli fundatora w tre\u015bci statutu, kt\u00f3ry pozwoli na efektywne funkcjonowanie fundacji po jego \u015bmierci.<\/p>\n\n\n\n<p>W statucie nale\u017cy obowi\u0105zkowo uregulowa\u0107 nast\u0119puj\u0105ce kwestie:<\/p>\n\n\n\n<ol class=\"wp-block-list\">\n<li>nazw\u0119 fundacji rodzinnej;<\/li>\n\n\n\n<li>siedzib\u0119 fundacji rodzinnej;<\/li>\n\n\n\n<li>szczeg\u00f3\u0142owy cel fundacji rodzinnej;<\/li>\n\n\n\n<li>beneficjenta lub spos\u00f3b jego okre\u015blenia i zakres przys\u0142uguj\u0105cych beneficjentowi uprawnie\u0144;<\/li>\n\n\n\n<li>zasady prowadzenia listy beneficjent\u00f3w;<\/li>\n\n\n\n<li>zasady, w tym szczeg\u00f3\u0142owy tryb zrzeczenia si\u0119 uprawnie\u0144 przez beneficjenta;<\/li>\n\n\n\n<li>czas trwania fundacji rodzinnej, je\u017celi jest oznaczony;<\/li>\n\n\n\n<li>warto\u015b\u0107 funduszu za\u0142o\u017cycielskiego;<\/li>\n\n\n\n<li>zasady powo\u0142ywania, odwo\u0142ywania oraz uprawnienia i obowi\u0105zki cz\u0142onk\u00f3w organ\u00f3w fundacji rodzinnej;<\/li>\n\n\n\n<li>zasady reprezentacji fundacji rodzinnej przez zarz\u0105d albo przez inne organy fundacji rodzinnej w przypadkach wskazanych w ustawie;<\/li>\n\n\n\n<li>podmiot uprawniony do zatwierdzenia czynno\u015bci zarz\u0105du fundacji rodzinnej w organizacji;<\/li>\n\n\n\n<li>co najmniej jednego beneficjenta uprawnionego do uczestnictwa w zgromadzeniu beneficjent\u00f3w;<\/li>\n\n\n\n<li>zasady zmiany statutu;<\/li>\n\n\n\n<li>przeznaczenie mienia fundacji rodzinnej po jej rozwi\u0105zaniu, w tym okre\u015blenie beneficjenta uprawnionego do mienia w zwi\u0105zku z rozwi\u0105zaniem fundacji rodzinnej.<\/li>\n<\/ol>\n\n\n\n<figure class=\"wp-block-image size-large\"><img decoding=\"async\" width=\"1024\" height=\"683\" src=\"https:\/\/pragmatiq.pl\/zmianawarty\/wp-content\/uploads\/2022\/12\/125e2cad-2bd2-45a0-9b33-d4241ad44d14-1024x683.png\" alt=\"\" class=\"wp-image-3324\" srcset=\"https:\/\/pragmatiq.pl\/zmianawarty\/wp-content\/uploads\/2022\/12\/125e2cad-2bd2-45a0-9b33-d4241ad44d14-1024x683.png 1024w, https:\/\/pragmatiq.pl\/zmianawarty\/wp-content\/uploads\/2022\/12\/125e2cad-2bd2-45a0-9b33-d4241ad44d14-300x200.png 300w, https:\/\/pragmatiq.pl\/zmianawarty\/wp-content\/uploads\/2022\/12\/125e2cad-2bd2-45a0-9b33-d4241ad44d14-768x512.png 768w, https:\/\/pragmatiq.pl\/zmianawarty\/wp-content\/uploads\/2022\/12\/125e2cad-2bd2-45a0-9b33-d4241ad44d14-1536x1024.png 1536w, https:\/\/pragmatiq.pl\/zmianawarty\/wp-content\/uploads\/2022\/12\/125e2cad-2bd2-45a0-9b33-d4241ad44d14-2048x1365.png 2048w\" sizes=\"(max-width: 767px) 89vw, (max-width: 1000px) 54vw, (max-width: 1071px) 543px, 580px\" \/><\/figure>\n\n\n\n<p>Przede wszystkim nale\u017cy pami\u0119ta\u0107 o tym, aby w statucie fundacji rodzinnej przewidzie\u0107 na jaki organ zostan\u0105 przekazane wszelkie kompetencje fundatora po jego \u015bmierci. Zapobiega si\u0119 w\u00f3wczas mo\u017cliwo\u015bci sparali\u017cowania funkcjonowania fundacji z powodu braku organ\u00f3w fundacji uprawnionych do podejmowania decyzji. Dotyczy to w g\u0142\u00f3wnej mierze powo\u0142ywania i odwo\u0142ywania cz\u0142onk\u00f3w zarz\u0105du oraz innych organ\u00f3w, a tak\u017ce dokonywania zmian statutu.<\/p>\n\n\n\n<p>Ustawa nie przewiduje bowiem procedury zmiany statutu. Tym samym nale\u017cy za\u0142o\u017cy\u0107, \u017ce jest to uzale\u017cnione wy\u0142\u0105cznie od woli fundatora i postanowie\u0144 statutu fundacji rodzinnej. Zasady zmiany statutu nale\u017cy uregulowa\u0107 zatem tak, aby w \u017cadnym wypadku nie dosz\u0142o do zablokowania procedury zmiany, kt\u00f3ra to zmiana mo\u017ce okaza\u0107 si\u0119 nieunikniona w przypadku \u015bmierci fundatora wraz ze zmieniaj\u0105cym si\u0119 otoczeniem gospodarczym fundacji.<\/p>\n\n\n\n<h2 class=\"wp-block-heading\"><span class=\"ez-toc-section\" id=\"Czy_zalozyciel_fundacji_moze_wyznaczyc_swojego_nastepce\"><\/span>Czy za\u0142o\u017cyciel fundacji mo\u017ce wyznaczy\u0107 swojego nast\u0119pc\u0119?<span class=\"ez-toc-section-end\"><\/span><\/h2>\n\n\n\n<p>Warto pami\u0119ta\u0107 o tym, \u017ce prawa i obowi\u0105zku fundatora nie mog\u0105 by\u0107 zbyte. Osoba fundatora jest znana od momentu ustanowienia fundacji i pozostaje nim a\u017c do \u015bmierci, po kt\u00f3rej nikt nie wst\u0119puje w jego prawa i obowi\u0105zki.<\/p>\n\n\n\n<p>Ustawa umo\u017cliwia jednak powierzenie w statucie innym osobom wykonywanie jego praw i obowi\u0105zk\u00f3w za jego \u017cycia oraz okre\u015blenie jednocze\u015bnie zakres tego powierzenia. Fundator nie musi wi\u0119c uczestniczy\u0107 na bie\u017c\u0105co w dzia\u0142alno\u015bci fundacji rodzinnej i mo\u017ce powierzy\u0107 przys\u0142uguj\u0105ce mu prawa i obowi\u0105zki innej osobie. Nale\u017cy jednak wskaza\u0107, \u017ce nie b\u0119dzie wystarczaj\u0105ce jedynie okre\u015blenie w statucie osoby, kt\u00f3ra mo\u017ce wykonywa\u0107 prawa i obowi\u0105zki fundatora. Obligatoryjnie nale\u017cy r\u00f3wnie\u017c wskaza\u0107, jaki zakres praw i obowi\u0105zk\u00f3w fundatora takiej osobie przys\u0142uguje.<\/p>\n\n\n\n<p>Z kolei w przypadku \u015bmierci fundatora, tak jak napisano wy\u017cej, niezb\u0119dne jest odpowiednie przygotowanie statutu, tak aby kompetencje fundatora zosta\u0142y przeniesione w\u00f3wczas na konkretny organ fundacji. Nic nie stoi na przeszkodzie, aby jednej osobie np. najstarszemu beneficjentowi przyzna\u0107 uprawnienie osobiste do dokonywania poszczeg\u00f3lnych czynno\u015bci prawnych np. prawa powo\u0142ywania cz\u0142onk\u00f3w zarz\u0105du, co uczyni tak\u0105 osob\u0119 niejako nast\u0119pc\u0105 fundatora w zakresie przypisanych mu kompetencji.<\/p>\n\n\n\n<h3 class=\"wp-block-heading\"><span class=\"ez-toc-section\" id=\"Przyklad\"><\/span>Przyk\u0142ad:<span class=\"ez-toc-section-end\"><\/span><\/h3>\n\n\n\n<p><em>Jan Kowalski ustanowi\u0142 fundacj\u0119 rodzinn\u0105. W statucie fundacji okre\u015bli\u0142, \u017ce jej beneficjentami jest on sam oraz najbli\u017csi cz\u0142onkowie rodziny, tj. jego dzieci i ich zst\u0119pni. Natomiast jedynym beneficjentem uprawnionym do uczestnictwa w zgromadzeniu beneficjent\u00f3w jest Jan Kowalski. Ponadto, jest on jedynym cz\u0142onkiem zarz\u0105du fundacji. Tym samym Jan Kowalski skupia w swoich r\u0119kach wszystkie kompetencje w zakresie zarz\u0105dzania i prowadzenia spraw fundacji rodzinnej.<\/em><\/p>\n\n\n\n<p><em>Aby zapewni\u0107 kontynuacj\u0119 dzia\u0142alno\u015bci fundacji rodzinnej po \u015bmierci Jana Kowalskiego, w statucie fundacji rodzinnej okre\u015blono, \u017ce po \u015bmierci fundatora beneficjentami posiadaj\u0105cymi prawo do uczestnictwa w zgromadzeniu beneficjent\u00f3w b\u0119d\u0105 wszyscy pe\u0142noletni beneficjenci. Zgromadzeniu beneficjent\u00f3w przyznano tak\u017ce rozbudowane kompetencje w zakresie podejmowania kluczowych decyzji dotycz\u0105cych funkcjonowania fundacji m.in. dokonywania zmian w statucie fundacji oraz zatwierdzania decyzji zarz\u0105du dotycz\u0105cych zarz\u0105dzania maj\u0105tkiem fundacji. Dodatkowo, w statucie najstarszemu beneficjentowi fundacji przyznano uprawnienia osobiste do powo\u0142ywania i odwo\u0142ywania jednego cz\u0142onka zarz\u0105du.<\/em><\/p>\n\n\n\n<figure class=\"wp-block-image size-large\"><img decoding=\"async\" width=\"1024\" height=\"683\" src=\"https:\/\/pragmatiq.pl\/zmianawarty\/wp-content\/uploads\/2022\/07\/Pomoc-prawna-w-zakladaniu-spolek-prawa-handlowego_2-1024x683.jpg\" alt=\"\" class=\"wp-image-3230\"\/><\/figure>\n\n\n\n<p>Pawe\u0142 Butkiewicz<\/p>\n","protected":false},"excerpt":{"rendered":"<p>Fundacja rodzinna jest narz\u0119dziem prawnym, kt\u00f3re umo\u017cliwia przeprowadzenie proces\u00f3w sukcesyjnych, a tak\u017ce pozwala budowa\u0107 struktury organizacyjne zapewniaj\u0105ce kontynuacj\u0119 biznesu i ochron\u0119 maj\u0105tku w perspektywie d\u0142u\u017cszej ni\u017c jedno pokolenie. Dzi\u0119ki niej w\u0142a\u015bciciele firm rodzinnych otrzymali kolejny spos\u00f3b na przekazanie swoim nast\u0119pcom dorobku \u017cyciowego. Z naszego artyku\u0142u dowiesz si\u0119 co dzieje si\u0119 z fundacj\u0105 rodzinn\u0105 po \u015bmierci &hellip; <\/p>\n<p class=\"link-more\"><a href=\"https:\/\/pragmatiq.pl\/zmianawarty\/fundacja-rodzinna-przyszlosc-fundacji-po-smierci-zalozyciela\/\" class=\"more-link\">Continue reading<span class=\"screen-reader-text\"> &#8222;Fundacja rodzinna: przysz\u0142o\u015b\u0107 fundacji po \u015bmierci za\u0142o\u017cyciela&#8221;<\/span><\/a><\/p>\n","protected":false},"author":31,"featured_media":3968,"comment_status":"open","ping_status":"open","sticky":false,"template":"","format":"standard","meta":{"footnotes":""},"categories":[182],"tags":[183],"class_list":["post-3977","post","type-post","status-publish","format-standard","has-post-thumbnail","hentry","category-fundacja-rodzinna","tag-fundacja-rodzinna"],"_links":{"self":[{"href":"https:\/\/pragmatiq.pl\/zmianawarty\/wp-json\/wp\/v2\/posts\/3977","targetHints":{"allow":["GET"]}}],"collection":[{"href":"https:\/\/pragmatiq.pl\/zmianawarty\/wp-json\/wp\/v2\/posts"}],"about":[{"href":"https:\/\/pragmatiq.pl\/zmianawarty\/wp-json\/wp\/v2\/types\/post"}],"author":[{"embeddable":true,"href":"https:\/\/pragmatiq.pl\/zmianawarty\/wp-json\/wp\/v2\/users\/31"}],"replies":[{"embeddable":true,"href":"https:\/\/pragmatiq.pl\/zmianawarty\/wp-json\/wp\/v2\/comments?post=3977"}],"version-history":[{"count":1,"href":"https:\/\/pragmatiq.pl\/zmianawarty\/wp-json\/wp\/v2\/posts\/3977\/revisions"}],"predecessor-version":[{"id":3978,"href":"https:\/\/pragmatiq.pl\/zmianawarty\/wp-json\/wp\/v2\/posts\/3977\/revisions\/3978"}],"wp:featuredmedia":[{"embeddable":true,"href":"https:\/\/pragmatiq.pl\/zmianawarty\/wp-json\/wp\/v2\/media\/3968"}],"wp:attachment":[{"href":"https:\/\/pragmatiq.pl\/zmianawarty\/wp-json\/wp\/v2\/media?parent=3977"}],"wp:term":[{"taxonomy":"category","embeddable":true,"href":"https:\/\/pragmatiq.pl\/zmianawarty\/wp-json\/wp\/v2\/categories?post=3977"},{"taxonomy":"post_tag","embeddable":true,"href":"https:\/\/pragmatiq.pl\/zmianawarty\/wp-json\/wp\/v2\/tags?post=3977"}],"curies":[{"name":"wp","href":"https:\/\/api.w.org\/{rel}","templated":true}]}}