{"id":3938,"date":"2023-07-19T14:20:59","date_gmt":"2023-07-19T12:20:59","guid":{"rendered":"https:\/\/zmianawarty.pl\/?p=3938"},"modified":"2024-09-16T13:34:52","modified_gmt":"2024-09-16T11:34:52","slug":"czy-zalozenie-fundacji-rodzinnej-moze-stanowic-schemat-podatkowy-i-podlegac-raportowaniu-mdr","status":"publish","type":"post","link":"https:\/\/pragmatiq.pl\/zmianawarty\/czy-zalozenie-fundacji-rodzinnej-moze-stanowic-schemat-podatkowy-i-podlegac-raportowaniu-mdr\/","title":{"rendered":"Czy za\u0142o\u017cenie fundacji rodzinnej mo\u017ce stanowi\u0107 schemat podatkowy i podlega\u0107 raportowaniu MDR?"},"content":{"rendered":"<div id=\"ez-toc-container\" class=\"ez-toc-v2_0_82_2 counter-hierarchy ez-toc-counter ez-toc-white ez-toc-container-direction\">\n<div class=\"ez-toc-title-container\"><p class=\"ez-toc-title\" style=\"cursor:inherit\">Spis tre\u015bci<\/p>\n<\/div><nav><ul class='ez-toc-list ez-toc-list-level-1 ' ><li class='ez-toc-page-1 ez-toc-heading-level-2'><a class=\"ez-toc-link ez-toc-heading-1\" href=\"https:\/\/pragmatiq.pl\/zmianawarty\/czy-zalozenie-fundacji-rodzinnej-moze-stanowic-schemat-podatkowy-i-podlegac-raportowaniu-mdr\/#Czym_sa_schematy_podatkowe_i_raportowanie_MDR\" >Czym s\u0105 schematy podatkowe i raportowanie MDR?<\/a><\/li><li class='ez-toc-page-1 ez-toc-heading-level-2'><a class=\"ez-toc-link ez-toc-heading-2\" href=\"https:\/\/pragmatiq.pl\/zmianawarty\/czy-zalozenie-fundacji-rodzinnej-moze-stanowic-schemat-podatkowy-i-podlegac-raportowaniu-mdr\/#Schemat_podatkowy_%E2%80%93_kiedy_wystepuje\" >Schemat podatkowy \u2013 kiedy wyst\u0119puje?<\/a><\/li><li class='ez-toc-page-1 ez-toc-heading-level-2'><a class=\"ez-toc-link ez-toc-heading-3\" href=\"https:\/\/pragmatiq.pl\/zmianawarty\/czy-zalozenie-fundacji-rodzinnej-moze-stanowic-schemat-podatkowy-i-podlegac-raportowaniu-mdr\/#Kiedy_zalozenie_fundacji_rodzinnej_i_wniesienie_do_niej_majatku_nie_podlega_raportowaniu_MDR\" >Kiedy za\u0142o\u017cenie fundacji rodzinnej i wniesienie do niej maj\u0105tku nie podlega raportowaniu MDR?<\/a><\/li><li class='ez-toc-page-1 ez-toc-heading-level-2'><a class=\"ez-toc-link ez-toc-heading-4\" href=\"https:\/\/pragmatiq.pl\/zmianawarty\/czy-zalozenie-fundacji-rodzinnej-moze-stanowic-schemat-podatkowy-i-podlegac-raportowaniu-mdr\/#Czy_zalozenie_fundacji_rodzinnej_moze_wiazac_sie_z_osiagnieciem_korzysci_podatkowej\" >Czy za\u0142o\u017cenie fundacji rodzinnej mo\u017ce wi\u0105za\u0107 si\u0119 z osi\u0105gni\u0119ciem korzy\u015bci podatkowej?<\/a><\/li><li class='ez-toc-page-1 ez-toc-heading-level-2'><a class=\"ez-toc-link ez-toc-heading-5\" href=\"https:\/\/pragmatiq.pl\/zmianawarty\/czy-zalozenie-fundacji-rodzinnej-moze-stanowic-schemat-podatkowy-i-podlegac-raportowaniu-mdr\/#Czy_korzysc_podatkowa_moze_byc_jedna_z_glownych_korzysci_zalozenia_fundacji_rodzinnej\" >Czy korzy\u015b\u0107 podatkowa mo\u017ce by\u0107 jedn\u0105 z g\u0142\u00f3wnych korzy\u015bci za\u0142o\u017cenia fundacji rodzinnej?<\/a><\/li><li class='ez-toc-page-1 ez-toc-heading-level-2'><a class=\"ez-toc-link ez-toc-heading-6\" href=\"https:\/\/pragmatiq.pl\/zmianawarty\/czy-zalozenie-fundacji-rodzinnej-moze-stanowic-schemat-podatkowy-i-podlegac-raportowaniu-mdr\/#Czy_istnieje_alternatywa_dla_fundacji_rodzinnej\" >Czy istnieje alternatywa dla fundacji rodzinnej?<\/a><\/li><li class='ez-toc-page-1 ez-toc-heading-level-2'><a class=\"ez-toc-link ez-toc-heading-7\" href=\"https:\/\/pragmatiq.pl\/zmianawarty\/czy-zalozenie-fundacji-rodzinnej-moze-stanowic-schemat-podatkowy-i-podlegac-raportowaniu-mdr\/#i\" >&nbsp;<\/a><\/li><li class='ez-toc-page-1 ez-toc-heading-level-2'><a class=\"ez-toc-link ez-toc-heading-8\" href=\"https:\/\/pragmatiq.pl\/zmianawarty\/czy-zalozenie-fundacji-rodzinnej-moze-stanowic-schemat-podatkowy-i-podlegac-raportowaniu-mdr\/#Kiedy_zalozenie_fundacji_rodzinnej_i_wniesienie_do_niej_majatku_moze_podlegac_raportowaniu_MDR\" >Kiedy za\u0142o\u017cenie fundacji rodzinnej i wniesienie do niej maj\u0105tku mo\u017ce podlega\u0107 raportowaniu MDR?<\/a><\/li><\/ul><\/nav><\/div>\n\n<p><strong>Fundacja rodzinna stanowi dogodny spos\u00f3b na uporz\u0105dkowanie kwestii dotycz\u0105cych dziedziczenia, zapewniaj\u0105c przy tym atrakcyjny poziom opodatkowania. W zwi\u0105zku z zako\u0144czeniem stanu zagro\u017cenia epidemicznego i odwieszeniem termin\u00f3w na raportowanie schemat\u00f3w podatkowych (MDR) warto zastanowi\u0107 si\u0119, czy za\u0142o\u017cenie fundacji rodzinnej i wniesienie do niej maj\u0105tku mo\u017ce wi\u0105za\u0107 si\u0119 z obowi\u0105zkiem raportowania MDR.<\/strong><\/p>\n\n\n\n<h2 class=\"wp-block-heading\"><span class=\"ez-toc-section\" id=\"Czym_sa_schematy_podatkowe_i_raportowanie_MDR\"><\/span>Czym s\u0105 schematy podatkowe i raportowanie MDR?<span class=\"ez-toc-section-end\"><\/span><\/h2>\n\n\n\n<p>Schematy podatkowe odnosz\u0105 si\u0119 do konstrukcji prawnych oraz operacji gospodarczych, kt\u00f3re mog\u0105 by\u0107 wdra\u017cane celem uzyskania korzy\u015bci podatkowej. Wprowadzenie przepis\u00f3w dotycz\u0105cych raportowania MDR mia\u0142o na celu przede wszystkim przeciwdzia\u0142anie praktykom unikania opodatkowania.<\/p>\n\n\n\n<p>Przepisy o schematach podatkowych obowi\u0105zuj\u0105 od 1 stycznia 2019 r., jednak z uwagi na obowi\u0105zuj\u0105ce w latach 2020-2023 stan epidemii oraz stan zagro\u017cenia epidemicznego, terminy na raportowanie MDR podlega\u0142y zawieszeniu. W zwi\u0105zku z odwo\u0142aniem stanu zagro\u017cenia epidemicznego w dniu 1 lipca 2023 r. terminy na sk\u0142adanie informacji o schematach podatkowych wznowi\u0105 sw\u00f3j bieg, z tego wzgl\u0119du warto pochyli\u0107 si\u0119 nad t\u0105 tematyk\u0105 oraz zastanowi\u0107 si\u0119 jakie dzia\u0142ania mog\u0105 podlega\u0107 raportowaniu.<\/p>\n\n\n\n<h2 class=\"wp-block-heading\"><span class=\"ez-toc-section\" id=\"Schemat_podatkowy_%E2%80%93_kiedy_wystepuje\"><\/span>Schemat podatkowy \u2013 kiedy wyst\u0119puje?<span class=\"ez-toc-section-end\"><\/span><\/h2>\n\n\n\n<p>W pierwszej kolejno\u015bci nale\u017cy ustali\u0107 jakie dzia\u0142ania mog\u0105 spe\u0142nia\u0107 definicj\u0119 uzgodnienia. Pod tym terminem nale\u017cy rozumie\u0107 czynno\u015bci, w kt\u00f3rych co najmniej jedna strona jest podatnikiem lub czynno\u015bci, kt\u00f3re mog\u0105 mie\u0107 wp\u0142yw na powstanie b\u0105d\u017a niepowstanie obowi\u0105zku podatkowego.<\/p>\n\n\n\n<p><br>Uzgodnienie spe\u0142nia definicj\u0119 schematu podatkowego, je\u015bli spe\u0142nia przynajmniej jeden z trzech poni\u017cszych warunk\u00f3w:<\/p>\n\n\n\n<ul class=\"wp-block-list\">\n<li>spe\u0142nia kryterium g\u0142\u00f3wnej korzy\u015bci oraz posiada og\u00f3ln\u0105 cech\u0119 rozpoznawcz\u0105;<\/li>\n\n\n\n<li>posiada szczeg\u00f3ln\u0105 cech\u0119 rozpoznawcz\u0105;<\/li>\n\n\n\n<li>posiada inn\u0105 szczeg\u00f3ln\u0105 cech\u0119 rozpoznawcz\u0105.<\/li>\n<\/ul>\n\n\n\n<h2 class=\"wp-block-heading\"><span class=\"ez-toc-section\" id=\"Kiedy_zalozenie_fundacji_rodzinnej_i_wniesienie_do_niej_majatku_nie_podlega_raportowaniu_MDR\"><\/span>Kiedy za\u0142o\u017cenie fundacji rodzinnej i wniesienie do niej maj\u0105tku nie podlega raportowaniu MDR?<span class=\"ez-toc-section-end\"><\/span><\/h2>\n\n\n\n<p>Za\u0142o\u017cenie i wyposa\u017cenie w maj\u0105tek fundacji rodzinnej spe\u0142nia definicj\u0119 uzgodnienia. Fundator, beneficjenci oraz sama fundacja rodzinna s\u0105 bowiem podatnikami podatk\u00f3w dochodowych (odpowiednio PIT i CIT), a za\u0142o\u017cenie fundacji mo\u017ce mie\u0107 wp\u0142yw na powstanie b\u0105d\u017a niepowstanie obowi\u0105zku podatkowego. Zazwyczaj b\u0119dzie r\u00f3wnie\u017c si\u0119 to wi\u0105za\u0107 z wyst\u0119powaniem og\u00f3lnej cechy rozpoznawczej. Nale\u017cy zatem ustali\u0107, czy spe\u0142nione b\u0119dzie w\u00f3wczas kryterium g\u0142\u00f3wnej korzy\u015bci.<\/p>\n\n\n\n<p>Aby w danym przypadku mo\u017cna by\u0142o m\u00f3wi\u0107 o spe\u0142nieniu kryterium g\u0142\u00f3wnej korzy\u015bci, konieczne jest realizowanie \u0142\u0105cznie nast\u0119puj\u0105cych przes\u0142anek:<\/p>\n\n\n\n<ul class=\"wp-block-list\">\n<li>wyst\u0105pienie korzy\u015bci podatkowej,<\/li>\n\n\n\n<li>korzy\u015b\u0107 podatkowa by\u0142a g\u0142\u00f3wn\u0105 lub jedn\u0105 z g\u0142\u00f3wnych korzy\u015bci,<\/li>\n\n\n\n<li>istnia\u0142a alternatywna droga post\u0119powania, kt\u00f3ra nie wi\u0105za\u0142a si\u0119 z osi\u0105gni\u0119ciem korzy\u015bci podatkowej.<\/li>\n<\/ul>\n\n\n\n<p>W dalszej cz\u0119\u015bci artyku\u0142u szerzej om\u00f3wimy ka\u017cde z tych zagadnie\u0144 w kontek\u015bcie za\u0142o\u017cenia fundacji rodzinnej i wniesienia do niej maj\u0105tku.<\/p>\n\n\n\n<h2 class=\"wp-block-heading\"><span class=\"ez-toc-section\" id=\"Czy_zalozenie_fundacji_rodzinnej_moze_wiazac_sie_z_osiagnieciem_korzysci_podatkowej\"><\/span>Czy za\u0142o\u017cenie fundacji rodzinnej mo\u017ce wi\u0105za\u0107 si\u0119 z osi\u0105gni\u0119ciem korzy\u015bci podatkowej?<span class=\"ez-toc-section-end\"><\/span><\/h2>\n\n\n\n<p>Za\u0142o\u017cenie fundacji rodzinnej i przekazanie do niej maj\u0105tku przez fundator\u00f3w mo\u017ce wi\u0105za\u0107 si\u0119 z osi\u0105gni\u0119ciem w przysz\u0142o\u015bci korzy\u015bci podatkowej przez beneficjent\u00f3w fundacji rodzinnej. G\u0142\u00f3wn\u0105 korzy\u015b\u0107 podatkow\u0105 zwi\u0105zana z za\u0142o\u017ceniem fundacji rodzinnej daje fakt, i\u017c je\u015bli fundacja prowadzi wy\u0142\u0105cznie przewidzian\u0105 w ustawie dzia\u0142alno\u015b\u0107, to podlega pod ca\u0142kowite zwolnienie z CIT od swoich bie\u017c\u0105cych zysk\u00f3w. P\u00f3\u017aniejsza wyp\u0142ata \u015bwiadcze\u0144 do beneficjent\u00f3w podlega natomiast opodatkowaniu CIT na poziomie 15%, co jest bardzo atrakcyjnym poziomem w por\u00f3wnaniu do innych form opodatkowania.<\/p>\n\n\n\n<p>Wniesienie maj\u0105tku do fundacji rodzinnej jest szczeg\u00f3lnie korzystne, je\u015bli beneficjentami s\u0105 najbli\u017csi cz\u0142onkowie rodziny fundatora &#8211; wtedy wyp\u0142ata \u015bwiadcze\u0144 jest ca\u0142kowicie zwolniona z PIT. W takim przypadku, efektywna stawka opodatkowania dla wyp\u0142at \u015bwiadcze\u0144 przez fundacj\u0119 wynosi wi\u0119c tylko 15%.<\/p>\n\n\n\n<p>Wi\u0119cej o zasadach opodatkowania fundacji rodzinnej oraz o innych najwa\u017cniejszych aspektach tej formy prawnej piszemy w artykule <em><a href=\"https:\/\/pragmatiq.pl\/zmianawarty\/dla-kogo-fundacja-rodzinna\/\" target=\"_blank\" rel=\"noreferrer noopener\">Dla kogo fundacja rodzinna?<\/a> <\/em><\/p>\n\n\n\n<h2 class=\"wp-block-heading\"><span class=\"ez-toc-section\" id=\"Czy_korzysc_podatkowa_moze_byc_jedna_z_glownych_korzysci_zalozenia_fundacji_rodzinnej\"><\/span>Czy korzy\u015b\u0107 podatkowa mo\u017ce by\u0107 jedn\u0105 z g\u0142\u00f3wnych korzy\u015bci za\u0142o\u017cenia fundacji rodzinnej?<span class=\"ez-toc-section-end\"><\/span><\/h2>\n\n\n\n<p>Ch\u0119\u0107 osi\u0105gni\u0119cia korzy\u015bci podatkowej najcz\u0119\u015bciej nie b\u0119dzie mo\u017cna uzna\u0107 za determinuj\u0105c\u0105 przes\u0142ank\u0119 do za\u0142o\u017cenia fundacji rodzinnej i przekazania do niej maj\u0105tku. Nale\u017cy bowiem wskaza\u0107, \u017ce za\u0142o\u017cenie i wniesienie maj\u0105tku do fundacji rodzinnej niesie za sob\u0105 szereg innych, bardziej istotnych korzy\u015bci natury ekonomicznej i prawnej. W szczeg\u00f3lno\u015bci s\u0105 to:<\/p>\n\n\n\n<ul class=\"wp-block-list\">\n<li>d\u0142ugoterminowe zabezpieczenie kapita\u0142u;<\/li>\n\n\n\n<li>zapewnienie beneficjentom d\u0142ugotrwa\u0142ych korzy\u015bci maj\u0105tkowych;<\/li>\n\n\n\n<li>dogodny spos\u00f3b na uporz\u0105dkowanie kwestii dotycz\u0105cych dziedziczenia;<\/li>\n\n\n\n<li>mo\u017cliwo\u015b\u0107 wy\u0142\u0105czenia sprzeda\u017cy aktyw\u00f3w przez mniejszo\u015bciowych udzia\u0142owc\u00f3w;<\/li>\n\n\n\n<li>miarkowanie \u015bwiadcze\u0144.<\/li>\n<\/ul>\n\n\n\n<h2 class=\"wp-block-heading\"><span class=\"ez-toc-section\" id=\"Czy_istnieje_alternatywa_dla_fundacji_rodzinnej\"><\/span>Czy istnieje alternatywa dla fundacji rodzinnej?<span class=\"ez-toc-section-end\"><\/span><\/h2>\n\n\n\n<p>Praktyka pokazuje, \u017ce w Polsce nie ma innej formy prawnej, kt\u00f3ra oferowa\u0142aby podobne mo\u017cliwo\u015bci do fundacji rodzinnej, nie przynosz\u0105c jednocze\u015bnie korzy\u015bci podatkowych. Wszystkie wspomniane wcze\u015bniej pozapodatkowe korzy\u015bci wynikaj\u0105ce z prowadzenia dzia\u0142alno\u015bci w formie fundacji rodzinnej nie mog\u0105 zosta\u0107 spe\u0142nione w ramach \u017cadnej innej formy prawnej.<\/p>\n\n\n\n<p>Z tego wzgl\u0119du warunek dotycz\u0105cy istnienia alternatywnej drogi post\u0119powania oraz warunek ch\u0119ci osi\u0105gni\u0119cia korzy\u015bci g\u0142\u00f3wnie podatkowych najcz\u0119\u015bciej nie b\u0119dzie spe\u0142niony w przypadku za\u0142o\u017cenia fundacji rodzinnej. Zatem takie uzgodnienie co do zasady nie b\u0119dzie spe\u0142nia\u0107 kryterium g\u0142\u00f3wnej korzy\u015bci i id\u0105c dalej \u2013 nie b\u0119dzie podlega\u0142o raportowaniu MDR na tej podstawie.<\/p>\n\n\n\n<h2 class=\"wp-block-heading\"><span class=\"ez-toc-section\" id=\"i\"><\/span>&nbsp;<span class=\"ez-toc-section-end\"><\/span><\/h2>\n\n\n\n<h2 class=\"wp-block-heading\"><span class=\"ez-toc-section\" id=\"Kiedy_zalozenie_fundacji_rodzinnej_i_wniesienie_do_niej_majatku_moze_podlegac_raportowaniu_MDR\"><\/span>Kiedy za\u0142o\u017cenie fundacji rodzinnej i wniesienie do niej maj\u0105tku mo\u017ce podlega\u0107 raportowaniu MDR?<span class=\"ez-toc-section-end\"><\/span><\/h2>\n\n\n\n<p>Mimo \u017ce za\u0142o\u017cenie fundacji rodzinnej i wniesienie do niej maj\u0105tku nie b\u0119dzie podlega\u0107 raportowaniu MDR w zwi\u0105zku z brakiem spe\u0142niania kryterium g\u0142\u00f3wnej korzy\u015bci, obowi\u0105zek raportowania mo\u017ce wyst\u0105pi\u0107, je\u015bli wyst\u0105pi szczeg\u00f3lna cecha rozpoznawcza lub inna szczeg\u00f3lna cecha rozpoznawcza.<\/p>\n\n\n\n<p>W zdecydowanej wi\u0119kszo\u015bci przypadk\u00f3w za\u0142o\u017cenie fundacji rodzinnej i wniesienie do niej maj\u0105tku nie b\u0119dzie posiada\u0107 innej szczeg\u00f3lnej cechy rozpoznawczej. Podobna sytuacja ma miejsce w odniesieniu do szczeg\u00f3lnej cechy rozpoznawczej. Jednak w drodze wyposa\u017cania fundacji rodzinnej w maj\u0105tek nale\u017cy zwr\u00f3ci\u0107 szczeg\u00f3ln\u0105 uwag\u0119, czy takie dzia\u0142anie nie posiada szczeg\u00f3lnej cechy rozpoznawczej w postaci \u201eprzeniesienia praw do trudnych do wyceny warto\u015bci niematerialnych\u201d. Je\u015bli do fundacji rodzinnej zostan\u0105 przekazane tego typu warto\u015bci niematerialne, to obowi\u0105zek raportowania mo\u017ce wyst\u0105pi\u0107 &#8211; wszystko zale\u017cy jednak od okoliczno\u015bci danej sprawy. Rekomendujemy wi\u0119c, aby ka\u017cdorazowe w\u0105tpliwo\u015bci dotycz\u0105ce wyst\u0119powania schematu podatkowego poddawa\u0107 indywidualnej analizie.<\/p>\n\n\n\n<p>Je\u017celi masz jakie\u015b pytania dotycz\u0105ce fundacji rodzinnej oraz schemat\u00f3w podatkowych zapraszamy do <strong><a href=\"https:\/\/pragmatiq.pl\/zmianawarty\/#kontakt\" target=\"_blank\" rel=\"noreferrer noopener\">kontaktu<\/a><\/strong><a href=\"https:\/\/pragmatiq.pl\/zmianawarty\/#kontakt\">.<\/a> Nasi specjali\u015bci z przyjemno\u015bci\u0105 odpowiedz\u0105 na wszelkie pytania.<\/p>\n\n\n\n<p>Piotr Zara\u0144ski<\/p>\n","protected":false},"excerpt":{"rendered":"<p>Fundacja rodzinna jest now\u0105 form\u0105 prawn\u0105 oferuj\u0105c\u0105 dogodny spos\u00f3b sukcesji oraz atrakcyjny poziom opodatkowania. Sprawd\u017a, czy za\u0142o\u017cenie fundacji rodzinnej mo\u017ce wi\u0105za\u0107 si\u0119 z obowi\u0105zkiem raportowania schematu podatkowego (MDR).<\/p>\n","protected":false},"author":31,"featured_media":619,"comment_status":"open","ping_status":"open","sticky":false,"template":"","format":"standard","meta":{"footnotes":""},"categories":[182],"tags":[],"class_list":["post-3938","post","type-post","status-publish","format-standard","has-post-thumbnail","hentry","category-fundacja-rodzinna"],"_links":{"self":[{"href":"https:\/\/pragmatiq.pl\/zmianawarty\/wp-json\/wp\/v2\/posts\/3938","targetHints":{"allow":["GET"]}}],"collection":[{"href":"https:\/\/pragmatiq.pl\/zmianawarty\/wp-json\/wp\/v2\/posts"}],"about":[{"href":"https:\/\/pragmatiq.pl\/zmianawarty\/wp-json\/wp\/v2\/types\/post"}],"author":[{"embeddable":true,"href":"https:\/\/pragmatiq.pl\/zmianawarty\/wp-json\/wp\/v2\/users\/31"}],"replies":[{"embeddable":true,"href":"https:\/\/pragmatiq.pl\/zmianawarty\/wp-json\/wp\/v2\/comments?post=3938"}],"version-history":[{"count":1,"href":"https:\/\/pragmatiq.pl\/zmianawarty\/wp-json\/wp\/v2\/posts\/3938\/revisions"}],"predecessor-version":[{"id":3939,"href":"https:\/\/pragmatiq.pl\/zmianawarty\/wp-json\/wp\/v2\/posts\/3938\/revisions\/3939"}],"wp:featuredmedia":[{"embeddable":true,"href":"https:\/\/pragmatiq.pl\/zmianawarty\/wp-json\/wp\/v2\/media\/619"}],"wp:attachment":[{"href":"https:\/\/pragmatiq.pl\/zmianawarty\/wp-json\/wp\/v2\/media?parent=3938"}],"wp:term":[{"taxonomy":"category","embeddable":true,"href":"https:\/\/pragmatiq.pl\/zmianawarty\/wp-json\/wp\/v2\/categories?post=3938"},{"taxonomy":"post_tag","embeddable":true,"href":"https:\/\/pragmatiq.pl\/zmianawarty\/wp-json\/wp\/v2\/tags?post=3938"}],"curies":[{"name":"wp","href":"https:\/\/api.w.org\/{rel}","templated":true}]}}