{"id":3891,"date":"2023-06-22T09:54:02","date_gmt":"2023-06-22T07:54:02","guid":{"rendered":"https:\/\/zmianawarty.pl\/?p=3891"},"modified":"2024-09-16T14:24:48","modified_gmt":"2024-09-16T12:24:48","slug":"fundacje-prywatne-za-granica-gdzie-najlepiej","status":"publish","type":"post","link":"https:\/\/pragmatiq.pl\/zmianawarty\/fundacje-prywatne-za-granica-gdzie-najlepiej\/","title":{"rendered":"Fundacje prywatne za granic\u0105 &#8211; gdzie najlepiej?"},"content":{"rendered":"<div id=\"ez-toc-container\" class=\"ez-toc-v2_0_82_2 counter-hierarchy ez-toc-counter ez-toc-white ez-toc-container-direction\">\n<div class=\"ez-toc-title-container\"><p class=\"ez-toc-title\" style=\"cursor:inherit\">Spis tre\u015bci<\/p>\n<\/div><nav><ul class='ez-toc-list ez-toc-list-level-1 ' ><li class='ez-toc-page-1 ez-toc-heading-level-2'><a class=\"ez-toc-link ez-toc-heading-1\" href=\"https:\/\/pragmatiq.pl\/zmianawarty\/fundacje-prywatne-za-granica-gdzie-najlepiej\/#Zalozenie_fundacji_prywatnej_za_granica\" >Za\u0142o\u017cenie fundacji prywatnej za granic\u0105<\/a><\/li><li class='ez-toc-page-1 ez-toc-heading-level-2'><a class=\"ez-toc-link ez-toc-heading-2\" href=\"https:\/\/pragmatiq.pl\/zmianawarty\/fundacje-prywatne-za-granica-gdzie-najlepiej\/#Zalety_zagranicznej_fundacji_rodzinnej\" >Zalety zagranicznej fundacji rodzinnej<\/a><\/li><li class='ez-toc-page-1 ez-toc-heading-level-2'><a class=\"ez-toc-link ez-toc-heading-3\" href=\"https:\/\/pragmatiq.pl\/zmianawarty\/fundacje-prywatne-za-granica-gdzie-najlepiej\/#Transfer_zagranicznych_fundacji_do_Polski\" >Transfer zagranicznych fundacji do Polski<\/a><\/li><li class='ez-toc-page-1 ez-toc-heading-level-2'><a class=\"ez-toc-link ez-toc-heading-4\" href=\"https:\/\/pragmatiq.pl\/zmianawarty\/fundacje-prywatne-za-granica-gdzie-najlepiej\/#Prace_nad_projektem_ustawy_o_fundacji_rodzinnej_w_Polsce\" >Prace nad projektem ustawy o fundacji rodzinnej w Polsce<\/a><\/li><li class='ez-toc-page-1 ez-toc-heading-level-2'><a class=\"ez-toc-link ez-toc-heading-5\" href=\"https:\/\/pragmatiq.pl\/zmianawarty\/fundacje-prywatne-za-granica-gdzie-najlepiej\/#Wycofanie_majatku_z_zagranicznej_fundacji_do_Polski\" >Wycofanie maj\u0105tku z zagranicznej fundacji do Polski<\/a><\/li><li class='ez-toc-page-1 ez-toc-heading-level-2'><a class=\"ez-toc-link ez-toc-heading-6\" href=\"https:\/\/pragmatiq.pl\/zmianawarty\/fundacje-prywatne-za-granica-gdzie-najlepiej\/#Przekazanie_majatku_do_fundacji_w_Polsce\" >Przekazanie maj\u0105tku do fundacji w Polsce<\/a><\/li><li class='ez-toc-page-1 ez-toc-heading-level-2'><a class=\"ez-toc-link ez-toc-heading-7\" href=\"https:\/\/pragmatiq.pl\/zmianawarty\/fundacje-prywatne-za-granica-gdzie-najlepiej\/#Wykorzystanie_zagranicznych_fundacji\" >Wykorzystanie zagranicznych fundacji<\/a><\/li><li class='ez-toc-page-1 ez-toc-heading-level-2'><a class=\"ez-toc-link ez-toc-heading-8\" href=\"https:\/\/pragmatiq.pl\/zmianawarty\/fundacje-prywatne-za-granica-gdzie-najlepiej\/#Koszty_i_obowiazki_zwiazane_z_fundacja_prywatna_za_granica\" >Koszty i obowi\u0105zki zwi\u0105zane z fundacj\u0105 prywatn\u0105 za granic\u0105<\/a><\/li><li class='ez-toc-page-1 ez-toc-heading-level-2'><a class=\"ez-toc-link ez-toc-heading-9\" href=\"https:\/\/pragmatiq.pl\/zmianawarty\/fundacje-prywatne-za-granica-gdzie-najlepiej\/#Gdzie_najlepiej_zalozyc_fundacje_prywatna\" >Gdzie najlepiej za\u0142o\u017cy\u0107 fundacj\u0119 prywatn\u0105?<\/a><ul class='ez-toc-list-level-3' ><li class='ez-toc-heading-level-3'><a class=\"ez-toc-link ez-toc-heading-10\" href=\"https:\/\/pragmatiq.pl\/zmianawarty\/fundacje-prywatne-za-granica-gdzie-najlepiej\/#Fundacja_prywatna_w_Liechtensteinie\" >Fundacja prywatna w Liechtensteinie<\/a><\/li><li class='ez-toc-page-1 ez-toc-heading-level-3'><a class=\"ez-toc-link ez-toc-heading-11\" href=\"https:\/\/pragmatiq.pl\/zmianawarty\/fundacje-prywatne-za-granica-gdzie-najlepiej\/#Fundacja_prywatna_w_Austrii\" >Fundacja prywatna w Austrii<\/a><\/li><li class='ez-toc-page-1 ez-toc-heading-level-3'><a class=\"ez-toc-link ez-toc-heading-12\" href=\"https:\/\/pragmatiq.pl\/zmianawarty\/fundacje-prywatne-za-granica-gdzie-najlepiej\/#Fundacja_prywatna_w_Szwajcarii\" >Fundacja prywatna w Szwajcarii<\/a><\/li><li class='ez-toc-page-1 ez-toc-heading-level-3'><a class=\"ez-toc-link ez-toc-heading-13\" href=\"https:\/\/pragmatiq.pl\/zmianawarty\/fundacje-prywatne-za-granica-gdzie-najlepiej\/#Fundacja_prywatna_w_Polsce\" >Fundacja prywatna w Polsce<\/a><\/li><\/ul><\/li><\/ul><\/nav><\/div>\n\n<p><strong>Fundacje prywatne za granic\u0105 cieszy\u0142y si\u0119 du\u017cym zainteresowaniem. Budowa takich z\u0142o\u017conych struktur wymaga jednak znacznych nak\u0142ad\u00f3w &#8211; organizacyjnych i finansowych. Bior\u0105c pod uwag\u0119 d\u0142ugo dyskutowane za\u0142o\u017cenia projektu ustawy o fundacji rodzinnej mo\u017cna powiedzie\u0107, \u017ce fundacja rodzinna w Polsce ma r\u00f3wnie du\u017co zalet.<\/strong><\/p>\n\n\n\n<h2 class=\"wp-block-heading\"><span class=\"ez-toc-section\" id=\"Zalozenie_fundacji_prywatnej_za_granica\"><\/span><strong>Za\u0142o\u017cenie fundacji prywatnej za granic\u0105<\/strong><span class=\"ez-toc-section-end\"><\/span><\/h2>\n\n\n\n<p>Fundacje prywatne wyst\u0119puj\u0105 od wielu lat w r\u00f3\u017cnych systemach prawnych: zar\u00f3wno anglosaskim, jak i kontynentalnym (np. w Austrii, Holandii, Liechtensteinie, Niemczech, Szwajcarii, na Cyprze czy w innych krajach). Utworzenie fundacji zagranicznej przed wprowadzeniem do systemu prawnego w Polsce fundacji rodzinnej umo\u017cliwia\u0142o wykorzystywanie dodatkowych mo\u017cliwo\u015bci, jakie daj\u0105 te organizacje.<\/p>\n\n\n\n<p>W krajach o d\u0142ugiej tradycji sukcesji powszechnie przyjmuje si\u0119, \u017ce fundacja prywatna to skuteczne narz\u0119dzie na zapewnienie realizacji woli fundatora przy odpowiednim zarz\u0105dzeniu maj\u0105tkiem (przy uwzgl\u0119dnieniu specyfiki prowadzonej dzia\u0142alno\u015bci gospodarczej). W ramach niniejszego artyku\u0142u ograniczymy si\u0119 do por\u00f3wnania fundacji prywatnej w Ksi\u0119stwie Liechtensteinu, Austrii oraz w Szwajcarii z fundacj\u0105 rodzinn\u0105 w Polsce.<\/p>\n\n\n\n<h2 class=\"wp-block-heading\"><span class=\"ez-toc-section\" id=\"Zalety_zagranicznej_fundacji_rodzinnej\"><\/span>Zalety zagranicznej fundacji rodzinnej<span class=\"ez-toc-section-end\"><\/span><\/h2>\n\n\n\n<p>Zagraniczne fundacje prywatne zawdzi\u0119cza\u0142y swoj\u0105 atrakcyjno\u015b\u0107 niezale\u017cno\u015bci masy maj\u0105tkowej od sytuacji finansowej fundatora-przedsi\u0119biorcy i jej beneficjent\u00f3w (spadkobiercy). Fundacje te nie musz\u0105 by\u0107 tworzone w celu prowadzenia dzia\u0142alno\u015bci po\u017cytku publicznego (tzw. dzia\u0142alno\u015bci fundacji u\u017cyteczno\u015bci publicznej). Celem statutowym fundacji zagranicznej mo\u017ce by\u0107 ochrona maj\u0105tku fundatora czy wyp\u0142ata \u015bwiadcze\u0144 na rzecz okre\u015blonych w jej statucie podmiot\u00f3w (np. spadkobierc\u00f3w fundatora).<\/p>\n\n\n\n<p>Powo\u0142uj\u0105c fundacj\u0119 rodzinn\u0105 fundator decyduje si\u0119 na przekazanie maj\u0105tku, kt\u00f3rej w\u0142a\u015bcicielem staje si\u0119 zagraniczna fundacja prywatna. Beneficjenci fundacji wskazani przez fundatora tworz\u0105 zgromadzenie beneficjent\u00f3w, kt\u00f3re podejmuje najwa\u017cniejsze decyzje zwi\u0105zane z funkcjonowaniem fundacji rodzinnej.<\/p>\n\n\n\n<p>W\u0142a\u015bciwe planowanie sukcesji umo\u017cliwia zar\u00f3wno zmniejszenie obci\u0105\u017ce\u0144 podatkowych jak r\u00f3wnie\u017c zarz\u0105dzanie maj\u0105tkiem przekazanym dla okre\u015blonego przedsi\u0119wzi\u0119cia. Dotychczas zagraniczna fundacja prywatna by\u0142a wykorzystywana zar\u00f3wno w firmach rodzinnych (do ochrony maj\u0105tku fundacji rodzinnej), jak r\u00f3wnie\u017c innych podmiotach chc\u0105cych zapewni\u0107 ochron\u0119 marki, a tak\u017ce maj\u0105tku wypracowanego w ramach prowadzenia dzia\u0142alno\u015bci gospodarczej.<\/p>\n\n\n\n<figure class=\"wp-block-image\"><img decoding=\"async\" src=\"https:\/\/images.surferseo.art\/058f6392-89bc-4003-96ae-dd125da68136.jpeg\" alt=\"Dnia 23 maja 2023 roku w Polsce wesz\u0142a w \u017cycie ustawa o fundacji rodzinnej\"\/><\/figure>\n\n\n\n<h2 class=\"wp-block-heading\"><span class=\"ez-toc-section\" id=\"Transfer_zagranicznych_fundacji_do_Polski\"><\/span><strong>Transfer zagranicznych fundacji do Polski<\/strong><span class=\"ez-toc-section-end\"><\/span><\/h2>\n\n\n\n<p>Projekt ustawy o fundacji rodzinnej w Polsce zawiera uzasadnienie, w kt\u00f3rym zwr\u00f3cono uwag\u0119 na fakt, \u017ce wielu przedsi\u0119biorc\u00f3w zdecydowa\u0142o si\u0119 na za\u0142o\u017cenie fundacji prywatnej, kt\u00f3ra mia\u0142a siedzib\u0119 za granic\u0105. W zale\u017cno\u015bci od pa\u0144stwa, w kt\u00f3rym zosta\u0142y utworzone, mog\u0105 r\u00f3wnie\u017c korzysta\u0107 z licznych preferencji podatkowych, np. zwolnienia z opodatkowania podatkiem dochodowym. Fundacje zagraniczne funkcjonuj\u0105 <a href=\"http:\/\/m.in\" rel=\"nofollow\">m.in<\/a>. w takich pa\u0144stwach, jak Panama (Private Interests Foundation), Liechtenstein (Stiftung), Holandia (Stichting) czy Austria (Privatstiftung).Fundator mo\u017ce elastycznie kszta\u0142towa\u0107 statut fundacji i spos\u00f3b realizacji wyznaczonych przez niego cel\u00f3w. Fundacja b\u0119dzie w\u0142a\u015bcicielem przekazanego maj\u0105tku, st\u0105d wierzyciele osobi\u015bci zar\u00f3wno beneficjent\u00f3w, jak i fundatora nie b\u0119d\u0105 mieli dost\u0119pu do jej aktyw\u00f3w (jest ona podmiotem niezale\u017cnym od fundatora i beneficjent\u00f3w).<\/p>\n\n\n\n<p>Jednym z za\u0142o\u017ce\u0144, kt\u00f3re zawiera\u0142 projekt ustawy o fundacji rodzinnej w Polsce by\u0142o ustalenie mo\u017cliwo\u015bci powrotu maj\u0105tku fundacji zagranicznych na terytorium polski.<\/p>\n\n\n\n<h2 class=\"wp-block-heading\"><span class=\"ez-toc-section\" id=\"Prace_nad_projektem_ustawy_o_fundacji_rodzinnej_w_Polsce\"><\/span><strong>Prace nad projektem ustawy o fundacji rodzinnej w Polsce<\/strong><span class=\"ez-toc-section-end\"><\/span><\/h2>\n\n\n\n<p>Do czasu wprowadzenia ustawy o fundacji rodzinnej polskie przepisy nie dawa\u0142y korzystnej alternatywy dla przeniesienia maj\u0105tku do fundacji zagranicznych. Aktualnie jednak polska fundacja rodzinna mo\u017ce s\u0142u\u017cy\u0107 przekazaniu maj\u0105tku cz\u0142onkom najbli\u017cszej rodziny bez ryzyka rozdrobnienia firmy czy g\u0142\u00f3wnych aktyw\u00f3w np. nieruchomo\u015bci w wyniku spadkobrania. Fundacja rodzinna nie musi jednocze\u015bnie realizowa\u0107 cel\u00f3w publicznych. Zamiast tego jej beneficjenci mog\u0105 korzysta\u0107 z maj\u0105tku przekazanego przez fundatora fundacji rodzinnej na zasadach okre\u015blonych w statucie.<\/p>\n\n\n\n<p>Rozwi\u0105zanie to rozszerza mo\u017cliwo\u015bci dotycz\u0105ce skutecznego planowania i wykorzystania wypracowanego dorobku i wp\u0142ynie na op\u0142acalno\u015b\u0107 sukcesji tak\u017ce z uwzgl\u0119dnieniem podmiot\u00f3w zagranicznych.<\/p>\n\n\n\n<h2 class=\"wp-block-heading\"><span class=\"ez-toc-section\" id=\"Wycofanie_majatku_z_zagranicznej_fundacji_do_Polski\"><\/span><strong>Wycofanie maj\u0105tku z zagranicznej fundacji do Polski<\/strong><span class=\"ez-toc-section-end\"><\/span><\/h2>\n\n\n\n<p>Mimo korzy\u015bci wynikaj\u0105cych z braku rozdrobnienia maj\u0105tku oraz okre\u015blonego dost\u0119pu do sk\u0142adnik\u00f3w tego maj\u0105tku przez beneficjent\u00f3w fundacji (braku dost\u0119pu wierzycieli osobistych fundatora) ewentualne wycofanie odziedziczonych sk\u0142adnik\u00f3w maj\u0105tku z fundacji wi\u0105\u017ce si\u0119 z szeregiem problem\u00f3w, w tym zwi\u0105zanych z obowi\u0105zkami podatkowymi w innych krajach, co wskazujemy poni\u017cej.<\/p>\n\n\n\n<p>Wycofanie sk\u0142adnik\u00f3w maj\u0105tku z niezale\u017cnego od beneficjent\u00f3w podmiotu, jakim jest fundacja zagraniczna i przekazanie ich w formie np. darowizny na rzecz beneficjent\u00f3w b\u0119dzie wi\u0105za\u0107 si\u0119 z powstaniem po ich stronie przychodu do opodatkowania, co w przypadku dziedziczenia poszczeg\u00f3lnych sk\u0142adnik\u00f3w w Polsce by nie wyst\u0105pi\u0142o.<\/p>\n\n\n\n<h2 class=\"wp-block-heading\"><span class=\"ez-toc-section\" id=\"Przekazanie_majatku_do_fundacji_w_Polsce\"><\/span><strong>Przekazanie maj\u0105tku do fundacji w Polsce<\/strong><span class=\"ez-toc-section-end\"><\/span><\/h2>\n\n\n\n<p>W Polsce fundacja rodzinna mo\u017ce zosta\u0107 za\u0142o\u017cona wsp\u00f3lnie przez wi\u0119cej ni\u017c jedn\u0105 osob\u0119 (np. przez ma\u0142\u017conk\u00f3w), ale dotyczy to wy\u0142\u0105cznie fundacji rodzinnej zak\u0142adanej na podstawie aktu za\u0142o\u017cycielskiego za \u017cycia fundatora lub fundator\u00f3w.<\/p>\n\n\n\n<p>Fundacja ustanowiona w testamencie mo\u017ce mie\u0107 z kolei tylko jednego fundatora, a to z uwagi na fakt, \u017ce polskie prawo nie pozwala na sporz\u0105dzanie tzw. testament\u00f3w wsp\u00f3lnych. Analogiczna regulacja wyst\u0119puje w Ksi\u0119stwie Lichtensteinu, Austrii oraz w Szwajcarii. Fundacje prywatne mog\u0105 zosta\u0107 za\u0142o\u017cone zar\u00f3wno za \u017cycia, jak r\u00f3wnie\u017c po \u015bmierci fundatora.<\/p>\n\n\n\n<p>Je\u015bli poruszamy tematyk\u0119 osoby za\u0142o\u017cyciela fundacji rodzinnej, nale\u017cy zwr\u00f3ci\u0107 uwag\u0119, \u017ce na gruncie prawa polskiego fundatorem mo\u017ce by\u0107 jedynie osoba fizyczna, co r\u00f3\u017cni si\u0119 od rozwi\u0105za\u0144 wykorzystywanych w ramach zagranicznych fundacjach rodzinnych. W Austrii, Ksi\u0119stwie Lichtensteinu oraz Szwajcarii dopuszczono mo\u017cliwo\u015b\u0107 za\u0142o\u017cenia fundacji zar\u00f3wno przez osob\u0119 fizyczn\u0105, jak i przez osob\u0119 prawn\u0105.<\/p>\n\n\n\n<figure class=\"wp-block-image\"><img decoding=\"async\" src=\"https:\/\/images.surferseo.art\/b003f292-4ede-40f1-9152-c40f62bd8a22.jpeg\" alt=\"Istnieje wiele powod\u00f3w, dla kt\u00f3rych warto za\u0142o\u017cy\u0107 fundacj\u0119 rodzinn\u0105.\"\/><\/figure>\n\n\n\n<h2 class=\"wp-block-heading\"><span class=\"ez-toc-section\" id=\"Wykorzystanie_zagranicznych_fundacji\"><\/span><strong>Wykorzystanie zagranicznych fundacji<\/strong><span class=\"ez-toc-section-end\"><\/span><\/h2>\n\n\n\n<p>Przepisy prawa w Austrii nie wprowadzaj\u0105 ogranicze\u0144 dotycz\u0105cych cel\u00f3w dzia\u0142ania fundacji prywatnej \u2013 mog\u0105 to by\u0107 zar\u00f3wno cele prywatne fundatora, jak i innych os\u00f3b. Fundacja rodzinna w Liechtensteinie mo\u017ce dzia\u0142a\u0107 w dowolnym celu okre\u015blonym przez fundatora. Zmiana celu fundacji jest dozwolona jedynie wtedy, gdy zmiana ta spowodowana jest niemo\u017cno\u015bci\u0105 spe\u0142nienia pierwotnego celu fundacji, a nowy cel b\u0119dzie jak najbli\u017cszy woli fundatora. Maj\u0105tek fundacji prywatnej w Szwajcarii mo\u017ce by\u0107 przeznaczany jedynie na cel wskazany przez fundatora, kt\u00f3rym jest zwykle przyniesienie korzy\u015bci konkretnej rodzinie w postaci sfinansowania edukacji czy pomocy w przypadku problem\u00f3w ze zdrowiem. Maj\u0105tek fundacji rodzinnej nie mo\u017ce by\u0107 przeznaczany na bie\u017c\u0105ce potrzeby cz\u0142onk\u00f3w rodziny fundatora.<\/p>\n\n\n\n<p>W Polsce celem wprowadzenia ustawy o fundacji rodzinnej by\u0142o wzmocnienie narz\u0119dzi prawnych do przeprowadzenia proces\u00f3w sukcesyjnych. Fundacja rodzinna uzupe\u0142ni\u0142a testamenty, zapisy, polecenia i darowizny na wypadek \u015bmierci i stworzy\u0142a kolejny spos\u00f3b na przekazanie nast\u0119pcom mo\u017cliwo\u015bci korzystania z dorobku \u017cyciowego spadkodawc\u00f3w. Fundacja umo\u017cliwia bowiem gromadzenie maj\u0105tku, a jednocze\u015bnie zaspokajanie potrzeb beneficjent\u00f3w, kt\u00f3rzy co do zasady s\u0105 cz\u0142onkami rodziny fundatora \u2013 cho\u0107 mog\u0105 to by\u0107 r\u00f3wnie\u017c inne osoby i podmioty. Regulacja ustawy o fundacji rodzinnej w Polsce jest wi\u0119c w tym zakresie najbardziej zbli\u017cona do fundacji prywatnej w Austrii.<\/p>\n\n\n\n<h2 class=\"wp-block-heading\"><span class=\"ez-toc-section\" id=\"Koszty_i_obowiazki_zwiazane_z_fundacja_prywatna_za_granica\"><\/span><strong>Koszty i obowi\u0105zki zwi\u0105zane z fundacj\u0105 prywatn\u0105 za granic\u0105<\/strong><span class=\"ez-toc-section-end\"><\/span><\/h2>\n\n\n\n<p>Kolejnym istotnym zagadnieniem jest fundusz za\u0142o\u017cycielski fundacji. Fundator podczas wyposa\u017cenia fundacji w aktywa na gruncie prawa polskiego zobowi\u0105zany jest do wniesienia mienia o warto\u015bci wynosz\u0105cej co najmniej 100 000 z\u0142. <strong>Za granic\u0105 kwoty minimalnego kapita\u0142u za\u0142o\u017cycielskiego fundacji rodzinnej przedstawiaj\u0105 si\u0119 nast\u0119puj\u0105co: w Austrii \u2013 70 000 euro, w Szwajcarii \u2013 50 000 frank\u00f3w szwajcarskich, w Lichtensteinie \u2013 30 000 frank\u00f3w szwajcarskich.<\/strong><\/p>\n\n\n\n<p>Dodatkowo przy takim rozwi\u0105zaniu uwzgl\u0119dni\u0107 trzeba koszty stworzenia i prowadzenia tego typu struktury. Warto zwr\u00f3ci\u0107 uwag\u0119 na fakt, \u017ce w zale\u017cno\u015bci od zasad opodatkowania dochodu zagranicznej fundacji prywatnej w pa\u0144stwie jej siedziby, rozk\u0142adu praw g\u0142osu w jej zarz\u0105dzie i przys\u0142uguj\u0105cych uprawnie\u0144 w zwi\u0105zku ze statusem fundatora lub beneficjenta, fundacja taka mo\u017ce by\u0107 uznana za zagraniczn\u0105 jednostk\u0119 kontrolowan\u0105. W efekcie mo\u017ce zaistnie\u0107 konieczno\u015b\u0107 rozlicze\u0144 podatkowych z tytu\u0142u dochod\u00f3w fundacji zar\u00f3wno w pa\u0144stwie jej siedziby, jak i w Polsce (miejscu zamieszkania fundatora lub beneficjenta).<\/p>\n\n\n\n<p>Nie mo\u017cna r\u00f3wnie\u017c zapomnie\u0107 o obowi\u0105zuj\u0105cym podatku od dochod\u00f3w z niezrealizowanych zysk\u00f3w (tzw. exit tax). Darowizna udzia\u0142\u00f3w lub innych sk\u0142adnik\u00f3w maj\u0105tkowych do fundacji, gdy ich warto\u015b\u0107 rynkowa przekroczy 4 000 000 z\u0142, mo\u017ce podlega\u0107 opodatkowaniu w Polsce. Skutki podatkowe funkcjonowania zagranicznej fundacji zale\u017c\u0105 od bardzo wielu zmiennych czynnik\u00f3w, dlatego przed jej za\u0142o\u017ceniem nale\u017cy przeprowadzi\u0107 szczeg\u00f3\u0142ow\u0105 analiz\u0119.<\/p>\n\n\n\n<h2 class=\"wp-block-heading\"><span class=\"ez-toc-section\" id=\"Gdzie_najlepiej_zalozyc_fundacje_prywatna\"><\/span>Gdzie najlepiej za\u0142o\u017cy\u0107 fundacj\u0119 prywatn\u0105?<span class=\"ez-toc-section-end\"><\/span><\/h2>\n\n\n\n<h3 class=\"wp-block-heading\"><span class=\"ez-toc-section\" id=\"Fundacja_prywatna_w_Liechtensteinie\"><\/span>Fundacja prywatna w Liechtensteinie<span class=\"ez-toc-section-end\"><\/span><\/h3>\n\n\n\n<p>Fundacja prywatna w Liechtensteinie niew\u0105tpliwie ma wiele zalet. Warto jednak pami\u0119ta\u0107, \u017ce organem reprezentacyjnym i zarz\u0105dzaj\u0105cym fundacj\u0105 jest Rada Fundacji. Organ ten sk\u0142ada si\u0119 z kilku os\u00f3b wskazanych przez Fundatora, przy czym jeden z cz\u0142onk\u00f3w Rady Fundacji musi posiada\u0107 obywatelstwo Liechtensteinu lub siedzib\u0119 w tym kraju i uzyska\u0107 odpowiednie kwalifikacje.<\/p>\n\n\n\n<h3 class=\"wp-block-heading\"><span class=\"ez-toc-section\" id=\"Fundacja_prywatna_w_Austrii\"><\/span>Fundacja prywatna w Austrii<span class=\"ez-toc-section-end\"><\/span><\/h3>\n\n\n\n<p>W Austrii fundator ma szerokie uprawnienia co do kszta\u0142towania ustroju fundacji na etapie jej powo\u0142ania w akcie za\u0142o\u017cycielskim i ustanowieniu jej statutu. W przypadku braku odmiennej woli fundatora fundacj\u0105 prywatn\u0105 zarz\u0105dza rada, kt\u00f3ra sk\u0142ada si\u0119 z co najmniej trzech cz\u0142onk\u00f3w. Aktualnie za\u0142o\u017cenie fundacji prywatnej w Austrii wi\u0105\u017ce si\u0119 jednak z opodatkowaniem wy\u017cszym ni\u017c dotychczas.<\/p>\n\n\n\n<h3 class=\"wp-block-heading\"><span class=\"ez-toc-section\" id=\"Fundacja_prywatna_w_Szwajcarii\"><\/span>Fundacja prywatna w Szwajcarii<span class=\"ez-toc-section-end\"><\/span><\/h3>\n\n\n\n<p>Pod wzgl\u0119dem swobody kszta\u0142towania struktury fundacja prywatna w Szwajcarii jest zbli\u017cona do regulacji w Polsce. Struktur\u0119 i zasady dzia\u0142ania fundacji rodzinnej okre\u015bla fundator w akcie powo\u0142ania fundacji. Organem zarz\u0105dzaj\u0105cym fundacj\u0105 rodzin\u0105 mo\u017ce by\u0107 rada fundacji albo zarz\u0105d. Fundacja rodzinna w Szwajcarii uwa\u017cana jest za podmiot gwarantuj\u0105cy w du\u017cym stopniu prywatno\u015b\u0107 fundatorowi oraz beneficjentom fundacji zgodnie z wol\u0105 fundatora. Aktualnie fundacja prywatna w Szwajcarii nie jest popularnym rozwi\u0105zaniem, tak\u017ce z powod\u00f3w podatkowych. Szacuje si\u0119, \u017ce tylko 1% fundacji zak\u0142adanych w tym kraju zmierza do zabezpieczenia maj\u0105tku prywatnego.<\/p>\n\n\n\n<h3 class=\"wp-block-heading\"><span class=\"ez-toc-section\" id=\"Fundacja_prywatna_w_Polsce\"><\/span>Fundacja prywatna w Polsce<span class=\"ez-toc-section-end\"><\/span><\/h3>\n\n\n\n<p>W Polsce ustawa o fundacji rodzinnej reguluje tylko podstawowe zasady dzia\u0142ania zarz\u0105du, rady nadzorczej oraz zgromadzenia beneficjent\u00f3w. Fundacja rodzinna dzia\u0142a na podstawie statutu fundacji (a tak\u017ce regulamin\u00f3w), a fundator ma niemal nieograniczon\u0105 swobod\u0119 w zakresie ustalenia zasad dzia\u0142ania fundacji rodzinnej. Bior\u0105c pod uwag\u0119 elastyczno\u015b\u0107 tworzenia struktury fundacji a tak\u017ce preferencyjne opodatkowanie (efektywna stawka podatku p\u0142aconego przez fundacj\u0119 to ok. 13%) mo\u017cna powiedzie\u0107, \u017ce jest to rozwi\u0105zanie szyte na miar\u0119 potrzeb przedsi\u0119biorc\u00f3w, kt\u00f3rzy d\u0142ugo oczekiwali na wprowadzenie tej instytucji w Polsce.<\/p>\n\n\n\n<p>Jacek Mi\u0142aszewski<\/p>\n\n\n\n<p>Krzysztof Binkowski<\/p>\n","protected":false},"excerpt":{"rendered":"<p>Fundacje prywatne za granic\u0105 cieszy\u0142y si\u0119 du\u017cym zainteresowaniem. Budowa takich z\u0142o\u017conych struktur wymaga jednak znacznych nak\u0142ad\u00f3w &#8211; organizacyjnych i finansowych. Bior\u0105c pod uwag\u0119 d\u0142ugo dyskutowane za\u0142o\u017cenia projektu ustawy o fundacji rodzinnej mo\u017cna powiedzie\u0107, \u017ce fundacja rodzinna w Polsce ma r\u00f3wnie du\u017co zalet. Za\u0142o\u017cenie fundacji prywatnej za granic\u0105 Fundacje prywatne wyst\u0119puj\u0105 od wielu lat w r\u00f3\u017cnych &hellip; <\/p>\n<p class=\"link-more\"><a href=\"https:\/\/pragmatiq.pl\/zmianawarty\/fundacje-prywatne-za-granica-gdzie-najlepiej\/\" class=\"more-link\">Continue reading<span class=\"screen-reader-text\"> &#8222;Fundacje prywatne za granic\u0105 &#8211; gdzie najlepiej?&#8221;<\/span><\/a><\/p>\n","protected":false},"author":31,"featured_media":619,"comment_status":"open","ping_status":"open","sticky":false,"template":"","format":"standard","meta":{"footnotes":""},"categories":[182],"tags":[],"class_list":["post-3891","post","type-post","status-publish","format-standard","has-post-thumbnail","hentry","category-fundacja-rodzinna"],"_links":{"self":[{"href":"https:\/\/pragmatiq.pl\/zmianawarty\/wp-json\/wp\/v2\/posts\/3891","targetHints":{"allow":["GET"]}}],"collection":[{"href":"https:\/\/pragmatiq.pl\/zmianawarty\/wp-json\/wp\/v2\/posts"}],"about":[{"href":"https:\/\/pragmatiq.pl\/zmianawarty\/wp-json\/wp\/v2\/types\/post"}],"author":[{"embeddable":true,"href":"https:\/\/pragmatiq.pl\/zmianawarty\/wp-json\/wp\/v2\/users\/31"}],"replies":[{"embeddable":true,"href":"https:\/\/pragmatiq.pl\/zmianawarty\/wp-json\/wp\/v2\/comments?post=3891"}],"version-history":[{"count":1,"href":"https:\/\/pragmatiq.pl\/zmianawarty\/wp-json\/wp\/v2\/posts\/3891\/revisions"}],"predecessor-version":[{"id":3892,"href":"https:\/\/pragmatiq.pl\/zmianawarty\/wp-json\/wp\/v2\/posts\/3891\/revisions\/3892"}],"wp:featuredmedia":[{"embeddable":true,"href":"https:\/\/pragmatiq.pl\/zmianawarty\/wp-json\/wp\/v2\/media\/619"}],"wp:attachment":[{"href":"https:\/\/pragmatiq.pl\/zmianawarty\/wp-json\/wp\/v2\/media?parent=3891"}],"wp:term":[{"taxonomy":"category","embeddable":true,"href":"https:\/\/pragmatiq.pl\/zmianawarty\/wp-json\/wp\/v2\/categories?post=3891"},{"taxonomy":"post_tag","embeddable":true,"href":"https:\/\/pragmatiq.pl\/zmianawarty\/wp-json\/wp\/v2\/tags?post=3891"}],"curies":[{"name":"wp","href":"https:\/\/api.w.org\/{rel}","templated":true}]}}