{"id":3406,"date":"2023-04-03T13:05:10","date_gmt":"2023-04-03T11:05:10","guid":{"rendered":"https:\/\/zmianawarty.pl\/?p=3406"},"modified":"2024-09-16T15:30:59","modified_gmt":"2024-09-16T13:30:59","slug":"pragmatiq-wsrod-najlepszych-polskich-kancelarii-wedlug-forbes","status":"publish","type":"post","link":"https:\/\/pragmatiq.pl\/zmianawarty\/pragmatiq-wsrod-najlepszych-polskich-kancelarii-wedlug-forbes\/","title":{"rendered":"PragmatIQ w\u015br\u00f3d najlepszych polskich kancelarii wed\u0142ug Forbes!"},"content":{"rendered":"\n<p>Bardzo cieszymy si\u0119 z wyr\u00f3\u017cnienia w ramach drugiej edycji rankingu Forbes \u2013 Best Law Firms 2023!&nbsp;&nbsp;<\/p>\n\n\n\n<p>\u201eNajcz\u0119\u015bciej polecane kancelarie 2023 to zestawienie podmiot\u00f3w, kt\u00f3re przychodz\u0105 na my\u015bl jako pierwsze, gdy przedsi\u0119biorca szuka wsparcia we w\u0142a\u015bciwym dla problemu segmencie prawa\u201d Kancelaria PragmatIQ, kt\u00f3ra od lat prowadzi portal o sukcesji w firmie zmianawarty.pl zosta\u0142a wymieniona w\u015br\u00f3d 4 najlepszych w ca\u0142ej Polsce w dziedzinie \u201eprawo spadkowe\u201d&nbsp;&nbsp;<\/p>\n\n\n\n<p>To du\u017ce wyr\u00f3\u017cnienie i dow\u00f3d na to, \u017ce konsekwentna praca, wymiana pogl\u0105d\u00f3w oraz dzielenie si\u0119 wiedz\u0105 i popularyzacj\u0105 doradztwa w zakresie sukcesji s\u0105 doceniane na og\u00f3lnopolskim rynku prawniczym.&nbsp;<\/p>\n\n\n\n<p>Dzi\u0119kujemy!&nbsp;&nbsp;<\/p>\n\n\n\n<p>Pe\u0142en ranking <a href=\"https:\/\/www.forbes.pl\/...\/najlepsze-kancelarie-polska-2023\" target=\"_blank\" rel=\"noreferrer noopener\">tutaj<\/a>.<\/p>\n\n\n\n<p><br><img fetchpriority=\"high\" decoding=\"async\" width=\"700\" height=\"700\" class=\"wp-image-3407\" style=\"width: 700px;\" src=\"https:\/\/pragmatiq.pl\/zmianawarty\/wp-content\/uploads\/2023\/04\/forbes-800.png\" alt=\"\" srcset=\"https:\/\/pragmatiq.pl\/zmianawarty\/wp-content\/uploads\/2023\/04\/forbes-800.png 800w, https:\/\/pragmatiq.pl\/zmianawarty\/wp-content\/uploads\/2023\/04\/forbes-800-300x300.png 300w, https:\/\/pragmatiq.pl\/zmianawarty\/wp-content\/uploads\/2023\/04\/forbes-800-150x150.png 150w, https:\/\/pragmatiq.pl\/zmianawarty\/wp-content\/uploads\/2023\/04\/forbes-800-768x768.png 768w, https:\/\/pragmatiq.pl\/zmianawarty\/wp-content\/uploads\/2023\/04\/forbes-800-100x100.png 100w\" sizes=\"(max-width: 700px) 100vw, 700px\" \/><\/p>\n","protected":false},"excerpt":{"rendered":"<p>Bardzo cieszymy si\u0119 z wyr\u00f3\u017cnienia w ramach drugiej edycji rankingu Forbes \u2013 Best Law Firms 2023!&nbsp;&nbsp; \u201eNajcz\u0119\u015bciej polecane kancelarie 2023 to zestawienie podmiot\u00f3w, kt\u00f3re przychodz\u0105 na my\u015bl jako pierwsze, gdy przedsi\u0119biorca szuka wsparcia we w\u0142a\u015bciwym dla problemu segmencie prawa\u201d Kancelaria PragmatIQ, kt\u00f3ra od lat prowadzi portal o sukcesji w firmie zmianawarty.pl zosta\u0142a wymieniona w\u015br\u00f3d 4 &hellip; <\/p>\n<p class=\"link-more\"><a href=\"https:\/\/pragmatiq.pl\/zmianawarty\/pragmatiq-wsrod-najlepszych-polskich-kancelarii-wedlug-forbes\/\" class=\"more-link\">Continue reading<span class=\"screen-reader-text\"> &#8222;PragmatIQ w\u015br\u00f3d najlepszych polskich kancelarii wed\u0142ug Forbes!&#8221;<\/span><\/a><\/p>\n","protected":false},"author":31,"featured_media":3407,"comment_status":"open","ping_status":"open","sticky":false,"template":"","format":"standard","meta":{"footnotes":""},"categories":[176,57],"tags":[],"class_list":["post-3406","post","type-post","status-publish","format-standard","has-post-thumbnail","hentry","category-glowna","category-popularne"],"_links":{"self":[{"href":"https:\/\/pragmatiq.pl\/zmianawarty\/wp-json\/wp\/v2\/posts\/3406","targetHints":{"allow":["GET"]}}],"collection":[{"href":"https:\/\/pragmatiq.pl\/zmianawarty\/wp-json\/wp\/v2\/posts"}],"about":[{"href":"https:\/\/pragmatiq.pl\/zmianawarty\/wp-json\/wp\/v2\/types\/post"}],"author":[{"embeddable":true,"href":"https:\/\/pragmatiq.pl\/zmianawarty\/wp-json\/wp\/v2\/users\/31"}],"replies":[{"embeddable":true,"href":"https:\/\/pragmatiq.pl\/zmianawarty\/wp-json\/wp\/v2\/comments?post=3406"}],"version-history":[{"count":4,"href":"https:\/\/pragmatiq.pl\/zmianawarty\/wp-json\/wp\/v2\/posts\/3406\/revisions"}],"predecessor-version":[{"id":3412,"href":"https:\/\/pragmatiq.pl\/zmianawarty\/wp-json\/wp\/v2\/posts\/3406\/revisions\/3412"}],"wp:featuredmedia":[{"embeddable":true,"href":"https:\/\/pragmatiq.pl\/zmianawarty\/wp-json\/wp\/v2\/media\/3407"}],"wp:attachment":[{"href":"https:\/\/pragmatiq.pl\/zmianawarty\/wp-json\/wp\/v2\/media?parent=3406"}],"wp:term":[{"taxonomy":"category","embeddable":true,"href":"https:\/\/pragmatiq.pl\/zmianawarty\/wp-json\/wp\/v2\/categories?post=3406"},{"taxonomy":"post_tag","embeddable":true,"href":"https:\/\/pragmatiq.pl\/zmianawarty\/wp-json\/wp\/v2\/tags?post=3406"}],"curies":[{"name":"wp","href":"https:\/\/api.w.org\/{rel}","templated":true}]}}