{"id":3196,"date":"2022-07-28T16:34:55","date_gmt":"2022-07-28T14:34:55","guid":{"rendered":"https:\/\/zmianawarty.pl\/?p=3196"},"modified":"2025-10-10T14:46:57","modified_gmt":"2025-10-10T12:46:57","slug":"likwidacja-jednoosobowej-dzialalnosci-gospodarczej-zarzadca-sukcesyjny-w-jednoosobowej-dzialalnosci-gospodarczej","status":"publish","type":"post","link":"https:\/\/pragmatiq.pl\/zmianawarty\/likwidacja-jednoosobowej-dzialalnosci-gospodarczej-zarzadca-sukcesyjny-w-jednoosobowej-dzialalnosci-gospodarczej\/","title":{"rendered":"Likwidacja jednoosobowej dzia\u0142alno\u015bci gospodarczej\/Zarz\u0105dca sukcesyjny w jednoosobowej dzia\u0142alno\u015bci gospodarczej"},"content":{"rendered":"<div id=\"ez-toc-container\" class=\"ez-toc-v2_0_82_2 counter-hierarchy ez-toc-counter ez-toc-white ez-toc-container-direction\">\n<div class=\"ez-toc-title-container\"><p class=\"ez-toc-title\" style=\"cursor:inherit\">Spis tre\u015bci<\/p>\n<\/div><nav><ul class='ez-toc-list ez-toc-list-level-1 ' ><li class='ez-toc-page-1 ez-toc-heading-level-2'><a class=\"ez-toc-link ez-toc-heading-1\" href=\"https:\/\/pragmatiq.pl\/zmianawarty\/likwidacja-jednoosobowej-dzialalnosci-gospodarczej-zarzadca-sukcesyjny-w-jednoosobowej-dzialalnosci-gospodarczej\/#Likwidacja_jednoosobowej_dzialalnosci_gospodarczej\" >Likwidacja jednoosobowej dzia\u0142alno\u015bci gospodarczej&nbsp;<\/a><\/li><li class='ez-toc-page-1 ez-toc-heading-level-2'><a class=\"ez-toc-link ez-toc-heading-2\" href=\"https:\/\/pragmatiq.pl\/zmianawarty\/likwidacja-jednoosobowej-dzialalnosci-gospodarczej-zarzadca-sukcesyjny-w-jednoosobowej-dzialalnosci-gospodarczej\/#Zamkniecie_jednoosobowej_dzialalnosci_gospodarczej\" >Zamkni\u0119cie jednoosobowej dzia\u0142alno\u015bci gospodarczej&nbsp;<\/a><\/li><li class='ez-toc-page-1 ez-toc-heading-level-2'><a class=\"ez-toc-link ez-toc-heading-3\" href=\"https:\/\/pragmatiq.pl\/zmianawarty\/likwidacja-jednoosobowej-dzialalnosci-gospodarczej-zarzadca-sukcesyjny-w-jednoosobowej-dzialalnosci-gospodarczej\/#Jak_zamknac_jednoosobowa_dzialalnosc_gospodarcza\" >Jak zamkn\u0105\u0107 jednoosobow\u0105 dzia\u0142alno\u015b\u0107 gospodarcz\u0105<\/a><\/li><li class='ez-toc-page-1 ez-toc-heading-level-2'><a class=\"ez-toc-link ez-toc-heading-4\" href=\"https:\/\/pragmatiq.pl\/zmianawarty\/likwidacja-jednoosobowej-dzialalnosci-gospodarczej-zarzadca-sukcesyjny-w-jednoosobowej-dzialalnosci-gospodarczej\/#Jak_zamknac_jednoosobowa_dzialalnosc_gospodarcza_na_ryczalcie\" >Jak zamkn\u0105\u0107 jednoosobow\u0105 dzia\u0142alno\u015b\u0107 gospodarcz\u0105 na rycza\u0142cie<\/a><\/li><li class='ez-toc-page-1 ez-toc-heading-level-2'><a class=\"ez-toc-link ez-toc-heading-5\" href=\"https:\/\/pragmatiq.pl\/zmianawarty\/likwidacja-jednoosobowej-dzialalnosci-gospodarczej-zarzadca-sukcesyjny-w-jednoosobowej-dzialalnosci-gospodarczej\/#Zamkniecie_jednoosobowej_dzialalnosci_gospodarczej_po_zawieszeniu\" >Zamkni\u0119cie jednoosobowej dzia\u0142alno\u015bci gospodarczej po zawieszeniu<\/a><\/li><li class='ez-toc-page-1 ez-toc-heading-level-2'><a class=\"ez-toc-link ez-toc-heading-6\" href=\"https:\/\/pragmatiq.pl\/zmianawarty\/likwidacja-jednoosobowej-dzialalnosci-gospodarczej-zarzadca-sukcesyjny-w-jednoosobowej-dzialalnosci-gospodarczej\/#Likwidacja_jednoosobowej_dzialalnosci_gospodarczej_krok_po_kroku\" >Likwidacja jednoosobowej dzia\u0142alno\u015bci gospodarczej krok po kroku<\/a><ul class='ez-toc-list-level-3' ><li class='ez-toc-heading-level-3'><a class=\"ez-toc-link ez-toc-heading-7\" href=\"https:\/\/pragmatiq.pl\/zmianawarty\/likwidacja-jednoosobowej-dzialalnosci-gospodarczej-zarzadca-sukcesyjny-w-jednoosobowej-dzialalnosci-gospodarczej\/#Wyrejestrowanie_jednoosobowej_dzialalnosci_gospodarczej\" >Wyrejestrowanie jednoosobowej dzia\u0142alno\u015bci gospodarczej<\/a><\/li><li class='ez-toc-page-1 ez-toc-heading-level-3'><a class=\"ez-toc-link ez-toc-heading-8\" href=\"https:\/\/pragmatiq.pl\/zmianawarty\/likwidacja-jednoosobowej-dzialalnosci-gospodarczej-zarzadca-sukcesyjny-w-jednoosobowej-dzialalnosci-gospodarczej\/#Zamkniecie_jednoosobowej_dzialalnosci_gospodarczej_a_ZUS\" >Zamkni\u0119cie jednoosobowej dzia\u0142alno\u015bci gospodarczej a ZUS<\/a><\/li><li class='ez-toc-page-1 ez-toc-heading-level-3'><a class=\"ez-toc-link ez-toc-heading-9\" href=\"https:\/\/pragmatiq.pl\/zmianawarty\/likwidacja-jednoosobowej-dzialalnosci-gospodarczej-zarzadca-sukcesyjny-w-jednoosobowej-dzialalnosci-gospodarczej\/#Likwidacja_jednoosobowej_dzialalnosci_gospodarczej_a_VAT\" >Likwidacja jednoosobowej dzia\u0142alno\u015bci gospodarczej a VAT<\/a><\/li><li class='ez-toc-page-1 ez-toc-heading-level-3'><a class=\"ez-toc-link ez-toc-heading-10\" href=\"https:\/\/pragmatiq.pl\/zmianawarty\/likwidacja-jednoosobowej-dzialalnosci-gospodarczej-zarzadca-sukcesyjny-w-jednoosobowej-dzialalnosci-gospodarczej\/#Likwidacja_jednoosobowej_dzialalnosci_gospodarczej_a_pracownicy\" >Likwidacja jednoosobowej dzia\u0142alno\u015bci gospodarczej a pracownicy<\/a><\/li><\/ul><\/li><li class='ez-toc-page-1 ez-toc-heading-level-2'><a class=\"ez-toc-link ez-toc-heading-11\" href=\"https:\/\/pragmatiq.pl\/zmianawarty\/likwidacja-jednoosobowej-dzialalnosci-gospodarczej-zarzadca-sukcesyjny-w-jednoosobowej-dzialalnosci-gospodarczej\/#Zarzadca_sukcesyjny_w_jednoosobowej_dzialalnosci_gospodarczej\" >Zarz\u0105dca sukcesyjny w jednoosobowej dzia\u0142alno\u015bci gospodarczej<\/a><\/li><\/ul><\/nav><\/div>\n\n<h2 class=\"wp-block-heading\"><span class=\"ez-toc-section\" id=\"Likwidacja_jednoosobowej_dzialalnosci_gospodarczej\"><\/span>Likwidacja jednoosobowej dzia\u0142alno\u015bci gospodarczej&nbsp;<span class=\"ez-toc-section-end\"><\/span><\/h2>\n\n\n\n<p>Sytuacja, w kt\u00f3rej jeste\u015bmy zmuszeni do likwidacji dzia\u0142alno\u015bci jednoosobowej mo\u017ce by\u0107 nast\u0119pstwem r\u00f3\u017cnych \u017cyciowych wypadkowych. Zar\u00f3wno sytuacja, w kt\u00f3rej przedsi\u0119biorstwo nie prosperuje zgodnie z za\u0142o\u017ceniami &#8211; w wyniku czego staje si\u0119 nierentowne &#8211; jak r\u00f3wnie\u017c sytuacja, w kt\u00f3rej przychodzi nam do odziedziczenia dzia\u0142alno\u015bci gospodarczej poprzez nabycie spadku.&nbsp;<\/p>\n\n\n\n<p>Jednak\u017ce likwidacja firmy jednoosobowej wi\u0105\u017ce si\u0119 z dope\u0142nieniem okre\u015blonych czynno\u015bci, a co za tym idzie, niesie ze sob\u0105 du\u017ce wyzwanie organizacyjne. Zamkni\u0119cie JDG nie ogranicza si\u0119 jedynie do zaprzestania dotychczasowo \u015bwiadczonych us\u0142ug. Niezb\u0119dnym jest pami\u0119tanie o zg\u0142oszeniu zako\u0144czenia dzia\u0142alno\u015bci w rejestrze Centralnej Ewidencji i Informacji Dzia\u0142alno\u015bci Gospodarczej (CEIDG). Ponadto istniej\u0105&nbsp;pewne obowi\u0105zki wobec ZUS, kt\u00f3re trzeba spe\u0142ni\u0107 w sytuacji zamykania jednoosobowej dzia\u0142alno\u015bci gospodarczej.<\/p>\n\n\n\n<p>Wi\u0119cej przeczytasz w&nbsp;artykule:&nbsp;<a href=\"https:\/\/pragmatiq.pl\/zmianawarty\/jak-wycenic-swoj-biznes\/\" target=\"_blank\" rel=\"noreferrer noopener\">Jak wyceni\u0107 sw\u00f3j biznes? <\/a><\/p>\n\n\n\n<h2 class=\"wp-block-heading\"><span class=\"ez-toc-section\" id=\"Zamkniecie_jednoosobowej_dzialalnosci_gospodarczej\"><\/span>Zamkni\u0119cie jednoosobowej dzia\u0142alno\u015bci gospodarczej&nbsp;<span class=\"ez-toc-section-end\"><\/span><\/h2>\n\n\n\n<p>Jednak\u017ce zanim zdecydujemy si\u0119 na zamkni\u0119cie dzia\u0142alno\u015bci jednoosobowej, warto zastanowi\u0107 si\u0119 nad alternatywnymi rozwi\u0105zaniami. Likwidacj\u0119 dzia\u0142alno\u015bci jednoosobowej powinni\u015bmy traktowa\u0107 jako ostateczno\u015b\u0107, warto bowiem rozwa\u017cy\u0107&nbsp;zawieszenie dzia\u0142alno\u015bci gospodarczej lub przekszta\u0142cenie jej w inn\u0105&nbsp;sp\u00f3\u0142k\u0119.&nbsp;<\/p>\n\n\n\n<p>R\u00f3wnie\u017c i sytuacja odziedziczenia przedsi\u0119biorstwa w spadku nie wi\u0105\u017ce si\u0119 z&nbsp;konieczno\u015bci\u0105 zamykania firmy jednoosobowej. Warto rozwa\u017cy\u0107&nbsp;mo\u017cliwo\u015b\u0107 kontynuowania dzia\u0142alno\u015bci gospodarczej w dotychczasowej formie lub w&nbsp;przekszta\u0142conej formie.<\/p>\n\n\n\n<p>Wi\u0119cej przeczytasz w artykule:&nbsp;<a href=\"https:\/\/pragmatiq.pl\/zmianawarty\/jak-przeksztalcic-firme-jednoosobowa-w-spolke\/\" target=\"_blank\" rel=\"noreferrer noopener\">Jak przekszta\u0142ci\u0107 firm\u0119 jednoosobow\u0105 w sp\u00f3\u0142k\u0119?<\/a> <\/p>\n\n\n\n<p>W sytuacji, w kt\u00f3rej nie ma w\u0105tpliwo\u015bci co do faktu, i\u017c jednoosobowa dzia\u0142alno\u015b\u0107 gospodarcza musi zosta\u0107 zamkni\u0119ta, w\u00f3wczas niezb\u0119dne jest pami\u0119tanie o&nbsp;czynno\u015bciach, jakie nale\u017cy wykona\u0107.<\/p>\n\n\n\n<h2 class=\"wp-block-heading\"><span class=\"ez-toc-section\" id=\"Jak_zamknac_jednoosobowa_dzialalnosc_gospodarcza\"><\/span><strong>Jak zamkn\u0105\u0107 jednoosobow\u0105 dzia\u0142alno\u015b\u0107 gospodarcz\u0105<\/strong><span class=\"ez-toc-section-end\"><\/span><\/h2>\n\n\n\n<p>Gdy decydujemy si\u0119 z<strong>amkn\u0105\u0107\u00a0firm\u0119 jednoosobow\u0105, nale\u017cy zg\u0142osi\u0107 ten fakt w terminie 7 dni od dnia zaprzestania prowadzenia jednoosobowej dzia\u0142alno\u015bci gospodarczej.<\/strong> Je\u017celi nie dokonamy takiego zg\u0142oszenia, nie b\u0119dziemy mieli mo\u017cliwo\u015bci z\u0142o\u017cenia wniosku do CEIDG.<\/p>\n\n\n\n<p>W przypadku zamkni\u0119cia JDG niezb\u0119dne jest uregulowanie wszystkich zobowi\u0105za\u0144 przedsi\u0119biorstwa, a w szczeg\u00f3lno\u015bci wypowiedzenie um\u00f3w, kt\u00f3re przedsi\u0119biorca zawar\u0142&nbsp;z innymi podmiotami. Zg\u0142aszaj\u0105c zamkni\u0119cie dzia\u0142alno\u015bci trzeba upewni\u0107 si\u0119, i\u017c zamykana firma nie zatrudnia \u017cadnych pracownik\u00f3w.&nbsp;<\/p>\n\n\n\n<p>Maj\u0105c na uwadze powy\u017csze, rozpocz\u0119cie czynno\u015bci zwi\u0105zanych z zamkni\u0119ciem przedsi\u0119biorstwa nale\u017cy podj\u0105\u0107 znacznie wcze\u015bniej.<\/p>\n\n\n\n<p>Wi\u0119cej przeczytasz w&nbsp;artykule:&nbsp;<a href=\"https:\/\/pragmatiq.pl\/zmianawarty\/spolka-z-o-o-spolka-jawna-jednoosobowa-dzialalnosc-gospodarcza-co-i-dlaczego-najlatwiej-sprzedac\/\" target=\"_blank\" rel=\"noreferrer noopener\">Sp\u00f3\u0142ka z o.o., sp\u00f3\u0142ka jawna, jednoosobowa dzia\u0142alno\u015b\u0107 gospodarcza \u2013 co i dlaczego naj\u0142atwiej sprzeda\u0107? <\/a><\/p>\n\n\n\n<h2 class=\"wp-block-heading\"><span class=\"ez-toc-section\" id=\"Jak_zamknac_jednoosobowa_dzialalnosc_gospodarcza_na_ryczalcie\"><\/span><strong>Jak zamkn\u0105\u0107 jednoosobow\u0105 dzia\u0142alno\u015b\u0107 gospodarcz\u0105 na rycza\u0142cie<\/strong><span class=\"ez-toc-section-end\"><\/span><\/h2>\n\n\n\n<p>Je\u017celi zamykana dzia\u0142alno\u015b\u0107 gospodarcza jest opodatkowana rycza\u0142tem od&nbsp;przychod\u00f3w zewidencjowanych, niezb\u0119dne jest <strong>sporz\u0105dzenie spisu z natury (tzw. remanent likwidacyjny) na dzie\u0144 jej likwidacji<\/strong>.&nbsp;<\/p>\n\n\n\n<p>Spis z natury powinien obejmowa\u0107:<\/p>\n\n\n\n<ul class=\"wp-block-list\">\n<li>towary handlowe,<\/li>\n\n\n\n<li>materia\u0142y (surowce) podstawowe i pomocnicze,<\/li>\n\n\n\n<li>p\u00f3\u0142wyroby,<\/li>\n\n\n\n<li>produkcj\u0119 w toku,<\/li>\n\n\n\n<li>wyroby gotowe, braki i odpady,<\/li>\n\n\n\n<li>wyposa\u017cenie \u2013 w przypadku, je\u015bli jeste\u015b opodatkowany zrycza\u0142towanym podatkiem dochodowym.<\/li>\n<\/ul>\n\n\n\n<p>Ponadto podatnicy obj\u0119ci opodatkowaniem rycza\u0142tem od przychod\u00f3w ewidencjonowanych s\u0105 obowi\u0105zani obj\u0105\u0107 spisem z natury r\u00f3wnie\u017c rzeczowe sk\u0142adniki maj\u0105tku zwi\u0105zane z wykonywan\u0105 dzia\u0142alno\u015bci\u0105, nieb\u0119d\u0105ce \u015brodkami trwa\u0142ymi, zaliczane do wyposa\u017cenia.<\/p>\n\n\n\n<p>W nast\u0119pstwie sporz\u0105dzony spis z natury zostaje wpisany do ewidencji przychod\u00f3w zgodnie z poszczeg\u00f3lnymi rodzajami jego sk\u0142adnik\u00f3w.&nbsp;<\/p>\n\n\n\n<p>Je\u015bli na podstawie spisu zosta\u0142o sporz\u0105dzone odr\u0119bne szczeg\u00f3\u0142owe zestawienie poszczeg\u00f3lnych jego sk\u0142adnik\u00f3w, wpisu do ewidencji przychod\u00f3w mo\u017cna dokona\u0107 w&nbsp;jednej pozycji, czyli sumie. Zestawienie to nale\u017cy przechowywa\u0107 \u0142\u0105cznie z&nbsp;ewidencj\u0105.\u2028<\/p>\n\n\n\n<p>Likwidacja dzia\u0142alno\u015bci gospodarczej na rycza\u0142cie wi\u0105\u017ce si\u0119 z zamkni\u0119ciem ewidencji przychod\u00f3w, dlatego te\u017c spis z natury sporz\u0105dzony na dzie\u0144 likwidacji b\u0119dzie stanowi\u0142 ostatni\u0105 pozycj\u0119 w tej ewidencji. Warto\u015bci spisu nie nale\u017cy wi\u0119c sumowa\u0107 z&nbsp;przychodami wynikaj\u0105cymi z ewidencji.<\/p>\n\n\n\n<h2 class=\"wp-block-heading\"><span class=\"ez-toc-section\" id=\"Zamkniecie_jednoosobowej_dzialalnosci_gospodarczej_po_zawieszeniu\"><\/span><strong>Zamkni\u0119cie jednoosobowej dzia\u0142alno\u015bci gospodarczej po zawieszeniu<\/strong><span class=\"ez-toc-section-end\"><\/span><\/h2>\n\n\n\n<p>Je\u017celi w ci\u0105gu 24 miesi\u0119cy od dnia zawieszenia nie z\u0142o\u017cymy wniosku o wznowienie dzia\u0142alno\u015bci, w\u00f3wczas dzia\u0142alno\u015b\u0107 zostanie zamkni\u0119ta. Jednak\u017ce, je\u017celi chcemy zamkn\u0105\u0107 dzia\u0142alno\u015b\u0107&nbsp;po jej zawieszeniu, w\u00f3wczas procedura likwidacyjna przebiega w ten sam spos\u00f3b co dla firmy aktywnie dzia\u0142aj\u0105cej.<\/p>\n\n\n\n<h2 class=\"wp-block-heading\"><span class=\"ez-toc-section\" id=\"Likwidacja_jednoosobowej_dzialalnosci_gospodarczej_krok_po_kroku\"><\/span>Likwidacja jednoosobowej dzia\u0142alno\u015bci gospodarczej krok po kroku<span class=\"ez-toc-section-end\"><\/span><\/h2>\n\n\n\n<p>Jak zlikwidowa\u0107 jednoosobow\u0105 dzia\u0142alno\u015b\u0107 gospodarcz\u0105? Gdy jeste\u015b&nbsp;pewny zamkni\u0119cia firmy jednoosobowej, nale\u017cy post\u0119powa\u0107 w opisany poni\u017cej spos\u00f3b.<\/p>\n\n\n\n<h3 class=\"wp-block-heading\"><span class=\"ez-toc-section\" id=\"Wyrejestrowanie_jednoosobowej_dzialalnosci_gospodarczej\"><\/span><strong>Wyrejestrowanie jednoosobowej dzia\u0142alno\u015bci gospodarczej<\/strong><span class=\"ez-toc-section-end\"><\/span><\/h3>\n\n\n\n<p>W momencie podj\u0119cia decyzji o zamkni\u0119ciu jednoosobowej dzia\u0142alno\u015bci gospodarczej, nale\u017cy zadba\u0107 o wyrejestrowanie firmy jednoosobowej w terminie 7 dni od daty faktycznego zaprzestania dzia\u0142alno\u015bci. Nale\u017cy z\u0142o\u017cy\u0107 do Centralnej Ewidencji i Informacji o Dzia\u0142alno\u015bci Gospodarczej (CEIDG) <strong>wniosek o jej wykre\u015blenie<\/strong>.<\/p>\n\n\n\n<p>Mo\u017cliwych jest kilka sposob\u00f3w z\u0142o\u017cenia wniosku takich jak:&nbsp;<\/p>\n\n\n\n<ul class=\"wp-block-list\">\n<li>Z\u0142o\u017cenie <a href=\"https:\/\/www.biznes.gov.pl\/pl\/e-uslugi\/00_0737_00\" target=\"_blank\" rel=\"noreferrer noopener nofollow\">wniosku on-line.<\/a>  W\u00f3wczas niezb\u0119dny jest posiadanie Profilu Zaufanego lub <a href=\"https:\/\/www.biznes.gov.pl\/pl\/portal\/0074\" target=\"_blank\" rel=\"noreferrer noopener\">podpisu kwalifikowanego <\/a><\/li>\n\n\n\n<li>Wniosek mo\u017cna r\u00f3wnie\u017c z\u0142o\u017cy\u0107 osobi\u015bcie w urz\u0119dzie miasta lub gminy<\/li>\n\n\n\n<li>Poczt\u0105.&nbsp; Wydrukowany i uzupe\u0142niony formularz prze\u015blij do urz\u0119du miasta lub gminy. Nale\u017cy jednak zwr\u00f3ci\u0107 uwag\u0119, i\u017c autentyczno\u015b\u0107 podpisu wymaga wcze\u015bniejszego po\u015bwiadczenia u notariusza, kt\u00f3re to po\u015bwiadczenie nale\u017cy za\u0142\u0105czy\u0107 razem z wnioskiem.<\/li>\n<\/ul>\n\n\n\n<p><strong>Termin wykre\u015blenia z CEIDG zale\u017cy od tego, w jaki spos\u00f3b z\u0142o\u017cono wniosek.&nbsp;<\/strong><\/p>\n\n\n\n<p>Gdy dzia\u0142alno\u015b\u0107 zostanie wykre\u015blona z CEIDG, b\u0119dziesz mia\u0142 mo\u017cliwo\u015b\u0107 pobrania za\u015bwiadczenia o jego wykre\u015bleniu ze strony CEIDG. Informacja o wykre\u015bleniu jednoosobowej dzia\u0142alno\u015bci gospodarczej zostanie automatycznie przekazana do urz\u0119d\u00f3w, takich jak Zak\u0142ad Ubezpiecze\u0144 Spo\u0142ecznych (ZUS). W zwi\u0105zku z tym, nie ma konieczno\u015bci dodatkowego zawiadamiania tych instytucji o fakcie wykre\u015blenia z&nbsp;CEIDG.<\/p>\n\n\n\n<h3 class=\"wp-block-heading\"><span class=\"ez-toc-section\" id=\"Zamkniecie_jednoosobowej_dzialalnosci_gospodarczej_a_ZUS\"><\/span><strong>Zamkni\u0119cie jednoosobowej dzia\u0142alno\u015bci gospodarczej a ZUS<\/strong><span class=\"ez-toc-section-end\"><\/span><\/h3>\n\n\n\n<p>Kolejnym krokiem b\u0119dzie wyrejestrowanie dzia\u0142alno\u015bci gospodarczej z ZUS. Je\u017celi do&nbsp;CEIDG zosta\u0142 z\u0142o\u017cony wniosek CEIDG-1, w\u00f3wczas Zak\u0142ad Ubezpiecze\u0144 Spo\u0142ecznych sporz\u0105dzi za ciebie formularz ZUS ZWPA i w nast\u0119pstwie wyrejestruje twoj\u0105 firm\u0119 automatycznie. Zostan\u0105 r\u00f3wnie\u017c wyrejestrowani pracownicy oraz&nbsp;cz\u0142onkowie rodziny pracodawcy i pracownik\u00f3w.&nbsp;<\/p>\n\n\n\n<p>Niezb\u0119dne jest jednak wyrejestrowanie siebie i rodziny (ZUS ZCNA) oraz pracownik\u00f3w (ZUS ZWUA). Proces wyrejestrowania z ZUS nale\u017cy przeprowadzi\u0107 w przeci\u0105gu 7 dni od daty ustania obowi\u0105zku ubezpiecze\u0144.<\/p>\n\n\n\n<p><strong>Pami\u0119taj, \u017ce sk\u0142adki na ubezpieczenie zdrowotne musz\u0105 by\u0107 op\u0142acone w pe\u0142ni wysoko\u015bci.&nbsp;<\/strong><\/p>\n\n\n\n<h3 class=\"wp-block-heading\"><span class=\"ez-toc-section\" id=\"Likwidacja_jednoosobowej_dzialalnosci_gospodarczej_a_VAT\"><\/span><strong>Likwidacja jednoosobowej dzia\u0142alno\u015bci gospodarczej a VAT<\/strong><span class=\"ez-toc-section-end\"><\/span><\/h3>\n\n\n\n<p>Likwidacja JDG a VAT dotyczy przedsi\u0119biorstw b\u0119d\u0105cych p\u0142atnikami podatku VAT. Niezb\u0119dnym jest pe\u0142ne rozliczenie z Urz\u0119dem Skarbowym w zakresie podatk\u00f3w od&nbsp;towar\u00f3w i us\u0142ug. W\u00f3wczas konieczne jest sporz\u0105dzenie na dzie\u0144 likwidacji jednoosobowej dzia\u0142alno\u015bci gospodarczej <strong>spisu z natury dla cel\u00f3w podatku VAT<\/strong>.<\/p>\n\n\n\n<p>Formularzem zg\u0142oszeniowym, za po\u015brednictwem kt\u00f3rego nale\u017cy dokona\u0107 tego rozliczenia jest VAT-Z.&nbsp;<\/p>\n\n\n\n<p>Wa\u017cnym jest, aby poinformowa\u0107&nbsp;urz\u0105d o zaprzestaniu wykonywania czynno\u015bci, podlegaj\u0105cej temu opodatkowaniu.<\/p>\n\n\n\n<p><strong>Zamkni\u0119cie dzia\u0142alno\u015bci gospodarczej w uj\u0119ciu VAT wi\u0105\u017ce si\u0119&nbsp;z&nbsp;konieczno\u015bci\u0105 opodatkowania ca\u0142ego maj\u0105tku, kt\u00f3ry pozosta\u0142 w&nbsp;firmie. <\/strong>Wi\u0105\u017ce si\u0119 to oczywi\u015bcie z konieczno\u015bci\u0105&nbsp;op\u0142acenia VAT\u2019u, kt\u00f3ry uzyskamy w ramach dokonanego spisu z natury. Dlatego te\u017c rekomenduje si\u0119 sprzeda\u017c ca\u0142ego towaru w celu pokrycia op\u0142at zwi\u0105zanych z VAT. Istnieje r\u00f3wnie\u017c mo\u017cliwo\u015b\u0107 zutylizowania towaru, kt\u00f3ry pozosta\u0142 w firmie.<\/p>\n\n\n\n<p>Niezb\u0119dnym jest r\u00f3wnie\u017c przechowywanie wszystkich dokument\u00f3w ksi\u0119gowych przez okres 5 lat od zako\u0144czenia jednoosobowej dzia\u0142alno\u015bci gospodarczej z uwagi na&nbsp;fakt, i\u017c&nbsp;przez ten czas mo\u017cliwa jest jeszcze kontrola podatkowa.<\/p>\n\n\n\n<h3 class=\"wp-block-heading\"><span class=\"ez-toc-section\" id=\"Likwidacja_jednoosobowej_dzialalnosci_gospodarczej_a_pracownicy\"><\/span><strong>Likwidacja jednoosobowej dzia\u0142alno\u015bci gospodarczej a pracownicy<\/strong><span class=\"ez-toc-section-end\"><\/span><\/h3>\n\n\n\n<p>Zamkni\u0119cie jednoosobowej dzia\u0142alno\u015bci gospodarczej wi\u0105\u017ce si\u0119 z wypowiedzeniem lub rozwi\u0105zaniem wszystkich pracownik\u00f3w zatrudnionych na umow\u0119 o prac\u0119.&nbsp;<\/p>\n\n\n\n<p>Je\u017celi twoje przedsi\u0119biorstwo zatrudnia pracownik\u00f3w <strong>na umow\u0119 u prac\u0119,<\/strong> w\u00f3wczas istnieje mo\u017cliwo\u015b\u0107 skr\u00f3cenia okresu wypowiedzenia umowy z <strong>trzech miesi\u0119cy do miesi\u0105ca<\/strong>. Skorzystanie z mo\u017cliwo\u015bci skr\u00f3cenia okresu wypowiedzenia wi\u0105\u017ce si\u0119&nbsp;jednak z odszkodowaniem wyp\u0142acanym na poczet zwalnianych pracownik\u00f3w.&nbsp;<\/p>\n\n\n\n<p>Likwidacja jednoosobowej firmy niezwalania z konieczno\u015bci wypowiedzenia pracownikom umowy o prac\u0119 na pi\u015bmie. Niezb\u0119dne jest zachowanie wszelkich formalnych procedur zwyk\u0142ego zwolnienia, tj. podanie dok\u0142adnej przyczyny wypowiedzenia jak i zawarcia informacji o mo\u017cliwo\u015bci odwo\u0142ania si\u0119&nbsp;do s\u0105du pracy przez pracownika.<\/p>\n\n\n\n<h2 class=\"wp-block-heading\"><span class=\"ez-toc-section\" id=\"Zarzadca_sukcesyjny_w_jednoosobowej_dzialalnosci_gospodarczej\"><\/span>Zarz\u0105dca sukcesyjny w jednoosobowej dzia\u0142alno\u015bci gospodarczej<span class=\"ez-toc-section-end\"><\/span><\/h2>\n\n\n\n<p>Co w sytuacji, gdy odziedziczyli\u015bmy jednoosobow\u0105&nbsp;dzia\u0142alno\u015b\u0107 gospodarcz\u0105? Czy powinni\u015bmy j\u0105 zlikwidowa\u0107, czy te\u017c lepszym rozwi\u0105zaniem jest dalsze prowadzenie przedsi\u0119biorstwa? Dotychczasowo obowi\u0105zuj\u0105ce przepisy nie umo\u017cliwia\u0142y prowadzenia jednoosobowej dzia\u0142alno\u015bci gospodarczej przez sukcesor\u00f3w zmar\u0142ego przedsi\u0119biorcy. Brak odpowiednich regulacji wp\u0142ywa\u0142 na zachowanie ci\u0105g\u0142o\u015bci przedsi\u0119biorstwa. Jednak\u017ce od 2018 sytuacja uleg\u0142a zmianie wraz wprowadzeniem do regulacji prawnych instytucji zarz\u0105du sukcesyjnego dla przedsi\u0119biorstwa osoby fizycznej. Przedsi\u0119biorca mo\u017ce wskaza\u0107 i zg\u0142osi\u0107 w CEIDG tzw. zarz\u0105dc\u0119 sukcesyjnego JDG, kt\u00f3ry b\u0119dzie prowadzi\u0142 sprawy firmy. Co wa\u017cne, zawieszenie dzia\u0142alno\u015bci jak i&nbsp;post\u0119powanie restrukturyzacyjne nie stanowi przeszkody do ustanowienia zarz\u0105du sukcesyjnego. W momencie \u015bmierci przedsi\u0119biorcy, kontynuacj\u0119 dzia\u0142alno\u015bci przejmuje zarz\u0105dca sukcesyjny, kt\u00f3ry to od tego momentu prowadzi \u201eprzedsi\u0119biorstwo w spadku\u201d, wykonuj\u0105c prawa i obowi\u0105zki zmar\u0142ego przedsi\u0119biorcy zgodnie z wykonywan\u0105 przez niego dotychczasow\u0105 dzia\u0142alno\u015bci\u0105.&nbsp;<\/p>\n\n\n\n<p>Wi\u0119cej przeczytasz w&nbsp;artykule:&nbsp;<a href=\"https:\/\/pragmatiq.pl\/zmianawarty\/czy-lepiej-sporzadzic-testament-czy-zdac-sie-na-dziedziczenie-ustawowe\/\" target=\"_blank\" rel=\"noreferrer noopener\">Czy lepiej sporz\u0105dzi\u0107 testament, czy zda\u0107 si\u0119 na dziedziczenie ustawowe? <\/a><\/p>\n\n\n\n<p>Zarz\u0105dc\u0105 sukcesyjnym mo\u017ce by\u0107 ustanowiona jedynie osoba fizyczna, kt\u00f3ra ma pe\u0142n\u0105 zdolno\u015b\u0107 do czynno\u015bci prawnych. Prowadz\u0105c przedsi\u0119biorstwo w spadku pos\u0142uguje si\u0119 dotychczasow\u0105&nbsp;firm\u0105&nbsp;przedsi\u0119biorstwa z dodaniem \u201ew spadku\u201d.<\/p>\n\n\n\n<p>Do ustanowienia zarz\u0105du sukcesyjnego jest wymagane:<\/p>\n\n\n\n<ul class=\"wp-block-list\">\n<li>powo\u0142anie zarz\u0105dcy sukcesyjnego,<\/li>\n\n\n\n<li>wyra\u017cenie zgody osoby powo\u0142anej na zarz\u0105dc\u0119 sukcesyjnego na pe\u0142nienie tej funkcji,<\/li>\n\n\n\n<li>dokonanie wpisu do CEIDG<\/li>\n<\/ul>\n\n\n\n<p>Od chwili ustanowienia zarz\u0105du sukcesyjnego zarz\u0105dca sukcesyjny wykonuje prawa&nbsp;<\/p>\n\n\n\n<p>i obowi\u0105zki zmar\u0142ego przedsi\u0119biorcy wynikaj\u0105ce z wykonywanej przez niego dzia\u0142alno\u015bci gospodarczej oraz prawa i obowi\u0105zki wynikaj\u0105ce z prowadzenia przedsi\u0119biorstwa w spadku. Maksymalny okres trwania zarz\u0105du sukcesyjnego, niezale\u017cnie od spe\u0142nienia innych warunk\u00f3w przewidzianych w ustawie o zarz\u0105dzie sukcesyjnym, <strong>wynosi 2 lata od dnia \u015bmierci przedsi\u0119biorcy<\/strong>. S\u0105d z wa\u017cnych przyczyn mo\u017ce przed dniem wyga\u015bni\u0119cia zarz\u0105du sukcesyjnego przed\u0142u\u017cy\u0107 okres zarz\u0105du sukcesyjnego na czas nie d\u0142u\u017cszy ni\u017c 5 lat od dnia \u015bmierci przedsi\u0119biorcy.<\/p>\n\n\n\n<p>Zarz\u0105dca sukcesyjny stanowi tymczasow\u0105&nbsp;instytucj\u0119, nie staje si\u0119 sukcesorem przedsi\u0119biorcy. Jego jedynym zadaniem jest prowadzenie przedsi\u0119biorstwa do czasu za\u0142atwienia formalno\u015bci spadkowych przez spadkobierc\u00f3w.<\/p>\n\n\n\n<p>Wi\u0119cej przeczytasz w&nbsp;artykule:&nbsp;<a href=\"https:\/\/pragmatiq.pl\/zmianawarty\/kto-to-jest-zarzadca-sukcesyjny-i-jaki-jest-zakres-jego-dzialania\/\" target=\"_blank\" rel=\"noreferrer noopener\">Kto to jest zarz\u0105dca sukcesyjny i jaki jest zakres jego dzia\u0142ania?<\/a> <\/p>\n\n\n\n<p><strong>W\u0142a\u015bcicielem przedsi\u0119biorstwa w spadku jest osoba, kt\u00f3ra naby\u0142a prawo do przedsi\u0119biorstwa w spadku na skutek powo\u0142ania do spadku, czyli spadkobierca ustawowy albo testamentowego przedsi\u0119biorcy.<\/strong><\/p>\n\n\n\n<p>Mo\u017cliwo\u015b\u0107 kontynuowania jednoosobowej dzia\u0142alno\u015bci gospodarczej stanowi atrakcyjne rozwi\u0105zanie dla spadkobierc\u00f3w przedsi\u0119biorcy. R\u00f3wnie\u017c regulacje podatkowe wprowadzone w ustawie o zarz\u0105dzie sukcesyjnym zach\u0119caj\u0105&nbsp;do&nbsp;przejmowania i kontynuowania dzia\u0142alno\u015bci. Od podatku zwolnione jest nabycie w drodze dziedziczenia lub zapisu windykacyjnego w\u0142asno\u015bci przedsi\u0119biorstwa osoby fizycznej lub udzia\u0142u w nim. To zwolnienie dotyczy ka\u017cdej osoby.&nbsp;<\/p>\n\n\n\n<p>Wi\u0119cej przeczytasz w&nbsp;artykule:&nbsp;<a href=\"https:\/\/pragmatiq.pl\/zmianawarty\/sukcesja-w-firmie-rodzinnej-przekazanie-firmy-dzieciom\/\" target=\"_blank\" rel=\"noreferrer noopener\">Sukcesja w firmie rodzinnej \u2013 przekazanie firmy dzieciom <\/a><\/p>\n\n\n\n<p>Jakub Idziak, Jacek Mi\u0142aszewski<\/p>\n","protected":false},"excerpt":{"rendered":"<p>Likwidacja jednoosobowej dzia\u0142alno\u015bci gospodarczej&nbsp; Sytuacja, w kt\u00f3rej jeste\u015bmy zmuszeni do likwidacji dzia\u0142alno\u015bci jednoosobowej mo\u017ce by\u0107 nast\u0119pstwem r\u00f3\u017cnych \u017cyciowych wypadkowych. Zar\u00f3wno sytuacja, w kt\u00f3rej przedsi\u0119biorstwo nie prosperuje zgodnie z za\u0142o\u017ceniami &#8211; w wyniku czego staje si\u0119 nierentowne &#8211; jak r\u00f3wnie\u017c sytuacja, w kt\u00f3rej przychodzi nam do odziedziczenia dzia\u0142alno\u015bci gospodarczej poprzez nabycie spadku.&nbsp; Jednak\u017ce likwidacja firmy jednoosobowej &hellip; <\/p>\n<p class=\"link-more\"><a href=\"https:\/\/pragmatiq.pl\/zmianawarty\/likwidacja-jednoosobowej-dzialalnosci-gospodarczej-zarzadca-sukcesyjny-w-jednoosobowej-dzialalnosci-gospodarczej\/\" class=\"more-link\">Continue reading<span class=\"screen-reader-text\"> &#8222;Likwidacja jednoosobowej dzia\u0142alno\u015bci gospodarczej\/Zarz\u0105dca sukcesyjny w jednoosobowej dzia\u0142alno\u015bci gospodarczej&#8221;<\/span><\/a><\/p>\n","protected":false},"author":27,"featured_media":0,"comment_status":"open","ping_status":"open","sticky":false,"template":"","format":"standard","meta":{"footnotes":""},"categories":[4],"tags":[102,61,175],"class_list":["post-3196","post","type-post","status-publish","format-standard","hentry","category-artykuly","tag-dziedziczenie-firmy","tag-firma-w-spadku","tag-wyjscie-z-biznesu"],"_links":{"self":[{"href":"https:\/\/pragmatiq.pl\/zmianawarty\/wp-json\/wp\/v2\/posts\/3196","targetHints":{"allow":["GET"]}}],"collection":[{"href":"https:\/\/pragmatiq.pl\/zmianawarty\/wp-json\/wp\/v2\/posts"}],"about":[{"href":"https:\/\/pragmatiq.pl\/zmianawarty\/wp-json\/wp\/v2\/types\/post"}],"author":[{"embeddable":true,"href":"https:\/\/pragmatiq.pl\/zmianawarty\/wp-json\/wp\/v2\/users\/27"}],"replies":[{"embeddable":true,"href":"https:\/\/pragmatiq.pl\/zmianawarty\/wp-json\/wp\/v2\/comments?post=3196"}],"version-history":[{"count":2,"href":"https:\/\/pragmatiq.pl\/zmianawarty\/wp-json\/wp\/v2\/posts\/3196\/revisions"}],"predecessor-version":[{"id":4985,"href":"https:\/\/pragmatiq.pl\/zmianawarty\/wp-json\/wp\/v2\/posts\/3196\/revisions\/4985"}],"wp:attachment":[{"href":"https:\/\/pragmatiq.pl\/zmianawarty\/wp-json\/wp\/v2\/media?parent=3196"}],"wp:term":[{"taxonomy":"category","embeddable":true,"href":"https:\/\/pragmatiq.pl\/zmianawarty\/wp-json\/wp\/v2\/categories?post=3196"},{"taxonomy":"post_tag","embeddable":true,"href":"https:\/\/pragmatiq.pl\/zmianawarty\/wp-json\/wp\/v2\/tags?post=3196"}],"curies":[{"name":"wp","href":"https:\/\/api.w.org\/{rel}","templated":true}]}}