{"id":3085,"date":"2021-08-30T09:05:28","date_gmt":"2021-08-30T07:05:28","guid":{"rendered":"https:\/\/zmianawarty.pl\/?p=3085"},"modified":"2024-09-18T09:16:17","modified_gmt":"2024-09-18T07:16:17","slug":"zawieszenie-terminu-do-zgloszenia-spadku-albo-darowizny","status":"publish","type":"post","link":"https:\/\/pragmatiq.pl\/zmianawarty\/zawieszenie-terminu-do-zgloszenia-spadku-albo-darowizny\/","title":{"rendered":"Zawieszenie terminu do zg\u0142oszenia spadku albo darowizny"},"content":{"rendered":"\n<p><strong>W okresie stanu zagro\u017cenia epidemicznego albo stanu epidemii COVID bieg 6-miesi\u0119cznego terminu do zg\u0142oszenia spadku albo darowizny by\u0142 zawieszony. Stanowisko to coraz cz\u0119\u015bciej potwierdzaj\u0105 s\u0105dy.<\/strong><\/p>\n\n\n\n<p>Celem&nbsp;<a href=\"https:\/\/sip.legalis.pl\/document-view.seam?documentId=mfrxilrtg4ytiobsgyydeltqmfyc4njtg43dinbuga\" target=\"_blank\" rel=\"noreferrer noopener\">art.15zzr<\/a>&nbsp;ustawy o szczeg\u00f3lnych rozwi\u0105zaniach zwi\u0105zanych z zapobieganiem, przeciwdzia\u0142aniem i zwalczaniem COVID-19, innych chor\u00f3b zaka\u017anych oraz wywo\u0142anych nimi sytuacji kryzysowych (Dz.U. z 2020 r. poz. 374 t.j. Dz.U. z 2020 r. poz. 1842) by\u0142a ochrona obywateli przed negatywnymi skutkami uchybienia terminom w czasie pandemii koronawirusa, w tym terminom o charakterze materialnym. Przepis ten do czasu uchylenia wskazywa\u0142, i\u017c:<\/p>\n\n\n\n<p><em>W okresie obowi\u0105zywania stanu zagro\u017cenia epidemicznego albo stanu epidemii og\u0142oszonego z powodu COVID-19 bieg przewidzianych przepisami prawa administracyjnego termin\u00f3w:<\/em><em><\/em><\/p>\n\n\n\n<p><a><\/a><em>1) od zachowania kt\u00f3rych jest uzale\u017cnione udzielenie ochrony prawnej przed s\u0105dem lub organem,<\/em><em><\/em><\/p>\n\n\n\n<p><a><\/a><em>2) do dokonania przez stron\u0119 czynno\u015bci kszta\u0142tuj\u0105cych jej prawa i obowi\u0105zki,<\/em><em><\/em><\/p>\n\n\n\n<p><a><\/a><em>3) przedawnienia,<\/em><em><\/em><\/p>\n\n\n\n<p><a><\/a><em>4) kt\u00f3rych niezachowanie powoduje wyga\u015bni\u0119cie lub zmian\u0119 praw rzeczowych oraz roszcze\u0144 i wierzytelno\u015bci, a tak\u017ce popadni\u0119cie w op\u00f3\u017anienie,<\/em><em><\/em><\/p>\n\n\n\n<p><a><\/a><em>5) zawitych, z niezachowaniem kt\u00f3rych ustawa wi\u0105\u017ce ujemne skutki dla strony,<\/em><em><\/em><\/p>\n\n\n\n<p><a><\/a><em>6) do dokonania przez podmioty lub jednostki organizacyjne podlegaj\u0105ce wpisowi do w\u0142a\u015bciwego rejestru czynno\u015bci, kt\u00f3re powoduj\u0105 obowi\u0105zek zg\u0142oszenia do tego rejestru, a tak\u017ce termin\u00f3w na wykonanie przez te podmioty obowi\u0105zk\u00f3w wynikaj\u0105cych z przepis\u00f3w o ich ustroju<\/em><em><\/em><\/p>\n\n\n\n<p><a><\/a><em>&#8211; nie rozpoczyna si\u0119, a rozpocz\u0119ty ulega zawieszeniu na ten okres.<\/em><em><\/em><\/p>\n\n\n\n<p>W praktyce powsta\u0142y jednak w\u0105tpliwo\u015bci co do tego czy przepis obejmuje swoim dzia\u0142aniem termin z art. 4a ust. 1 pkt 1 ustawy o podatku od spadk\u00f3w i darowizn (Dz.U. 1983 Nr 45, poz. 207 t.j. Dz.U. z 2021 r. poz. 1043).<\/p>\n\n\n\n<p>Stanowisko, i\u017c przepisy szczeg\u00f3lne wi\u0105zane z epidemi\u0105 zawiesza\u0142y tak\u017ce bieg termin\u00f3w prawa materialnego zosta\u0142o przyj\u0119te w wyroku WSA w Szczecinie z 17.2.2021 r.,&nbsp;<a href=\"https:\/\/sip.legalis.pl\/document-view.seam?documentId=mrswglrtgy3tkmjsge3dc\" target=\"_blank\" rel=\"noreferrer noopener\">I SA\/Sz 965\/20<\/a>, Legalis. WSA zwr\u00f3ci\u0142 uwag\u0119, i\u017c szerokie rozumienie u\u017cytego w nim poj\u0119cia &#8222;prawa administracyjnego&#8221; a wi\u0119c i to, \u017ce przepis ten reguluje bieg termin\u00f3w do dokonania przez stron\u0119 czynno\u015bci kszta\u0142tuj\u0105cych jej prawa i obowi\u0105zki oraz zawitych, z niezachowaniem kt\u00f3rych ustawa wi\u0105\u017ce ujemne skutki dla strony przewidzianych w regulacjach prawnych, kt\u00f3re zaliczy\u0107 mo\u017cna do szeroko rozumianego prawa administracyjnego &#8211; w tym i prawa podatkowego. Niew\u0105tpliwie termin, o kt\u00f3rym stanowi art. 4a ust. 1 pkt 1 ustawy o podatku od spadk\u00f3w i darowizn zalicza si\u0119 do termin\u00f3w powy\u017cej wskazanych, skoro od jego zachowania\/braku zachowania uzale\u017cnione zosta\u0142o b\u0105d\u017a prawo do zwolnienia podatkowego b\u0105d\u017a pozbawienie takiego prawa. W ostatnim czasie powy\u017csze stanowisko zosta\u0142o podtrzymane tak\u017ce w wyroku WSA w Bydgoszczy z 25.5.2021 r.,&nbsp;<a href=\"https:\/\/sip.legalis.pl\/document-view.seam?documentId=mrswglrtgy3tkmztgm4dk\" target=\"_blank\" rel=\"noreferrer noopener\">I SA\/Bd 147\/21<\/a>, Legalis.&nbsp;<\/p>\n\n\n\n<p>W naszej ocenie stanowisko zaprezentowane w powy\u017cszych orzeczeniach nie powinno budzi\u0107 w\u0105tpliwo\u015bci. Ze wzgl\u0119du na epidemi\u0119 ochrona zdrowia obywateli jest priorytetem i w tym celu wprowadzane s\u0105 ograniczenia ich aktywno\u015bci oraz ograniczenia w dzia\u0142aniu instytucji publicznych, a zamiarem ustawodawcy by\u0142o przyj\u0119cie regulacji zapewniaj\u0105cych skuteczn\u0105 ochron\u0119 prawn\u0105.<\/p>\n\n\n\n<p>Jacek Mi\u0142aszewski<\/p>\n","protected":false},"excerpt":{"rendered":"<p>W okresie stanu zagro\u017cenia epidemicznego albo stanu epidemii COVID bieg 6-miesi\u0119cznego terminu do zg\u0142oszenia spadku albo darowizny by\u0142 zawieszony. Stanowisko to coraz cz\u0119\u015bciej potwierdzaj\u0105 s\u0105dy. Celem&nbsp;art.15zzr&nbsp;ustawy o szczeg\u00f3lnych rozwi\u0105zaniach zwi\u0105zanych z zapobieganiem, przeciwdzia\u0142aniem i zwalczaniem COVID-19, innych chor\u00f3b zaka\u017anych oraz wywo\u0142anych nimi sytuacji kryzysowych (Dz.U. z 2020 r. poz. 374 t.j. Dz.U. z 2020 r. &hellip; <\/p>\n<p class=\"link-more\"><a href=\"https:\/\/pragmatiq.pl\/zmianawarty\/zawieszenie-terminu-do-zgloszenia-spadku-albo-darowizny\/\" class=\"more-link\">Continue reading<span class=\"screen-reader-text\"> &#8222;Zawieszenie terminu do zg\u0142oszenia spadku albo darowizny&#8221;<\/span><\/a><\/p>\n","protected":false},"author":27,"featured_media":0,"comment_status":"open","ping_status":"open","sticky":false,"template":"","format":"standard","meta":{"footnotes":""},"categories":[18,4],"tags":[42,46],"class_list":["post-3085","post","type-post","status-publish","format-standard","hentry","category-spadek-przyjecie-odrzucenie-odpowiedzialnosc","category-artykuly","tag-dziedziczenie","tag-podatek-od-spadkow-i-darowizn"],"_links":{"self":[{"href":"https:\/\/pragmatiq.pl\/zmianawarty\/wp-json\/wp\/v2\/posts\/3085","targetHints":{"allow":["GET"]}}],"collection":[{"href":"https:\/\/pragmatiq.pl\/zmianawarty\/wp-json\/wp\/v2\/posts"}],"about":[{"href":"https:\/\/pragmatiq.pl\/zmianawarty\/wp-json\/wp\/v2\/types\/post"}],"author":[{"embeddable":true,"href":"https:\/\/pragmatiq.pl\/zmianawarty\/wp-json\/wp\/v2\/users\/27"}],"replies":[{"embeddable":true,"href":"https:\/\/pragmatiq.pl\/zmianawarty\/wp-json\/wp\/v2\/comments?post=3085"}],"version-history":[{"count":2,"href":"https:\/\/pragmatiq.pl\/zmianawarty\/wp-json\/wp\/v2\/posts\/3085\/revisions"}],"predecessor-version":[{"id":3205,"href":"https:\/\/pragmatiq.pl\/zmianawarty\/wp-json\/wp\/v2\/posts\/3085\/revisions\/3205"}],"wp:attachment":[{"href":"https:\/\/pragmatiq.pl\/zmianawarty\/wp-json\/wp\/v2\/media?parent=3085"}],"wp:term":[{"taxonomy":"category","embeddable":true,"href":"https:\/\/pragmatiq.pl\/zmianawarty\/wp-json\/wp\/v2\/categories?post=3085"},{"taxonomy":"post_tag","embeddable":true,"href":"https:\/\/pragmatiq.pl\/zmianawarty\/wp-json\/wp\/v2\/tags?post=3085"}],"curies":[{"name":"wp","href":"https:\/\/api.w.org\/{rel}","templated":true}]}}