{"id":2872,"date":"2021-04-29T12:00:32","date_gmt":"2021-04-29T10:00:32","guid":{"rendered":"https:\/\/zmianawarty.pl\/?p=2872"},"modified":"2024-09-16T14:04:40","modified_gmt":"2024-09-16T12:04:40","slug":"fundacja-rodzinna-czym-bedzie-i-dlaczego-ma-pojawic-sie-w-polsce","status":"publish","type":"post","link":"https:\/\/pragmatiq.pl\/zmianawarty\/fundacja-rodzinna-czym-bedzie-i-dlaczego-ma-pojawic-sie-w-polsce\/","title":{"rendered":"Fundacja rodzinna \u2013 czym jest i dlaczego ma pojawi\u0107 si\u0119 w Polsce?"},"content":{"rendered":"<div id=\"ez-toc-container\" class=\"ez-toc-v2_0_82_2 counter-hierarchy ez-toc-counter ez-toc-white ez-toc-container-direction\">\n<div class=\"ez-toc-title-container\"><p class=\"ez-toc-title\" style=\"cursor:inherit\">Spis tre\u015bci<\/p>\n<\/div><nav><ul class='ez-toc-list ez-toc-list-level-1 ' ><li class='ez-toc-page-1 ez-toc-heading-level-2'><a class=\"ez-toc-link ez-toc-heading-1\" href=\"https:\/\/pragmatiq.pl\/zmianawarty\/fundacja-rodzinna-czym-bedzie-i-dlaczego-ma-pojawic-sie-w-polsce\/#Fundacja_rodzinna_sposobem_na_ciaglosc_firmy\" >Fundacja rodzinna sposobem na&nbsp;ci\u0105g\u0142o\u015b\u0107 firmy<\/a><\/li><li class='ez-toc-page-1 ez-toc-heading-level-2'><a class=\"ez-toc-link ez-toc-heading-2\" href=\"https:\/\/pragmatiq.pl\/zmianawarty\/fundacja-rodzinna-czym-bedzie-i-dlaczego-ma-pojawic-sie-w-polsce\/#Kiedy_warto_zalozyc_fundacje_rodzinna_i_jakie_korzysci_z_tego_wynikaja\" >Kiedy warto za\u0142o\u017cy\u0107 fundacj\u0119 rodzinn\u0105 i jakie korzy\u015bci z tego wynikaj\u0105?<\/a><ul class='ez-toc-list-level-3' ><li class='ez-toc-heading-level-3'><a class=\"ez-toc-link ez-toc-heading-3\" href=\"https:\/\/pragmatiq.pl\/zmianawarty\/fundacja-rodzinna-czym-bedzie-i-dlaczego-ma-pojawic-sie-w-polsce\/#Zalozenia_fundacji_rodzinnej\" >Za\u0142o\u017cenia fundacji rodzinnej<\/a><\/li><\/ul><\/li><li class='ez-toc-page-1 ez-toc-heading-level-2'><a class=\"ez-toc-link ez-toc-heading-4\" href=\"https:\/\/pragmatiq.pl\/zmianawarty\/fundacja-rodzinna-czym-bedzie-i-dlaczego-ma-pojawic-sie-w-polsce\/#Fundacja_rodzinna_w_Polsce\" >Fundacja rodzinna w Polsce<\/a><ul class='ez-toc-list-level-3' ><li class='ez-toc-heading-level-3'><a class=\"ez-toc-link ez-toc-heading-5\" href=\"https:\/\/pragmatiq.pl\/zmianawarty\/fundacja-rodzinna-czym-bedzie-i-dlaczego-ma-pojawic-sie-w-polsce\/#Dzialalnosc_pozytku_publicznego\" >Dzia\u0142alno\u015b\u0107 po\u017cytku publicznego<\/a><\/li><li class='ez-toc-page-1 ez-toc-heading-level-3'><a class=\"ez-toc-link ez-toc-heading-6\" href=\"https:\/\/pragmatiq.pl\/zmianawarty\/fundacja-rodzinna-czym-bedzie-i-dlaczego-ma-pojawic-sie-w-polsce\/#Zobowiazania_i_odpowiedzialnosc_fundacji_rodzinnej\" >Zobowi\u0105zania i odpowiedzialno\u015b\u0107 fundacji rodzinnej<\/a><\/li><li class='ez-toc-page-1 ez-toc-heading-level-3'><a class=\"ez-toc-link ez-toc-heading-7\" href=\"https:\/\/pragmatiq.pl\/zmianawarty\/fundacja-rodzinna-czym-bedzie-i-dlaczego-ma-pojawic-sie-w-polsce\/#Zasady_przyznawania_swiadczen_beneficjentom\" >Zasady przyznawania \u015bwiadcze\u0144 beneficjentom<\/a><\/li><\/ul><\/li><li class='ez-toc-page-1 ez-toc-heading-level-2'><a class=\"ez-toc-link ez-toc-heading-8\" href=\"https:\/\/pragmatiq.pl\/zmianawarty\/fundacja-rodzinna-czym-bedzie-i-dlaczego-ma-pojawic-sie-w-polsce\/#Fundacja_rodzinna_pozwoli_firmie_trwac_i_uniknac_sporow_miedzy_spadkobiercami\" >Fundacja rodzinna pozwoli firmie trwa\u0107 i&nbsp;unikn\u0105\u0107 spor\u00f3w mi\u0119dzy spadkobiercami<\/a><ul class='ez-toc-list-level-3' ><li class='ez-toc-heading-level-3'><a class=\"ez-toc-link ez-toc-heading-9\" href=\"https:\/\/pragmatiq.pl\/zmianawarty\/fundacja-rodzinna-czym-bedzie-i-dlaczego-ma-pojawic-sie-w-polsce\/#Zapewnienie_dalszego_rozwoju_firmy_i_zabezpieczenie_rodziny\" >Zapewnienie dalszego rozwoju firmy i&nbsp;zabezpieczenie rodziny<\/a><\/li><\/ul><\/li><li class='ez-toc-page-1 ez-toc-heading-level-2'><a class=\"ez-toc-link ez-toc-heading-10\" href=\"https:\/\/pragmatiq.pl\/zmianawarty\/fundacja-rodzinna-czym-bedzie-i-dlaczego-ma-pojawic-sie-w-polsce\/#Fundacja_rodzinna_%E2%80%93_jak_ma_byc_zakladana\" >Fundacja rodzinna \u2013 jak ma&nbsp;by\u0107&nbsp;zak\u0142adana?<\/a><\/li><li class='ez-toc-page-1 ez-toc-heading-level-2'><a class=\"ez-toc-link ez-toc-heading-11\" href=\"https:\/\/pragmatiq.pl\/zmianawarty\/fundacja-rodzinna-czym-bedzie-i-dlaczego-ma-pojawic-sie-w-polsce\/#Kto_moze_byc_zalozycielem_fundacji_rodzinnej\" >Kto mo\u017ce by\u0107 za\u0142o\u017cycielem fundacji rodzinnej?<\/a><ul class='ez-toc-list-level-3' ><li class='ez-toc-heading-level-3'><a class=\"ez-toc-link ez-toc-heading-12\" href=\"https:\/\/pragmatiq.pl\/zmianawarty\/fundacja-rodzinna-czym-bedzie-i-dlaczego-ma-pojawic-sie-w-polsce\/#Fundator_fundacji_rodzinnej\" >Fundator fundacji rodzinnej<\/a><\/li><li class='ez-toc-page-1 ez-toc-heading-level-3'><a class=\"ez-toc-link ez-toc-heading-13\" href=\"https:\/\/pragmatiq.pl\/zmianawarty\/fundacja-rodzinna-czym-bedzie-i-dlaczego-ma-pojawic-sie-w-polsce\/#Jak_zalozyc_fundacje_rodzinna\" >Jak za\u0142o\u017cy\u0107 fundacje rodzinn\u0105?<\/a><\/li><li class='ez-toc-page-1 ez-toc-heading-level-3'><a class=\"ez-toc-link ez-toc-heading-14\" href=\"https:\/\/pragmatiq.pl\/zmianawarty\/fundacja-rodzinna-czym-bedzie-i-dlaczego-ma-pojawic-sie-w-polsce\/#Fundacja_rodzinna_%E2%80%93_akt_notarialny_testament_rejestracja_rozwiazanie\" >Fundacja rodzinna \u2013 akt notarialny, testament, rejestracja, rozwi\u0105zanie<\/a><\/li><\/ul><\/li><li class='ez-toc-page-1 ez-toc-heading-level-2'><a class=\"ez-toc-link ez-toc-heading-15\" href=\"https:\/\/pragmatiq.pl\/zmianawarty\/fundacja-rodzinna-czym-bedzie-i-dlaczego-ma-pojawic-sie-w-polsce\/#Minimalny_%E2%80%9Ekapital%E2%80%9D_fundacji_rodzinnej\" >Minimalny \u201ekapita\u0142\u201d fundacji rodzinnej<\/a><ul class='ez-toc-list-level-3' ><li class='ez-toc-heading-level-3'><a class=\"ez-toc-link ez-toc-heading-16\" href=\"https:\/\/pragmatiq.pl\/zmianawarty\/fundacja-rodzinna-czym-bedzie-i-dlaczego-ma-pojawic-sie-w-polsce\/#Jak_utworzyc_fundacje_%E2%80%93_testament_czy_darowizny\" >Jak utworzy\u0107 fundacj\u0119 \u2013 testament czy&nbsp;darowizny?<\/a><\/li><\/ul><\/li><li class='ez-toc-page-1 ez-toc-heading-level-2'><a class=\"ez-toc-link ez-toc-heading-17\" href=\"https:\/\/pragmatiq.pl\/zmianawarty\/fundacja-rodzinna-czym-bedzie-i-dlaczego-ma-pojawic-sie-w-polsce\/#Fundacja_rodzinna_%E2%80%93_statut_i_organizacja\" >Fundacja rodzinna \u2013 statut i&nbsp;organizacja&nbsp;<\/a><\/li><li class='ez-toc-page-1 ez-toc-heading-level-2'><a class=\"ez-toc-link ez-toc-heading-18\" href=\"https:\/\/pragmatiq.pl\/zmianawarty\/fundacja-rodzinna-czym-bedzie-i-dlaczego-ma-pojawic-sie-w-polsce\/#Kogo_zabezpieczy_polska_fundacja_rodzinna\" >Kogo zabezpieczy polska fundacja rodzinna<\/a><ul class='ez-toc-list-level-3' ><li class='ez-toc-heading-level-3'><a class=\"ez-toc-link ez-toc-heading-19\" href=\"https:\/\/pragmatiq.pl\/zmianawarty\/fundacja-rodzinna-czym-bedzie-i-dlaczego-ma-pojawic-sie-w-polsce\/#Fundacja_rodzinna_pod_kontrola_rodziny\" >Fundacja rodzinna pod&nbsp;kontrol\u0105 rodziny&nbsp;<\/a><\/li><\/ul><\/li><li class='ez-toc-page-1 ez-toc-heading-level-2'><a class=\"ez-toc-link ez-toc-heading-20\" href=\"https:\/\/pragmatiq.pl\/zmianawarty\/fundacja-rodzinna-czym-bedzie-i-dlaczego-ma-pojawic-sie-w-polsce\/#Zarzadzanie_fundacja_rodzinna_i_nadzor\" >Zarz\u0105dzanie fundacj\u0105 rodzinn\u0105 i&nbsp;nadz\u00f3r<\/a><\/li><li class='ez-toc-page-1 ez-toc-heading-level-2'><a class=\"ez-toc-link ez-toc-heading-21\" href=\"https:\/\/pragmatiq.pl\/zmianawarty\/fundacja-rodzinna-czym-bedzie-i-dlaczego-ma-pojawic-sie-w-polsce\/#Zgromadzenie_beneficjentow_czyli_co_moze_rodzina\" >Zgromadzenie beneficjent\u00f3w, czyli co&nbsp;mo\u017ce rodzina<\/a><\/li><li class='ez-toc-page-1 ez-toc-heading-level-2'><a class=\"ez-toc-link ez-toc-heading-22\" href=\"https:\/\/pragmatiq.pl\/zmianawarty\/fundacja-rodzinna-czym-bedzie-i-dlaczego-ma-pojawic-sie-w-polsce\/#Czy_fundacja_rodzinna_nie_moze_wykonywac_dzialalnosci_gospodarczej\" >Czy&nbsp;fundacja rodzinna nie&nbsp;mo\u017ce wykonywa\u0107 dzia\u0142alno\u015bci gospodarczej?<\/a><\/li><li class='ez-toc-page-1 ez-toc-heading-level-2'><a class=\"ez-toc-link ez-toc-heading-23\" href=\"https:\/\/pragmatiq.pl\/zmianawarty\/fundacja-rodzinna-czym-bedzie-i-dlaczego-ma-pojawic-sie-w-polsce\/#Aktualny_stan_prac_legislacyjnych_nad_fundacja_rodzinna\" >Aktualny stan prac legislacyjnych nad&nbsp;fundacj\u0105 rodzinn\u0105<\/a><\/li><li class='ez-toc-page-1 ez-toc-heading-level-2'><a class=\"ez-toc-link ez-toc-heading-24\" href=\"https:\/\/pragmatiq.pl\/zmianawarty\/fundacja-rodzinna-czym-bedzie-i-dlaczego-ma-pojawic-sie-w-polsce\/#Prace_nad_ustawa_w_Sejmie_%E2%80%93_Grudzien_2022\" >Prace nad&nbsp;ustaw\u0105 w&nbsp;Sejmie \u2013 Grudzie\u0144 2022<\/a><\/li><li class='ez-toc-page-1 ez-toc-heading-level-2'><a class=\"ez-toc-link ez-toc-heading-25\" href=\"https:\/\/pragmatiq.pl\/zmianawarty\/fundacja-rodzinna-czym-bedzie-i-dlaczego-ma-pojawic-sie-w-polsce\/#Prace_nad_ustawa_w_Senacie_%E2%80%93_Styczen_2023\" >Prace nad&nbsp;ustaw\u0105 w&nbsp;Senacie \u2013 Stycze\u0144 2023<\/a><\/li><li class='ez-toc-page-1 ez-toc-heading-level-2'><a class=\"ez-toc-link ez-toc-heading-26\" href=\"https:\/\/pragmatiq.pl\/zmianawarty\/fundacja-rodzinna-czym-bedzie-i-dlaczego-ma-pojawic-sie-w-polsce\/#Ostateczna_wersja_ustawy_%E2%80%93_ponowne_prace_w_Sejmie_%E2%80%93_Styczen_2023\" >Ostateczna wersja ustawy &#8211; ponowne prace w Sejmie &#8211; Stycze\u0144 2023<\/a><\/li><li class='ez-toc-page-1 ez-toc-heading-level-2'><a class=\"ez-toc-link ez-toc-heading-27\" href=\"https:\/\/pragmatiq.pl\/zmianawarty\/fundacja-rodzinna-czym-bedzie-i-dlaczego-ma-pojawic-sie-w-polsce\/#Podpis_Prezydenta_%E2%80%93_Luty_2023\" >Podpis Prezydenta \u2013 Luty 2023<\/a><\/li><li class='ez-toc-page-1 ez-toc-heading-level-2'><a class=\"ez-toc-link ez-toc-heading-28\" href=\"https:\/\/pragmatiq.pl\/zmianawarty\/fundacja-rodzinna-czym-bedzie-i-dlaczego-ma-pojawic-sie-w-polsce\/#Nowelizacja_ustawy_o_fundacji_rodzinnej_%E2%80%93_zmiany_w_podatkach_%E2%80%93_kwiecien_2023\" >Nowelizacja ustawy o fundacji rodzinnej \u2013 zmiany w podatkach \u2013 kwiecie\u0144 2023<\/a><\/li><\/ul><\/nav><\/div>\n\n<h2 class=\"wp-block-heading\"><span class=\"ez-toc-section\" id=\"Fundacja_rodzinna_sposobem_na_ciaglosc_firmy\"><\/span>Fundacja rodzinna sposobem na&nbsp;ci\u0105g\u0142o\u015b\u0107 firmy<span class=\"ez-toc-section-end\"><\/span><\/h2>\n\n\n\n<p>Dotychczas w\u0142a\u015bciciele&nbsp;<strong>firm rodzinnych<\/strong>&nbsp;mieli ograniczone mo\u017cliwo\u015bci przekazania swojego biznesu.&nbsp;<strong>Mogli darowa\u0107 albo&nbsp;przekaza\u0107 w&nbsp;spadku swoje przedsi\u0119biorstwo wybranej osobie albo&nbsp;osobom. Zapewnia\u0142o to&nbsp;jednak sukcesj\u0119 tylko&nbsp;w&nbsp;drugim pokoleniu<\/strong> &#8211; nie spos\u00f3b by\u0142o wp\u0142yn\u0105\u0107 na&nbsp;dalsz\u0105 przysz\u0142o\u015b\u0107 przedsi\u0119biorstwa i&nbsp;zgromadzonego dzi\u0119ki niemu maj\u0105tkowi.<\/p>\n\n\n\n<p>Niekiedy, dla zapewnienia sukcesji wykorzystuje si\u0119 rozwi\u0105zania holdingowe. Budowa takich z\u0142o\u017conych struktur wymaga jednak znacznych koszt\u00f3w. Co&nbsp;wi\u0119cej, nie&nbsp;gwarantuje to&nbsp;zachowania w&nbsp;pe\u0142ni rodzinnego charakteru prowadzonego przedsi\u0119biorstwa.<\/p>\n\n\n\n<figure class=\"wp-block-image size-large\"><img fetchpriority=\"high\" decoding=\"async\" width=\"1024\" height=\"683\" src=\"https:\/\/pragmatiq.pl\/zmianawarty\/wp-content\/uploads\/2022\/07\/Pomoc-prawna-w-rozwiazaniu-i-likwidacji-spolki_2-1024x683.jpg\" alt=\"\" class=\"wp-image-3227\"\/><\/figure>\n\n\n\n<h2 class=\"wp-block-heading\"><span class=\"ez-toc-section\" id=\"Kiedy_warto_zalozyc_fundacje_rodzinna_i_jakie_korzysci_z_tego_wynikaja\"><\/span>Kiedy warto za\u0142o\u017cy\u0107 fundacj\u0119 rodzinn\u0105 i jakie korzy\u015bci z tego wynikaj\u0105?<span class=\"ez-toc-section-end\"><\/span><\/h2>\n\n\n\n<h3 class=\"wp-block-heading\"><span class=\"ez-toc-section\" id=\"Zalozenia_fundacji_rodzinnej\"><\/span>Za\u0142o\u017cenia fundacji rodzinnej<span class=\"ez-toc-section-end\"><\/span><\/h3>\n\n\n\n<p>Powo\u0142anie do \u017cycia polskiej fundacji rodzinnej wychodzi naprzeciw oczekiwaniom wielu przedsi\u0119biorc\u00f3w prowadz\u0105cych \u015brednie i du\u017ce firmy rodzinne, kt\u00f3rzy chc\u0105 zabezpieczy\u0107 zgromadzony przez lata maj\u0105tek i przeprowadzi\u0107 jego sukcesj\u0119 w spos\u00f3b przemy\u015blany i zorganizowany.<\/p>\n\n\n\n<p>Maj\u0105tek rodzinny kt\u00f3rym zarz\u0105dzaj\u0105 przedsi\u0119biorcy, dzi\u0119ki rozwi\u0105zaniom fundacji mo\u017ce by\u0107 przekazany nast\u0119pnym pokoleniom bez obaw o jego rozdrobnienie, czy rozpad rodzinnej firmy prowadzonej od wielu lat.<\/p>\n\n\n\n<h2 class=\"wp-block-heading\"><span class=\"ez-toc-section\" id=\"Fundacja_rodzinna_w_Polsce\"><\/span>Fundacja rodzinna w Polsce<span class=\"ez-toc-section-end\"><\/span><\/h2>\n\n\n\n<h3 class=\"wp-block-heading\"><span class=\"ez-toc-section\" id=\"Dzialalnosc_pozytku_publicznego\"><\/span>Dzia\u0142alno\u015b\u0107 po\u017cytku publicznego<span class=\"ez-toc-section-end\"><\/span><\/h3>\n\n\n\n<p>Z dzia\u0142alno\u015bci\u0105 fundacji rodzinnej w Polsce mo\u017ce wi\u0105za\u0107 si\u0119 prowadzenie dzia\u0142alno\u015bci po\u017cytku publicznego, ale nie jest to warunek konieczny dla istnienia fundacji.<\/p>\n\n\n\n<p>Cho\u0107 sama fundacja w polskim systemie prawnym, nie jest niczym nowym, to jednak do tej pory ka\u017cda za\u0142o\u017cona w Polsce fundacja musia\u0142a spe\u0142nia\u0107 cele o charakterze <strong>spo\u0142ecznie u\u017cytecznym<\/strong>. Fundacja rodzinna jest zatem nowatorskim narz\u0119dziem, kt\u00f3re pozwoli nie tylko zarz\u0105dza\u0107 i przekazywa\u0107 maj\u0105tek swoim beneficjentom, lecz tak\u017ce powi\u0119ksza\u0107 dotychczas zgromadzony kapita\u0142. Co wi\u0119cej, fundator mo\u017ce ustali\u0107 prawnie wi\u0105\u017c\u0105ce cele fundacji, jak na przyk\u0142ad zapewnianie utrzymania jej beneficjentom czy inwestowanie maj\u0105tku w okre\u015blony spos\u00f3b.<\/p>\n\n\n\n<p>Postanowienia ustawy umo\u017cliwiaj\u0105 przekazywania rodzinnych \u015brodk\u00f3w na cele u\u017cyteczno\u015bci publicznej. Jednak\u017ce zar\u00f3wno wskazanie celu jak r\u00f3wnie\u017c \u015brodk\u00f3w zale\u017cy wy\u0142\u0105cznie od woli fundatora, kt\u00f3ry podj\u0105\u0142 decyzj\u0119 o ustanowieniu fundacji rodzinnej.<\/p>\n\n\n\n<h3 class=\"wp-block-heading\"><span class=\"ez-toc-section\" id=\"Zobowiazania_i_odpowiedzialnosc_fundacji_rodzinnej\"><\/span>Zobowi\u0105zania i odpowiedzialno\u015b\u0107 fundacji rodzinnej<span class=\"ez-toc-section-end\"><\/span><\/h3>\n\n\n\n<p>Warto r\u00f3wnie\u017c podkre\u015bli\u0107, \u017ce fundacja rodzinna odpowiada w bardzo ograniczonym stopniu za d\u0142ugi fundatora. Ponosi ona odpowiedzialno\u015b\u0107 jedynie do warto\u015bci mienia wniesionego do fundacji przez fundatora i to tylko za zobowi\u0105zania powsta\u0142e przed ustanowieniem fundacji. Wyj\u0105tek stanowi\u0105 tylko \u015bwiadczenia alimentacyjne, kt\u00f3re mog\u0105 by\u0107 egzekwowane z maj\u0105tku fundacji, nawet je\u015bli powsta\u0142y po jej utworzeniu. Fundacja z za\u0142o\u017cenia ma chroni\u0107 rodzinny maj\u0105tek przed zobowi\u0105zaniami prywatnymi fundatora, powsta\u0142ymi po jej za\u0142o\u017ceniu.<\/p>\n\n\n\n<h3 class=\"wp-block-heading\"><span class=\"ez-toc-section\" id=\"Zasady_przyznawania_swiadczen_beneficjentom\"><\/span>Zasady przyznawania \u015bwiadcze\u0144 beneficjentom<span class=\"ez-toc-section-end\"><\/span><\/h3>\n\n\n\n<p>Kolejnym cennym pomys\u0142em stoj\u0105cym za fundacj\u0105 rodzinn\u0105 jest d\u0105\u017cenie do maksymalnej realizacji woli fundatora przy zarz\u0105dzaniu maj\u0105tkiem fundacji. To fundator, ustalaj\u0105c zapisy w statucie, mo\u017ce wyznaczy\u0107 zasady podejmowania decyzji w kwestii gospodarowania maj\u0105tkiem, osoby uprawnione do ich dokonywania, a tak\u017ce \u015bci\u015ble okre\u015blone wymogi zwi\u0105zane z powo\u0142aniem beneficjent\u00f3w (beneficjentami mog\u0105 by\u0107 obecni, b\u0105d\u017a przyszli cz\u0142onkowie rodziny, ale tak\u017ce osoby niespokrewnione lub organizacje wskazane przez fundatora).<\/p>\n\n\n\n<h2 class=\"wp-block-heading\"><span class=\"ez-toc-section\" id=\"Fundacja_rodzinna_pozwoli_firmie_trwac_i_uniknac_sporow_miedzy_spadkobiercami\"><\/span>Fundacja rodzinna pozwoli firmie trwa\u0107 i&nbsp;unikn\u0105\u0107 spor\u00f3w mi\u0119dzy spadkobiercami<span class=\"ez-toc-section-end\"><\/span><\/h2>\n\n\n\n<p><strong>Ustawa<\/strong>&nbsp;jest odpowiedzi\u0105 na&nbsp;postulaty zg\u0142aszane przez&nbsp;firmy rodzinne w&nbsp;kwestii wprowadzenia do&nbsp;polskiego porz\u0105dku prawnego rozwi\u0105zania u\u0142atwiaj\u0105cego sukcesj\u0119 oraz&nbsp;pozwalaj\u0105cego pogodzi\u0107 interesy zwi\u0105zane z&nbsp;dzia\u0142alno\u015bci\u0105 gospodarcz\u0105 oraz&nbsp;interesy prywatne.<\/p>\n\n\n\n<p>Do tej pory w polskim prawie nie&nbsp;by\u0142o wystarczaj\u0105cych rozwi\u0105za\u0144 prawnych zapewniaj\u0105cych ochron\u0119 przed&nbsp;niekorzystnym rozdrobnieniem maj\u0105tku w firmach rodzinnych w&nbsp;toku spadkobrania. Problem ten dotyczy tak\u017ce przypadk\u00f3w, gdy&nbsp;rodzina lub inni nast\u0119pcy prawni w\u0142a\u015bciciela chc\u0105 kontynuowa\u0107 dzia\u0142alno\u015b\u0107 firmy, ale&nbsp;r\u00f3\u017cni\u0105 si\u0119 co&nbsp;do&nbsp;koncepcji tego dzia\u0142ania. To&nbsp;prowadzi czasem do&nbsp;spor\u00f3w miedzy spadkobiercami.&nbsp;<strong>Brak rozwi\u0105za\u0144 w&nbsp;tym zakresie by\u0142 dostrzegalny przede wszystkim w\u015br\u00f3d os\u00f3b, kt\u00f3re chcia\u0142yby zadba\u0107 o&nbsp;przysz\u0142o\u015b\u0107 zgromadzonego maj\u0105tku w&nbsp;d\u0142u\u017cszej perspektywie<\/strong>. Zjawisko to&nbsp;powodowa\u0142o niekiedy, \u017ce&nbsp;najbogatsi przedsi\u0119biorcy decydowali si\u0119 na&nbsp;przeniesienie maj\u0105tku do&nbsp;zagranicznych fundacji lub trust\u00f3w.<\/p>\n\n\n\n<h3 class=\"wp-block-heading\"><span class=\"ez-toc-section\" id=\"Zapewnienie_dalszego_rozwoju_firmy_i_zabezpieczenie_rodziny\"><\/span>Zapewnienie dalszego rozwoju firmy i&nbsp;zabezpieczenie rodziny<span class=\"ez-toc-section-end\"><\/span><\/h3>\n\n\n\n<p><strong>Celem wprowadzenia polskiej fundacji rodzinnej jest wi\u0119c&nbsp;mo\u017cliwo\u015b\u0107 kumulowania rodzinnego maj\u0105tku, co&nbsp;ma&nbsp;pozwoli\u0107 na&nbsp;zatrzymanie kapita\u0142u w&nbsp;kraju na&nbsp;wiele pokole\u0144 oraz&nbsp;zwi\u0119kszenie potencja\u0142u krajowych inwestycji<\/strong>. Za\u0142o\u017ceniem ustawy o&nbsp;fundacji rodzinnej jest minimalizowanie ryzyka nieudanej<strong>&nbsp;sukcesji<\/strong>&nbsp;oraz&nbsp;zagwarantowanie kontynuacji dzia\u0142alno\u015bci firmy. Przekazanie maj\u0105tku fundacji rodzinnej ma&nbsp;chroni\u0107 go&nbsp;przed&nbsp;podzia\u0142em, umo\u017cliwi\u0107 jego pomna\u017canie, a&nbsp;wi\u0119c&nbsp;tak\u017ce czerpanie z&nbsp;niego korzy\u015bci, kt\u00f3re b\u0119dzie mo\u017cna przeznaczy\u0107 na&nbsp;pokrycie koszt\u00f3w utrzymania os\u00f3b wskazanych przez&nbsp;fundatora.<\/p>\n\n\n\n<h2 class=\"wp-block-heading\"><span class=\"ez-toc-section\" id=\"Fundacja_rodzinna_%E2%80%93_jak_ma_byc_zakladana\"><\/span>Fundacja rodzinna \u2013 jak ma&nbsp;by\u0107&nbsp;zak\u0142adana?<span class=\"ez-toc-section-end\"><\/span><\/h2>\n\n\n\n<p>Zgodnie z&nbsp;za\u0142o\u017ceniami ustawy o&nbsp;fundacji rodzinnej, fundator ma&nbsp; mo\u017cliwo\u015b\u0107 utworzenia jej jeszcze za&nbsp;swojego \u017cycia lub przewidzenia jej w&nbsp;<strong>testamencie<\/strong>. Wpis do&nbsp;rejestru fundacji rodzinnych (prowadzonego przez S\u0105d Okr\u0119gowy w Piotrkowie Trybunalskim) umo\u017cliwi uzyskanie przez&nbsp;ni\u0105 osobowo\u015bci prawnej.&nbsp;<strong>Po&nbsp;utworzeniu fundacji rodzinnej, zg\u0142oszenia do&nbsp;rejestru fundacji rodzinnych dokonuje fundator, a&nbsp;w&nbsp;przypadku utworzenia fundacji rodzinnej w&nbsp;testamencie \u2013 zarz\u0105d<\/strong>.<\/p>\n\n\n\n<p>Nale\u017cy pami\u0119ta\u0107, \u017ce rejestr fundacji rodzinnych jest odr\u0119bny od Krajowego Rejestru S\u0105dowego.<\/p>\n\n\n\n<h2 class=\"wp-block-heading\"><span class=\"ez-toc-section\" id=\"Kto_moze_byc_zalozycielem_fundacji_rodzinnej\"><\/span>Kto mo\u017ce by\u0107 za\u0142o\u017cycielem fundacji rodzinnej?<span class=\"ez-toc-section-end\"><\/span><\/h2>\n\n\n\n<figure class=\"wp-block-image size-large\"><img decoding=\"async\" width=\"1024\" height=\"683\" src=\"https:\/\/pragmatiq.pl\/zmianawarty\/wp-content\/uploads\/2022\/12\/8bee8dbc-7889-4b6d-8102-2cd0a6f59301-1024x683.png\" alt=\"\" class=\"wp-image-3328\" srcset=\"https:\/\/pragmatiq.pl\/zmianawarty\/wp-content\/uploads\/2022\/12\/8bee8dbc-7889-4b6d-8102-2cd0a6f59301-1024x683.png 1024w, https:\/\/pragmatiq.pl\/zmianawarty\/wp-content\/uploads\/2022\/12\/8bee8dbc-7889-4b6d-8102-2cd0a6f59301-300x200.png 300w, https:\/\/pragmatiq.pl\/zmianawarty\/wp-content\/uploads\/2022\/12\/8bee8dbc-7889-4b6d-8102-2cd0a6f59301-768x512.png 768w, https:\/\/pragmatiq.pl\/zmianawarty\/wp-content\/uploads\/2022\/12\/8bee8dbc-7889-4b6d-8102-2cd0a6f59301-1536x1024.png 1536w, https:\/\/pragmatiq.pl\/zmianawarty\/wp-content\/uploads\/2022\/12\/8bee8dbc-7889-4b6d-8102-2cd0a6f59301-2048x1365.png 2048w\" sizes=\"(max-width: 767px) 89vw, (max-width: 1000px) 54vw, (max-width: 1071px) 543px, 580px\" \/><\/figure>\n\n\n\n<p><strong>Ustawa o&nbsp;fundacji rodzinnej przewiduje, i\u017c&nbsp;za\u0142o\u017cycielem fundacji rodzinnej mo\u017ce by\u0107 wy\u0142\u0105cznie osoba fizyczna posiadaj\u0105ca pe\u0142n\u0105 zdolno\u015b\u0107 do&nbsp;czynno\u015bci prawnych<\/strong>. Wobec tego za\u0142o\u017cenie fundacji rodzinnej nie&nbsp;mo\u017ce by\u0107 dokonane przez&nbsp;osob\u0119 prawn\u0105 ani przez&nbsp;inn\u0105 jednostk\u0119 organizacyjn\u0105. Ograniczenie kr\u0119gu os\u00f3b mog\u0105cych by\u0107 fundatorami wynika z&nbsp;roli, jak\u0105 ma&nbsp;pe\u0142ni\u0107 fundacja, tj.&nbsp;zarz\u0105dzania maj\u0105tkiem oraz&nbsp;realizowania wybranych cel\u00f3w prywatnych.&nbsp;<strong>Co&nbsp;jednak istotne \u2013 przewiduje ona, i\u017c&nbsp;fundacj\u0119 rodzinn\u0105 mo\u017ce za\u0142o\u017cy\u0107 wi\u0119cej os\u00f3b \u2013 wsp\u00f3lnie. Jednak\u017ce fundacja tworzona w&nbsp;testamencie mo\u017ce mie\u0107 tylko&nbsp;jednego fundatora.<\/strong><\/p>\n\n\n\n<h3 class=\"wp-block-heading\"><span class=\"ez-toc-section\" id=\"Fundator_fundacji_rodzinnej\"><\/span>Fundator fundacji rodzinnej<span class=\"ez-toc-section-end\"><\/span><\/h3>\n\n\n\n<p>Status fundatora jest niezbywalny<strong>. Rola i&nbsp;wp\u0142yw fundatora na&nbsp;fundacj\u0119 rodzinn\u0105 s\u0105 zale\u017cne od&nbsp;indywidualnych decyzji fundatora i&nbsp;jego woli<\/strong>. W&nbsp;przypadku wi\u0119kszej liczby fundator\u00f3w, prawa i&nbsp;obowi\u0105zki fundatora mog\u0105 by\u0107 wykonywane wsp\u00f3lnie, zgodnie z&nbsp;zasadami przewidzianymi dla wsp\u00f3\u0142w\u0142asno\u015bci rzeczy. W&nbsp;statucie mo\u017cna jednak zastrzec inny spos\u00f3b wykonywania praw i&nbsp;obowi\u0105zk\u00f3w, np.&nbsp;powierzaj\u0105c ich wykonywanie jednemu z&nbsp;fundator\u00f3w albo&nbsp;niekt\u00f3rym fundatorom.<\/p>\n\n\n\n<figure class=\"wp-block-image size-large\"><img decoding=\"async\" width=\"1024\" height=\"683\" src=\"https:\/\/pragmatiq.pl\/zmianawarty\/wp-content\/uploads\/2022\/12\/c1bb291b-a346-453e-969d-aa7268d6d6c0-1024x683.png\" alt=\"\" class=\"wp-image-3344\" srcset=\"https:\/\/pragmatiq.pl\/zmianawarty\/wp-content\/uploads\/2022\/12\/c1bb291b-a346-453e-969d-aa7268d6d6c0-1024x683.png 1024w, https:\/\/pragmatiq.pl\/zmianawarty\/wp-content\/uploads\/2022\/12\/c1bb291b-a346-453e-969d-aa7268d6d6c0-300x200.png 300w, https:\/\/pragmatiq.pl\/zmianawarty\/wp-content\/uploads\/2022\/12\/c1bb291b-a346-453e-969d-aa7268d6d6c0-768x512.png 768w, https:\/\/pragmatiq.pl\/zmianawarty\/wp-content\/uploads\/2022\/12\/c1bb291b-a346-453e-969d-aa7268d6d6c0-1536x1024.png 1536w, https:\/\/pragmatiq.pl\/zmianawarty\/wp-content\/uploads\/2022\/12\/c1bb291b-a346-453e-969d-aa7268d6d6c0-2048x1365.png 2048w\" sizes=\"(max-width: 767px) 89vw, (max-width: 1000px) 54vw, (max-width: 1071px) 543px, 580px\" \/><\/figure>\n\n\n\n<h3 class=\"wp-block-heading\"><span class=\"ez-toc-section\" id=\"Jak_zalozyc_fundacje_rodzinna\"><\/span>Jak za\u0142o\u017cy\u0107 fundacje rodzinn\u0105?<span class=\"ez-toc-section-end\"><\/span><\/h3>\n\n\n\n<p>Zgodnie z&nbsp;brzmieniem ustawy o&nbsp;fundacji rodzinnej do&nbsp;utworzenia fundacji rodzinnej jest konieczne:<\/p>\n\n\n\n<ol class=\"wp-block-list\">\n<li>z\u0142o\u017cenie przez&nbsp;fundatora o\u015bwiadczenia o&nbsp;utworzeniu fundacji rodzinnej i&nbsp;ustalenie statutu;<\/li>\n\n\n\n<li>ustanowienie organ\u00f3w wymaganych przez&nbsp;ustaw\u0119 lub statut;<\/li>\n\n\n\n<li>wniesienie przez&nbsp;fundatora mienia o&nbsp;warto\u015bci wynosz\u0105cej co&nbsp;najmniej 100 000 z\u0142 oraz&nbsp;sporz\u0105dzenie spisu mienia fundacji;<\/li>\n\n\n\n<li>wpis do&nbsp;rejestru fundacji rodzinnych.<\/li>\n<\/ol>\n\n\n\n<h3 class=\"wp-block-heading\"><span class=\"ez-toc-section\" id=\"Fundacja_rodzinna_%E2%80%93_akt_notarialny_testament_rejestracja_rozwiazanie\"><\/span><strong>Fundacja rodzinna \u2013 akt notarialny, testament, rejestracja, rozwi\u0105zanie<\/strong><span class=\"ez-toc-section-end\"><\/span><\/h3>\n\n\n\n<p><strong>Brak podj\u0119cia czynno\u015bci niezb\u0119dnych do&nbsp;rejestracji fundacji rodzinnej w&nbsp;organizacji b\u0105d\u017a brak mo\u017cliwo\u015bci jej rejestracji powoduje rozwi\u0105zanie fundacji<\/strong>. Je\u017celi wi\u0119c&nbsp;utworzenie fundacji rodzinnej nie&nbsp;zosta\u0142o zg\u0142oszone do&nbsp;S\u0105du Okr\u0119gowego w&nbsp;Piotrkowie Trybunalskim (kt\u00f3ry&nbsp;prowadzi rejestr fundacji rodzinnych) w&nbsp;terminie sze\u015bciu miesi\u0119cy od&nbsp;dnia sporz\u0105dzenia aktu za\u0142o\u017cycielskiego albo&nbsp;otwarcia&nbsp;<strong>testamentu<\/strong>, b\u0105d\u017a&nbsp;je\u017celi S\u0105d odm\u00f3wi\u0142 zarejestrowania fundacji rodzinnej i jego postanowienie sta\u0142o si\u0119 prawomocne, fundacja rodzinna w&nbsp;organizacji z&nbsp;mocy prawa ulega rozwi\u0105zaniu.<\/p>\n\n\n\n<p>Ustawa o&nbsp;fundacji rodzinnej wskazuje, i\u017c&nbsp;<strong>fundacja mo\u017ce zosta\u0107 utworzona na&nbsp;podstawie aktu za\u0142o\u017cycielskiego albo&nbsp;testamentu. Opr\u00f3cz dokumentu powo\u0142uj\u0105cego fundacj\u0119 rodzinn\u0105 fundator zobowi\u0105zany jest do&nbsp;ustalenia statutu fundacji<\/strong>, w&nbsp;kt\u00f3rym&nbsp;uregulowane zostan\u0105 najwa\u017cniejsze kwestie dotycz\u0105ce jej funkcjonowania. Statut fundacji rodzinnej ma by\u0107 zg\u0142aszany do&nbsp;s\u0105du rejestrowego oraz&nbsp;b\u0119dzie jawny. Kwestie dotycz\u0105ce fundacji o&nbsp;charakterze poufnym mog\u0105 zosta\u0107 uregulowane w&nbsp;regulaminach i&nbsp;innych dokumentach wewn\u0119trznych.<\/p>\n\n\n\n<figure class=\"wp-block-image size-large\"><img loading=\"lazy\" decoding=\"async\" width=\"1024\" height=\"683\" src=\"https:\/\/pragmatiq.pl\/zmianawarty\/wp-content\/uploads\/2022\/12\/df2a44d2-1f24-4d65-b589-ab0df7bc585a-1024x683.png\" alt=\"\" class=\"wp-image-3343\" srcset=\"https:\/\/pragmatiq.pl\/zmianawarty\/wp-content\/uploads\/2022\/12\/df2a44d2-1f24-4d65-b589-ab0df7bc585a-1024x683.png 1024w, https:\/\/pragmatiq.pl\/zmianawarty\/wp-content\/uploads\/2022\/12\/df2a44d2-1f24-4d65-b589-ab0df7bc585a-300x200.png 300w, https:\/\/pragmatiq.pl\/zmianawarty\/wp-content\/uploads\/2022\/12\/df2a44d2-1f24-4d65-b589-ab0df7bc585a-768x512.png 768w, https:\/\/pragmatiq.pl\/zmianawarty\/wp-content\/uploads\/2022\/12\/df2a44d2-1f24-4d65-b589-ab0df7bc585a-1536x1024.png 1536w, https:\/\/pragmatiq.pl\/zmianawarty\/wp-content\/uploads\/2022\/12\/df2a44d2-1f24-4d65-b589-ab0df7bc585a-2048x1365.png 2048w\" sizes=\"(max-width: 767px) 89vw, (max-width: 1000px) 54vw, (max-width: 1071px) 543px, 580px\" \/><\/figure>\n\n\n\n<h2 class=\"wp-block-heading\"><span class=\"ez-toc-section\" id=\"Minimalny_%E2%80%9Ekapital%E2%80%9D_fundacji_rodzinnej\"><\/span>Minimalny \u201ekapita\u0142\u201d fundacji rodzinnej<span class=\"ez-toc-section-end\"><\/span><\/h2>\n\n\n\n<p>Fundator zobowi\u0105zany jest do&nbsp;wyposa\u017cenia fundacji w&nbsp;aktywa, kt\u00f3rych&nbsp;<strong>warto\u015b\u0107 nie&nbsp;mo\u017ce by\u0107 ni\u017csza ni\u017c 100&nbsp;000 z\u0142<\/strong>. Je\u015bli w&nbsp;trakcie dzia\u0142alno\u015bci fundacji rodzinnej warto\u015b\u0107 jej maj\u0105tku spadnie poni\u017cej tej&nbsp;kwoty, w&nbsp;pierwszej kolejno\u015bci osi\u0105gni\u0119te w&nbsp;przysz\u0142o\u015bci zyski powinny uzupe\u0142ni\u0107 fundusz operatywny do&nbsp;kwoty 100 000 z\u0142.<\/p>\n\n\n\n<h3 class=\"wp-block-heading\"><span class=\"ez-toc-section\" id=\"Jak_utworzyc_fundacje_%E2%80%93_testament_czy_darowizny\"><\/span><strong>Jak utworzy\u0107 fundacj\u0119 \u2013 testament czy&nbsp;darowizny?<\/strong><span class=\"ez-toc-section-end\"><\/span><\/h3>\n\n\n\n<p>Zgodnie z&nbsp;ustaw\u0105 o&nbsp;fundacji rodzinnej&nbsp;maj\u0105tek do&nbsp;fundacji mog\u0105 wnosi\u0107 inne osoby \u2013 nie&nbsp;tylko&nbsp;fundator czy&nbsp;jego <a target=\"_blank\" rel=\"noreferrer noopener\" href=\"https:\/\/pragmatiq.pl\/zmianawarty\/co-sie-dzieje-gdy-spadkobierca-odrzuci-spadek\/\">spadkobiercy<\/a>. Jednocze\u015bnie przez&nbsp;dokonanie takiej darowizny darczy\u0144ca nie&nbsp;stanie si\u0119 fundatorem. Wi\u0105\u017c\u0105 si\u0119 z&nbsp;tym jednak konsekwencje podatkowe, a&nbsp;mianowicie mienie wniesione do&nbsp;fundacji rodzinnej w&nbsp;drodze darowizny albo&nbsp;spadku:<\/p>\n\n\n\n<ul class=\"wp-block-list\">\n<li>przez&nbsp;fundatora lub jego ma\u0142\u017conka, zst\u0119pnych, wst\u0119pnych lub rodze\u0144stwo \u2012 uwa\u017ca si\u0119 za&nbsp;wniesione <strong>przez&nbsp;fundatora<\/strong>;<\/li>\n\n\n\n<li>przez&nbsp;inne osoby \u2013 uwa\u017ca si\u0119 za&nbsp;wniesione <strong>przez&nbsp;fundacj\u0119 rodzinn\u0105<\/strong>.<\/li>\n<\/ul>\n\n\n\n<p>W&nbsp;przypadku, gdy&nbsp;do&nbsp;fundacji rodzinnej mienie wnosi wsp\u00f3lny zst\u0119pny, wst\u0119pny albo&nbsp;rodze\u0144stwo wi\u0119cej ni\u017c jednego fundatora, mienie uwa\u017ca si\u0119 za&nbsp;wniesione przez&nbsp;wszystkich tych fundator\u00f3w w&nbsp;r\u00f3wnych cz\u0119\u015bciach.<\/p>\n\n\n\n<p>Przez&nbsp;dokonanie takiej darowizny darczy\u0144ca nie&nbsp;stanie si\u0119 fundatorem. Przysporzenia pod&nbsp;tytu\u0142em darmowym na&nbsp;rzecz fundacji rodzinnej mog\u0105 by\u0107 pomocne przy \u0142\u0105czeniu sk\u0142adnik\u00f3w maj\u0105tkowych obj\u0119tych wsp\u00f3\u0142w\u0142asno\u015bci\u0105 i&nbsp;\u0142\u0105czeniu maj\u0105tku rodzinnego.<\/p>\n\n\n\n<h2 class=\"wp-block-heading\"><span class=\"ez-toc-section\" id=\"Fundacja_rodzinna_%E2%80%93_statut_i_organizacja\"><\/span>Fundacja rodzinna \u2013 statut i&nbsp;organizacja&nbsp;<span class=\"ez-toc-section-end\"><\/span><\/h2>\n\n\n\n<p>Ustawa wskazuje tak\u017ce, i\u017c&nbsp;<strong>fundacja <\/strong>mo\u017ce zosta\u0107 utworzona na&nbsp;podstawie aktu za\u0142o\u017cycielskiego albo&nbsp;testamentu. Opr\u00f3cz dokumentu powo\u0142uj\u0105cego fundacj\u0119 rodzinn\u0105 najistotniejsz\u0105 rol\u0119 odgrywa&nbsp;<strong>statut<\/strong>. S\u0105 w&nbsp;nim uregulowane najwa\u017cniejsze aspekty dotycz\u0105ce funkcjonowania fundacji rodzinnej oraz&nbsp;ustanowionych w&nbsp;niej organ\u00f3w. Kwestie organizacyjne o&nbsp;charakterze poufnym mog\u0105 natomiast zosta\u0107 regulowane w&nbsp;regulaminie oraz&nbsp;innych dokumentach wewn\u0119trznych fundacji rodzinnej.<\/p>\n\n\n\n<p>Ustawa o&nbsp;fundacji rodzinnej przewiduje, i\u017c&nbsp;opr\u00f3cz og\u00f3lnego wskazania w&nbsp;statucie, dane os\u00f3b b\u0119d\u0105cych beneficjentami fundacji rodzinnej i&nbsp;ich uprawnienia okre\u015bla si\u0119 na&nbsp;li\u015bcie beneficjent\u00f3w.&nbsp;<strong>W&nbsp;celu zachowania poufno\u015bci istnieje mo\u017cliwo\u015b\u0107 zastrze\u017cenia przez&nbsp;fundatora, w&nbsp;jakim zakresie lista beneficjent\u00f3w mo\u017ce nie&nbsp;by\u0107 jawna, np.&nbsp;dla pozosta\u0142ych beneficjent\u00f3w<\/strong>. Uprawnienie to&nbsp;nie dotyczy jednak zachowania w&nbsp;tajemnicy to\u017csamo\u015bci beneficjent\u00f3w np.&nbsp;wobec organ\u00f3w administracji skarbowej, lecz&nbsp;poufno\u015bci w&nbsp;relacjach prywatnych.<\/p>\n\n\n\n<p><strong>Siedziba fundacji rodzinnej musi znajdowa\u0107 si\u0119 na&nbsp;terytorium Rzeczypospolitej Polskiej<\/strong>. Fundacja nabywa osobowo\u015b\u0107 prawn\u0105 z&nbsp;chwil\u0105 wpisu do&nbsp;rejestru fundacji rodzinnych.<\/p>\n\n\n\n<figure class=\"wp-block-image size-large\"><img loading=\"lazy\" decoding=\"async\" width=\"1024\" height=\"683\" src=\"https:\/\/pragmatiq.pl\/zmianawarty\/wp-content\/uploads\/2022\/12\/125e2cad-2bd2-45a0-9b33-d4241ad44d14-1024x683.png\" alt=\"\" class=\"wp-image-3324\" srcset=\"https:\/\/pragmatiq.pl\/zmianawarty\/wp-content\/uploads\/2022\/12\/125e2cad-2bd2-45a0-9b33-d4241ad44d14-1024x683.png 1024w, https:\/\/pragmatiq.pl\/zmianawarty\/wp-content\/uploads\/2022\/12\/125e2cad-2bd2-45a0-9b33-d4241ad44d14-300x200.png 300w, https:\/\/pragmatiq.pl\/zmianawarty\/wp-content\/uploads\/2022\/12\/125e2cad-2bd2-45a0-9b33-d4241ad44d14-768x512.png 768w, https:\/\/pragmatiq.pl\/zmianawarty\/wp-content\/uploads\/2022\/12\/125e2cad-2bd2-45a0-9b33-d4241ad44d14-1536x1024.png 1536w, https:\/\/pragmatiq.pl\/zmianawarty\/wp-content\/uploads\/2022\/12\/125e2cad-2bd2-45a0-9b33-d4241ad44d14-2048x1365.png 2048w\" sizes=\"(max-width: 767px) 89vw, (max-width: 1000px) 54vw, (max-width: 1071px) 543px, 580px\" \/><\/figure>\n\n\n\n<h2 class=\"wp-block-heading\"><span class=\"ez-toc-section\" id=\"Kogo_zabezpieczy_polska_fundacja_rodzinna\"><\/span>Kogo zabezpieczy polska fundacja rodzinna<span class=\"ez-toc-section-end\"><\/span><\/h2>\n\n\n\n<p><strong>Beneficjentami fundacji rodzinnej<\/strong>&nbsp;mog\u0105 by\u0107 wy\u0142\u0105cznie:<\/p>\n\n\n\n<p>1-osoby fizyczne;<\/p>\n\n\n\n<p>2-organizacje po\u017cytku publicznego w&nbsp;rozumieniu przepis\u00f3w o&nbsp;dzia\u0142alno\u015bci po\u017cytku publicznego i&nbsp;o&nbsp;wolontariacie.<\/p>\n\n\n\n<p><strong>Statut mo\u017ce okre\u015bli\u0107 komu&nbsp;i&nbsp;co b\u0119dzie przys\u0142ugiwa\u0107 od&nbsp;fundacji rodzinnej zgodnie z&nbsp;wol\u0105 fundatora<\/strong>. Okre\u015blenie rodzaju korzy\u015bci przys\u0142uguj\u0105cych uprawnionym jest wy\u0142\u0105czn\u0105 i&nbsp;swobodn\u0105 decyzj\u0105 fundatora. Mo\u017cna za\u0142o\u017cy\u0107, \u017ce&nbsp;co do&nbsp;zasady s\u0105 to&nbsp;wyp\u0142aty pieni\u0119\u017cne albo&nbsp;inne \u015bwiadczenia o&nbsp;charakterze maj\u0105tkowym, np.&nbsp;prawo do&nbsp;korzystania z&nbsp;rzeczy. Fundator mo\u017ce dokona\u0107 zmian w&nbsp;zakresie beneficjent\u00f3w i&nbsp;przys\u0142uguj\u0105cych im&nbsp;\u015bwiadcze\u0144, bez&nbsp;ogranicze\u0144, w&nbsp;tym tak\u017ce czasowych.<\/p>\n\n\n\n<h3 class=\"wp-block-heading\"><span class=\"ez-toc-section\" id=\"Fundacja_rodzinna_pod_kontrola_rodziny\"><\/span>Fundacja rodzinna pod&nbsp;kontrol\u0105 rodziny&nbsp;<span class=\"ez-toc-section-end\"><\/span><\/h3>\n\n\n\n<p>Ustawa o fundacji rodzinnej przewiduje, \u017ce&nbsp;<strong>beneficjentowi<\/strong>&nbsp;przys\u0142uguje prawo wgl\u0105du do&nbsp;jej dokument\u00f3w, w&nbsp;szczeg\u00f3lno\u015bci statutu oraz&nbsp;uzyskania informacji o&nbsp;dzia\u0142alno\u015bci&nbsp;<strong>fundacji rodzinnej<\/strong>.&nbsp;<strong>Beneficjent mo\u017ce przegl\u0105da\u0107 dokumenty, sprawozdania finansowe i&nbsp;ksi\u0119gi rachunkowe, sporz\u0105dza\u0107 z&nbsp;nich odpisy, \u017c\u0105da\u0107 wyja\u015bnie\u0144 od&nbsp;zarz\u0105du, osobi\u015bcie lub przez&nbsp;upowa\u017cnion\u0105 przez&nbsp;siebie osob\u0105.&nbsp;<\/strong>Wy\u0142\u0105czenie z&nbsp;tego uprawnienia dotyczy wy\u0142\u0105cznie dokument\u00f3w i&nbsp;informacji, kt\u00f3rych&nbsp;jawno\u015b\u0107 zosta\u0142a zastrze\u017cona przez&nbsp;fundatora.<\/p>\n\n\n\n<p>Ustawa przewiduje, i\u017c&nbsp;\u015bwiadczenie od&nbsp;fundacji rodzinnej mo\u017ce zosta\u0107 przyznane pod&nbsp;warunkiem albo&nbsp;z&nbsp;zastrze\u017ceniem terminu. Jako przyk\u0142ad mo\u017cna wskaza\u0107&nbsp;warunek uko\u0144czenia studi\u00f3w, uko\u0144czenie okre\u015blonego wieku, stan zdrowia, narodziny wnuk\u00f3w itd.&nbsp;<strong>Ponadto ustawa przewiduje mechanizm polegaj\u0105cy na tym, i\u017c&nbsp;realizacja \u015bwiadczenia na&nbsp;rzecz beneficjenta nie&nbsp;mo\u017ce zagra\u017ca\u0107 wyp\u0142acalno\u015bci fundacji wobec jej wierzycieli nieb\u0119d\u0105cych jej beneficjentami<\/strong> i&nbsp;ka\u017cdorazowo jest uzale\u017cniona od&nbsp;bie\u017c\u0105cej sytuacji finansowej fundacji.<\/p>\n\n\n\n<h2 class=\"wp-block-heading\"><span class=\"ez-toc-section\" id=\"Zarzadzanie_fundacja_rodzinna_i_nadzor\"><\/span>Zarz\u0105dzanie fundacj\u0105 rodzinn\u0105 i&nbsp;nadz\u00f3r<span class=\"ez-toc-section-end\"><\/span><\/h2>\n\n\n\n<p>Ustawa przewiduje trzy organy fundacji spe\u0142niaj\u0105ce r\u00f3\u017cne role:<\/p>\n\n\n\n<ul class=\"wp-block-list\">\n<li>Zarz\u0105d<\/li>\n\n\n\n<li>Rad\u0119 Nadzorcz\u0105<\/li>\n\n\n\n<li>Zgromadzenie Beneficjent\u00f3w<\/li>\n<\/ul>\n\n\n\n<p><strong>Organem zarz\u0105dzaj\u0105cym fundacji rodzinnej jest zarz\u0105d &#8211; odpowiedzialny za&nbsp;realizacj\u0119 jej cel\u00f3w oraz&nbsp;odpowiednie gospodarowanie sk\u0142adnikami maj\u0105tku fundacji rodzinnej<\/strong>. Ustawa nie&nbsp;wyklucza, aby zarz\u0105d by\u0142 organem jednoosobowym.<\/p>\n\n\n\n<p>Organem nadzoru mo\u017ce by\u0107&nbsp;<strong>rada nadzorcza<\/strong>. Obowi\u0105zek powo\u0142ania rady nadzorczej powstaje jednak, gdy&nbsp;liczba beneficjent\u00f3w przekroczy 25 os\u00f3b. W&nbsp;innych sytuacjach powo\u0142anie rady nadzorczej jest zale\u017cne od&nbsp;woli fundatora.&nbsp;<strong>Cz\u0142onkiem rady nadzorczej mo\u017ce by\u0107 osoba fizyczna posiadaj\u0105ca pe\u0142n\u0105 zdolno\u015b\u0107 do&nbsp;czynno\u015bci prawnych<\/strong>. Beneficjenci, sprawuj\u0105ca funkcj\u0119 w&nbsp;organach fundacji rodzinnej, s\u0105 zobowi\u0105zani do&nbsp;przestrzegania statutu oraz&nbsp;uwzgl\u0119dniania woli fundatora, w&nbsp;takim samym stopniu jak cz\u0142onkowie tych organ\u00f3w nieposiadaj\u0105cy praw beneficjenta. Ustawa o&nbsp;fundacji rodzinnej przewiduje przy tym zakaz jednoczesnego zasiadania w&nbsp;zarz\u0105dzie oraz&nbsp;w&nbsp;radzie nadzorczej.<\/p>\n\n\n\n<h2 class=\"wp-block-heading\"><span class=\"ez-toc-section\" id=\"Zgromadzenie_beneficjentow_czyli_co_moze_rodzina\"><\/span>Zgromadzenie beneficjent\u00f3w, czyli co&nbsp;mo\u017ce rodzina<span class=\"ez-toc-section-end\"><\/span><\/h2>\n\n\n\n<figure class=\"wp-block-image size-large\"><img loading=\"lazy\" decoding=\"async\" width=\"1024\" height=\"683\" src=\"https:\/\/pragmatiq.pl\/zmianawarty\/wp-content\/uploads\/2022\/07\/Pomoc-prawna-w-przeksztalceniach-spolek-prawa-handlowego-1024x683.jpg\" alt=\"\" class=\"wp-image-3225\"\/><\/figure>\n\n\n\n<p>Ustawa o&nbsp;fundacji rodzinnej zak\u0142ada, i\u017c&nbsp;zgromadzenie beneficjent\u00f3w jest organem o&nbsp;charakterze pomocniczym i&nbsp;uzupe\u0142niaj\u0105cym.&nbsp;<strong>Zgromadzenie beneficjent\u00f3w mo\u017ce by\u0107 zwo\u0142ywane w&nbsp;przypadku wyst\u0105pienia okoliczno\u015bci faktycznych wymagaj\u0105cych podj\u0119cia decyzji przez&nbsp;beneficjent\u00f3w, w&nbsp;konkretnych, \u015bci\u015ble okre\u015blonych w&nbsp;ustawie b\u0105d\u017a statucie sprawach<\/strong>. Zadaniem zgromadzenia beneficjent\u00f3w jest w&nbsp;szczeg\u00f3lno\u015bci wybieranie sk\u0142adu poszczeg\u00f3lnych organ\u00f3w i&nbsp;zatwierdzanie sprawozdania finansowego oraz&nbsp;wyb\u00f3r audytora. Je\u017celi w&nbsp;fundacji rodzinnej ustanowiono rad\u0119 nadzorcz\u0105, cz\u0142onk\u00f3w tego organu po&nbsp;\u015bmierci fundatora powo\u0142uje zgromadzenie beneficjent\u00f3w. W&nbsp;zgromadzeniu beneficjent\u00f3w mo\u017ce wzi\u0105\u0107 udzia\u0142 ka\u017cdy beneficjent fundacji, kt\u00f3remu&nbsp;w&nbsp;statucie przyznano uprawnienie do&nbsp;uczestnictwa w&nbsp;nim. Decyzja w&nbsp;tym zakresie nale\u017cy do&nbsp;fundatora.<\/p>\n\n\n\n<h2 class=\"wp-block-heading\"><span class=\"ez-toc-section\" id=\"Czy_fundacja_rodzinna_nie_moze_wykonywac_dzialalnosci_gospodarczej\"><\/span>Czy&nbsp;fundacja rodzinna nie&nbsp;mo\u017ce wykonywa\u0107 dzia\u0142alno\u015bci gospodarczej?<span class=\"ez-toc-section-end\"><\/span><\/h2>\n\n\n\n<p>Polska fundacja rodzinna <strong>mo\u017ce prowadzi\u0107 dzia\u0142alno\u015b\u0107 gospodarcz\u0105, ale&nbsp;<u>w&nbsp;bardzo ograniczonym zakresie<\/u>. <\/strong>Pow\u00f3d?&nbsp;<strong>Fundacja rodzinna ma&nbsp;z&nbsp;za\u0142o\u017cenia chroni\u0107 posiadany maj\u0105tek, a&nbsp;prowadzenie dzia\u0142alno\u015bci gospodarczej wi\u0105\u017ce si\u0119 z&nbsp;ryzykiem jego utraty<\/strong>.<\/p>\n\n\n\n<p><strong>Fundacja powinna pe\u0142ni\u0107 rol\u0119 \u201einwestora pasywnego\u201d<\/strong>, a&nbsp;wi\u0119c&nbsp;realizowa\u0107 przedsi\u0119wzi\u0119cia gospodarcze przy u\u017cyciu innych podmiot\u00f3w, w&nbsp;kt\u00f3rych&nbsp;posiada udzia\u0142y, akcje, czy&nbsp;te\u017c og\u00f3\u0142 praw i&nbsp;obowi\u0105zk\u00f3w wsp\u00f3lnika sp\u00f3\u0142ki osobowej. Sama fundacja rodzinna mo\u017ce natomiast wynajmowa\u0107 nieruchomo\u015bci, uczestniczy\u0107 w&nbsp;funduszach inwestycyjnych, kupowa\u0107 akcje oraz&nbsp;obligacje, pobiera\u0107 odsetki z&nbsp;lokat bankowych, czy&nbsp;te\u017c czerpa\u0107 dochody z&nbsp;szeroko poj\u0119tych praw autorskich, licencji i&nbsp;patent\u00f3w.<\/p>\n\n\n\n<figure class=\"wp-block-image size-large\"><img loading=\"lazy\" decoding=\"async\" width=\"1024\" height=\"683\" src=\"https:\/\/pragmatiq.pl\/zmianawarty\/wp-content\/uploads\/2022\/07\/Pomoc-prawna-w-transakcjach-kupna-i-sprzedazy-firmy-1024x683.jpg\" alt=\"\" class=\"wp-image-3229\"\/><\/figure>\n\n\n\n<p>Przyk\u0142ady prowadzenia przez&nbsp;fundacj\u0119 dzia\u0142alno\u015bci gospodarczej:<\/p>\n\n\n\n<p><strong>Przyk\u0142ad 1<\/strong><\/p>\n\n\n\n<p>Przedsi\u0119biorca, kt\u00f3ry&nbsp;zamierza utworzy\u0107 fundacj\u0119 rodzinn\u0105 prowadzi jednoosobow\u0105&nbsp;dzia\u0142alno\u015b\u0107 gospodarcz\u0105. Z&nbsp;uwagi na&nbsp;to, \u017ce&nbsp;fundacja mo\u017ce prowadzi\u0107 dzia\u0142alno\u015b\u0107 gospodarcz\u0105 w&nbsp;bardzo ograniczonym zakresie, przedsi\u0119biorca planuj\u0105c sukcesj\u0119 w&nbsp;oparciu o&nbsp;fundacj\u0119 rodzinn\u0105 powinien dokona\u0107 reorganizacji swojej firmy. Nie&nbsp;jest bowiem mo\u017cliwe wniesienie do&nbsp;fundacji przedsi\u0119biorstwa prowadzonego w&nbsp;formie jednoosobowej dzia\u0142alno\u015bci.&nbsp;<strong>Przedsi\u0119biorca mo\u017ce wi\u0119c&nbsp;przyk\u0142adowo przekszta\u0142ci\u0107 dzia\u0142alno\u015b\u0107 gospodarcz\u0105 w&nbsp;sp\u00f3\u0142k\u0119 z&nbsp;ograniczon\u0105 odpowiedzialno\u015bci\u0105, a&nbsp;nast\u0119pnie wnie\u015b\u0107 udzia\u0142y przekszta\u0142conej sp\u00f3\u0142ki z&nbsp;o.o. do&nbsp;fundacji rodzinnej<\/strong>.<\/p>\n\n\n\n<p>Wi\u0119cej o&nbsp;skutkach podatkowych przekszta\u0142cenia dzia\u0142alno\u015bci w&nbsp;sp\u00f3\u0142k\u0119 z&nbsp;o.o. przeczytasz w&nbsp;artykule opublikowanym na&nbsp;naszym portalu&nbsp;<a target=\"_blank\" rel=\"noreferrer noopener\" href=\"http:\/\/Doradzamy.to\"><strong>Doradzamy.to<\/strong><\/a>&nbsp;pt.&nbsp;<a target=\"_blank\" rel=\"noreferrer noopener\" href=\"https:\/\/www.doradzamy.to\/artykuly\/przeksztalcenie-przedsiebiorcy-w-spolke-skutki-podatkowe\"><strong>Przekszta\u0142cenie przedsi\u0119biorcy w&nbsp;sp\u00f3\u0142k\u0119 \u2013 skutki podatkowe.<\/strong><\/a><\/p>\n\n\n\n<p><strong>Przyk\u0142ad 2<\/strong><\/p>\n\n\n\n<p>Fundator jest wsp\u00f3lnikiem w&nbsp;sp\u00f3\u0142ce z&nbsp;o.o. W&nbsp;takiej sytuacji mo\u017cliwe b\u0119dzie wniesienie udzia\u0142\u00f3w w&nbsp;sp\u00f3\u0142ce z&nbsp;o.o. do&nbsp;fundacji rodzinnej.<\/p>\n\n\n\n<h2 class=\"wp-block-heading\"><span class=\"ez-toc-section\" id=\"Aktualny_stan_prac_legislacyjnych_nad_fundacja_rodzinna\"><\/span>Aktualny stan prac legislacyjnych nad&nbsp;fundacj\u0105 rodzinn\u0105<span class=\"ez-toc-section-end\"><\/span><\/h2>\n\n\n\n<p>Pocz\u0105tkowa koncepcja fundacji rodzinnej ukaza\u0142a si\u0119 w projekcie ustawy z&nbsp;dnia 15 pa\u017adziernika 2021 roku opublikowanym w&nbsp;<a target=\"_blank\" rel=\"noreferrer noopener\" href=\"https:\/\/legislacja.rcl.gov.pl\/docs\/\/2\/12344906\/12774288\/12774289\/dokument525891.pdf\">Biuletynie Informacji Publicznej Rz\u0105dowego Centrum Legislacji<\/a>.<\/p>\n\n\n\n<p>Wi\u0119cej o&nbsp;projekcie ustawy o&nbsp;fundacji rodzinnej mo\u017cesz przeczyta\u0107 w&nbsp;naszym artykule <a target=\"_blank\" rel=\"noreferrer noopener\" href=\"https:\/\/pragmatiq.pl\/zmianawarty\/fundacja-rodzinna-projekt-ustawy\/\">Fundacja rodzinna projekt ustawy<\/a>.<\/p>\n\n\n\n<p>Wed\u0142ug za\u0142o\u017ce\u0144 projekt ustawy mia\u0142 trafi\u0107 do&nbsp;Parlamentu w&nbsp;pa\u017adzierniku 2022 r. a&nbsp;ustawa wej\u015b\u0107 w&nbsp;\u017cycie 1 stycznia 2023 r. Prace nad&nbsp;ustaw\u0105 jednak nieco si\u0119 przeci\u0105gn\u0119\u0142y \u2013 Sejm uchwali\u0142 pierwotn\u0105 wersj\u0119 ustawy 14 grudnia 2022 roku. Tutaj mo\u017cna zapozna\u0107 si\u0119 z&nbsp;jej tekstem: <a target=\"_blank\" rel=\"noreferrer noopener\" href=\"http:\/\/orka.sejm.gov.pl\/opinie9.nsf\/dok?OpenAgent&amp;2798_u\"><strong>Ustawa o&nbsp;fundacji rodzinnej<\/strong><\/a><strong><em>.<\/em><\/strong><\/p>\n\n\n\n<p>W&nbsp;styczniu 2023 roku ustaw\u0105 zaj\u0105\u0142 si\u0119 Senat i&nbsp;zaproponowa\u0142 swoje zmiany \u2013 mo\u017cna znale\u017a\u0107 je&nbsp;tutaj: <a target=\"_blank\" rel=\"noreferrer noopener\" href=\"https:\/\/www.senat.gov.pl\/download\/gfx\/senat\/pl\/senatuchwaly\/4972\/plik\/888uch.pdf\"><strong>Poprawki Senatu<em>.<\/em><\/strong><\/a><\/p>\n\n\n\n<p><strong>26 stycznia 2023 roku Sejm przyj\u0105\u0142 ustaw\u0119 o fundacji rodzinnej &#8211; mo\u017cna znale\u017a\u0107 j\u0105 <\/strong><a target=\"_blank\" rel=\"noreferrer noopener\" href=\"http:\/\/orka.sejm.gov.pl\/opinie9.nsf\/nazwa\/2798_u\/$file\/2798_u.pdf\"><strong>tutaj<\/strong><\/a><strong>.<\/strong><\/p>\n\n\n\n<p>W dniu 6 lutego 2023 roku Prezydent podpisa\u0142 ustaw\u0119.<\/p>\n\n\n\n<p>O&nbsp;potrzebie wprowadzenia fundacji prywatnej w&nbsp;Polsce pisali\u015bmy ju\u017c jaki\u015b czas temu w&nbsp;ksi\u0105\u017cce Zmiana Warty \u2013 praktycznie o&nbsp;sukcesji w&nbsp;Twojej&nbsp;firmie, a&nbsp;tak\u017ce na&nbsp;naszym blogu w&nbsp;artykule&nbsp;<a target=\"_blank\" rel=\"noreferrer noopener\" href=\"https:\/\/pragmatiq.pl\/zmianawarty\/czy-zalozenie-fundacji-prywatnej-jest-sposobem-na-zaplanowanie-sukcesji-majatkowej\/\">Czy&nbsp;za\u0142o\u017cenie fundacji prywatnej jest sposobem na&nbsp;zaplanowanie sukcesji maj\u0105tkowej?<\/a><\/p>\n\n\n\n<p><strong>1. B\u0119dzie istnia\u0142a mo\u017cliwo\u015b\u0107 utworzenia fundacji wy\u0142\u0105cznie przez&nbsp;osoby fizyczne.<\/strong><\/p>\n\n\n\n<p>Za\u0142o\u017cenie zosta\u0142o utrzymane pomimo g\u0142os\u00f3w o&nbsp;koniczno\u015bci dopuszczenia mo\u017cliwo\u015bci tworzenia fundacji tak\u017ce przez&nbsp;osoby prawne. Aktualnie ustawa o&nbsp;fundacji rodzinnej przewiduje mo\u017cliwo\u015b\u0107 za\u0142o\u017cenia fundacji wy\u0142\u0105cznie przez&nbsp;osoby fizyczne.<\/p>\n\n\n\n<p><strong>2. Potrzebna jest zmiana nazwy tej&nbsp;nowej formy prawnej <\/strong>\u2013 pojawia\u0142y si\u0119 g\u0142osy od&nbsp;organizacji pozarz\u0105dowych, \u017ce&nbsp;fundacja rodzinna mo\u017ce by\u0107 mylona z&nbsp;fundacjami dzia\u0142aj\u0105cymi w&nbsp;celach dobroczynnych.<\/p>\n\n\n\n<p>Nazwa nie&nbsp;uleg\u0142a zmianie. Aktualnie ustawa wci\u0105\u017c przewiduje okre\u015blenie \u201efundacja rodzinna\u201d.<\/p>\n\n\n\n<p><strong>3. Fundacja rodzinna nie&nbsp;b\u0119dzie mog\u0142a prowadzi\u0107 dzia\u0142alno\u015bci gospodarczej, <\/strong>gdy\u017c&nbsp;wi\u0105\u017ce si\u0119 to&nbsp;z&nbsp;ryzykiem utraty maj\u0105tku, a&nbsp;fundacja rodzinna ma&nbsp;chroni\u0107 integralno\u015b\u0107 posiadanego maj\u0105tku. Fundacja rodzinna powinna pozosta\u0107 tzw. \u201einwestorem pasywnym\u201d realizuj\u0105cym przedsi\u0119wzi\u0119cia gospodarcze przy u\u017cyciu innych podmiot\u00f3w prawa, w&nbsp;kt\u00f3rych&nbsp;posiada udzia\u0142y, akcje.<\/p>\n\n\n\n<p>Za\u0142o\u017cenie <strong>uleg\u0142o zmianie.<\/strong> Aktualnie planuje si\u0119, aby fundacja rodzinna mia\u0142a mo\u017cliwo\u015b\u0107 prowadzenia dzia\u0142alno\u015bci gospodarczej w&nbsp;ograniczonym, ma\u0142o ryzykownym zakresie. Aby u\u0142atwi\u0107 korzystanie i&nbsp;czerpanie zysk\u00f3w z&nbsp;maj\u0105tku rodzinnego, fundacja b\u0119dzie mog\u0142a wynajmowa\u0107 nieruchomo\u015bci, uczestniczy\u0107 w&nbsp;sp\u00f3\u0142kach handlowych czy&nbsp;funduszach inwestycyjnych, kupowa\u0107 i&nbsp;sprzedawa\u0107 akcje i&nbsp;obligacje, pobiera\u0107 odsetki z&nbsp;lokat bankowych, czy&nbsp;te\u017c czerpa\u0107 dochody z&nbsp;szeroko poj\u0119tych praw autorskich, licencji i&nbsp;patent\u00f3w.<\/p>\n\n\n\n<p><strong>4. Fundacja rodzinna powinna by\u0107 wyposa\u017cona w&nbsp;minimalny fundusz za\u0142o\u017cycielski <\/strong>\u2013 w&nbsp;maj\u0105tek pozwalaj\u0105cy na&nbsp;spe\u0142nienie wyznaczonego jej przez&nbsp;fundatora celu.<\/p>\n\n\n\n<p>Za\u0142o\u017cenie zosta\u0142o utrzymane. Aktualnie przewiduje si\u0119 obowi\u0105zek wyposa\u017cenia fundacji rodzinnej w&nbsp;fundusz za\u0142o\u017cycielski w&nbsp;wysoko\u015bci co&nbsp;najmniej 100&nbsp;000 z\u0142.<\/p>\n\n\n\n<p><strong>5. Nie&nbsp;przewiduje si\u0119 rezygnacji z&nbsp;zachowku<\/strong>, ale&nbsp;rozwa\u017cana jest mo\u017cliwo\u015b\u0107 roz\u0142o\u017cenia zachowku na&nbsp;raty. Ewentualne zmiany dotycz\u0105ce zachowku wymagaj\u0105 zmiany Kodeksu cywilnego. Prawo do&nbsp;zachowku nie&nbsp;powinno pozbawia\u0107 fundacji rodzinnej mo\u017cliwo\u015bci realizacji wyznaczonych jej cel\u00f3w, niemniej uprawnieni do&nbsp;zachowku beneficjenci fundacji rodzinnej nie&nbsp;mog\u0105 z&nbsp;tego tytu\u0142u pozosta\u0107 bez&nbsp;ochrony prawnej, jak\u0105 gwarantuje zachowek.<\/p>\n\n\n\n<p>Za\u0142o\u017cenie zosta\u0142o utrzymane. Aktualnie ustawa o&nbsp;fundacji rodzinnej przewiduje nowelizacj\u0119 przepis\u00f3w Kodeksu cywilnego w&nbsp;tym mo\u017cliwo\u015b\u0107 odroczenia terminu p\u0142atno\u015bci lub roz\u0142o\u017cenia zachowku na&nbsp;raty (na&nbsp;okres do&nbsp;5 lat), a&nbsp;w&nbsp;szczeg\u00f3lnych przypadkach \u2013 obni\u017cenia jego wysoko\u015bci. Nie&nbsp;wprowadzono jednak ustawowego zmniejszenia wysoko\u015bci zachowku.<\/p>\n\n\n\n<p><strong>6. Wprowadzenie solidarnej odpowiedzialno\u015bci fundatora i&nbsp;fundacji rodzinnej za&nbsp;zobowi\u0105zania powsta\u0142e przed&nbsp;przeniesieniem maj\u0105tku do&nbsp;fundacji. Ma&nbsp;to&nbsp;na&nbsp;celu ochron\u0119 wierzycieli osobistych fundatora.<\/strong><\/p>\n\n\n\n<p>Za\u0142o\u017cenie zosta\u0142o utrzymane. Aktualnie ustawa o&nbsp;fundacji rodzinnej przewiduje odpowiedzialno\u015b\u0107 fundatora i&nbsp;fundacji rodzinnej za&nbsp;zobowi\u0105zania wynik\u0142e przed&nbsp;przeniesieniem maj\u0105tku do&nbsp;fundacji.<\/p>\n\n\n\n<p>7. <strong>Podatki w&nbsp;fundacji rodzinnej<\/strong><\/p>\n\n\n\n<p>Aktualne za\u0142o\u017cenia ustawy przewiduj\u0105, i\u017c&nbsp;wk\u0142ady do&nbsp;fundacji nie&nbsp;b\u0119d\u0105 opodatkowane.<strong> Wyp\u0142aty na&nbsp;rzecz os\u00f3b najbli\u017cej spokrewnionych z&nbsp;fundatorem b\u0119d\u0105 zwolnienie od&nbsp;podatku od&nbsp;spadk\u00f3w i&nbsp;darowizn<\/strong>. Pozostali beneficjenci b\u0119d\u0105 opodatkowani 15% PIT. Fundacja rodzinna nie&nbsp;b\u0119dzie mog\u0142a jednak skorzysta\u0107 z&nbsp;obni\u017conej stawki CIT (9%), ani zwolnienia dywidendowego.<\/p>\n\n\n\n<p>W toku procesu legislacyjnego przez d\u0142ugi czas nie uregulowano kwestii <strong>opodatkowania maj\u0105tku likwidacyjnego. <\/strong>Ostatecznie ustalono, \u017ce podatek nie b\u0119dzie liczony od ca\u0142ej warto\u015bci maj\u0105tku fundacji rodzinnej, a jedynie od <strong>kwoty przyrostu warto\u015bci mienia<\/strong> ponad warto\u015b\u0107, jak\u0105 to mienie mia\u0142o w momencie wniesienia do fundacji.<\/p>\n\n\n\n<p><strong>8. Czy&nbsp;do&nbsp;fundacji rodzinnej b\u0119dzie mo\u017cna wnie\u015b\u0107 inne aktywa ni\u017c udzia\u0142y, akcje i&nbsp;pieni\u0105dze?<\/strong><\/p>\n\n\n\n<p>Tak, mo\u017cna wyposa\u017cy\u0107 j\u0105&nbsp;we&nbsp;wszelkie rzeczy i&nbsp;prawa maj\u0105tkowe w&nbsp;rozumieniu Kodeksu cywilnego, wi\u0119c&nbsp;r\u00f3wnie\u017c np.&nbsp;nieruchomo\u015bci lub dzie\u0142a sztuki.<\/p>\n\n\n\n<p><strong>Czy&nbsp;fundacja rodzinna b\u0119dzie mia\u0142a wsp\u00f3lnik\u00f3w?<\/strong><\/p>\n\n\n\n<p>Nie, pozwoli to&nbsp;unikn\u0105\u0107 ryzyka utraty kontroli nad&nbsp;prawami maj\u0105tkowymi i&nbsp;umo\u017cliwi zachowanie rodzinnego charakteru firmy.<\/p>\n\n\n\n<p><strong>Czy&nbsp;fundacja rodzinna zabezpiecza cele rodzinne?<\/strong><\/p>\n\n\n\n<p>Tak, fundacja b\u0119dzie mog\u0142a realizowa\u0107 przedsi\u0119wzi\u0119cia kluczowe dla rodziny.<\/p>\n\n\n\n<p><strong>Czy&nbsp;sukcesj\u0119 w&nbsp;modelu fundacji rodzinnej mo\u017cna przeprowadzi\u0107 wielokrotnie?<\/strong><\/p>\n\n\n\n<p>Nie, sukcesje w&nbsp;modelu fundacji rodzinnej odbywa si\u0119 przy jej utworzeniu \u2013 tylko&nbsp;jeden raz.<\/p>\n\n\n\n<p><strong>Czy&nbsp;fundacja rodzinna ogranicza wskazanie beneficjent\u00f3w fundacji?<\/strong><\/p>\n\n\n\n<p>Nie, fundacja rodzinna nie&nbsp;narzuca kto ma&nbsp;zosta\u0107 beneficjentem fundacji rodzinnej i&nbsp;umo\u017cliwia zachowanie du\u017cej elastyczno\u015bci zar\u00f3wno w&nbsp;wskazywaniu kr\u0119gu beneficjent\u00f3w jak i&nbsp;podejmowaniu decyzji strategicznych.<\/p>\n\n\n\n<p>Wi\u0119cej o&nbsp;zmianach dotycz\u0105cych zachowku w&nbsp;firmie rodzinnej piszemy w&nbsp;artykule: <a target=\"_blank\" rel=\"noreferrer noopener\" href=\"https:\/\/pragmatiq.pl\/zmianawarty\/zachowek-w-firmie-rodzinnej-jak-sprawiedliwie-podzielic-swoj-majatek-zachowujac-trwalosc-biznesu\/\"><strong><em>Zachowek w&nbsp;firmie rodzinnej \u2013 jak sprawiedliwie podzieli\u0107 sw\u00f3j maj\u0105tek, zachowuj\u0105c trwa\u0142o\u015b\u0107 biznesu?<\/em><\/strong><\/a><\/p>\n\n\n\n<h2 class=\"wp-block-heading\"><span class=\"ez-toc-section\" id=\"Prace_nad_ustawa_w_Sejmie_%E2%80%93_Grudzien_2022\"><\/span>Prace nad&nbsp;ustaw\u0105 w&nbsp;Sejmie \u2013 Grudzie\u0144 2022<span class=\"ez-toc-section-end\"><\/span><\/h2>\n\n\n\n<p>Nale\u017cy pami\u0119ta\u0107, \u017ce&nbsp;wszelkie przedstawione powy\u017cej informacje wynikaj\u0105 z&nbsp;projektu ustawy o&nbsp;fundacji rodzinnej z&nbsp;dnia <strong>14 grudnia 2022 roku oraz&nbsp;z&nbsp;informacji otrzymanych od&nbsp;os\u00f3b pracuj\u0105cych nad&nbsp;jej projektem. <\/strong>Z&nbsp;racji tego, \u017ce&nbsp;proces legislacyjny wci\u0105\u017c trwa, ostateczne rozwi\u0105zania prawne mog\u0105 r\u00f3\u017cni\u0107 si\u0119 od&nbsp;zaprezentowanych powy\u017cej. Zapewniamy jednak, \u017ce&nbsp;monitorujemy prace dotycz\u0105ce fundacji rodzinnych i&nbsp;b\u0119dziemy na&nbsp;bie\u017c\u0105co aktualizowa\u0107 artyku\u0142.<\/p>\n\n\n\n<h2 class=\"wp-block-heading\"><span class=\"ez-toc-section\" id=\"Prace_nad_ustawa_w_Senacie_%E2%80%93_Styczen_2023\"><\/span>Prace nad&nbsp;ustaw\u0105 w&nbsp;Senacie \u2013 Stycze\u0144 2023<span class=\"ez-toc-section-end\"><\/span><\/h2>\n\n\n\n<p><strong>Fundacja rodzinna \u2013 Senat jednog\u0142o\u015bnie przyj\u0105\u0142 poprawki!<\/strong><\/p>\n\n\n\n<p>Senat wprowadzi\u0142 a\u017c&nbsp;71 poprawek do&nbsp;ustawy \u2013 mimo \u017ce&nbsp;wi\u0119kszo\u015b\u0107 z&nbsp;nich ma&nbsp;charakter techniczny, to&nbsp;wprowadzono r\u00f3wnie\u017c&nbsp;<strong>3 kluczowe zmiany<\/strong>&nbsp;w kwestii funkcjonowania fundacji.<\/p>\n\n\n\n<ol class=\"wp-block-list\">\n<li>Dopuszczono mo\u017cliwo\u015b\u0107 skorzystania z&nbsp;esto\u0144skiego CIT w&nbsp;sp\u00f3\u0142kach w&nbsp;ramach fundacji rodzinnej!<\/li>\n\n\n\n<li>Wy\u0142\u0105czono fundacj\u0119 rodzinn\u0105 z&nbsp;podlegania podatkowi przychodowemu od&nbsp;budynk\u00f3w \u2013 obj\u0119cie podatkiem zosta\u0142o wprowadzone dopiero w&nbsp;Sejmie, natomiast Senat dostrzeg\u0142 tu&nbsp;niekonsekwencj\u0119 legislacyjn\u0105 i&nbsp;usun\u0105\u0142 fundacj\u0119 rodzinn\u0105 z&nbsp;zakresu podatku od&nbsp;budynk\u00f3w (skoro fundacja jest zasadniczo zwolniona z&nbsp;CIT, to&nbsp;nie&nbsp;powinna podlega\u0107 zw\u0142aszcza podatkom przychodowym)<\/li>\n\n\n\n<li>Dopuszczono mo\u017cliwo\u015b\u0107 korzystnego wniesienia do&nbsp;fundacji rodzinnej mienia posiadanego przez&nbsp;zagraniczn\u0105 fundacj\u0119 prywatn\u0105 \u2013 umo\u017cliwi to&nbsp;powr\u00f3t do&nbsp;Polski kapita\u0142u polskich przedsi\u0119biorc\u00f3w rodzinnych, kt\u00f3rzy&nbsp;w&nbsp;oczekiwaniu na&nbsp;wdro\u017cenie odpowiednich rozwi\u0105za\u0144 sukcesyjnych skorzystali z&nbsp;fundacji zagranicznych.<\/li>\n<\/ol>\n\n\n\n<p>Senatorzy zaproponowali r\u00f3wnie\u017c rozwi\u0105zanie prawne, aby po&nbsp;up\u0142ywie trzech lat od&nbsp;wej\u015bcia w&nbsp;\u017cycie ustawy&nbsp;<strong>Rada Ministr\u00f3w dokona\u0142a przegl\u0105du funkcjonowania przepis\u00f3w<\/strong>&nbsp;i przed\u0142o\u017cy\u0142a Sejmowi i&nbsp;Senatowi informacj\u0119 o&nbsp;skutkach jej obowi\u0105zywania wraz z&nbsp;propozycjami zmian.<\/p>\n\n\n\n<p>Z wszystkimi poprawkami zaproponowanymi przez&nbsp;Senat mo\u017cna zapozna\u0107 si\u0119 tutaj: <a target=\"_blank\" rel=\"noreferrer noopener\" href=\"https:\/\/www.senat.gov.pl\/download\/gfx\/senat\/pl\/senatuchwaly\/4972\/plik\/888uch.pdf\">Poprawki Senatu<\/a>.<\/p>\n\n\n\n<h2 class=\"wp-block-heading\"><span class=\"ez-toc-section\" id=\"Ostateczna_wersja_ustawy_%E2%80%93_ponowne_prace_w_Sejmie_%E2%80%93_Styczen_2023\"><\/span><strong>Ostateczna wersja ustawy &#8211; ponowne prace w Sejmie &#8211; Stycze\u0144 2023<\/strong><span class=\"ez-toc-section-end\"><\/span><\/h2>\n\n\n\n<p>Sejm przyj\u0105\u0142 wi\u0119kszo\u015b\u0107 poprawek Senatu i <strong>w dniu 26 stycznia uchwali\u0142 Ustaw\u0119<\/strong>. Jednak &nbsp;<strong>3 kluczowe zmiany<\/strong>&nbsp;w kwestii funkcjonowania fundacji zaproponowane przez Senat, o kt\u00f3rych pisali\u015bmy powy\u017cej, zosta\u0142y odrzucone przez Sejm.<\/p>\n\n\n\n<p>Najwa\u017cniejsze poprawki to:<\/p>\n\n\n\n<ul class=\"wp-block-list\">\n<li>brak mo\u017cliwo\u015bci skorzystania z&nbsp;esto\u0144skiego CIT w&nbsp;sp\u00f3\u0142kach w&nbsp;ramach fundacji rodzinnej<\/li>\n\n\n\n<li>brak zwolnienia od podlegania podatkowi przychodowemu od&nbsp;budynk\u00f3w<\/li>\n\n\n\n<li>niedopuszczenie mo\u017cliwo\u015bci korzystnego wniesienia do&nbsp;fundacji rodzinnej mienia posiadanego przez&nbsp;zagraniczn\u0105 fundacj\u0119 prywatn\u0105<\/li>\n<\/ul>\n\n\n\n<p>Ustaw\u0119 uchwalon\u0105 przez&nbsp;Sejm mo\u017cna znale\u017a\u0107 pod&nbsp;linkiem: <a target=\"_blank\" rel=\"noreferrer noopener\" href=\"http:\/\/orka.sejm.gov.pl\/opinie9.nsf\/dok?OpenAgent&amp;2798_u\">Ustawa o&nbsp;fundacji rodzinnej<\/a>.<\/p>\n\n\n\n<h2 class=\"wp-block-heading\"><span class=\"ez-toc-section\" id=\"Podpis_Prezydenta_%E2%80%93_Luty_2023\"><\/span>Podpis Prezydenta \u2013 Luty 2023<span class=\"ez-toc-section-end\"><\/span><\/h2>\n\n\n\n<p>Przyj\u0119ta przez Sejm Ustaw\u0119 6 lutego 2023 roku podpisa\u0142 Prezydent RP. Ostatnim pozosta\u0142ym elementem na kt\u00f3ry oczekujemy jest opublikowanie jej w dzienniku ustaw. Umo\u017cliwi to dok\u0142adne okre\u015blenie dnia, w kt\u00f3rym uchwalone rozwi\u0105zania wejd\u0105 w \u017cycie.<\/p>\n\n\n\n<p>Szczeg\u00f3\u0142owe om\u00f3wienie powy\u017cszych kwestii znajdziesz w&nbsp;najnowszym wydaniu naszej ksi\u0105\u017cki \u201eZmiana warty\u201d, kt\u00f3rej&nbsp;premiera nast\u0105pi ju\u017c w&nbsp;2023 roku.&nbsp;<br><\/p>\n\n\n\n<h2 class=\"wp-block-heading\"><span class=\"ez-toc-section\" id=\"Nowelizacja_ustawy_o_fundacji_rodzinnej_%E2%80%93_zmiany_w_podatkach_%E2%80%93_kwiecien_2023\"><\/span>Nowelizacja ustawy o fundacji rodzinnej \u2013 zmiany w podatkach \u2013 kwiecie\u0144 2023<span class=\"ez-toc-section-end\"><\/span><\/h2>\n\n\n\n<p><strong>Parlament uchwali\u0142 nowelizacj\u0119 ustawy o fundacji rodzinnej<\/strong>. Zmiany maj\u0105 na celu przede wszystkim <strong>uszczelnienie systemu opodatkowania fundacji rodzinnej<\/strong>, ale tak\u017ce wprowadzaj\u0105 dodatkowe preferencje dla rodziny fundatora.<\/p>\n\n\n\n<p>Projekt nowelizacji ustawy o fundacji rodzinnej zosta\u0142 przyj\u0119ty przez Sejm 9 marca 2023 r., po czym skierowano go do Senatu. Senatorowie zaproponowali wprowadzenie zmian, odnosz\u0105cych si\u0119 r\u00f3wnie\u017c do przepis\u00f3w o fundacji rodzinnej, z uwagi na ich potencjaln\u0105 niekonstytucyjno\u015b\u0107 (naruszenie zasady wykonywania inicjatywy ustawodawczej oraz rozpatrywania projektu ustawy w trzech czytaniach). Na posiedzeniu, kt\u00f3re odby\u0142o si\u0119 14 kwietnia 2023 r., pos\u0142owie zdecydowali si\u0119 przyj\u0105\u0107 tylko jedn\u0105 poprawk\u0119 o charakterze redakcyjnym, odrzucili za\u015b zmiany merytoryczne, kt\u00f3re odnosi\u0142y si\u0119 m.in. do regulacji dotycz\u0105cych fundacji rodzinnej. Taka decyzja sprawi\u0142a, \u017ce projekt ustawy zosta\u0142 skierowany do podpisu Prezydenta.<\/p>\n\n\n\n<p>Najwa\u017cniejsze zmiany to:<\/p>\n\n\n\n<ol class=\"wp-block-list\">\n<li>beneficjenci fundacji rodzinnej, kt\u00f3rzy nale\u017c\u0105 do <strong>I lub II grupy podatkowej&nbsp;<\/strong>(w relacji do fundatora) wed\u0142ug ustawy o podatku od spadk\u00f3w i darowizn zap\u0142ac\u0105 podatek <strong>PIT 10%<\/strong>.<\/li>\n\n\n\n<li><strong>beneficjent &nbsp;<\/strong>fundacji rodzinnej <strong>mo\u017ce by\u0107 udzia\u0142owcem sp\u00f3\u0142ki rozliczaj\u0105cej si\u0119 tzw. esto\u0144skim CIT<\/strong>. Sama fundacja rodzinna jednak dalej nie mo\u017ce by\u0107 udzia\u0142owcem sp\u00f3\u0142ki na esto\u0144skim CIT.<\/li>\n\n\n\n<li>fundacja rodzinna zap\u0142aci <strong>19% CIT od przychod\u00f3w z najmu\/dzier\u017cawy przedsi\u0119biorstwa<\/strong>, zorganizowanej cz\u0119\u015bci przedsi\u0119biorstwa lub sk\u0142adnika maj\u0105tku s\u0142u\u017c\u0105cego prowadzeniu dzia\u0142alno\u015bci gospodarczej przez beneficjenta fundacji rodzinnej, fundatora lub inny podmiot powi\u0105zany. <strong>Zap\u0142acony podatek pomniejszy podatki p\u0142acone wed\u0142ug stawki 15%.<\/strong><\/li>\n\n\n\n<li>fundacja rodzinna zap\u0142aci <strong>15% CIT,<\/strong> gdy wyp\u0142aci \u015bwiadczenia w postaci <strong>ukrytych zysk\u00f3w.<\/strong><\/li>\n<\/ol>\n\n\n\n<p><strong>Ukryte zyski wyst\u0105pi\u0105 przy niekt\u00f3rych transakcjach mi\u0119dzy fundacj\u0105 rodzinn\u0105 a podmiotami z ni\u0105 powi\u0105zanymi<\/strong> (beneficjentami, fundatorem i innymi), opodatkowaniu b\u0119d\u0105 podlega\u0142y m. in.:<\/p>\n\n\n\n<ol class=\"wp-block-list\">\n<li>odsetki, prowizje, wynagrodzenia i inne op\u0142aty od ka\u017cdej po\u017cyczki udzielonej fundacji rodzinnej przez podmiot powi\u0105zany;<\/li>\n\n\n\n<li>darowizny lub inne nieodp\u0142atne lub cz\u0119\u015bciowo odp\u0142atne \u015bwiadczenia, inne ni\u017c \u015bwiadczenia z ustawy o fundacji rodzinnej;<\/li>\n\n\n\n<li>kwota po\u017cyczki udzielonej przez fundacj\u0119 rodzinn\u0105 beneficjentowi na okres co najmniej 10 lat;<\/li>\n\n\n\n<li>nadwy\u017cka ponad warto\u015b\u0107 rynkow\u0105 transakcji.<\/li>\n<\/ol>\n\n\n\n<p>Zmiany wejd\u0105 w \u017cycie wraz z fundacj\u0105 rodzinn\u0105, czyli 22 maja 2023 roku. Zmiany w fundacji rodzinnej wprowadza art. 18 <a href=\"https:\/\/orka.sejm.gov.pl\/proc9.nsf\/ustawy\/2992_u.htm\" target=\"_blank\" rel=\"noreferrer noopener\">ustawy z dn. 14.04.2023 o zmianie ustawy o funduszach inwestycyjnych i zarz\u0105dzaniu alternatywnymi funduszami inwestycyjnymi, ustawy o&nbsp;obligacjach, ustawy o Bankowym Funduszu Gwarancyjnym, systemie gwarantowania depozyt\u00f3w oraz przymusowej restrukturyzacji oraz niekt\u00f3rych innych ustaw<\/a>.<\/p>\n\n\n\n<p><strong>Je\u017celi masz pytania dotycz\u0105ce sukcesji firmy&nbsp;<\/strong><a href=\"https:\/\/pragmatiq.pl\/zmianawarty\/fundacja-rodzinna-aktualny-stan-prac\/#kontakt\" target=\"_blank\" rel=\"noreferrer noopener\"><strong>skontaktuj si\u0119 z&nbsp;nami.<\/strong><\/a><\/p>\n\n\n\n<p>Czytaj wi\u0119cej o fundacji rodzinnej:<\/p>\n\n\n\n<p><a href=\"https:\/\/pragmatiq.pl\/zmianawarty\/pomoc-prawna-przy-zakladaniu-i-prowadzeniu-fundacji-rodzinnej\/\" target=\"_blank\" rel=\"noreferrer noopener\">Pomoc prawna przy zak\u0142adaniu i prowadzeniu fundacji rodzinnej<br><\/a><a href=\"https:\/\/pragmatiq.pl\/zmianawarty\/fundacja-prywatna-aktualne-prace-ministerstwa-rozwoju\/\" target=\"_blank\" rel=\"noreferrer noopener\">Fundacja prywatna \u2013 aktualne prace Ministerstwa Rozwoju<\/a><\/p>\n\n\n\n<p>Krzysztof Binkowski<\/p>\n\n\n\n<p>Konrad Sawczuk<\/p>\n\n\n\n<p>Jacek Mi\u0142aszewski<\/p>\n\n\n\n&#8222;<script type=\"\"application\/ld+json\"\">{\n  \"\"@context\"\": \"\"http:\/\/schema.org\"\",\n  \"\"@type\"\": \"\"FAQPage\"\",\n  \"\"@id\"\": \"\"https:\/\/pragmatiq.pl\/zmianawarty\/fundacja-rodzinna-czym-bedzie-i-dlaczego-ma-pojawic-sie-w-polsce\/\"\",\n  \"\"mainEntity\"\": [\n    {\n      \"\"@type\"\": \"\"Question\"\",\n      \"\"name\"\": \"\"Jakie korzy\u015bci wynikaj\u0105 z za\u0142o\u017cenia fundacji rodzinnej?\"\",\n      \"\"acceptedAnswer\"\": {\n        \"\"@type\"\": \"\"Answer\"\",\n        \"\"text\"\": \"\"Maj\u0105tek rodzinny kt\u00f3rym zarz\u0105dzaj\u0105 przedsi\u0119biorcy, dzi\u0119ki rozwi\u0105zaniom fundacji mo\u017ce by\u0107 przekazany nast\u0119pnym pokoleniom bez obaw o jego rozdrobnienie, czy rozpad rodzinnej firmy prowadzonej od wielu lat.\"\"\n      }\n    },\n    {\n      \"\"@type\"\": \"\"Question\"\",\n      \"\"name\"\": \"\"Kto mo\u017ce by\u0107 za\u0142o\u017cycielem fundacji rodzinnej?\"\",\n      \"\"acceptedAnswer\"\": {\n        \"\"@type\"\": \"\"Answer\"\",\n        \"\"text\"\": \"\"Ustawa o fundacji rodzinnej przewiduje, i\u017c za\u0142o\u017cycielem fundacji rodzinnej mo\u017ce by\u0107 wy\u0142\u0105cznie osoba fizyczna posiadaj\u0105ca pe\u0142n\u0105 zdolno\u015b\u0107 do czynno\u015bci prawnych.\"\"\n      }\n    },\n    {\n      \"\"@type\"\": \"\"Question\"\",\n      \"\"name\"\": \"\"Czy fundacja rodzinna nie mo\u017ce wykonywa\u0107 dzia\u0142alno\u015bci gospodarczej?\"\",\n      \"\"acceptedAnswer\"\": {\n        \"\"@type\"\": \"\"Answer\"\",\n        \"\"text\"\": \"\"Polska fundacja rodzinna mo\u017ce prowadzi\u0107 dzia\u0142alno\u015b\u0107 gospodarcz\u0105, ale w bardzo ograniczonym zakresie.\"\"\n      }\n    }\n  ]\n}<\/script>&#8221;\n","protected":false},"excerpt":{"rendered":"<p>Fundacja rodzinna sposobem na&nbsp;ci\u0105g\u0142o\u015b\u0107 firmy Dotychczas w\u0142a\u015bciciele&nbsp;firm rodzinnych&nbsp;mieli ograniczone mo\u017cliwo\u015bci przekazania swojego biznesu.&nbsp;Mogli darowa\u0107 albo&nbsp;przekaza\u0107 w&nbsp;spadku swoje przedsi\u0119biorstwo wybranej osobie albo&nbsp;osobom. Zapewnia\u0142o to&nbsp;jednak sukcesj\u0119 tylko&nbsp;w&nbsp;drugim pokoleniu &#8211; nie spos\u00f3b by\u0142o wp\u0142yn\u0105\u0107 na&nbsp;dalsz\u0105 przysz\u0142o\u015b\u0107 przedsi\u0119biorstwa i&nbsp;zgromadzonego dzi\u0119ki niemu maj\u0105tkowi. Niekiedy, dla zapewnienia sukcesji wykorzystuje si\u0119 rozwi\u0105zania holdingowe. Budowa takich z\u0142o\u017conych struktur wymaga jednak znacznych koszt\u00f3w. Co&nbsp;wi\u0119cej, &hellip; <\/p>\n<p class=\"link-more\"><a href=\"https:\/\/pragmatiq.pl\/zmianawarty\/fundacja-rodzinna-czym-bedzie-i-dlaczego-ma-pojawic-sie-w-polsce\/\" class=\"more-link\">Continue reading<span class=\"screen-reader-text\"> &#8222;Fundacja rodzinna \u2013 czym jest i dlaczego ma pojawi\u0107 si\u0119 w Polsce?&#8221;<\/span><\/a><\/p>\n","protected":false},"author":27,"featured_media":0,"comment_status":"open","ping_status":"open","sticky":false,"template":"","format":"standard","meta":{"footnotes":""},"categories":[182,4],"tags":[74,183,174],"class_list":["post-2872","post","type-post","status-publish","format-standard","hentry","category-fundacja-rodzinna","category-artykuly","tag-fundacja","tag-fundacja-rodzinna","tag-wszystko-zostaje-w-rodzinie"],"_links":{"self":[{"href":"https:\/\/pragmatiq.pl\/zmianawarty\/wp-json\/wp\/v2\/posts\/2872","targetHints":{"allow":["GET"]}}],"collection":[{"href":"https:\/\/pragmatiq.pl\/zmianawarty\/wp-json\/wp\/v2\/posts"}],"about":[{"href":"https:\/\/pragmatiq.pl\/zmianawarty\/wp-json\/wp\/v2\/types\/post"}],"author":[{"embeddable":true,"href":"https:\/\/pragmatiq.pl\/zmianawarty\/wp-json\/wp\/v2\/users\/27"}],"replies":[{"embeddable":true,"href":"https:\/\/pragmatiq.pl\/zmianawarty\/wp-json\/wp\/v2\/comments?post=2872"}],"version-history":[{"count":21,"href":"https:\/\/pragmatiq.pl\/zmianawarty\/wp-json\/wp\/v2\/posts\/2872\/revisions"}],"predecessor-version":[{"id":3974,"href":"https:\/\/pragmatiq.pl\/zmianawarty\/wp-json\/wp\/v2\/posts\/2872\/revisions\/3974"}],"wp:attachment":[{"href":"https:\/\/pragmatiq.pl\/zmianawarty\/wp-json\/wp\/v2\/media?parent=2872"}],"wp:term":[{"taxonomy":"category","embeddable":true,"href":"https:\/\/pragmatiq.pl\/zmianawarty\/wp-json\/wp\/v2\/categories?post=2872"},{"taxonomy":"post_tag","embeddable":true,"href":"https:\/\/pragmatiq.pl\/zmianawarty\/wp-json\/wp\/v2\/tags?post=2872"}],"curies":[{"name":"wp","href":"https:\/\/api.w.org\/{rel}","templated":true}]}}