{"id":2861,"date":"2021-02-04T18:42:19","date_gmt":"2021-02-04T17:42:19","guid":{"rendered":"https:\/\/zmianawarty.pl\/?p=2861"},"modified":"2024-09-16T11:55:17","modified_gmt":"2024-09-16T09:55:17","slug":"aport-przedsiebiorstwa-w-spadku-do-spolki-bedacej-podatnikiem-cit","status":"publish","type":"post","link":"https:\/\/pragmatiq.pl\/zmianawarty\/aport-przedsiebiorstwa-w-spadku-do-spolki-bedacej-podatnikiem-cit\/","title":{"rendered":"Aport przedsi\u0119biorstwa w spadku do sp\u00f3\u0142ki b\u0119d\u0105cej podatnikiem CIT"},"content":{"rendered":"\n<p><strong>Podobnie jak zwyk\u0142e przedsi\u0119biorstwo, przedsi\u0119biorstwo w\nspadku r\u00f3wnie\u017c mo\u017ce by\u0107 przedmiotem aportu do sp\u00f3\u0142ki b\u0119d\u0105cej podatnikiem CIT (w\ntym sp\u00f3\u0142ki z o.o. lub komandytowej). <\/strong><\/p>\n\n\n\n<p>Uwaga \u2013 niniejszy artyku\u0142 omawia skutki podatkowe aportu przedsi\u0119biorstwa w spadku do sp\u00f3\u0142ki komandytowej, sp\u00f3\u0142ki komandytowo-akcyjnej, sp\u00f3\u0142ki z o.o., sp\u00f3\u0142ki akcyjnej oraz sp\u00f3\u0142ki jawnej b\u0119d\u0105cej podatnikiem CIT. O skutkach podatkowych takiego aportu do sp\u00f3\u0142ki jawnej nieb\u0119d\u0105cej podatnikiem CIT piszemy w artykule <em><a href=\"https:\/\/pragmatiq.pl\/zmianawarty\/skutki-podatkowe-aportu-przedsiebiorstwa-w-spadku-do-spolki-osobowej\/\" target=\"_blank\" rel=\"noreferrer noopener\" aria-label=\"Skutki podatkowe aportu przedsi\u0119biorstwa w spadku do sp\u00f3\u0142ki jawnej.  (otwiera si\u0119 na nowej zak\u0142adce)\">Skutki podatkowe aportu przedsi\u0119biorstwa w spadku do sp\u00f3\u0142ki jawnej<\/a><\/em><a href=\"https:\/\/pragmatiq.pl\/zmianawarty\/skutki-podatkowe-aportu-przedsiebiorstwa-w-spadku-do-spolki-osobowej\/\" target=\"_blank\" rel=\"noreferrer noopener\" aria-label=\"Skutki podatkowe aportu przedsi\u0119biorstwa w spadku do sp\u00f3\u0142ki jawnej.  (otwiera si\u0119 na nowej zak\u0142adce)\">. <\/a><\/p>\n\n\n\n<h2 class=\"wp-block-heading\">Aport przedsi\u0119biorstwa w spadku do sp\u00f3\u0142ki b\u0119d\u0105cej podatnikiem CIT a VAT<\/h2>\n\n\n\n<p>Ustawa o VAT wskazuje, i\u017c aport przedsi\u0119biorstwa do sp\u00f3\u0142ki\nnie podlega opodatkowaniu. Jednak\u017ce podobnie jak w przypadku aportu przedsi\u0119biorstwa\nw spadku do sp\u00f3\u0142ki jawnej nieb\u0119d\u0105cej podatnikiem CIT w zakresie aportu udzia\u0142u w\nprzedsi\u0119biorstwie istniej\u0105 w\u0105tpliwo\u015bci, czy czynno\u015b\u0107 wype\u0142nia definicj\u0119\ntransakcji zbycia przedsi\u0119biorstwa w rozumieniu ustawy o VAT. <\/p>\n\n\n\n<p>Wniesienie do sp\u00f3\u0142ki wk\u0142adu w postaci przedsi\u0119biorstwa w\nspadku jest wy\u0142\u0105czone spod opodatkowania VAT, je\u017celi b\u0119dzie ono w ca\u0142o\u015bci\nw\u0142asno\u015bci\u0105 jednej osoby. Jednak\u017ce w przypadku, gdy udzia\u0142 w przedsi\u0119biorstwie w\nspadku b\u0119dzie przys\u0142ugiwa\u0142 kilku spadkobiercom, aport poszczeg\u00f3lnych udzia\u0142\u00f3w\ndo sp\u00f3\u0142ki mo\u017ce zosta\u0107 uznany za czynno\u015b\u0107 podlegaj\u0105c\u0105 VAT, co z kolei mo\u017ce si\u0119\nwi\u0105za\u0107 z obowi\u0105zkiem zap\u0142aty tego podatku.<\/p>\n\n\n\n<p>Warto pami\u0119ta\u0107, \u017ce ustawa o zarz\u0105dzie sukcesyjnym wskazuje, i\u017c\nzarz\u0105d sukcesyjny wygasa z dniem nabycia przedsi\u0119biorstwa w spadku przez sp\u00f3\u0142k\u0119\nco powoduje konsekwencje zwi\u0105zane z obowi\u0105zkiem opodatkowania towar\u00f3w z tytu\u0142u\nzaprzestania dzia\u0142alno\u015bci oraz sporz\u0105dzenia spisu z natury dla cel\u00f3w VAT. W\nsytuacji, gdy sp\u00f3\u0142ka b\u0119dzie jednak dalej wykorzystywa\u0142a sk\u0142adniki\nprzedsi\u0119biorstwa do czynno\u015bci podlegaj\u0105cych opodatkowaniu, \u017caden z wymienionych\nobowi\u0105zk\u00f3w nie powstanie.<\/p>\n\n\n\n<h2 class=\"wp-block-heading\">Aport przedsi\u0119biorstwa w spadku do sp\u00f3\u0142ki b\u0119d\u0105cej podatnikiem CIT a PIT<\/h2>\n\n\n\n<p>Zasadniczo obj\u0119cie udzia\u0142\u00f3w w sp\u00f3\u0142ce b\u0119d\u0105cej podatnikiem CIT\nw zamian za wk\u0142ad niepieni\u0119\u017cny stanowi dla wsp\u00f3lnika b\u0119d\u0105cego osob\u0105 fizyczn\u0105 przych\u00f3d\nz kapita\u0142\u00f3w pieni\u0119\u017cnych. Jednak\u017ce w odniesieniu do wk\u0142adu w postaci\nprzedsi\u0119biorstwa (w tym przedsi\u0119biorstwa w spadku) obowi\u0105zuj\u0105 szczeg\u00f3lne zasady\nopodatkowania. Wniesienie takiego wk\u0142adu nie wywo\u0142uje bowiem po stronie osoby\nwnosz\u0105cej wk\u0142ad \u017cadnych skutk\u00f3w podatkowych. Ewentualny przych\u00f3d podlegaj\u0105cy\nopodatkowaniu przesuni\u0119ty jest na moment zbycia udzia\u0142\u00f3w.<\/p>\n\n\n\n<p>Przy czym analogicznie, jak w przypadku VAT, problem mo\u017ce\npojawi\u0107 si\u0119 w sytuacji, gdy przedmiotem aportu do sp\u00f3\u0142ki jest udzia\u0142 w\nprzedsi\u0119biorstwie. Je\u015bli bowiem organ podatkowy uzna, \u017ce wniesienie wk\u0142adu w\npostaci udzia\u0142u w przedsi\u0119biorstwie nie wype\u0142nia przes\u0142anek do zwolnienia z\nopodatkowania, po stronie spadkobiercy wnosz\u0105cego udzia\u0142 w przedsi\u0119biorstwie w\nspadku mo\u017ce pojawi\u0107 si\u0119 przych\u00f3d podlegaj\u0105cy opodatkowaniu. <\/p>\n\n\n\n<p>Dodatkowo z uwagi na okoliczno\u015b\u0107, \u017ce wraz z nabyciem\nprzedsi\u0119biorstwa w spadku w ca\u0142o\u015bci przez sp\u00f3\u0142k\u0119 dochodzi do wyga\u015bni\u0119cia\nzarz\u0105du sukcesyjnego, na gruncie PIT powstaj\u0105 okre\u015blone obowi\u0105zki zwi\u0105zane z\nlikwidacj\u0105 dzia\u0142alno\u015bci gospodarczej. Oznacza to co do zasady konieczno\u015b\u0107: <\/p>\n\n\n\n<ol class=\"wp-block-list\"><li>sporz\u0105dzenia\nspisu z natury na dzie\u0144 likwidacji;<\/li><li>sporz\u0105dzenie\nwykazu sk\u0142adnik\u00f3w maj\u0105tku na dzie\u0144 likwidacji;<\/li><li>zap\u0142aty\nostatniej zaliczki na PIT za okres (miesi\u0105c\/kwarta\u0142), na kt\u00f3ry przypada data\nlikwidacji dzia\u0142alno\u015bci;<\/li><li>z\u0142o\u017cenia\ndeklaracji rocznej za dany rok podatkowy w odpowiednim dla danego formularza\nterminie.<\/li><\/ol>\n\n\n\n<p>Je\u017celi masz wi\u0119cej pyta\u0144 dotycz\u0105cych podatkowych aspekt\u00f3w\naportu przedsi\u0119biorstwa w spadku do sp\u00f3\u0142ki nieb\u0119d\u0105cej podatnikiem CIT,\nskontaktuj si\u0119 ze specjalistami Kancelarii PragmatIQ.<\/p>\n\n\n\n<p><strong>Micha\u0142\nMarkiewicz<\/strong><strong><\/strong><\/p>\n\n\n\n<p><strong>Jacek\nMi\u0142aszewski<\/strong><strong><\/strong><\/p>\n","protected":false},"excerpt":{"rendered":"<p>Podobnie jak zwyk\u0142e przedsi\u0119biorstwo, przedsi\u0119biorstwo w spadku r\u00f3wnie\u017c mo\u017ce by\u0107 przedmiotem aportu do sp\u00f3\u0142ki b\u0119d\u0105cej podatnikiem CIT (w tym sp\u00f3\u0142ki z o.o. lub komandytowej). Uwaga \u2013 niniejszy artyku\u0142 omawia skutki podatkowe aportu przedsi\u0119biorstwa w spadku do sp\u00f3\u0142ki komandytowej, sp\u00f3\u0142ki komandytowo-akcyjnej, sp\u00f3\u0142ki z o.o., sp\u00f3\u0142ki akcyjnej oraz sp\u00f3\u0142ki jawnej b\u0119d\u0105cej podatnikiem CIT. O skutkach podatkowych takiego &hellip; <\/p>\n<p class=\"link-more\"><a href=\"https:\/\/pragmatiq.pl\/zmianawarty\/aport-przedsiebiorstwa-w-spadku-do-spolki-bedacej-podatnikiem-cit\/\" class=\"more-link\">Continue reading<span class=\"screen-reader-text\"> &#8222;Aport przedsi\u0119biorstwa w spadku do sp\u00f3\u0142ki b\u0119d\u0105cej podatnikiem CIT&#8221;<\/span><\/a><\/p>\n","protected":false},"author":27,"featured_media":0,"comment_status":"open","ping_status":"open","sticky":false,"template":"","format":"standard","meta":{"footnotes":""},"categories":[4],"tags":[181,180],"class_list":["post-2861","post","type-post","status-publish","format-standard","hentry","category-artykuly","tag-aport","tag-przedsiebiorstwo-w-spadku"],"_links":{"self":[{"href":"https:\/\/pragmatiq.pl\/zmianawarty\/wp-json\/wp\/v2\/posts\/2861","targetHints":{"allow":["GET"]}}],"collection":[{"href":"https:\/\/pragmatiq.pl\/zmianawarty\/wp-json\/wp\/v2\/posts"}],"about":[{"href":"https:\/\/pragmatiq.pl\/zmianawarty\/wp-json\/wp\/v2\/types\/post"}],"author":[{"embeddable":true,"href":"https:\/\/pragmatiq.pl\/zmianawarty\/wp-json\/wp\/v2\/users\/27"}],"replies":[{"embeddable":true,"href":"https:\/\/pragmatiq.pl\/zmianawarty\/wp-json\/wp\/v2\/comments?post=2861"}],"version-history":[{"count":1,"href":"https:\/\/pragmatiq.pl\/zmianawarty\/wp-json\/wp\/v2\/posts\/2861\/revisions"}],"predecessor-version":[{"id":2862,"href":"https:\/\/pragmatiq.pl\/zmianawarty\/wp-json\/wp\/v2\/posts\/2861\/revisions\/2862"}],"wp:attachment":[{"href":"https:\/\/pragmatiq.pl\/zmianawarty\/wp-json\/wp\/v2\/media?parent=2861"}],"wp:term":[{"taxonomy":"category","embeddable":true,"href":"https:\/\/pragmatiq.pl\/zmianawarty\/wp-json\/wp\/v2\/categories?post=2861"},{"taxonomy":"post_tag","embeddable":true,"href":"https:\/\/pragmatiq.pl\/zmianawarty\/wp-json\/wp\/v2\/tags?post=2861"}],"curies":[{"name":"wp","href":"https:\/\/api.w.org\/{rel}","templated":true}]}}