{"id":2843,"date":"2020-10-28T10:23:14","date_gmt":"2020-10-28T09:23:14","guid":{"rendered":"https:\/\/zmianawarty.pl\/?p=2843"},"modified":"2025-07-04T08:18:28","modified_gmt":"2025-07-04T06:18:28","slug":"zmiany-w-ustawie-o-podatku-od-spadkow-i-darowizn","status":"publish","type":"post","link":"https:\/\/pragmatiq.pl\/zmianawarty\/zmiany-w-ustawie-o-podatku-od-spadkow-i-darowizn\/","title":{"rendered":"Zmiany w ustawie o podatku od spadk\u00f3w i darowizn"},"content":{"rendered":"<div id=\"ez-toc-container\" class=\"ez-toc-v2_0_82_2 counter-hierarchy ez-toc-counter ez-toc-white ez-toc-container-direction\">\n<div class=\"ez-toc-title-container\"><p class=\"ez-toc-title\" style=\"cursor:inherit\">Spis tre\u015bci<\/p>\n<\/div><nav><ul class='ez-toc-list ez-toc-list-level-1 ' ><li class='ez-toc-page-1 ez-toc-heading-level-2'><a class=\"ez-toc-link ez-toc-heading-1\" href=\"https:\/\/pragmatiq.pl\/zmianawarty\/zmiany-w-ustawie-o-podatku-od-spadkow-i-darowizn\/#Kogo_dotycza_zmiany_w_ustawie_odnosnie_darowizn_w_rodzinie\" >Kogo dotycz\u0105 zmiany w ustawie odno\u015bnie darowizn w rodzinie<\/a><\/li><li class='ez-toc-page-1 ez-toc-heading-level-2'><a class=\"ez-toc-link ez-toc-heading-2\" href=\"https:\/\/pragmatiq.pl\/zmianawarty\/zmiany-w-ustawie-o-podatku-od-spadkow-i-darowizn\/#Ustawa_o_podatku_od_spadkow_i_darowizn_%E2%80%93_Przyczyna_zmian\" >Ustawa o podatku od spadk\u00f3w i darowizn &#8211; Przyczyna zmian<\/a><\/li><li class='ez-toc-page-1 ez-toc-heading-level-2'><a class=\"ez-toc-link ez-toc-heading-3\" href=\"https:\/\/pragmatiq.pl\/zmianawarty\/zmiany-w-ustawie-o-podatku-od-spadkow-i-darowizn\/#Skutki_nowelizacji\" >Skutki nowelizacji<\/a><\/li><li class='ez-toc-page-1 ez-toc-heading-level-2'><a class=\"ez-toc-link ez-toc-heading-4\" href=\"https:\/\/pragmatiq.pl\/zmianawarty\/zmiany-w-ustawie-o-podatku-od-spadkow-i-darowizn\/#Ocena_zmian_%E2%80%93_ustawa_o_darowiznach\" >Ocena zmian &#8211; ustawa o darowiznach<\/a><\/li><\/ul><\/nav><\/div>\n\n<p><strong>W\u0142a\u015bnie dzisiaj, 27 pa\u017adziernika, wchodzi w \u017cycie nowelizacja ustawy o\npodatku od spadk\u00f3w i darowizn. Rozszerza ona kr\u0105g uprawnionych do zwolnienia z\ntej daniny. Je\u017celi chcesz si\u0119 dowiedzie\u0107 jakie skutki niesie za sob\u0105\nnowelizacja i czy zmiana dotyczy Ciebie b\u0105d\u017a Twoich bliskich \u2013 zajrzyj do poni\u017cszego\nartyku\u0142u.<\/strong><\/p>\n\n\n\n<h2 class=\"wp-block-heading\"><span class=\"ez-toc-section\" id=\"Kogo_dotycza_zmiany_w_ustawie_odnosnie_darowizn_w_rodzinie\"><\/span>Kogo dotycz\u0105 zmiany w ustawie odno\u015bnie darowizn w rodzinie<span class=\"ez-toc-section-end\"><\/span><\/h2>\n\n\n\n<p>We wrze\u015bniu Sejm przyj\u0105\u0142 nowelizacj\u0119\nustawy o podatku od spadk\u00f3w i darowizn. Jak wskazywa\u0142 projekt, nowelizacja ma\nna celu zwolnienie od podatku nabycia w drodze dziedziczenia lub darowizny\nw\u0142asno\u015bci rzeczy lub praw maj\u0105tkowych, przez osoby przebywaj\u0105ce, lub kt\u00f3re\nprzebywa\u0142y w rodzinie zast\u0119pczej lub w rodzinnym domu dziecka, je\u017celi darczy\u0144c\u0105\nlub spadkodawc\u0105 by\u0142a osoba tworz\u0105ca rodzin\u0119 zast\u0119pcz\u0105 lub prowadz\u0105ca rodzinny\ndom dziecka, w kt\u00f3rym przebywa\u0142a osoba obdarowana lub spadkobierca.<\/p>\n\n\n\n<h2 class=\"wp-block-heading\"><span class=\"ez-toc-section\" id=\"Ustawa_o_podatku_od_spadkow_i_darowizn_%E2%80%93_Przyczyna_zmian\"><\/span>Ustawa o podatku od spadk\u00f3w i darowizn &#8211; Przyczyna zmian<span class=\"ez-toc-section-end\"><\/span><\/h2>\n\n\n\n<p>W uzasadnieniu projektu nowelizacji\nwskazywano, \u017ce <em>dzieci w zast\u0119pczej opiece\nrodzinnej wychowywane s\u0105, w wi\u0119kszo\u015bci przypadk\u00f3w, przez ca\u0142e swoje\ndzieci\u0144stwo. Dziecko w Rodzinnym Domu Dziecka czy rodzinie zast\u0119pczej w wielu\nprzypadkach uwa\u017ca swoich opiekun\u00f3w za prawdziwych rodzic\u00f3w i odwrotnie &#8211;\nopiekunowie uwa\u017caj\u0105 je za w\u0142asne ju\u017c do ko\u0144ca \u017cycia<\/em>. Dlatego te\u017c wysoce\nniesprawiedliwym spo\u0142ecznie jest, aby obci\u0105\u017ca\u0107 te osoby podatkiem w pe\u0142nej\nwysoko\u015bci.<\/p>\n\n\n\n<h2 class=\"wp-block-heading\"><span class=\"ez-toc-section\" id=\"Skutki_nowelizacji\"><\/span>Skutki nowelizacji<span class=\"ez-toc-section-end\"><\/span><\/h2>\n\n\n\n<p>Nowelizacja wprowadzi\u0142a do art. 14\nustawy o podatku od spadk\u00f3w i darowizn ust. 4a. Stanowi on, \u017ce za zst\u0119pnych\nuwa\u017ca si\u0119 r\u00f3wnie\u017c osoby, kt\u00f3re przebywaj\u0105 lub\nprzebywa\u0142y w rodzinie zast\u0119pczej, w rodzinnym domu dziecka, w plac\u00f3wce\nopieku\u0144czo-wychowawczej lub w regionalnej plac\u00f3wce opieku\u0144czo-terapeutycznej, o\nkt\u00f3rych mowa w odpowiednich przepisach.<\/p>\n\n\n\n<p>Ten sam ust\u0119p uznaje\nza wst\u0119pnych odpowiednio osoby tworz\u0105ce rodzin\u0119 zast\u0119pcz\u0105, prowadz\u0105ce rodzinny\ndom dziecka lub pracuj\u0105ce z dzie\u0107mi w plac\u00f3wce opieku\u0144czo-wychowawczej lub w\nregionalnej plac\u00f3wce opieku\u0144czo-terapeutycznej.<\/p>\n\n\n\n<p>Do tej pory, wskazane powy\u017cej osoby, nale\u017ca\u0142y do III grupy podatkowej \u2013 grupy o najwy\u017cszym stopniu obci\u0105\u017cenia podatkowego. Wraz z nowelizacj\u0105, ustawodawca w\u0142\u0105czy\u0142 je do grona zst\u0119pnych i wst\u0119pnych. Skutkuje to przyporz\u0105dkowaniem do I grupy podatkowej, czyli grupy mog\u0105cej skorzysta\u0107 z ca\u0142kowitego zwolnienia od podatku od spadk\u00f3w i darowizn. Jak skorzysta\u0107 ze zwolnienia dowiedz\u0105 si\u0119 Pa\u0144stwo z naszego poradnika <em><a href=\"https:\/\/pragmatiq.pl\/zmianawarty\/obowiazki-podatkowe-po-smierci-przedsiebiorcy-pobierz-poradnik\/\" target=\"_blank\" rel=\"noreferrer noopener\">Obowi\u0105zki podatkowe po\u00a0\u015bmierci przedsi\u0119biorcy <\/a><\/em><\/p>\n\n\n\n<h2 class=\"wp-block-heading\"><span class=\"ez-toc-section\" id=\"Ocena_zmian_%E2%80%93_ustawa_o_darowiznach\"><\/span>Ocena zmian &#8211; ustawa o darowiznach<span class=\"ez-toc-section-end\"><\/span><\/h2>\n\n\n\n<p>Nale\u017cy\nstwierdzi\u0107, \u017ce powy\u017csza zmiana jest niew\u0105tpliwie korzystna. Wysoko\u015b\u0107 wp\u0142yw\u00f3w\npodatkowych z tytu\u0142u podatku od spadk\u00f3w i darowizn zmniejszy si\u0119 w stopniu\nminimalnym, natomiast bezsprzecznie u\u0142atwia ona przekazywanie maj\u0105tku osobom,\nkt\u00f3re zazwyczaj i tak znajduj\u0105 si\u0119 w trudnej sytuacji finansowej.<\/p>\n\n\n\n<p>\u0179r\u00f3d\u0142o: <a href=\"http:\/\/www.sejm.gov.pl\/Sejm9.nsf\/druk.xsp?nr=133\" target=\"_blank\" rel=\"noopener\">http:\/\/www.sejm.gov.pl\/Sejm9.nsf\/druk.xsp?nr=133<\/a><\/p>\n\n\n\n<p>Oskar Dziok,\nJacek Mi\u0142aszewski<\/p>\n","protected":false},"excerpt":{"rendered":"<p>W\u0142a\u015bnie dzisiaj, 27 pa\u017adziernika, wchodzi w \u017cycie nowelizacja ustawy o podatku od spadk\u00f3w i darowizn. Rozszerza ona kr\u0105g uprawnionych do zwolnienia z tej daniny. Je\u017celi chcesz si\u0119 dowiedzie\u0107 jakie skutki niesie za sob\u0105 nowelizacja i czy zmiana dotyczy Ciebie b\u0105d\u017a Twoich bliskich \u2013 zajrzyj do poni\u017cszego artyku\u0142u. Kogo dotycz\u0105 zmiany w ustawie odno\u015bnie darowizn w &hellip; <\/p>\n<p class=\"link-more\"><a href=\"https:\/\/pragmatiq.pl\/zmianawarty\/zmiany-w-ustawie-o-podatku-od-spadkow-i-darowizn\/\" class=\"more-link\">Continue reading<span class=\"screen-reader-text\"> &#8222;Zmiany w ustawie o podatku od spadk\u00f3w i darowizn&#8221;<\/span><\/a><\/p>\n","protected":false},"author":27,"featured_media":0,"comment_status":"open","ping_status":"open","sticky":false,"template":"","format":"standard","meta":{"footnotes":""},"categories":[4,19],"tags":[46,43],"class_list":["post-2843","post","type-post","status-publish","format-standard","hentry","category-artykuly","category-darowizna-i-zachowek","tag-podatek-od-spadkow-i-darowizn","tag-spadek"],"_links":{"self":[{"href":"https:\/\/pragmatiq.pl\/zmianawarty\/wp-json\/wp\/v2\/posts\/2843","targetHints":{"allow":["GET"]}}],"collection":[{"href":"https:\/\/pragmatiq.pl\/zmianawarty\/wp-json\/wp\/v2\/posts"}],"about":[{"href":"https:\/\/pragmatiq.pl\/zmianawarty\/wp-json\/wp\/v2\/types\/post"}],"author":[{"embeddable":true,"href":"https:\/\/pragmatiq.pl\/zmianawarty\/wp-json\/wp\/v2\/users\/27"}],"replies":[{"embeddable":true,"href":"https:\/\/pragmatiq.pl\/zmianawarty\/wp-json\/wp\/v2\/comments?post=2843"}],"version-history":[{"count":3,"href":"https:\/\/pragmatiq.pl\/zmianawarty\/wp-json\/wp\/v2\/posts\/2843\/revisions"}],"predecessor-version":[{"id":4948,"href":"https:\/\/pragmatiq.pl\/zmianawarty\/wp-json\/wp\/v2\/posts\/2843\/revisions\/4948"}],"wp:attachment":[{"href":"https:\/\/pragmatiq.pl\/zmianawarty\/wp-json\/wp\/v2\/media?parent=2843"}],"wp:term":[{"taxonomy":"category","embeddable":true,"href":"https:\/\/pragmatiq.pl\/zmianawarty\/wp-json\/wp\/v2\/categories?post=2843"},{"taxonomy":"post_tag","embeddable":true,"href":"https:\/\/pragmatiq.pl\/zmianawarty\/wp-json\/wp\/v2\/tags?post=2843"}],"curies":[{"name":"wp","href":"https:\/\/api.w.org\/{rel}","templated":true}]}}