{"id":2820,"date":"2020-08-19T10:04:20","date_gmt":"2020-08-19T08:04:20","guid":{"rendered":"https:\/\/zmianawarty.pl\/?p=2820"},"modified":"2026-04-15T13:40:11","modified_gmt":"2026-04-15T11:40:11","slug":"wzrost-liczby-przedsiebiorcow-po-lockdownie-jak-wlasciwie-przygotowac-sie-na-ewentualna-druga-fale-epidemii","status":"publish","type":"post","link":"https:\/\/pragmatiq.pl\/zmianawarty\/wzrost-liczby-przedsiebiorcow-po-lockdownie-jak-wlasciwie-przygotowac-sie-na-ewentualna-druga-fale-epidemii\/","title":{"rendered":"Wzrost liczby przedsi\u0119biorc\u00f3w po lockdownie \u2013 jak w\u0142a\u015bciwie przygotowa\u0107 si\u0119 na ewentualn\u0105 drug\u0105 fal\u0119 epidemii?"},"content":{"rendered":"<div id=\"ez-toc-container\" class=\"ez-toc-v2_0_82_2 counter-hierarchy ez-toc-counter ez-toc-white ez-toc-container-direction\">\n<div class=\"ez-toc-title-container\"><p class=\"ez-toc-title\" style=\"cursor:inherit\">Spis tre\u015bci<\/p>\n<\/div><nav><ul class='ez-toc-list ez-toc-list-level-1 ' ><li class='ez-toc-page-1 ez-toc-heading-level-2'><a class=\"ez-toc-link ez-toc-heading-1\" href=\"https:\/\/pragmatiq.pl\/zmianawarty\/wzrost-liczby-przedsiebiorcow-po-lockdownie-jak-wlasciwie-przygotowac-sie-na-ewentualna-druga-fale-epidemii\/#Spolki_komandytowe_ciesza_sie_coraz_wiekszym_zainteresowaniem\" >Sp\u00f3\u0142ki komandytowe ciesz\u0105 si\u0119 coraz wi\u0119kszym zainteresowaniem<\/a><\/li><li class='ez-toc-page-1 ez-toc-heading-level-2'><a class=\"ez-toc-link ez-toc-heading-2\" href=\"https:\/\/pragmatiq.pl\/zmianawarty\/wzrost-liczby-przedsiebiorcow-po-lockdownie-jak-wlasciwie-przygotowac-sie-na-ewentualna-druga-fale-epidemii\/#Zastanow_sie_nad_zabezpieczeniem_swojego_biznesu\" >Zastan\u00f3w si\u0119 nad zabezpieczeniem swojego biznesu<\/a><\/li><li class='ez-toc-page-1 ez-toc-heading-level-2'><a class=\"ez-toc-link ez-toc-heading-3\" href=\"https:\/\/pragmatiq.pl\/zmianawarty\/wzrost-liczby-przedsiebiorcow-po-lockdownie-jak-wlasciwie-przygotowac-sie-na-ewentualna-druga-fale-epidemii\/#Czy_forma_prawna_prowadzonej_dzialalnosci_jest_odpowiednia\" >Czy forma prawna prowadzonej dzia\u0142alno\u015bci jest odpowiednia?<\/a><\/li><li class='ez-toc-page-1 ez-toc-heading-level-2'><a class=\"ez-toc-link ez-toc-heading-4\" href=\"https:\/\/pragmatiq.pl\/zmianawarty\/wzrost-liczby-przedsiebiorcow-po-lockdownie-jak-wlasciwie-przygotowac-sie-na-ewentualna-druga-fale-epidemii\/#Pomysl_nad_odpowiednimi_postanowieniami_w_umowie_spolki\" >Pomy\u015bl nad odpowiednimi postanowieniami w umowie sp\u00f3\u0142ki<\/a><\/li><li class='ez-toc-page-1 ez-toc-heading-level-2'><a class=\"ez-toc-link ez-toc-heading-5\" href=\"https:\/\/pragmatiq.pl\/zmianawarty\/wzrost-liczby-przedsiebiorcow-po-lockdownie-jak-wlasciwie-przygotowac-sie-na-ewentualna-druga-fale-epidemii\/#Testament_to_nic_strasznego\" >Testament to nic strasznego<\/a><\/li><\/ul><\/nav><\/div>\n\n<p>Jak wynika z danych Ministerstwa Rozwoju oraz Krajowego Rejestru S\u0105dowego, Polacy po ustaniu lockdownu bardzo ch\u0119tnie zak\u0142adaj\u0105 nowe dzia\u0142alno\u015bci gospodarcze. \u015awiadczy to o tym, \u017ce mimo dotkliwych skutk\u00f3w epidemii Polacy nie trac\u0105 zapa\u0142u do podejmowania przedsi\u0119wzi\u0119\u0107 gospodarczych. <strong>Warto jednak zastanowi\u0107 si\u0119, jak dobrze zabezpieczy\u0107 swoj\u0105 firm\u0119 przed nast\u0119pnymi nieprzewidzianymi wydarzeniami, szczeg\u00f3lnie w perspektywie drugiej fali epidemii. <\/strong><\/p>\n\n\n\n<p>Ministerstwo Rozwoju poinformowa\u0142o w ubieg\u0142ym miesi\u0105cu, \u017ce <strong>w czerwcu zosta\u0142o zarejestrowanych 25,4 tys. nowych jednoosobowych dzia\u0142alno\u015bci gospodarczych.<\/strong> W stosunku do maja tego roku stanowi to wzrost o 38%, a w stosunku do kwietnia, czyli \u015brodka lockdownu, a\u017c o 146,6%. Warto zauwa\u017cy\u0107 jednak, \u017ce indywidualnych dzia\u0142alno\u015bci gospodarczych jest wi\u0119cej r\u00f3wnie\u017c w por\u00f3wnaniu do okresu sprzed epidemii, przyk\u0142adowo w czerwcu ubieg\u0142ego roku nowych przedsi\u0119biorc\u00f3w w CEIDG by\u0142o o 200 mniej ni\u017c w tegorocznym czerwcu. <\/p>\n\n\n\n<h2 class=\"wp-block-heading\"><span class=\"ez-toc-section\" id=\"Spolki_komandytowe_ciesza_sie_coraz_wiekszym_zainteresowaniem\"><\/span>Sp\u00f3\u0142ki komandytowe ciesz\u0105 si\u0119 coraz wi\u0119kszym zainteresowaniem<span class=\"ez-toc-section-end\"><\/span><\/h2>\n\n\n\n<p>Wed\u0142ug danych z Krajowego Rejestru S\u0105dowego, optymistycznie wygl\u0105da r\u00f3wnie\u017c liczba nowych sp\u00f3\u0142ek handlowych. W czerwcu zarejestrowanych zosta\u0142o 3,7 tys. nowych sp\u00f3\u0142ek, co stanowi wynik o 15,6% lepszy ni\u017c w maju oraz o 27,6% lepszy ni\u017c w kwietniu. W ca\u0142ym pierwszym p\u00f3\u0142roczu 2020 roku powsta\u0142o w naszym kraju 23,1 tys. sp\u00f3\u0142ek handlowych, co stanowi nieco gorszy wynik ni\u017c w pierwszym p\u00f3\u0142roczu zesz\u0142ego roku. Warto zauwa\u017cy\u0107, \u017ce 83,4% z nich to sp\u00f3\u0142ki z ograniczon\u0105 odpowiedzialno\u015bci\u0105, a 10,2% sp\u00f3\u0142ki komandytowe. <strong>Nale\u017cy jednak wzi\u0105\u0107 pod uwag\u0119, \u017ce zdecydowana wi\u0119kszo\u015b\u0107 sp\u00f3\u0142ek komandytowych tworzona jest w oparciu o struktur\u0119 sp\u00f3\u0142ki z o.o. jako jej komplementariusza, wobec czego mo\u017cna za\u0142o\u017cy\u0107, \u017ce w rzeczywisto\u015bci ok. 10% sp\u00f3\u0142ek z o.o. zosta\u0142o zarejestrowanych z my\u015bl\u0105 o sp\u00f3\u0142ce komandytowej. <\/strong><\/p>\n\n\n\n<p>Wskazane dane pokazuj\u0105, \u017ce Polacy coraz ch\u0119tniej zak\u0142adaj\u0105 sp\u00f3\u0142ki komandytowe. Dynamika wzrostu liczby nowych dzia\u0142alno\u015bci gospodarczych w tej formie prawnej jest najwi\u0119ksza spo\u015br\u00f3d wszystkich typ\u00f3w sp\u00f3\u0142ek. Jest to spowodowane korzy\u015bciami, jakie s\u0105 zwi\u0105zane z prowadzeniem biznesu w formie sp\u00f3\u0142ki komandytowej. <strong>W szczeg\u00f3lno\u015bci mo\u017cna wskaza\u0107 transparentno\u015b\u0107 i przejrzysto\u015b\u0107 podatkow\u0105 sp\u00f3\u0142ki komandytowej, kt\u00f3ra nie p\u0142aci podatku od os\u00f3b prawnych.<\/strong> Bardzo wa\u017cne jest tak\u017ce bezpiecze\u0144stwo, kt\u00f3re sp\u00f3\u0142ka komandytowa daje wsp\u00f3lnikom. Komandytariusz odpowiada za zobowi\u0105zania sp\u00f3\u0142ki tylko do wysoko\u015bci sumy komandytowej, kt\u00f3ra mo\u017ce zosta\u0107 ustalona na bardzo niskim poziomie. Natomiast gdy wniesiony wk\u0142ad jest co najmniej w wysoko\u015bci kwoty sumy komandytowej, to odpowiedzialno\u015b\u0107 ustaje. Ustalenie komplementariuszem sp\u00f3\u0142ki z o.o., pozwala znacznie ograniczy\u0107 odpowiedzialno\u015b\u0107 wsp\u00f3lnik\u00f3w. <\/p>\n\n\n\n<p>Wi\u0119cej o korzy\u015bciach zwi\u0105zanych ze sp\u00f3\u0142k\u0105 komandytow\u0105 mo\u017cna przeczyta\u0107 w naszym artykule na portalu komandytowa.pl<a href=\"https:\/\/www.komandytowa.pl\/jakie-sa-zalety-spolki-komandytowej.html\" target=\"_blank\" rel=\"noreferrer noopener\">Jakie s\u0105 zalety sp\u00f3\u0142ki komandytowej?<\/a><\/p>\n\n\n\n<h2 class=\"wp-block-heading\"><span class=\"ez-toc-section\" id=\"Zastanow_sie_nad_zabezpieczeniem_swojego_biznesu\"><\/span>Zastan\u00f3w si\u0119 nad zabezpieczeniem swojego biznesu<span class=\"ez-toc-section-end\"><\/span><\/h2>\n\n\n\n<p>Dobry pomys\u0142 na\nkierunek dla nowo za\u0142o\u017conej firmy to nie wszystko. Poza zapewnieniem firmie\nodpowiednich warunk\u00f3w do bie\u017c\u0105cego funkcjonowania warto zastanowi\u0107 si\u0119 nad tym,\nczy przedsi\u0119biorstwo jest przygotowane na nieprzewidzian\u0105 sytuacj\u0119. Ostatnie\nmiesi\u0105ce pokaza\u0142y, \u017ce zdarzaj\u0105 si\u0119 wypadki, kt\u00f3rych nie da si\u0119 przewidzie\u0107, jak\nnp. epidemia i wyhamowanie du\u017cej cz\u0119\u015bci gospodarki a\u017c na dwa miesi\u0105ce.<\/p>\n\n\n\n<p>R\u00f3\u017cne sytuacje mog\u0105 spowodowa\u0107 konieczno\u015b\u0107 przej\u0119cia biznesu przez nast\u0119pc\u00f3w przedsi\u0119biorcy. <strong>Nale\u017cy mie\u0107 na uwadze, \u017ce aby mo\u017cliwe by\u0142o sprawne przekazanie firmy najbli\u017cszym, trzeba odpowiednio wcze\u015bnie j\u0105 na to przygotowa\u0107. <\/strong><\/p>\n\n\n\n<h2 class=\"wp-block-heading\"><span class=\"ez-toc-section\" id=\"Czy_forma_prawna_prowadzonej_dzialalnosci_jest_odpowiednia\"><\/span>Czy forma prawna prowadzonej dzia\u0142alno\u015bci jest odpowiednia?<span class=\"ez-toc-section-end\"><\/span><\/h2>\n\n\n\n<p>Jedn\u0105 z najwa\u017cniejszych kwestii, nad kt\u00f3rymi nale\u017cy si\u0119 pochyli\u0107, jest forma prawna przedsi\u0119biorstwa. Wiele os\u00f3b preferuje jednoosobow\u0105 dzia\u0142alno\u015b\u0107 gospodarcz\u0105 z uwagi na du\u017c\u0105 elastyczno\u015b\u0107 i prostot\u0119 prowadzenia biznesu w tej formie.<strong> Z drugiej strony indywidualna dzia\u0142alno\u015b\u0107 gospodarcza powoduje wiele problem\u00f3w przy przekazaniu firmy i wyd\u0142u\u017ca ca\u0142\u0105 procedur\u0119, a tak\u017ce bardzo utrudnia sprzeda\u017c<\/strong>. Je\u015bli jednak przedsi\u0119biorca nie mo\u017ce lub nie chce prowadzi\u0107 dzia\u0142alno\u015bci w innej formie, to nale\u017cy <strong>pami\u0119ta\u0107 o powo\u0142aniu zarz\u0105dcy sukcesyjnego, co u\u0142atwi przej\u0119cie biznesu przez nast\u0119pc\u00f3w.<\/strong><\/p>\n\n\n\n<p>Wi\u0119cej o tym, kim jest zarz\u0105dca sukcesyjny mo\u017cesz przeczyta\u0107 w naszym artykule <a href=\"https:\/\/pragmatiq.pl\/zmianawarty\/kto-to-jest-zarzadca-sukcesyjny-i-jaki-jest-zakres-jego-dzialania\/\" target=\"_blank\" rel=\"noreferrer noopener\" aria-label=\"Kto to jest zarz\u0105dca sukcesyjny i jaki jest zakres jego dzia\u0142ania?  (otwiera si\u0119 na nowej zak\u0142adce)\">Kto to jest zarz\u0105dca sukcesyjny i jaki jest zakres jego dzia\u0142ania? <\/a><\/p>\n\n\n\n<p>My\u015bl\u0105c o zabezpieczeniu\nfirmy warto pomy\u015ble\u0107 o przekszta\u0142ceniu jej w sp\u00f3\u0142k\u0119 handlow\u0105. Ich du\u017c\u0105 zalet\u0105\njest to, \u017ce przekazanie firmy staje si\u0119 du\u017co prostsze, a odpowiedzialno\u015b\u0107 za\nd\u0142ugi ponosi sp\u00f3\u0142ka. W szczeg\u00f3lno\u015bci sp\u00f3\u0142ki kapita\u0142owe (sp\u00f3\u0142ka z o.o. i sp\u00f3\u0142ka\nakcyjna) ca\u0142kowicie wy\u0142\u0105czaj\u0105 odpowiedzialno\u015b\u0107 wsp\u00f3lnik\u00f3w za zobowi\u0105zania.<\/p>\n\n\n\n<p>O tym jak przekszta\u0142ci\u0107 jednoosobow\u0105 dzia\u0142alno\u015b\u0107 w sp\u00f3\u0142k\u0119 przeczytasz w naszym artykule na portalu doradzamy.to <a href=\"https:\/\/www.doradzamy.to\/poradniki\/przeksztalcenie-dzialalnosci-gospodarczej-aport-nowa-spolka-czy-przeksztalcenie\" target=\"_blank\" rel=\"noreferrer noopener\" aria-label=\"Przekszta\u0142cenie jednoosobowej dzia\u0142alno\u015bci gospodarczej w sp\u00f3\u0142k\u0119 - aport, nowa sp\u00f3\u0142ka czy przekszta\u0142cenie kodeksowe?  (otwiera si\u0119 na nowej zak\u0142adce)\">Przekszta\u0142cenie jednoosobowej dzia\u0142alno\u015bci gospodarczej w sp\u00f3\u0142k\u0119 &#8211; aport, nowa sp\u00f3\u0142ka czy przekszta\u0142cenie kodeksowe? <\/a><\/p>\n\n\n\n<p>Warto wzi\u0105\u0107 pod uwag\u0119\nr\u00f3wnie\u017c prowadzenie dzia\u0142alno\u015bci w formie sp\u00f3\u0142ki komandytowej. Jak wskazali\u015bmy\nju\u017c wy\u017cej, sp\u00f3\u0142ka komandytowa gwarantuje wiele korzy\u015bci, w szczeg\u00f3lno\u015bci\nograniczon\u0105 odpowiedzialno\u015b\u0107 wsp\u00f3lnik\u00f3w za zobowi\u0105zania i bardziej korzystne\nopodatkowanie ni\u017c w sp\u00f3\u0142kach kapita\u0142owych. Wskazane na pocz\u0105tku statystyki\npokazuj\u0105, \u017ce po lockdownie Polacy bardzo ch\u0119tnie wybieraj\u0105 t\u0119 form\u0119\ndzia\u0142alno\u015bci. <\/p>\n\n\n\n<h2 class=\"wp-block-heading\"><span class=\"ez-toc-section\" id=\"Pomysl_nad_odpowiednimi_postanowieniami_w_umowie_spolki\"><\/span>Pomy\u015bl nad odpowiednimi postanowieniami w umowie sp\u00f3\u0142ki<span class=\"ez-toc-section-end\"><\/span><\/h2>\n\n\n\n<p>Zadbaj o to, by umowa\nsp\u00f3\u0142ki osobowej umo\u017cliwia\u0142a przeniesienie na inn\u0105 osob\u0119 og\u00f3\u0142u praw i obowi\u0105zk\u00f3w\nw sp\u00f3\u0142ce oraz wst\u0105pienie do sp\u00f3\u0142ki Twoich spadkobierc\u00f3w. W przypadku\nprowadzenia dzia\u0142alno\u015bci w formie sp\u00f3\u0142ki kapita\u0142owej nale\u017cy upewni\u0107 si\u0119, czy\numowa (lub statut) sp\u00f3\u0142ki nie przewiduje obowi\u0105zku uzyskania zgody zarz\u0105du lub\npozosta\u0142ych wsp\u00f3lnik\u00f3w na zbycie udzia\u0142\u00f3w. Ponadto warto rozwa\u017cy\u0107 przyznanie\nsobie szczeg\u00f3lnych uprawnie\u0144 w sp\u00f3\u0142ce, jak np. uprawnienia do dokonania zmian w\nsk\u0142adzie zarz\u0105du, na wypadek konieczno\u015bci zbycia cz\u0119\u015bci udzia\u0142\u00f3w. <\/p>\n\n\n\n<p>Trzeba pami\u0119ta\u0107 tak\u017ce o\nwyeliminowaniu mo\u017cliwo\u015bci sparali\u017cowania dzia\u0142alno\u015bci firmy w wypadku\nzaistnienia sporu mi\u0119dzy wsp\u00f3lnikami po przekazaniu biznesu spadkobiercom.\nTakim sytuacjom mo\u017cna zapobiec poprzez przyznanie jednemu z nast\u0119pc\u00f3w\ndecyduj\u0105cego g\u0142osu w firmie, tak by pozostali wsp\u00f3lnicy nie mogli blokowa\u0107 jego\ndecyzji. <\/p>\n\n\n\n<h2 class=\"wp-block-heading\"><span class=\"ez-toc-section\" id=\"Testament_to_nic_strasznego\"><\/span>Testament to nic strasznego<span class=\"ez-toc-section-end\"><\/span><\/h2>\n\n\n\n<p>Sporz\u0105dzenia testamentu\nnie nale\u017cy odk\u0142ada\u0107 na ostatni\u0105 chwil\u0119. Dokonanie tej czynno\u015bci nie musi si\u0119\nwi\u0105za\u0107 ze z\u0142ym stanem zdrowia czy podesz\u0142ym wiekiem. Wr\u0119cz przeciwnie,\nodpowiednie zaplanowanie dziedziczenia firmy przez najbli\u017cszych, pozwoli\nzabezpieczy\u0107 rodzin\u0119 i przedsi\u0119biorstwo na przysz\u0142o\u015b\u0107. <\/p>\n\n\n\n<p>Sporz\u0105dzaj\u0105c testament\nnale\u017cy zwr\u00f3ci\u0107 uwag\u0119 na zachowek, kt\u00f3ry mo\u017ce spowodowa\u0107, \u017ce osoba, kt\u00f3ra\notrzyma firm\u0119, b\u0119dzie musia\u0142a sp\u0142aci\u0107 pomini\u0119tych w testamencie spadkobierc\u00f3w.\nMo\u017ce to doprowadzi\u0107 w najgorszym wypadku do konieczno\u015bci zbycia odziedziczonej\nfirmy. Dlatego warto zaspokoi\u0107 wcze\u015bniej roszczenia os\u00f3b uprawnionych do\nzachowku. Do kr\u0119gu tych os\u00f3b nale\u017c\u0105 dzieci (lub wnuki) spadkodawcy, jego\nma\u0142\u017conek i rodzice, kt\u00f3rzy byliby spadkobiercami ustawowymi w wypadku\nniesporz\u0105dzenia testamentu. Do rozwi\u0105zania problemu zachowku mo\u017cna wykorzysta\u0107\nmo\u017cliwo\u015b\u0107 zawarcia w testamencie zapisu windykacyjnego lub dokonania na rzecz\nuprawnionych darowizny. <\/p>\n\n\n\n<p>Dobrze zaplanowane\nprzekazanie firmy najbli\u017cszym to klucz zapewnienia firmie bezpiecze\u0144stwa na\nwypadek nieprzewidzianej sytuacji, dlatego zach\u0119camy do lektury naszej ksi\u0105\u017cki\n\u201eZmiana warty\u201d, gdzie szerzej wyja\u015bniamy problematyk\u0119 dziedziczenia firmy. <\/p>\n\n\n\n<p>Sebastian Michalak,\nJacek Mi\u0142aszewski<\/p>\n","protected":false},"excerpt":{"rendered":"<p>Jak wynika z danych Ministerstwa Rozwoju oraz Krajowego Rejestru S\u0105dowego, Polacy po ustaniu lockdownu bardzo ch\u0119tnie zak\u0142adaj\u0105 nowe dzia\u0142alno\u015bci gospodarcze. \u015awiadczy to o tym, \u017ce mimo dotkliwych skutk\u00f3w epidemii Polacy nie trac\u0105 zapa\u0142u do podejmowania przedsi\u0119wzi\u0119\u0107 gospodarczych. Warto jednak zastanowi\u0107 si\u0119, jak dobrze zabezpieczy\u0107 swoj\u0105 firm\u0119 przed nast\u0119pnymi nieprzewidzianymi wydarzeniami, szczeg\u00f3lnie w perspektywie drugiej fali &hellip; <\/p>\n<p class=\"link-more\"><a href=\"https:\/\/pragmatiq.pl\/zmianawarty\/wzrost-liczby-przedsiebiorcow-po-lockdownie-jak-wlasciwie-przygotowac-sie-na-ewentualna-druga-fale-epidemii\/\" class=\"more-link\">Continue reading<span class=\"screen-reader-text\"> &#8222;Wzrost liczby przedsi\u0119biorc\u00f3w po lockdownie \u2013 jak w\u0142a\u015bciwie przygotowa\u0107 si\u0119 na ewentualn\u0105 drug\u0105 fal\u0119 epidemii?&#8221;<\/span><\/a><\/p>\n","protected":false},"author":27,"featured_media":0,"comment_status":"open","ping_status":"open","sticky":false,"template":"","format":"standard","meta":{"footnotes":""},"categories":[4],"tags":[102],"class_list":["post-2820","post","type-post","status-publish","format-standard","hentry","category-artykuly","tag-dziedziczenie-firmy"],"_links":{"self":[{"href":"https:\/\/pragmatiq.pl\/zmianawarty\/wp-json\/wp\/v2\/posts\/2820","targetHints":{"allow":["GET"]}}],"collection":[{"href":"https:\/\/pragmatiq.pl\/zmianawarty\/wp-json\/wp\/v2\/posts"}],"about":[{"href":"https:\/\/pragmatiq.pl\/zmianawarty\/wp-json\/wp\/v2\/types\/post"}],"author":[{"embeddable":true,"href":"https:\/\/pragmatiq.pl\/zmianawarty\/wp-json\/wp\/v2\/users\/27"}],"replies":[{"embeddable":true,"href":"https:\/\/pragmatiq.pl\/zmianawarty\/wp-json\/wp\/v2\/comments?post=2820"}],"version-history":[{"count":3,"href":"https:\/\/pragmatiq.pl\/zmianawarty\/wp-json\/wp\/v2\/posts\/2820\/revisions"}],"predecessor-version":[{"id":5079,"href":"https:\/\/pragmatiq.pl\/zmianawarty\/wp-json\/wp\/v2\/posts\/2820\/revisions\/5079"}],"wp:attachment":[{"href":"https:\/\/pragmatiq.pl\/zmianawarty\/wp-json\/wp\/v2\/media?parent=2820"}],"wp:term":[{"taxonomy":"category","embeddable":true,"href":"https:\/\/pragmatiq.pl\/zmianawarty\/wp-json\/wp\/v2\/categories?post=2820"},{"taxonomy":"post_tag","embeddable":true,"href":"https:\/\/pragmatiq.pl\/zmianawarty\/wp-json\/wp\/v2\/tags?post=2820"}],"curies":[{"name":"wp","href":"https:\/\/api.w.org\/{rel}","templated":true}]}}