{"id":279,"date":"2018-08-24T12:49:32","date_gmt":"2018-08-24T10:49:32","guid":{"rendered":"https:\/\/zmianawarty.pl\/?p=279"},"modified":"2024-09-16T13:09:04","modified_gmt":"2024-09-16T11:09:04","slug":"czy-nowy-wspolnik-zawsze-musi-wniesc-wklad-do-spolki","status":"publish","type":"post","link":"https:\/\/pragmatiq.pl\/zmianawarty\/czy-nowy-wspolnik-zawsze-musi-wniesc-wklad-do-spolki\/","title":{"rendered":"Czy nowy wsp\u00f3lnik zawsze musi wnie\u015b\u0107 wk\u0142ad do sp\u00f3\u0142ki?"},"content":{"rendered":"\n<p><strong>Jednym z podstawowych obowi\u0105zk\u00f3w ka\u017cdego wsp\u00f3lnika: zar\u00f3wno w sp\u00f3\u0142kach osobowych (sp\u00f3\u0142ka jawna, komandytowa, komandytowo-akcyjna), jak i kapita\u0142owych (sp\u00f3\u0142ka z o.o., akcyjna) jest wniesienie wk\u0142adu do sp\u00f3\u0142ki.<\/strong><\/p>\n\n\n\n<p>Wk\u0142ad wniesiony do sp\u00f3\u0142ki mo\u017ce by\u0107 pieni\u0119\u017cny lub niepieni\u0119\u017cny. Wk\u0142adem wniesionym do sp\u00f3\u0142ki niepieni\u0119\u017cnym (aportem) mog\u0105 by\u0107 np.: nieruchomo\u015b\u0107, przedsi\u0119biorstwo, maj\u0105tkowe prawa autorskie do okre\u015blonego dzie\u0142a, \u015bwiadczenie okre\u015blonych us\u0142ug, <em>know-how<\/em>. W niekt\u00f3rych sytuacjach przepisy przewiduj\u0105 pewne ograniczenia co do wysoko\u015bci lub rodzaj\u00f3w wnoszonych wk\u0142ad\u00f3w do sp\u00f3\u0142ki.<\/p>\n\n\n\n<figure class=\"wp-block-embed is-type-video is-provider-youtube wp-block-embed-youtube wp-embed-aspect-16-9 wp-has-aspect-ratio\"><div class=\"wp-block-embed__wrapper\">\n<iframe title=\"Jak\u0105 sp\u00f3\u0142k\u0119 wybra\u0107?\" width=\"525\" height=\"295\" src=\"https:\/\/www.youtube.com\/embed\/zcyFVjSiWkk?feature=oembed\" frameborder=\"0\" allow=\"accelerometer; autoplay; clipboard-write; encrypted-media; gyroscope; picture-in-picture; web-share\" referrerpolicy=\"strict-origin-when-cross-origin\" allowfullscreen><\/iframe>\n<\/div><figcaption class=\"wp-element-caption\">Jak\u0105 sp\u00f3\u0142k\u0119 wybra\u0107? Zobacz nasz film!<\/figcaption><\/figure>\n\n\n\n<h2 class=\"wp-block-heading\">Sp\u00f3\u0142ki: jawna, komandytowa<\/h2>\n\n\n\n<p>W przypadku wniesienia wk\u0142ad\u00f3w do sp\u00f3\u0142ki jawnej, i komandytowej przepisy nie okre\u015blaj\u0105 minimalnej ich wysoko\u015bci. Wk\u0142ady wniesione do sp\u00f3\u0142ki mog\u0105 by\u0107 zatem niewielkie. Przepisy nie przewiduj\u0105 r\u00f3wnie\u017c szczeg\u00f3lnych obostrze\u0144, je\u015bli chodzi o rodzaje wnoszonych wk\u0142ad\u00f3w do sp\u00f3\u0142ki. Warto tylko zaznaczy\u0107 specyficzne uregulowania dotycz\u0105ce wk\u0142adu komandytariusza, czyli wsp\u00f3lnika sp\u00f3\u0142ki komandytowej, kt\u00f3ry odpowiada za zobowi\u0105zania sp\u00f3\u0142ki w ograniczony spos\u00f3b, tj. do wysoko\u015bci sumy komandytowej. Je\u017celi komandytariusz chcia\u0142by ograniczy\u0107 swoj\u0105 odpowiedzialno\u015b\u0107 za zobowi\u0105zania sp\u00f3\u0142ki limitowan\u0105 sum\u0105 komandytow\u0105, winien wnie\u015b\u0107 wk\u0142ad r\u00f3wny tej sumie. Ze wzgl\u0119du na ochron\u0119 wierzycieli przepisy wprowadzaj\u0105 ograniczenia co do przedmiotu takiego wk\u0142adu. Po pierwsze, wk\u0142adem komandytariusza nie mo\u017ce by\u0107 \u015bwiadczenie pracy lub us\u0142ug, chyba \u017ce jego pozosta\u0142y wk\u0142ad przewy\u017csza sum\u0119 komandytow\u0105. Po drugie, wk\u0142adem wniesionym do sp\u00f3\u0142ki przez komandytariusza nie mog\u0105 by\u0107 jego udzia\u0142y lub akcje w sp\u00f3\u0142ce, kt\u00f3ra jest komplementariuszem. Oczywi\u015bcie nie ma przeszk\u00f3d, by komandytariusz wni\u00f3s\u0142 jako wk\u0142ad udzia\u0142y lub akcje w innej sp\u00f3\u0142ce.<\/p>\n\n\n\n<p><strong>Przyk\u0142ad:<\/strong><\/p>\n\n\n\n<p><em>Suma komandytowa komandytariusza w ABC sp\u00f3\u0142ka z o.o. sp\u00f3\u0142ka komandytowa wynosi 10 000 z\u0142. Jednocze\u015bnie komandytariusz jest wsp\u00f3lnikiem w sp\u00f3\u0142ce ABC sp\u00f3\u0142ka z o.o. Wk\u0142adem komandytariusza do sp\u00f3\u0142ki komandytowej umniejszaj\u0105cym jego odpowiedzialno\u015b\u0107 z tytu\u0142u sumy komandytowej nie mog\u0105 by\u0107 jego udzia\u0142y w sp\u00f3\u0142ce ABC sp\u00f3\u0142ka z o.o. Wk\u0142adem tym nie mo\u017ce by\u0107 r\u00f3wnie\u017c \u015bwiadczenie us\u0142ug lub pracy na rzecz sp\u00f3\u0142ki komandytowej, chyba \u017ce wni\u00f3s\u0142 do tej sp\u00f3\u0142ki inny wk\u0142ad (np. pieni\u0119\u017cny) w wysoko\u015bci co najmniej 10 000 z\u0142.<\/em><\/p>\n\n\n\n<h2 class=\"wp-block-heading\">Sp\u00f3\u0142ki: komandytowo-akcyjna, z .o.o., akcyjna<\/h2>\n\n\n\n<p>W przypadku sp\u00f3\u0142ek: komandytowo-akcyjnej, z o.o. i akcyjnej wk\u0142ady wniesione do sp\u00f3\u0142ki przez wszystkich wsp\u00f3lnik\u00f3w musz\u0105 by\u0107 r\u00f3wne co najmniej wysoko\u015bci okre\u015blonego w przepisach kapita\u0142u zak\u0142adowego (sp\u00f3\u0142ka komandytowo-akcyjna \u2013 50 000 z\u0142, sp\u00f3\u0142ka z o.o. \u2013 5000 z\u0142, sp\u00f3\u0142ka akcyjna \u2013 100 000 z\u0142).<\/p>\n\n\n\n<p>W przypadku sp\u00f3\u0142ki z o.o. wk\u0142ady wniesione do sp\u00f3\u0142ki musz\u0105 by\u0107 wp\u0142acone w ca\u0142o\u015bci przed jej zarejestrowaniem. Inaczej wygl\u0105da to w przypadku sp\u00f3\u0142ek akcyjnej i komandytowo-akcyjnej: akcje obejmowane za wk\u0142ady niepieni\u0119\u017cne powinny by\u0107 pokryte w ca\u0142o\u015bci nie p\u00f3\u017aniej ni\u017c rok po rejestracji sp\u00f3\u0142ki, a akcje obejmowane za wk\u0142ady pieni\u0119\u017cne powinny by\u0107 op\u0142acone przed zarejestrowaniem sp\u00f3\u0142ki co najmniej w \u00bc ich warto\u015bci nominalnej. Je\u017celi akcje s\u0105 obejmowane za wk\u0142ad mieszany (wk\u0142ad pieni\u0119\u017cny i niepieni\u0119\u017cny), kapita\u0142 zak\u0142adowy powinien by\u0107 pokryty przed zarejestrowaniem co najmniej w \u00bc jego wysoko\u015bci.<\/p>\n\n\n\n<p>Zach\u0119camy do zapoznanie si\u0119 z naszymi wpisami na takie tematy jak <a href=\"https:\/\/pragmatiq.pl\/zmianawarty\/25-listopada-wchodzi-w-zycie-ustawa-o-zarzadzie-sukcesyjnym\/\">zarz\u0105d sukcesyjny ustawa<\/a> oraz <a href=\"https:\/\/pragmatiq.pl\/zmianawarty\/dziedziczenie-jednoosobowej-dzialalnosci-gospodarczej\/\">dziedziczenie firmy<\/a>.<\/p>\n\n\n\n<p>Wk\u0142adem wniesionym do sp\u00f3\u0142ek kapita\u0142owych, czyli sp\u00f3\u0142ki z o.o. i akcyjnej nie mo\u017ce by\u0107 prawo niezbywalne (np. u\u017cytkowanie, s\u0142u\u017cebno\u015bci osobiste) oraz \u015bwiadczenie pracy b\u0105d\u017a us\u0142ug. Jest to podyktowane konieczno\u015bci\u0105 zagwarantowania wierzycielom, \u017ce kapita\u0142 sp\u00f3\u0142ki stanowi realn\u0105 warto\u015b\u0107.<\/p>\n\n\n\n<p>W sytuacji, gdy nowym wsp\u00f3lnikiem sp\u00f3\u0142ki ma zosta\u0107 mened\u017cer, obowi\u0105zek wniesienia wk\u0142adu mo\u017ce okaza\u0107 si\u0119 k\u0142opotliwy. W\u0142a\u015bciciele sp\u00f3\u0142ek najcz\u0119\u015bciej nie oczekuj\u0105 od kadry mened\u017cerskiej, aby ta zasili\u0142a sp\u00f3\u0142k\u0119 dodatkowym kapita\u0142em, a jedynie chc\u0105 mie\u0107 od niej gwarancj\u0119, \u017ce zwi\u0105\u017ce si\u0119 z firm\u0105 na d\u0142ugie lata. W zwi\u0105zku z tym istnieje szereg rozwi\u0105za\u0144, kt\u00f3re pozwalaj\u0105 na przyznanie mened\u017cerowi okre\u015blonych praw w sp\u00f3\u0142ce bez konieczno\u015bci ponoszenia wysokich koszt\u00f3w. Przyk\u0142adem s\u0105 udzia\u0142y fantomowe, z kt\u00f3rych posiadaniem niekoniecznie wi\u0105\u017ce si\u0119 obowi\u0105zek wniesienia wk\u0142adu do sp\u00f3\u0142ki.<\/p>\n\n\n\n<p><strong>Podstawa prawna: <\/strong>art. 14 \u00a7 1, art. 107, art. 126 \u00a7 2, art. 154 \u00a7 1, art. 163 pkt 2, art. 308 \u00a7 1, art. 309 k.s.h.<\/p>\n\n\n\n<p>Karolina Kuli\u0144ska &#8211; Polak<\/p>\n\n\n\n<div style=\"height:44px\" aria-hidden=\"true\" class=\"wp-block-spacer\"><\/div>\n\n\n\n<p>Powr\u00f3t do <a href=\"https:\/\/pragmatiq.pl\/zmianawarty\/spolka-rodzinna-z-zewnetrznym-menedzerem\/\"><strong>PYTANIA I ODPOWIEDZI<\/strong><\/a><\/p>\n","protected":false},"excerpt":{"rendered":"<p>Jednym z podstawowych obowi\u0105zk\u00f3w ka\u017cdego wsp\u00f3lnika: zar\u00f3wno w sp\u00f3\u0142kach osobowych (sp\u00f3\u0142ka jawna, komandytowa, komandytowo-akcyjna), jak i kapita\u0142owych (sp\u00f3\u0142ka z o.o., akcyjna) jest wniesienie wk\u0142adu do sp\u00f3\u0142ki. Wk\u0142ad wniesiony do sp\u00f3\u0142ki mo\u017ce by\u0107 pieni\u0119\u017cny lub niepieni\u0119\u017cny. Wk\u0142adem wniesionym do sp\u00f3\u0142ki niepieni\u0119\u017cnym (aportem) mog\u0105 by\u0107 np.: nieruchomo\u015b\u0107, przedsi\u0119biorstwo, maj\u0105tkowe prawa autorskie do okre\u015blonego dzie\u0142a, \u015bwiadczenie okre\u015blonych us\u0142ug, &hellip; <\/p>\n<p class=\"link-more\"><a href=\"https:\/\/pragmatiq.pl\/zmianawarty\/czy-nowy-wspolnik-zawsze-musi-wniesc-wklad-do-spolki\/\" class=\"more-link\">Continue reading<span class=\"screen-reader-text\"> &#8222;Czy nowy wsp\u00f3lnik zawsze musi wnie\u015b\u0107 wk\u0142ad do sp\u00f3\u0142ki?&#8221;<\/span><\/a><\/p>\n","protected":false},"author":6,"featured_media":397,"comment_status":"open","ping_status":"open","sticky":false,"template":"","format":"standard","meta":{"footnotes":""},"categories":[99,4],"tags":[54],"class_list":["post-279","post","type-post","status-publish","format-standard","has-post-thumbnail","hentry","category-spolka-rodzinna-z-zewnetrznym-menedzerem-kategoria","category-artykuly","tag-wklad-do-spolki"],"_links":{"self":[{"href":"https:\/\/pragmatiq.pl\/zmianawarty\/wp-json\/wp\/v2\/posts\/279","targetHints":{"allow":["GET"]}}],"collection":[{"href":"https:\/\/pragmatiq.pl\/zmianawarty\/wp-json\/wp\/v2\/posts"}],"about":[{"href":"https:\/\/pragmatiq.pl\/zmianawarty\/wp-json\/wp\/v2\/types\/post"}],"author":[{"embeddable":true,"href":"https:\/\/pragmatiq.pl\/zmianawarty\/wp-json\/wp\/v2\/users\/6"}],"replies":[{"embeddable":true,"href":"https:\/\/pragmatiq.pl\/zmianawarty\/wp-json\/wp\/v2\/comments?post=279"}],"version-history":[{"count":12,"href":"https:\/\/pragmatiq.pl\/zmianawarty\/wp-json\/wp\/v2\/posts\/279\/revisions"}],"predecessor-version":[{"id":4306,"href":"https:\/\/pragmatiq.pl\/zmianawarty\/wp-json\/wp\/v2\/posts\/279\/revisions\/4306"}],"wp:featuredmedia":[{"embeddable":true,"href":"https:\/\/pragmatiq.pl\/zmianawarty\/wp-json\/wp\/v2\/media\/397"}],"wp:attachment":[{"href":"https:\/\/pragmatiq.pl\/zmianawarty\/wp-json\/wp\/v2\/media?parent=279"}],"wp:term":[{"taxonomy":"category","embeddable":true,"href":"https:\/\/pragmatiq.pl\/zmianawarty\/wp-json\/wp\/v2\/categories?post=279"},{"taxonomy":"post_tag","embeddable":true,"href":"https:\/\/pragmatiq.pl\/zmianawarty\/wp-json\/wp\/v2\/tags?post=279"}],"curies":[{"name":"wp","href":"https:\/\/api.w.org\/{rel}","templated":true}]}}