{"id":277,"date":"2018-08-24T12:47:47","date_gmt":"2018-08-24T10:47:47","guid":{"rendered":"https:\/\/zmianawarty.pl\/?p=277"},"modified":"2024-09-16T14:41:00","modified_gmt":"2024-09-16T12:41:00","slug":"jak-opodatkowana-jest-sprzedaz-udzialow-lub-akcji-ktore-zostaly-objete-w-zwiazku-z-przeksztalceniem-jednoosobowej-firmy-w-spolke","status":"publish","type":"post","link":"https:\/\/pragmatiq.pl\/zmianawarty\/jak-opodatkowana-jest-sprzedaz-udzialow-lub-akcji-ktore-zostaly-objete-w-zwiazku-z-przeksztalceniem-jednoosobowej-firmy-w-spolke\/","title":{"rendered":"Jak opodatkowana jest sprzeda\u017c udzia\u0142\u00f3w lub akcji, kt\u00f3re zosta\u0142y obj\u0119te w zwi\u0105zku z przekszta\u0142ceniem jednoosobowej firmy w sp\u00f3\u0142k\u0119?"},"content":{"rendered":"\n<p><strong>Sprzeda\u017c udzia\u0142\u00f3w lub akcji, np. w procesie wej\u015bcia do sp\u00f3\u0142ki mened\u017cera, powoduje dla przedsi\u0119biorcy (kt\u00f3ry po przekszta\u0142ceniu firmy w sp\u00f3\u0142k\u0119&nbsp; jest jedynym jej wsp\u00f3lnikiem) powstanie przychodu ze \u017ar\u00f3d\u0142a kapita\u0142y pieni\u0119\u017cne, opodatkowanego 19% PIT. Podstaw\u0119 opodatkowania stanowi przych\u00f3d pomniejszony o koszty jego uzyskania.<\/strong><\/p>\n\n\n\n<p>Przychodem b\u0119dzie warto\u015b\u0107 wyra\u017cona w cenie okre\u015blonej w umowie sprzeda\u017cy na rzecz osoby zarz\u0105dzaj\u0105cej. Wa\u017cne jest przy tym, aby warto\u015b\u0107 ta nie odbiega\u0142a znacznie od warto\u015bci rynkowej udzia\u0142\u00f3w lub akcji. Gdyby powsta\u0142y powa\u017cne rozbie\u017cno\u015bci w tym zakresie, organ podatkowy mo\u017ce wezwa\u0107 do uzasadnienia przyczyny ustalenia takiej ceny, a nawet przyst\u0105pi\u0107 do okre\u015blenia warto\u015bci rynkowej transakcji. Co istotne, przych\u00f3d powstaje u zbywcy w momencie przeniesienia na nabywc\u0119 w\u0142asno\u015bci udzia\u0142\u00f3w lub akcji, niezale\u017cnie od tego, kiedy nale\u017cno\u015b\u0107 zostanie przez nabywc\u0119 uregulowana.<\/p>\n\n\n\n<figure class=\"wp-block-embed is-type-video is-provider-youtube wp-block-embed-youtube wp-embed-aspect-16-9 wp-has-aspect-ratio\"><div class=\"wp-block-embed__wrapper\">\n<iframe title=\"Jak\u0105 sp\u00f3\u0142k\u0119 wybra\u0107?\" width=\"525\" height=\"295\" src=\"https:\/\/www.youtube.com\/embed\/zcyFVjSiWkk?feature=oembed\" frameborder=\"0\" allow=\"accelerometer; autoplay; clipboard-write; encrypted-media; gyroscope; picture-in-picture; web-share\" referrerpolicy=\"strict-origin-when-cross-origin\" allowfullscreen><\/iframe>\n<\/div><figcaption class=\"wp-element-caption\">Jak\u0105 sp\u00f3\u0142k\u0119 wybra\u0107? Zobacz nasz film!<\/figcaption><\/figure>\n\n\n\n<p>W przypadku, gdy przedsi\u0119biorca przekszta\u0142ca\u0142 firm\u0119 w sp\u00f3\u0142k\u0119, a nast\u0119pnie dokona\u0142 sprzeda\u017cy obj\u0119tych w ten spos\u00f3b udzia\u0142\u00f3w lub akcji, koszt uzyskania przychodu na dzie\u0144 zbycia ustala si\u0119 w warto\u015bci ewidencyjnej sk\u0142adnik\u00f3w maj\u0105tku na dzie\u0144 przekszta\u0142cenia firmy. Co istotne, koszt ten nie mo\u017ce by\u0107 wy\u017cszy ni\u017c warto\u015b\u0107 przychodu, kt\u00f3ry powsta\u0142 na moment obj\u0119cia udzia\u0142\u00f3w lub akcji.<\/p>\n\n\n\n<p>Przyk\u0142ad:<\/p>\n\n\n\n<p><em>Przedsi\u0119biorca postanowi\u0142 przekszta\u0142ci\u0107 firm\u0119 w jednoosobow\u0105 sp\u00f3\u0142k\u0119 z o.o. Przekszta\u0142cenie nast\u0105pi\u0142o 1 grudnia 2017 roku. W zwi\u0105zku z przekszta\u0142ceniem firmy&nbsp;przedsi\u0119biorca obj\u0105\u0142 100% udzia\u0142\u00f3w w sp\u00f3\u0142ce. Na podstawie ksi\u0105g rachunkowych ustalono, \u017ce 1 grudnia 2017 roku (dzie\u0144 obj\u0119cia udzia\u0142\u00f3w) warto\u015b\u0107 sk\u0142adnik\u00f3w maj\u0105tku przekszta\u0142canego przedsi\u0119biorstwa wynosi\u0142a 1 000 000 z\u0142 i by\u0142a to warto\u015b\u0107 rynkowa.<\/em><\/p>\n\n\n\n<p><em>&nbsp;<\/em><em>1 maja 2018 roku przedsi\u0119biorca postanowi\u0142 sprzeda\u0107 10% swoich udzia\u0142\u00f3w pracownikowi maj\u0105cemu zarz\u0105dza\u0107 sp\u00f3\u0142k\u0105 w przysz\u0142o\u015bci, ustalaj\u0105c warto\u015b\u0107 rynkow\u0105 tej cz\u0119\u015bci udzia\u0142\u00f3w na kwot\u0119 120 000 z\u0142 i przewidzia\u0142 rataln\u0105 zap\u0142at\u0119 ceny w kilku najbli\u017cszych latach.<\/em><\/p>\n\n\n\n<p><em>&nbsp;<\/em><em>Przychodem do opodatkowania po stronie przedsi\u0119biorcy by\u0142a cena okre\u015blona w umowie, odpowiadaj\u0105ca jednocze\u015bnie warto\u015bci rynkowej, a wi\u0119c 120 000 z\u0142. Termin zap\u0142aty ceny nie rzutuje na moment powstania obowi\u0105zku podatkowego. Poniewa\u017c sprzedawane by\u0142o 10% udzia\u0142\u00f3w, kosztem uzyskania przychod\u00f3w by\u0142a odpowiadaj\u0105ca temu u\u0142amkowi warto\u015b\u0107 ewidencyjna sk\u0142adnik\u00f3w maj\u0105tku przedsi\u0119biorstwa na moment przekszta\u0142cenia firmy, tj. 100 000 z\u0142.<\/em><\/p>\n\n\n\n<p><em>Od ustalonej podstawy opodatkowania (przych\u00f3d minus koszt), przedsi\u0119biorca odprowadzi\u0142 PIT w wysoko\u015bci 3800 z\u0142 (19% z 20&nbsp;000 z\u0142).<\/em><\/p>\n\n\n\n<p>Sprzeda\u017c udzia\u0142\u00f3w lub akcji nie spowoduje powstania obowi\u0105zku VAT do zap\u0142aty po stronie zbywcy. Nabywca b\u0119dzie musia\u0142 jednak liczy\u0107 si\u0119 z obowi\u0105zkiem zap\u0142aty PCC w wysoko\u015bci 1% warto\u015bci rynkowej, czyli najcz\u0119\u015bciej ceny wskazanej w umowie.<\/p>\n\n\n\n<p><strong>&nbsp;Podstawa prawna:<\/strong> art. 17 ust. 1 pkt 6, art. 17 ust. 1ab, art. 19, art. 22 ust. 1\u0142 ustawy o PIT; art. 1 ust. 1 pkt 1 lit. k, art. 7 ust. 1 pkt 1 lit. b ustawy o PCC.<\/p>\n\n\n\n<p>Pawe\u0142 Malewski<\/p>\n\n\n\n<div style=\"height:42px\" aria-hidden=\"true\" class=\"wp-block-spacer\"><\/div>\n\n\n\n<p>Powr\u00f3t do <a href=\"https:\/\/pragmatiq.pl\/zmianawarty\/spolka-rodzinna-z-zewnetrznym-menedzerem\/\"><strong>PYTANIA I ODPOWIEDZI<\/strong><\/a><\/p>\n","protected":false},"excerpt":{"rendered":"<p>Sprzeda\u017c udzia\u0142\u00f3w lub akcji, np. w procesie wej\u015bcia do sp\u00f3\u0142ki mened\u017cera, powoduje dla przedsi\u0119biorcy (kt\u00f3ry po przekszta\u0142ceniu firmy w sp\u00f3\u0142k\u0119&nbsp; jest jedynym jej wsp\u00f3lnikiem) powstanie przychodu ze \u017ar\u00f3d\u0142a kapita\u0142y pieni\u0119\u017cne, opodatkowanego 19% PIT. Podstaw\u0119 opodatkowania stanowi przych\u00f3d pomniejszony o koszty jego uzyskania. Przychodem b\u0119dzie warto\u015b\u0107 wyra\u017cona w cenie okre\u015blonej w umowie sprzeda\u017cy na rzecz osoby &hellip; <\/p>\n<p class=\"link-more\"><a href=\"https:\/\/pragmatiq.pl\/zmianawarty\/jak-opodatkowana-jest-sprzedaz-udzialow-lub-akcji-ktore-zostaly-objete-w-zwiazku-z-przeksztalceniem-jednoosobowej-firmy-w-spolke\/\" class=\"more-link\">Continue reading<span class=\"screen-reader-text\"> &#8222;Jak opodatkowana jest sprzeda\u017c udzia\u0142\u00f3w lub akcji, kt\u00f3re zosta\u0142y obj\u0119te w zwi\u0105zku z przekszta\u0142ceniem jednoosobowej firmy w sp\u00f3\u0142k\u0119?&#8221;<\/span><\/a><\/p>\n","protected":false},"author":21,"featured_media":397,"comment_status":"open","ping_status":"open","sticky":false,"template":"","format":"standard","meta":{"footnotes":""},"categories":[99,4],"tags":[72,69],"class_list":["post-277","post","type-post","status-publish","format-standard","has-post-thumbnail","hentry","category-spolka-rodzinna-z-zewnetrznym-menedzerem-kategoria","category-artykuly","tag-podatek","tag-udzialy"],"_links":{"self":[{"href":"https:\/\/pragmatiq.pl\/zmianawarty\/wp-json\/wp\/v2\/posts\/277","targetHints":{"allow":["GET"]}}],"collection":[{"href":"https:\/\/pragmatiq.pl\/zmianawarty\/wp-json\/wp\/v2\/posts"}],"about":[{"href":"https:\/\/pragmatiq.pl\/zmianawarty\/wp-json\/wp\/v2\/types\/post"}],"author":[{"embeddable":true,"href":"https:\/\/pragmatiq.pl\/zmianawarty\/wp-json\/wp\/v2\/users\/21"}],"replies":[{"embeddable":true,"href":"https:\/\/pragmatiq.pl\/zmianawarty\/wp-json\/wp\/v2\/comments?post=277"}],"version-history":[{"count":9,"href":"https:\/\/pragmatiq.pl\/zmianawarty\/wp-json\/wp\/v2\/posts\/277\/revisions"}],"predecessor-version":[{"id":4307,"href":"https:\/\/pragmatiq.pl\/zmianawarty\/wp-json\/wp\/v2\/posts\/277\/revisions\/4307"}],"wp:featuredmedia":[{"embeddable":true,"href":"https:\/\/pragmatiq.pl\/zmianawarty\/wp-json\/wp\/v2\/media\/397"}],"wp:attachment":[{"href":"https:\/\/pragmatiq.pl\/zmianawarty\/wp-json\/wp\/v2\/media?parent=277"}],"wp:term":[{"taxonomy":"category","embeddable":true,"href":"https:\/\/pragmatiq.pl\/zmianawarty\/wp-json\/wp\/v2\/categories?post=277"},{"taxonomy":"post_tag","embeddable":true,"href":"https:\/\/pragmatiq.pl\/zmianawarty\/wp-json\/wp\/v2\/tags?post=277"}],"curies":[{"name":"wp","href":"https:\/\/api.w.org\/{rel}","templated":true}]}}