{"id":275,"date":"2018-08-24T12:45:36","date_gmt":"2018-08-24T10:45:36","guid":{"rendered":"https:\/\/zmianawarty.pl\/?p=275"},"modified":"2024-09-16T15:23:27","modified_gmt":"2024-09-16T13:23:27","slug":"osoba-z-zewnatrz-w-spolce-rodzinnej-jaka-forme-dzialalnosci-wybrac","status":"publish","type":"post","link":"https:\/\/pragmatiq.pl\/zmianawarty\/osoba-z-zewnatrz-w-spolce-rodzinnej-jaka-forme-dzialalnosci-wybrac\/","title":{"rendered":"Osoba z zewn\u0105trz w sp\u00f3\u0142ce rodzinnej \u2013 jak\u0105 form\u0119 dzia\u0142alno\u015bci wybra\u0107?"},"content":{"rendered":"<div id=\"ez-toc-container\" class=\"ez-toc-v2_0_82_2 counter-hierarchy ez-toc-counter ez-toc-white ez-toc-container-direction\">\n<div class=\"ez-toc-title-container\"><p class=\"ez-toc-title\" style=\"cursor:inherit\">Spis tre\u015bci<\/p>\n<\/div><nav><ul class='ez-toc-list ez-toc-list-level-1 ' ><li class='ez-toc-page-1 ez-toc-heading-level-2'><a class=\"ez-toc-link ez-toc-heading-1\" href=\"https:\/\/pragmatiq.pl\/zmianawarty\/osoba-z-zewnatrz-w-spolce-rodzinnej-jaka-forme-dzialalnosci-wybrac\/#Spolka_jawna\" >Sp\u00f3\u0142ka jawna<\/a><\/li><li class='ez-toc-page-1 ez-toc-heading-level-2'><a class=\"ez-toc-link ez-toc-heading-2\" href=\"https:\/\/pragmatiq.pl\/zmianawarty\/osoba-z-zewnatrz-w-spolce-rodzinnej-jaka-forme-dzialalnosci-wybrac\/#Spolka_komandytowa\" >Sp\u00f3\u0142ka komandytowa<\/a><\/li><li class='ez-toc-page-1 ez-toc-heading-level-2'><a class=\"ez-toc-link ez-toc-heading-3\" href=\"https:\/\/pragmatiq.pl\/zmianawarty\/osoba-z-zewnatrz-w-spolce-rodzinnej-jaka-forme-dzialalnosci-wybrac\/#Spolka_komandytowo-akcyjna\" >Sp\u00f3\u0142ka komandytowo-akcyjna<\/a><\/li><li class='ez-toc-page-1 ez-toc-heading-level-2'><a class=\"ez-toc-link ez-toc-heading-4\" href=\"https:\/\/pragmatiq.pl\/zmianawarty\/osoba-z-zewnatrz-w-spolce-rodzinnej-jaka-forme-dzialalnosci-wybrac\/#Spolka_z_oo\" >Sp\u00f3\u0142ka z o.o.<\/a><\/li><li class='ez-toc-page-1 ez-toc-heading-level-2'><a class=\"ez-toc-link ez-toc-heading-5\" href=\"https:\/\/pragmatiq.pl\/zmianawarty\/osoba-z-zewnatrz-w-spolce-rodzinnej-jaka-forme-dzialalnosci-wybrac\/#Spolka_akcyjna\" >Sp\u00f3\u0142ka akcyjna<\/a><\/li><li class='ez-toc-page-1 ez-toc-heading-level-2'><a class=\"ez-toc-link ez-toc-heading-6\" href=\"https:\/\/pragmatiq.pl\/zmianawarty\/osoba-z-zewnatrz-w-spolce-rodzinnej-jaka-forme-dzialalnosci-wybrac\/#Prosta_spolka_akcyjna\" >Prosta sp\u00f3\u0142ka akcyjna&nbsp;<\/a><\/li><li class='ez-toc-page-1 ez-toc-heading-level-2'><a class=\"ez-toc-link ez-toc-heading-7\" href=\"https:\/\/pragmatiq.pl\/zmianawarty\/osoba-z-zewnatrz-w-spolce-rodzinnej-jaka-forme-dzialalnosci-wybrac\/#Fundacja_rodzinna\" >Fundacja rodzinna&nbsp;<\/a><\/li><\/ul><\/nav><\/div>\n\n<p><strong>Przedsi\u0119biorca, decyduj\u0105c si\u0119 na wprowadzenie do sp\u00f3\u0142ki mened\u017cera spoza rodziny, powinien przemy\u015ble\u0107 wyb\u00f3r formy prawnej dla swojej firmy. Z jednej strony rodzaj sp\u00f3\u0142ki powinien minimalizowa\u0107 ryzyko gospodarcze, a z drugiej \u2013 zapewnia\u0107 odpowiednie korzy\u015bci finansowe czy podatkowe. <\/strong><\/p>\n\n\n\n<p>Czasami tak\u0105 sp\u00f3\u0142k\u0119 nale\u017cy dopiero powo\u0142a\u0107, czasami trzeba dokona\u0107 przekszta\u0142cenia istniej\u0105cego podmiotu, a prawie zawsze zmodyfikowa\u0107 okre\u015blone umow\u0105 warunki jej funkcjonowania. Dlatego w tym miejscu warto zwr\u00f3ci\u0107 uwag\u0119 na g\u0142\u00f3wne cechy poszczeg\u00f3lnych sp\u00f3\u0142ek istotne z punktu widzenia postawionego pytania.<\/p>\n\n\n\n<h2 class=\"wp-block-heading\"><span class=\"ez-toc-section\" id=\"Spolka_jawna\"><\/span><strong>Sp\u00f3\u0142ka jawna<\/strong><span class=\"ez-toc-section-end\"><\/span><\/h2>\n\n\n\n<p>Du\u017ca elastyczno\u015b\u0107 sp\u00f3\u0142ki jawnej pozwala na zawarcie w umowie, na podstawie kt\u00f3rej ona dzia\u0142a, z\u0142o\u017conych mechanizm\u00f3w reguluj\u0105cych zasady wsp\u00f3\u0142pracy z mened\u017cerem z zewn\u0105trz. Co istotne, ten rodzaj sp\u00f3\u0142ki nie wi\u0105\u017ce praw wsp\u00f3lnik\u00f3w z wysoko\u015bci\u0105 wnoszonych wk\u0142ad\u00f3w. Umowa sp\u00f3\u0142ki jawnej mo\u017ce nie tylko okre\u015bla\u0107 udzia\u0142 wsp\u00f3lnika w zysku niezale\u017cnie od tego, ile zainwestowa\u0142 w sp\u00f3\u0142k\u0119, ale te\u017c wprowadza\u0107 bardziej z\u0142o\u017cone zasady podzia\u0142u tego zysku. Mo\u017ce np. przewidywa\u0107 wzrost udzia\u0142u mened\u017cera w zysku po spe\u0142nieniu przez niego okre\u015blonych wymog\u00f3w, cho\u0107by osi\u0105gni\u0119ciu ustalonych wynik\u00f3w finansowych czy realizacji inwestycji. Mo\u017ce te\u017c w okre\u015blonych sytuacjach uprzywilejowywa\u0107 rodzin\u0119. Elastyczno\u015b\u0107 sp\u00f3\u0142ki jawnej mo\u017cna r\u00f3wnie\u017c wykorzysta\u0107 do ustalenia zasad podejmowania uchwa\u0142 w taki spos\u00f3b, by decyduj\u0105cy g\u0142os w pewnych kwestiach mia\u0142a zawsze rodzina oraz by w pewnych sytuacjach konieczna by\u0142a jednomy\u015blno\u015b\u0107. Inn\u0105 korzy\u015bci\u0105 wynikaj\u0105c\u0105 z prowadzenia dzia\u0142alno\u015bci w tej formie jest jednokrotne opodatkowanie zysk\u00f3w podatkiem dochodowym.<\/p>\n\n\n\n<figure class=\"wp-block-embed is-type-video is-provider-youtube wp-block-embed-youtube wp-embed-aspect-16-9 wp-has-aspect-ratio\"><div class=\"wp-block-embed__wrapper\">\n<iframe title=\"Jak\u0105 sp\u00f3\u0142k\u0119 wybra\u0107?\" width=\"525\" height=\"295\" src=\"https:\/\/www.youtube.com\/embed\/zcyFVjSiWkk?feature=oembed\" frameborder=\"0\" allow=\"accelerometer; autoplay; clipboard-write; encrypted-media; gyroscope; picture-in-picture; web-share\" referrerpolicy=\"strict-origin-when-cross-origin\" allowfullscreen><\/iframe>\n<\/div><figcaption class=\"wp-element-caption\">Jak\u0105 sp\u00f3\u0142k\u0119 wybra\u0107? Zobacz nasz film!<\/figcaption><\/figure>\n\n\n\n<p>Wad\u0105 sp\u00f3\u0142ki jawnej jest natomiast w pewnych sytuacjach nieograniczona odpowiedzialno\u015b\u0107 jej wsp\u00f3lnik\u00f3w za jej zobowi\u0105zania. Zgodnie z obowi\u0105zuj\u0105cymi przepisami, gdy maj\u0105tek sp\u00f3\u0142ki nie wystarczy na sp\u0142at\u0119 tych zobowi\u0105za\u0144, wierzyciel mo\u017ce \u017c\u0105da\u0107 sp\u0142aty swych nale\u017cno\u015bci od ka\u017cdego ze wsp\u00f3lnik\u00f3w. Trudniejsze ni\u017c w innych rodzajach sp\u00f3\u0142ek s\u0105 te\u017c w sp\u00f3\u0142ce jawnej zmiany osobowe w gronie wsp\u00f3lnik\u00f3w. Minusem sp\u00f3\u0142ki jawnej, jak i innych sp\u00f3\u0142ek osobowych, jest mo\u017cliwo\u015b\u0107 rozwi\u0105zania sp\u00f3\u0142ki wskutek wypowiedzenia umowy sp\u00f3\u0142ki przez wsp\u00f3lnika lub jego wierzyciela osobistego.<\/p>\n\n\n\n<h2 class=\"wp-block-heading\"><span class=\"ez-toc-section\" id=\"Spolka_komandytowa\"><\/span><strong>Sp\u00f3\u0142ka komandytowa<\/strong><span class=\"ez-toc-section-end\"><\/span><\/h2>\n\n\n\n<p>Sp\u00f3\u0142ka komandytowa ma wszystkie wskazane wy\u017cej zalety sp\u00f3\u0142ki jawnej, a jednocze\u015bnie pozwala na ograniczenie odpowiedzialno\u015bci wsp\u00f3lnik\u00f3w za zobowi\u0105zania podmiotu.<\/p>\n\n\n\n<p>W sp\u00f3\u0142ce komandytowej wyr\u00f3\u017cnia si\u0119 dwa rodzaje wsp\u00f3lnik\u00f3w: komplementariuszy, kt\u00f3rzy zarz\u0105dzaj\u0105 sp\u00f3\u0142k\u0105 i odpowiadaj\u0105 osobi\u015bcie za jej zobowi\u0105zania, oraz komandytariuszy, kt\u00f3rzy s\u0105 wsp\u00f3lnikami \u2013 co do zasady \u2013 \u201epasywnymi\u201d i nie odpowiadaj\u0105 prywatnym maj\u0105tkiem za zobowi\u0105zania firmy. Wydaje si\u0119, \u017ce w przypadku sp\u00f3\u0142ek rodzinnych z zewn\u0119trznym zarz\u0105dem naturaln\u0105 dla seniora i jego nast\u0119pc\u00f3w jest rola komandytariusza. Nie oznacza to jednak, \u017ce mened\u017cer zawsze musi pe\u0142ni\u0107 rol\u0119 komplementariusza i tym samym odpowiada\u0107 maj\u0105tkiem osobistym za zobowi\u0105zania sp\u00f3\u0142ki. Popularnym rozwi\u0105zaniem jest powierzenie funkcji komplementariusza sp\u00f3\u0142ce z ograniczon\u0105 odpowiedzialno\u015bci\u0105 zarz\u0105dzanej przez mened\u017cera, kt\u00f3ry sam komplementariuszem jednak nie jest. Sytuacja ta sprawia, \u017ce tak\u017ce mened\u017cer odpowiada swym maj\u0105tkiem prywatnym za zobowi\u0105zania sp\u00f3\u0142ki w ograniczonym przepisami zakresie.<\/p>\n\n\n\n<h2 class=\"wp-block-heading\"><span class=\"ez-toc-section\" id=\"Spolka_komandytowo-akcyjna\"><\/span><strong>Sp\u00f3\u0142ka komandytowo-akcyjna<\/strong><span class=\"ez-toc-section-end\"><\/span><\/h2>\n\n\n\n<p>Sp\u00f3\u0142ka komandytowo-akcyjna to sp\u00f3\u0142ka osobowa, kt\u00f3ra ma cechy zar\u00f3wno sp\u00f3\u0142ki komandytowej, jak i akcyjnej. Jej niew\u0105tpliw\u0105 zalet\u0105 jest mo\u017cliwo\u015b\u0107 emisji akcji niemych, kt\u00f3re mog\u0105 stanowi\u0107 instrument do zbudowania program\u00f3w motywacyjnych w sp\u00f3\u0142ce.<\/p>\n\n\n\n<p>Sp\u00f3\u0142ka komandytowo-akcyjna ma jednak r\u00f3wnie\u017c kilka cech, kt\u00f3re mog\u0105 sta\u0107 si\u0119 jej wadami. Do takich zakwalifikowa\u0107 mo\u017cna do\u015b\u0107 wysoki minimalny kapita\u0142 zak\u0142adowy (50 000 z\u0142). Ponadto zgodnie z ustaw\u0105 o CIT sp\u00f3\u0142ka komandytowo-akcyjna traktowana jest jak sp\u00f3\u0142ka kapita\u0142owa, w zwi\u0105zku z czym zobowi\u0105zana jest do zap\u0142aty podatku dochodowego od os\u00f3b prawnych. \u0141agodzone jest to nieco przez zasady opodatkowania komplementariuszy przy wyp\u0142acie dywidendy, ale jest to z pewno\u015bci\u0105 kwestia wymagaj\u0105ca powa\u017cnego rozwa\u017cenia. Ponadto wszystkie uchwa\u0142y akcjonariuszy musz\u0105 by\u0107 protoko\u0142owane przez notariusza, co podnosi koszty prowadzenia sp\u00f3\u0142ki. Przepisy te\u017c \u015bci\u015blej ni\u017c w przypadku poprzednich rodzaj\u00f3w sp\u00f3\u0142ek reguluj\u0105 kwestie m.in. dotycz\u0105ce wk\u0142ad\u00f3w, wyp\u0142at zysku oraz wzajemnych relacji wsp\u00f3lnik\u00f3w.<\/p>\n\n\n\n<h2 class=\"wp-block-heading\"><span class=\"ez-toc-section\" id=\"Spolka_z_oo\"><\/span><strong>Sp\u00f3\u0142ka z o.o.<\/strong><span class=\"ez-toc-section-end\"><\/span><\/h2>\n\n\n\n<p>Jest to jedna z najpopularniejszych form sp\u00f3\u0142ek, przede wszystkim ze wzgl\u0119du na stosunkowo niewielki minimalny kapita\u0142 zak\u0142adowy (5000 z\u0142) oraz ograniczon\u0105 odpowiedzialno\u015b\u0107 wsp\u00f3lnik\u00f3w za zobowi\u0105zania podmiotu. Ta ostatnia cecha, w powi\u0105zaniu z do\u015b\u0107 sztywno uregulowanymi zasadami prowadzenia tego rodzaju sp\u00f3\u0142ki, mo\u017ce by\u0107 bardzo istotna, gdy rodzina przekazuje zarz\u0105dzanie firm\u0105 osobie z zewn\u0105trz. Sp\u00f3\u0142ka z o.o. jest ponadto atrakcyjna w przypadku ewentualnej sprzeda\u017cy wszystkich czy cz\u0119\u015bci jej udzia\u0142\u00f3w i to niezale\u017cnie od tego, czy nabywc\u0105 by\u0142yby osoby fizyczne, czy te\u017c inne podmioty.<\/p>\n\n\n\n<p>Sp\u00f3\u0142ka z o.o., b\u0119d\u0105ca sp\u00f3\u0142k\u0105 kapita\u0142ow\u0105, nie jest tak elastyczna, jak sp\u00f3\u0142ki osobowe. Wp\u0142yw na podejmowanie uchwa\u0142 czy udzia\u0142 w zysku ma liczba udzia\u0142\u00f3w posiadanych przez wsp\u00f3lnika. Istniej\u0105, co prawda, pewne mo\u017cliwo\u015bci uprzywilejowania niekt\u00f3rych wsp\u00f3lnik\u00f3w, jednak s\u0105 one ograniczone przepisami. Wiele kwestii formalnych jest tak\u017ce odg\u00f3rnie narzuconych przez przepisy i nieznaczne s\u0105 mo\u017cliwo\u015bci ich modyfikacji. Z jednej strony utrudnia to funkcjonowanie przede wszystkim osobom zarz\u0105dzaj\u0105cym sp\u00f3\u0142k\u0105, z drugiej nie musi by\u0107 wad\u0105 dla wsp\u00f3lnik\u00f3w powi\u0105zanych rodzinnie, np. zainteresowanych sformalizowanymi procedurami kontrolnymi.<\/p>\n\n\n\n<p>Sp\u00f3\u0142ka z o.o. jest te\u017c podw\u00f3jnie opodatkowana. W pierwszej kolejno\u015bci sp\u00f3\u0142ka p\u0142aci podatek dochodowy od os\u00f3b prawnych (CIT), w drugiej wsp\u00f3lnicy p\u0142ac\u0105 podatek dochodowy od os\u00f3b fizycznych (PIT) od wyp\u0142aconej dywidendy.<\/p>\n\n\n\n<h2 class=\"wp-block-heading\"><span class=\"ez-toc-section\" id=\"Spolka_akcyjna\"><\/span><strong>Sp\u00f3\u0142ka akcyjna<\/strong><span class=\"ez-toc-section-end\"><\/span><\/h2>\n\n\n\n<p>Ta forma prowadzenia dzia\u0142alno\u015bci przewidziana jest przede wszystkim dla du\u017cych biznes\u00f3w prowadzonych na szerok\u0105 skal\u0119. Przejawia si\u0119 to cho\u0107by w kwocie minimalnego kapita\u0142u zak\u0142adowego, kt\u00f3ra wynosi 100 000 z\u0142. Zasady jej dzia\u0142ania s\u0105 wysoce sformalizowane i wi\u0105\u017c\u0105 si\u0119 z wysokimi kosztami. Dlatego te\u017c jest to forma prawna rzadko wybierana dla prowadzenia sp\u00f3\u0142ek rodzinnych.<\/p>\n\n\n\n<h2 class=\"wp-block-heading\"><span class=\"ez-toc-section\" id=\"Prosta_spolka_akcyjna\"><\/span><strong>Prosta sp\u00f3\u0142ka akcyjna<\/strong>&nbsp;<span class=\"ez-toc-section-end\"><\/span><\/h2>\n\n\n\n<p>Prosta sp\u00f3\u0142ka akcyjna jest nowoczesn\u0105 sp\u00f3\u0142k\u0105 kapita\u0142ow\u0105, kt\u00f3ra zosta\u0142a wprowadzona do polskiego porz\u0105dku prawnego przede wszystkim jako odpowied\u017a na potrzeb\u0119 stworzenia elastycznego podmiotu prawnego dedykowanego innowacyjnym projektom &#8211; tzw. start-upom.&nbsp;&nbsp;<\/p>\n\n\n\n<p>Jest to szczeg\u00f3lnie wa\u017cne w wypadku sp\u00f3\u0142ek dzia\u0142aj\u0105cych w bran\u017cy nowych technologii, gdzie za\u0142o\u017cyciele wnosz\u0105 do sp\u00f3\u0142ki swoj\u0105 prac\u0119 oraz know-how, lecz w wi\u0119kszo\u015bci wypadk\u00f3w potrzebuj\u0105 dodatkowych funduszy, \u017ceby rozwin\u0105\u0107 biznes. Rozwi\u0105zania prawne, kt\u00f3rych wprowadzenie umo\u017cliwia konstrukcja prostej sp\u00f3\u0142ki akcyjnej, pozwalaj\u0105 na elastyczne kszta\u0142towanie relacji pomi\u0119dzy inwestorami a pomys\u0142odawcami.&nbsp;<\/p>\n\n\n\n<p>W zwi\u0105zku z tym, P.S.A. przeznaczony do rozwoju pocz\u0105tkowych przedsi\u0119wzi\u0119\u0107 nie funkcjonuje jako firma rodzinna tak cz\u0119sto, jak cho\u0107by sp\u00f3\u0142ki osobowe czy sp\u00f3\u0142ka z o.o.&nbsp;&nbsp;<\/p>\n\n\n\n<h2 class=\"wp-block-heading\"><span class=\"ez-toc-section\" id=\"Fundacja_rodzinna\"><\/span><strong>Fundacja rodzinna<\/strong>&nbsp;<span class=\"ez-toc-section-end\"><\/span><\/h2>\n\n\n\n<p>Ciekawym rozwi\u0105zaniem mo\u017ce by\u0107 po\u0142\u0105czenie zalet powy\u017cszych sp\u00f3\u0142ek z rozwi\u0105zaniami, kt\u00f3re umo\u017cliwia fundacja rodzinna.&nbsp;&nbsp;<\/p>\n\n\n\n<p>Fundacja rodzinna zarz\u0105dzana przez zewn\u0119trznych mened\u017cer\u00f3w b\u0119d\u0105c w\u0142a\u015bcicielem rodzinnych sp\u00f3\u0142ek mo\u017ce za ich po\u015brednictwem prowadzi\u0107 nieograniczon\u0105 dzia\u0142alno\u015b\u0107 gospodarcz\u0105, po\u017cytkuj\u0105c uzyskane \u015brodki zgodnie z wol\u0105 fundatora.&nbsp;&nbsp;<\/p>\n\n\n\n<p>O tym, czym jest i komu mo\u017ce s\u0142u\u017cy\u0107 fundacja rodzinna przeczytasz w naszym artykule\u00a0<a href=\"https:\/\/pragmatiq.pl\/zmianawarty\/dla-kogo-fundacja-rodzinna\/\" target=\"_blank\" rel=\"noreferrer noopener\">Dla kogo fundacja rodzinna?<\/a> \u00a0<\/p>\n\n\n\n<p>Tomasz Rutkowski<\/p>\n\n\n\n<div style=\"height:51px\" aria-hidden=\"true\" class=\"wp-block-spacer\"><\/div>\n\n\n\n<p>Powr\u00f3t do <a href=\"https:\/\/pragmatiq.pl\/zmianawarty\/spolka-rodzinna-z-zewnetrznym-menedzerem\/\"><strong>PYTANIA I ODPOWIEDZI<\/strong><\/a><\/p>\n\n\n\n<p><\/p>\n","protected":false},"excerpt":{"rendered":"<p>Przedsi\u0119biorca, decyduj\u0105c si\u0119 na wprowadzenie do sp\u00f3\u0142ki mened\u017cera spoza rodziny, powinien przemy\u015ble\u0107 wyb\u00f3r formy prawnej dla swojej firmy. Z jednej strony rodzaj sp\u00f3\u0142ki powinien minimalizowa\u0107 ryzyko gospodarcze, a z drugiej \u2013 zapewnia\u0107 odpowiednie korzy\u015bci finansowe czy podatkowe. Czasami tak\u0105 sp\u00f3\u0142k\u0119 nale\u017cy dopiero powo\u0142a\u0107, czasami trzeba dokona\u0107 przekszta\u0142cenia istniej\u0105cego podmiotu, a prawie zawsze zmodyfikowa\u0107 okre\u015blone umow\u0105 &hellip; <\/p>\n<p class=\"link-more\"><a href=\"https:\/\/pragmatiq.pl\/zmianawarty\/osoba-z-zewnatrz-w-spolce-rodzinnej-jaka-forme-dzialalnosci-wybrac\/\" class=\"more-link\">Continue reading<span class=\"screen-reader-text\"> &#8222;Osoba z zewn\u0105trz w sp\u00f3\u0142ce rodzinnej \u2013 jak\u0105 form\u0119 dzia\u0142alno\u015bci wybra\u0107?&#8221;<\/span><\/a><\/p>\n","protected":false},"author":19,"featured_media":397,"comment_status":"open","ping_status":"open","sticky":false,"template":"","format":"standard","meta":{"footnotes":""},"categories":[99,4],"tags":[61,63,173,174,175],"class_list":["post-275","post","type-post","status-publish","format-standard","has-post-thumbnail","hentry","category-spolka-rodzinna-z-zewnetrznym-menedzerem-kategoria","category-artykuly","tag-firma-w-spadku","tag-menedzer","tag-spolka-rodzinna-z-zewnetrznym-menedzerem","tag-wszystko-zostaje-w-rodzinie","tag-wyjscie-z-biznesu"],"_links":{"self":[{"href":"https:\/\/pragmatiq.pl\/zmianawarty\/wp-json\/wp\/v2\/posts\/275","targetHints":{"allow":["GET"]}}],"collection":[{"href":"https:\/\/pragmatiq.pl\/zmianawarty\/wp-json\/wp\/v2\/posts"}],"about":[{"href":"https:\/\/pragmatiq.pl\/zmianawarty\/wp-json\/wp\/v2\/types\/post"}],"author":[{"embeddable":true,"href":"https:\/\/pragmatiq.pl\/zmianawarty\/wp-json\/wp\/v2\/users\/19"}],"replies":[{"embeddable":true,"href":"https:\/\/pragmatiq.pl\/zmianawarty\/wp-json\/wp\/v2\/comments?post=275"}],"version-history":[{"count":13,"href":"https:\/\/pragmatiq.pl\/zmianawarty\/wp-json\/wp\/v2\/posts\/275\/revisions"}],"predecessor-version":[{"id":4451,"href":"https:\/\/pragmatiq.pl\/zmianawarty\/wp-json\/wp\/v2\/posts\/275\/revisions\/4451"}],"wp:featuredmedia":[{"embeddable":true,"href":"https:\/\/pragmatiq.pl\/zmianawarty\/wp-json\/wp\/v2\/media\/397"}],"wp:attachment":[{"href":"https:\/\/pragmatiq.pl\/zmianawarty\/wp-json\/wp\/v2\/media?parent=275"}],"wp:term":[{"taxonomy":"category","embeddable":true,"href":"https:\/\/pragmatiq.pl\/zmianawarty\/wp-json\/wp\/v2\/categories?post=275"},{"taxonomy":"post_tag","embeddable":true,"href":"https:\/\/pragmatiq.pl\/zmianawarty\/wp-json\/wp\/v2\/tags?post=275"}],"curies":[{"name":"wp","href":"https:\/\/api.w.org\/{rel}","templated":true}]}}