{"id":262,"date":"2018-08-24T12:30:45","date_gmt":"2018-08-24T10:30:45","guid":{"rendered":"https:\/\/zmianawarty.pl\/?p=262"},"modified":"2024-09-16T13:33:48","modified_gmt":"2024-09-16T11:33:48","slug":"czy-zalozenie-fundacji-prywatnej-jest-sposobem-na-zaplanowanie-sukcesji-majatkowej","status":"publish","type":"post","link":"https:\/\/pragmatiq.pl\/zmianawarty\/czy-zalozenie-fundacji-prywatnej-jest-sposobem-na-zaplanowanie-sukcesji-majatkowej\/","title":{"rendered":"Czy\u202fza\u0142o\u017cenie fundacji rodzinnej jest sposobem na\u202fzaplanowanie sukcesji maj\u0105tkowej?"},"content":{"rendered":"\n<p><strong>Fundacje rodzinne oraz zagraniczne fundacje prywatne zawdzi\u0119czaj\u0105 swoj\u0105 atrakcyjno\u015b\u0107 niezale\u017cno\u015bci masy maj\u0105tkowej od\u202fsytuacji finansowej fundatora i\u202fjej beneficjent\u00f3w. Fundacje te, nie\u202fmusz\u0105 by\u0107 tak\u017ce tworzone w\u202fcelu u\u017cyteczno\u015bci publicznej. Celem zar\u00f3wno polskich fundacji rodzinnych jak i zagranicznych fundacji prywatnych mo\u017ce by\u0107 ochrona maj\u0105tku fundatora czy\u202fwyp\u0142ata \u015brodk\u00f3w pieni\u0119\u017cnych na\u202frzecz okre\u015blonych w\u202fjej statucie podmiot\u00f3w (np.\u202fspadkobierc\u00f3w fundatora).\u00a0<\/strong><\/p>\n\n\n\n<p>Fundacje mog\u0105 by\u0107 podmiotami pozwalaj\u0105cymi na ochron\u0119 maj\u0105tku przed rozdrobnieniem w wyniku spadkobrania. Za ich pomoc\u0105 mo\u017cliwe staje si\u0119 przekazanie maj\u0105tku cz\u0142onkom najbli\u017cszej rodziny w taki spos\u00f3b, \u017ce beneficjenci mog\u0105 korzysta\u0107 z maj\u0105tku przekazanego przez fundatora fundacji na zasadach okre\u015blonych w jej statucie.<\/p>\n\n\n\n<h2 class=\"wp-block-heading\">Fundacja zagraniczna a korzy\u015bci podatkowe<\/h2>\n\n\n\n<p>Fundacje zagraniczne posiadaj\u0105 osobowo\u015b\u0107 prawn\u0105 i co do zasady podlegaj\u0105 wpisowi do odpowiedniego rejestru. W zale\u017cno\u015bci od pa\u0144stwa, w kt\u00f3rym zosta\u0142y utworzone, mog\u0105 r\u00f3wnie\u017c korzysta\u0107 z licznych preferencji podatkowych, np. zwolnienia z opodatkowania podatkiem dochodowym. Funkcjonuj\u0105 m.in. w takich pa\u0144stwach, jak Panama (Private Interests Foundation), Liechtenstein (Stiftung), Holandia (Stichting) czy Austria (Privatstiftung).<\/p>\n\n\n\n<p>Fundator mo\u017ce elastycznie kszta\u0142towa\u0107 statut fundacji i spos\u00f3b realizacji wyznaczonych przez niego cel\u00f3w. Fundacja b\u0119dzie w\u0142a\u015bcicielem przekazanego maj\u0105tku, st\u0105d wierzyciele osobi\u015bci zar\u00f3wno beneficjent\u00f3w, jak i fundatora nie b\u0119d\u0105 mieli dost\u0119pu do jej aktyw\u00f3w (jest ona podmiotem niezale\u017cnym od fundatora i beneficjent\u00f3w).<\/p>\n\n\n\n<figure class=\"wp-block-embed is-type-video is-provider-youtube wp-block-embed-youtube wp-embed-aspect-16-9 wp-has-aspect-ratio\"><div class=\"wp-block-embed__wrapper\">\n<iframe title=\"Firma w testamencie - Jak przygotowa\u0107 si\u0119 do biznesowej zmiany warty?\" width=\"525\" height=\"295\" src=\"https:\/\/www.youtube.com\/embed\/Op1WOr19ChU?feature=oembed\" frameborder=\"0\" allow=\"accelerometer; autoplay; clipboard-write; encrypted-media; gyroscope; picture-in-picture; web-share\" referrerpolicy=\"strict-origin-when-cross-origin\" allowfullscreen><\/iframe>\n<\/div><figcaption class=\"wp-element-caption\">Przygotuj si\u0119 do sukcesji. Zobacz nasz film!<\/figcaption><\/figure>\n\n\n\n<h2 class=\"wp-block-heading\">Dziedziczenie maj\u0105tku fundacji prywatnej<\/h2>\n\n\n\n<p>Mimo korzy\u015bci wynikaj\u0105cych z braku rozdrobnienia maj\u0105tku oraz okre\u015blonego dost\u0119pu do sk\u0142adnik\u00f3w tego maj\u0105tku przez beneficjent\u00f3w fundacji (a braku dost\u0119pu wierzycieli osobistych fundatora) ewentualne wycofanie odziedziczonych sk\u0142adnik\u00f3w maj\u0105tku z fundacji wi\u0105\u017ce si\u0119 z szeregiem problem\u00f3w.<\/p>\n\n\n\n<p>Wycofanie sk\u0142adnik\u00f3w maj\u0105tku z niezale\u017cnego od beneficjent\u00f3w podmiotu, jakim jest fundacja, i przekazanie ich w formie np. darowizny na rzecz beneficjent\u00f3w b\u0119dzie wi\u0105za\u0107 si\u0119 z powstaniem po ich stronie przychodu do opodatkowania, co w przypadku dziedziczenia poszczeg\u00f3lnych sk\u0142adnik\u00f3w nie wyst\u0105pi\u0142oby.<\/p>\n\n\n\n<p>Dodatkowo przy tego typu rozwi\u0105zaniu uwzgl\u0119dni\u0107 trzeba koszty stworzenia i prowadzenia tego typu struktury zagranicznej.<\/p>\n\n\n\n<p>Sprawd\u017a nasze inne artyku\u0142y i wpisy dotycz\u0105ce&nbsp;<a href=\"https:\/\/pragmatiq.pl\/zmianawarty\/skutki-podatkowe-aportu-przedsiebiorstwa-w-spadku-do-spolki-osobowej\/\">przedsi\u0119biorstwa w spadku<\/a>&nbsp;oraz&nbsp;<a href=\"https:\/\/pragmatiq.pl\/zmianawarty\/sukcesja-firmy-po-smierci-wlasciciela-na-co-zwrocic-uwage\/\">planowania spadkowego<\/a>. <\/p>\n\n\n\n<p>Dominika Jaszczyk<\/p>\n\n\n\n<div style=\"height:43px\" aria-hidden=\"true\" class=\"wp-block-spacer\"><\/div>\n\n\n\n<p>Powr\u00f3t do <a href=\"https:\/\/pragmatiq.pl\/zmianawarty\/wszystko-zostaje-w-rodzinie\/\"><strong>PYTANIA I ODPOWIEDZI<\/strong><\/a><\/p>\n\n\n\n<p><\/p>\n\n\n\n<p><\/p>\n\n\n\n<p>Czytaj wi\u0119cej o fundacji rodzinnej:<\/p>\n\n\n\n<p><a href=\"https:\/\/pragmatiq.pl\/zmianawarty\/pomoc-prawna-przy-zakladaniu-i-prowadzeniu-fundacji-rodzinnej\/\">Pomoc prawna przy zak\u0142adaniu i prowadzeniu fundacji rodzinnej<br><\/a><a href=\"https:\/\/pragmatiq.pl\/zmianawarty\/dla-kogo-fundacja-rodzinna\/\" target=\"_blank\" rel=\"noreferrer noopener\">Dla kogo fundacja rodzinna?<\/a><a href=\"https:\/\/pragmatiq.pl\/zmianawarty\/pomoc-prawna-przy-zakladaniu-i-prowadzeniu-fundacji-rodzinnej\/\" target=\"_blank\" rel=\"noreferrer noopener\"><br><\/a><a href=\"https:\/\/pragmatiq.pl\/zmianawarty\/fundacja-rodzinna-odpowiednia-strategia-biznesowa-jakie-daje-korzysci\/\" target=\"_blank\" rel=\"noreferrer noopener\">Fundacja rodzinna: Odpowiednia strategia biznesowa? Ograniczenia, ryzyka i\u00a0korzy\u015bci<\/a><\/p>\n","protected":false},"excerpt":{"rendered":"<p>Fundacje rodzinne oraz zagraniczne fundacje prywatne zawdzi\u0119czaj\u0105 swoj\u0105 atrakcyjno\u015b\u0107 niezale\u017cno\u015bci masy maj\u0105tkowej od\u202fsytuacji finansowej fundatora i\u202fjej beneficjent\u00f3w. Fundacje te, nie\u202fmusz\u0105 by\u0107 tak\u017ce tworzone w\u202fcelu u\u017cyteczno\u015bci publicznej. Celem zar\u00f3wno polskich fundacji rodzinnych jak i zagranicznych fundacji prywatnych mo\u017ce by\u0107 ochrona maj\u0105tku fundatora czy\u202fwyp\u0142ata \u015brodk\u00f3w pieni\u0119\u017cnych na\u202frzecz okre\u015blonych w\u202fjej statucie podmiot\u00f3w (np.\u202fspadkobierc\u00f3w fundatora).\u00a0 Fundacje mog\u0105 by\u0107 podmiotami &hellip; <\/p>\n<p class=\"link-more\"><a href=\"https:\/\/pragmatiq.pl\/zmianawarty\/czy-zalozenie-fundacji-prywatnej-jest-sposobem-na-zaplanowanie-sukcesji-majatkowej\/\" class=\"more-link\">Continue reading<span class=\"screen-reader-text\"> &#8222;Czy\u202fza\u0142o\u017cenie fundacji rodzinnej jest sposobem na\u202fzaplanowanie sukcesji maj\u0105tkowej?&#8221;<\/span><\/a><\/p>\n","protected":false},"author":18,"featured_media":398,"comment_status":"open","ping_status":"open","sticky":false,"template":"","format":"standard","meta":{"footnotes":""},"categories":[98,4,26],"tags":[74,43,174],"class_list":["post-262","post","type-post","status-publish","format-standard","has-post-thumbnail","hentry","category-wszystko-zostaje-w-rodzinie-czyli-przekazanie-firmy-innym-czlonkom-rodziny","category-artykuly","category-planowanie-podatkowo-spadkowe","tag-fundacja","tag-spadek","tag-wszystko-zostaje-w-rodzinie"],"_links":{"self":[{"href":"https:\/\/pragmatiq.pl\/zmianawarty\/wp-json\/wp\/v2\/posts\/262","targetHints":{"allow":["GET"]}}],"collection":[{"href":"https:\/\/pragmatiq.pl\/zmianawarty\/wp-json\/wp\/v2\/posts"}],"about":[{"href":"https:\/\/pragmatiq.pl\/zmianawarty\/wp-json\/wp\/v2\/types\/post"}],"author":[{"embeddable":true,"href":"https:\/\/pragmatiq.pl\/zmianawarty\/wp-json\/wp\/v2\/users\/18"}],"replies":[{"embeddable":true,"href":"https:\/\/pragmatiq.pl\/zmianawarty\/wp-json\/wp\/v2\/comments?post=262"}],"version-history":[{"count":13,"href":"https:\/\/pragmatiq.pl\/zmianawarty\/wp-json\/wp\/v2\/posts\/262\/revisions"}],"predecessor-version":[{"id":4431,"href":"https:\/\/pragmatiq.pl\/zmianawarty\/wp-json\/wp\/v2\/posts\/262\/revisions\/4431"}],"wp:featuredmedia":[{"embeddable":true,"href":"https:\/\/pragmatiq.pl\/zmianawarty\/wp-json\/wp\/v2\/media\/398"}],"wp:attachment":[{"href":"https:\/\/pragmatiq.pl\/zmianawarty\/wp-json\/wp\/v2\/media?parent=262"}],"wp:term":[{"taxonomy":"category","embeddable":true,"href":"https:\/\/pragmatiq.pl\/zmianawarty\/wp-json\/wp\/v2\/categories?post=262"},{"taxonomy":"post_tag","embeddable":true,"href":"https:\/\/pragmatiq.pl\/zmianawarty\/wp-json\/wp\/v2\/tags?post=262"}],"curies":[{"name":"wp","href":"https:\/\/api.w.org\/{rel}","templated":true}]}}