{"id":252,"date":"2018-08-24T12:15:26","date_gmt":"2018-08-24T10:15:26","guid":{"rendered":"https:\/\/zmianawarty.pl\/?p=252"},"modified":"2024-09-16T13:07:31","modified_gmt":"2024-09-16T11:07:31","slug":"czy-mozna-zapisac-udzialy-w-spolce-osobowej-kilku-spadkobiercom","status":"publish","type":"post","link":"https:\/\/pragmatiq.pl\/zmianawarty\/czy-mozna-zapisac-udzialy-w-spolce-osobowej-kilku-spadkobiercom\/","title":{"rendered":"Czy mo\u017cna zapisa\u0107 \u201eudzia\u0142y\u201d w sp\u00f3\u0142ce osobowej kilku spadkobiercom?"},"content":{"rendered":"\n<p><strong>Udzia\u0142 wsp\u00f3lnika sp\u00f3\u0142ki osobowej, nazywany prawid\u0142owo og\u00f3\u0142em praw i obowi\u0105zk\u00f3w, jest niepodzielny. Oznacza to, \u017ce nie ma mo\u017cliwo\u015bci przekazania tylko cz\u0119\u015bci praw jednemu spadkobiercy, a innej cz\u0119\u015bci drugiemu, tak jak np. w przypadku akcji. Podobnie nie mo\u017cna w \u017caden spos\u00f3b oddzieli\u0107 praw wsp\u00f3lnika sp\u00f3\u0142ki osobowej od obowi\u0105zk\u00f3w zwi\u0105zanych z uczestnictwem w sp\u00f3\u0142ce.<\/strong><\/p>\n\n\n\n<h2 class=\"wp-block-heading\">Dziedziczenie og\u00f3\u0142u praw i obowi\u0105zk\u00f3w w sp\u00f3\u0142ce jawnej<\/h2>\n\n\n\n<p>Wsp\u00f3lnik mo\u017ce jednak w testamencie zapisa\u0107 og\u00f3\u0142 praw i obowi\u0105zk\u00f3w kilku spadkobiercom (zapis zwyk\u0142y lub zapis windykacyjny). Wtedy staj\u0105 si\u0119 oni wsp\u00f3\u0142w\u0142a\u015bcicielami og\u00f3\u0142u praw i obowi\u0105zk\u00f3w zmar\u0142ego wsp\u00f3lnika. Spadkobiercy uzyskuj\u0105 w takim przypadku status wsp\u00f3lnika \u0142\u0105cznego i wykonuj\u0105 swoje prawa przez jednego przedstawiciela.<\/p>\n\n\n\n<figure class=\"wp-block-embed is-type-video is-provider-youtube wp-block-embed-youtube wp-embed-aspect-16-9 wp-has-aspect-ratio\"><div class=\"wp-block-embed__wrapper\">\n<iframe title=\"Jak skonstruowa\u0107 u\u017cyteczn\u0105 umow\u0119 sp\u00f3\u0142ki?\" width=\"525\" height=\"295\" src=\"https:\/\/www.youtube.com\/embed\/HroXWwHCFpQ?feature=oembed\" frameborder=\"0\" allow=\"accelerometer; autoplay; clipboard-write; encrypted-media; gyroscope; picture-in-picture; web-share\" referrerpolicy=\"strict-origin-when-cross-origin\" allowfullscreen><\/iframe>\n<\/div><figcaption class=\"wp-element-caption\">Jak skonstruowa\u0107 dobr\u0105 umow\u0119? Zobacz nasz film!<\/figcaption><\/figure>\n\n\n\n<h2 class=\"wp-block-heading\">Dziedziczenie udzia\u0142\u00f3w w sp\u00f3\u0142ce<\/h2>\n\n\n\n<p>Warto przy tym pami\u0119ta\u0107, \u017ce dziedziczenie og\u00f3\u0142u praw i obowi\u0105zk\u00f3w w sp\u00f3\u0142ce komandytowej i sp\u00f3\u0142ce komandytowo-akcyjnej jest zale\u017cne nie tylko od woli spadkodawcy wyra\u017conej w testamencie, ale r\u00f3wnie\u017c od zapis\u00f3w umowy sp\u00f3\u0142ki. Je\u017celi zgodnie z umow\u0105 sp\u00f3\u0142ki spadkobiercy zmar\u0142ego wsp\u00f3lnika w og\u00f3le nie wst\u0119puj\u0105 do sp\u00f3\u0142ki w jego miejsce, to przys\u0142uguje im kwota odpowiadaj\u0105ca warto\u015bci og\u00f3\u0142u praw i obowi\u0105zk\u00f3w tytu\u0142em sp\u0142aty.<\/p>\n\n\n\n<p>Sprawd\u017a te\u017c: <a href=\"https:\/\/pragmatiq.pl\/zmianawarty\/aktualne-zmiany-w-zakresie-sukcesji-firm-czy-kwestie-sporne-zostana-uregulowane\/\" target=\"_blank\" rel=\"noreferrer noopener\">Sukcesja firmy &#8211; aktualne zmiany i kwestie sporne &#8211; Zmiana warty<\/a>\u00a0<\/p>\n\n\n\n<p><em>Micha\u0142 Walczak<\/em><\/p>\n\n\n\n<p>Rafa\u0142 Szymkowiak<\/p>\n\n\n\n<div style=\"height:50px\" aria-hidden=\"true\" class=\"wp-block-spacer\"><\/div>\n\n\n\n<p>Powr\u00f3t do <a href=\"https:\/\/pragmatiq.pl\/zmianawarty\/wszystko-zostaje-w-rodzinie\/\"><strong>PYTANIA I ODPOWIEDZI<\/strong><\/a><\/p>\n\n\n\n<p><\/p>\n","protected":false},"excerpt":{"rendered":"<p>Udzia\u0142 wsp\u00f3lnika sp\u00f3\u0142ki osobowej, nazywany prawid\u0142owo og\u00f3\u0142em praw i obowi\u0105zk\u00f3w, jest niepodzielny. Oznacza to, \u017ce nie ma mo\u017cliwo\u015bci przekazania tylko cz\u0119\u015bci praw jednemu spadkobiercy, a innej cz\u0119\u015bci drugiemu, tak jak np. w przypadku akcji. Podobnie nie mo\u017cna w \u017caden spos\u00f3b oddzieli\u0107 praw wsp\u00f3lnika sp\u00f3\u0142ki osobowej od obowi\u0105zk\u00f3w zwi\u0105zanych z uczestnictwem w sp\u00f3\u0142ce. Dziedziczenie og\u00f3\u0142u praw &hellip; <\/p>\n<p class=\"link-more\"><a href=\"https:\/\/pragmatiq.pl\/zmianawarty\/czy-mozna-zapisac-udzialy-w-spolce-osobowej-kilku-spadkobiercom\/\" class=\"more-link\">Continue reading<span class=\"screen-reader-text\"> &#8222;Czy mo\u017cna zapisa\u0107 \u201eudzia\u0142y\u201d w sp\u00f3\u0142ce osobowej kilku spadkobiercom?&#8221;<\/span><\/a><\/p>\n","protected":false},"author":9,"featured_media":398,"comment_status":"open","ping_status":"open","sticky":false,"template":"","format":"standard","meta":{"footnotes":""},"categories":[98,4,21,57],"tags":[61,69,174,175],"class_list":["post-252","post","type-post","status-publish","format-standard","has-post-thumbnail","hentry","category-wszystko-zostaje-w-rodzinie-czyli-przekazanie-firmy-innym-czlonkom-rodziny","category-artykuly","category-dziedziczenie-spolki","category-popularne","tag-firma-w-spadku","tag-udzialy","tag-wszystko-zostaje-w-rodzinie","tag-wyjscie-z-biznesu"],"_links":{"self":[{"href":"https:\/\/pragmatiq.pl\/zmianawarty\/wp-json\/wp\/v2\/posts\/252","targetHints":{"allow":["GET"]}}],"collection":[{"href":"https:\/\/pragmatiq.pl\/zmianawarty\/wp-json\/wp\/v2\/posts"}],"about":[{"href":"https:\/\/pragmatiq.pl\/zmianawarty\/wp-json\/wp\/v2\/types\/post"}],"author":[{"embeddable":true,"href":"https:\/\/pragmatiq.pl\/zmianawarty\/wp-json\/wp\/v2\/users\/9"}],"replies":[{"embeddable":true,"href":"https:\/\/pragmatiq.pl\/zmianawarty\/wp-json\/wp\/v2\/comments?post=252"}],"version-history":[{"count":16,"href":"https:\/\/pragmatiq.pl\/zmianawarty\/wp-json\/wp\/v2\/posts\/252\/revisions"}],"predecessor-version":[{"id":4467,"href":"https:\/\/pragmatiq.pl\/zmianawarty\/wp-json\/wp\/v2\/posts\/252\/revisions\/4467"}],"wp:featuredmedia":[{"embeddable":true,"href":"https:\/\/pragmatiq.pl\/zmianawarty\/wp-json\/wp\/v2\/media\/398"}],"wp:attachment":[{"href":"https:\/\/pragmatiq.pl\/zmianawarty\/wp-json\/wp\/v2\/media?parent=252"}],"wp:term":[{"taxonomy":"category","embeddable":true,"href":"https:\/\/pragmatiq.pl\/zmianawarty\/wp-json\/wp\/v2\/categories?post=252"},{"taxonomy":"post_tag","embeddable":true,"href":"https:\/\/pragmatiq.pl\/zmianawarty\/wp-json\/wp\/v2\/tags?post=252"}],"curies":[{"name":"wp","href":"https:\/\/api.w.org\/{rel}","templated":true}]}}