{"id":1629,"date":"2019-06-28T13:57:56","date_gmt":"2019-06-28T11:57:56","guid":{"rendered":"https:\/\/zmianawarty.pl\/?p=1629"},"modified":"2024-09-16T13:32:24","modified_gmt":"2024-09-16T11:32:24","slug":"czy-wylaczenie-okreslonych-skladnikow-z-majatku-firmowego-przed-przekazaniem-go-w-spadku-lub-darowiznie-podlega-opodatkowaniu-pit","status":"publish","type":"post","link":"https:\/\/pragmatiq.pl\/zmianawarty\/czy-wylaczenie-okreslonych-skladnikow-z-majatku-firmowego-przed-przekazaniem-go-w-spadku-lub-darowiznie-podlega-opodatkowaniu-pit\/","title":{"rendered":"\ufeffCzy wy\u0142\u0105czenie okre\u015blonych sk\u0142adnik\u00f3w z maj\u0105tku firmowego przed przekazaniem go w spadku lub darowi\u017anie podlega opodatkowaniu PIT?"},"content":{"rendered":"\n<p><br><\/p>\n\n\n\n<p><strong>Cz\u0119st\u0105 praktyk\u0105 w\u015br\u00f3d przedsi\u0119biorc\u00f3w przygotowuj\u0105cych si\u0119 do zbycia swojej firmy jest wycofanie niekt\u00f3rych jej sk\u0142adnik\u00f3w do maj\u0105tku prywatnego w\u0142a\u015bcicieli (np. samochod\u00f3w czy niekt\u00f3rych nieruchomo\u015bci uj\u0119tych w ewidencji dzia\u0142alno\u015bci gospodarczej).<\/strong> <\/p>\n\n\n\n<p>Wycofanie takie, w przypadku przedsi\u0119biorcy jednoosobowego,\njest neutralne podatkowo dla PIT (nie powoduje powstania przychodu do opodatkowania).\nNale\u017cy jednak pami\u0119ta\u0107, \u017ce je\u015bli wycofywany \u015brodek trwa\u0142y nie zosta\u0142 w pe\u0142ni\nzamortyzowany, to nieumorzona do tej pory jego cz\u0119\u015b\u0107 nie b\u0119dzie stanowi\u0142a\nkoszt\u00f3w podatkowych w firmie na moment wycofania tego sk\u0142adnika.<\/p>\n\n\n\n<p><strong>PRZYK\u0141AD:<\/strong><\/p>\n\n\n\n<p><em>Na potrzeby\nprowadzonej dzia\u0142alno\u015bci gospodarczej przedsi\u0119biorca zakupi\u0142 w 2016 roku\nsamoch\u00f3d osobowy o warto\u015bci 60 000 z\u0142 netto. Samoch\u00f3d wprowadzi\u0142 do ewidencji\n\u015brodk\u00f3w trwa\u0142ych przedsi\u0119biorstwa. Roczne odpisy amortyzacyjne, stanowi\u0105ce\nkoszt uzyskania przychodu, wynosi\u0142y 12 000 z\u0142. <\/em><\/p>\n\n\n\n<p><em>Przekazanie samochodu\nw 2018 roku na potrzeby prywatne przedsi\u0119biorcy nie wi\u0105za\u0142o si\u0119 z obowi\u0105zkiem zap\u0142aty\nPIT, ale od momentu wykre\u015blenia auta z ewidencji firmowej przedsi\u0119biorca nie\nm\u00f3g\u0142 ju\u017c uwzgl\u0119dnia\u0107 w kosztach podatkowych kwoty 36 000 z\u0142 z tytu\u0142u odpis\u00f3w amortyzacyjnych\nprzewidzianych na lata 2018, 2019 i 2020. <\/em><\/p>\n\n\n\n<p>Mimo \u017ce sama czynno\u015b\u0107 wycofania sk\u0142adnika maj\u0105tku z firmy\nosoby fizycznej na cele prywatne nie rodzi obowi\u0105zk\u00f3w podatkowych w zakresie PIT,\njego zbycie mo\u017ce spowodowa\u0107 takie opodatkowanie. <\/p>\n\n\n\n<figure class=\"wp-block-embed is-type-video is-provider-youtube wp-block-embed-youtube wp-embed-aspect-16-9 wp-has-aspect-ratio\"><div class=\"wp-block-embed__wrapper\">\n<iframe title=\"Firma w testamencie - Jak przygotowa\u0107 si\u0119 do biznesowej zmiany warty?\" width=\"525\" height=\"295\" src=\"https:\/\/www.youtube.com\/embed\/Op1WOr19ChU?list=PL1P0gmTnx0EzMyMGQcf9ZKm61x9xlCclV\" frameborder=\"0\" allow=\"accelerometer; autoplay; clipboard-write; encrypted-media; gyroscope; picture-in-picture; web-share\" referrerpolicy=\"strict-origin-when-cross-origin\" allowfullscreen><\/iframe>\n<\/div><figcaption class=\"wp-element-caption\">Zobacz jak przygotowa\u0107 si\u0119 do biznesowej sukcesji. Obejrzyj nasz kr\u00f3tki instrukta\u017c!<\/figcaption><\/figure>\n\n\n\n<p>Je\u015bli przedsi\u0119biorca zdecyduje si\u0119 zby\u0107 taki sk\u0142adnik\nmaj\u0105tku przed up\u0142ywem sze\u015bciu lat od wycofania tego sk\u0142adnika z dzia\u0142alno\u015bci,\npo jego stronie powstanie przych\u00f3d z dzia\u0142alno\u015bci gospodarczej (tak jakby sprzedawa\u0142\ndany sk\u0142adnik maj\u0105tku w ramach prowadzonej dzia\u0142alno\u015bci, a nie jako osoba\nprywatna). W\u00f3wczas do koszt\u00f3w uzyskania przychod\u00f3w b\u0119dzie m\u00f3g\u0142 zaliczy\u0107\npozosta\u0142\u0105, nieumorzon\u0105 warto\u015b\u0107 \u015brodka trwa\u0142ego.<\/p>\n\n\n\n<p>Sprzeda\u017c sk\u0142adnika maj\u0105tku przed up\u0142ywem ww. okresu spowoduje te\u017c, \u017ce uzyskany doch\u00f3d b\u0119dzie wchodzi\u0142 w sk\u0142ad obliczenia podstawy daniny solidarno\u015bciowej.<\/p>\n\n\n\n<p>Zapraszamy do zapoznania si\u0119 z pozosta\u0142ymi artyku\u0142ami, w kt\u00f3rych poruszamy tematy takie jak:&nbsp;<a href=\"https:\/\/pragmatiq.pl\/zmianawarty\/25-listopada-wchodzi-w-zycie-ustawa-o-zarzadzie-sukcesyjnym\/\">zarz\u0105d sukcesyjny ustawa<\/a>&nbsp;lub&nbsp;<a href=\"https:\/\/pragmatiq.pl\/zmianawarty\/dziedziczenie-jednoosobowej-dzialalnosci-gospodarczej\/\">dziedziczenie firmy<\/a>. <\/p>\n\n\n\n<p>Dopiero po up\u0142ywie sze\u015bciu lat od wycofania danego sk\u0142adnika\nmaj\u0105tku (od pierwszego dnia miesi\u0105ca nast\u0119puj\u0105cego po miesi\u0105cu, w kt\u00f3rym \u015brodek\ntrwa\u0142y zosta\u0142 wycofany z dzia\u0142alno\u015bci gospodarczej) jego sprzeda\u017c b\u0119dzie wolna\nod podatku dochodowego. <\/p>\n\n\n\n<p>Wycofanie maj\u0105tku firmowego do maj\u0105tku prywatnego mo\u017ce by\u0107 elementem\nzaplanowanej sukcesji, kt\u00f3ry u\u0142atwi odpowiednie dyspozycje maj\u0105tkiem na rzecz\nprzysz\u0142ych spadkobierc\u00f3w.<\/p>\n\n\n\n<p><strong>Podstawa prawna:<\/strong> art. 10 ust. 1 pkt 8, art. 10 ust. 2 pkt 3 ustawy o PIT.<\/p>\n\n\n\n<p>Dominika Jaszczyk<\/p>\n\n\n\n<div style=\"height:39px\" aria-hidden=\"true\" class=\"wp-block-spacer\"><\/div>\n","protected":false},"excerpt":{"rendered":"<p>Cz\u0119st\u0105 praktyk\u0105 w\u015br\u00f3d przedsi\u0119biorc\u00f3w przygotowuj\u0105cych si\u0119 do zbycia swojej firmy jest wycofanie niekt\u00f3rych jej sk\u0142adnik\u00f3w do maj\u0105tku prywatnego w\u0142a\u015bcicieli (np. samochod\u00f3w czy niekt\u00f3rych nieruchomo\u015bci uj\u0119tych w ewidencji dzia\u0142alno\u015bci gospodarczej). Wycofanie takie, w przypadku przedsi\u0119biorcy jednoosobowego, jest neutralne podatkowo dla PIT (nie powoduje powstania przychodu do opodatkowania). Nale\u017cy jednak pami\u0119ta\u0107, \u017ce je\u015bli wycofywany \u015brodek trwa\u0142y nie &hellip; <\/p>\n<p class=\"link-more\"><a href=\"https:\/\/pragmatiq.pl\/zmianawarty\/czy-wylaczenie-okreslonych-skladnikow-z-majatku-firmowego-przed-przekazaniem-go-w-spadku-lub-darowiznie-podlega-opodatkowaniu-pit\/\" class=\"more-link\">Continue reading<span class=\"screen-reader-text\"> &#8222;\ufeffCzy wy\u0142\u0105czenie okre\u015blonych sk\u0142adnik\u00f3w z maj\u0105tku firmowego przed przekazaniem go w spadku lub darowi\u017anie podlega opodatkowaniu PIT?&#8221;<\/span><\/a><\/p>\n","protected":false},"author":18,"featured_media":0,"comment_status":"open","ping_status":"open","sticky":false,"template":"","format":"standard","meta":{"footnotes":""},"categories":[98,4,24],"tags":[61,73,175],"class_list":["post-1629","post","type-post","status-publish","format-standard","hentry","category-wszystko-zostaje-w-rodzinie-czyli-przekazanie-firmy-innym-czlonkom-rodziny","category-artykuly","category-podatki-dochodowe-i-podatek-od-towarow-i-uslug","tag-firma-w-spadku","tag-pit","tag-wyjscie-z-biznesu"],"_links":{"self":[{"href":"https:\/\/pragmatiq.pl\/zmianawarty\/wp-json\/wp\/v2\/posts\/1629","targetHints":{"allow":["GET"]}}],"collection":[{"href":"https:\/\/pragmatiq.pl\/zmianawarty\/wp-json\/wp\/v2\/posts"}],"about":[{"href":"https:\/\/pragmatiq.pl\/zmianawarty\/wp-json\/wp\/v2\/types\/post"}],"author":[{"embeddable":true,"href":"https:\/\/pragmatiq.pl\/zmianawarty\/wp-json\/wp\/v2\/users\/18"}],"replies":[{"embeddable":true,"href":"https:\/\/pragmatiq.pl\/zmianawarty\/wp-json\/wp\/v2\/comments?post=1629"}],"version-history":[{"count":4,"href":"https:\/\/pragmatiq.pl\/zmianawarty\/wp-json\/wp\/v2\/posts\/1629\/revisions"}],"predecessor-version":[{"id":4254,"href":"https:\/\/pragmatiq.pl\/zmianawarty\/wp-json\/wp\/v2\/posts\/1629\/revisions\/4254"}],"wp:attachment":[{"href":"https:\/\/pragmatiq.pl\/zmianawarty\/wp-json\/wp\/v2\/media?parent=1629"}],"wp:term":[{"taxonomy":"category","embeddable":true,"href":"https:\/\/pragmatiq.pl\/zmianawarty\/wp-json\/wp\/v2\/categories?post=1629"},{"taxonomy":"post_tag","embeddable":true,"href":"https:\/\/pragmatiq.pl\/zmianawarty\/wp-json\/wp\/v2\/tags?post=1629"}],"curies":[{"name":"wp","href":"https:\/\/api.w.org\/{rel}","templated":true}]}}