{"id":1531,"date":"2019-06-25T15:55:34","date_gmt":"2019-06-25T13:55:34","guid":{"rendered":"https:\/\/zmianawarty.pl\/?p=1531"},"modified":"2025-10-23T07:11:17","modified_gmt":"2025-10-23T05:11:17","slug":"co-to-sa-akcje-nieme","status":"publish","type":"post","link":"https:\/\/pragmatiq.pl\/zmianawarty\/co-to-sa-akcje-nieme\/","title":{"rendered":"Co to s\u0105 akcje nieme i jak je wykorzysta\u0107, planuj\u0105c sukcesj\u0119?"},"content":{"rendered":"\n<p><strong>Akcje nieme to akcje, kt\u00f3re wyst\u0119puj\u0105 wy\u0142\u0105cznie w sp\u00f3\u0142ce akcyjnej oraz komandytowo-akcyjnej. Charakterystyczne dla tych akcji jest wy\u0142\u0105czenie prawa akcjonariusza do g\u0142osu w zamian za uprzywilejowanie w zakresie dywidendy.<\/strong><\/p>\n\n\n\n<p>Akcjonariuszom posiadaj\u0105cym akcje nieme z jednej strony przys\u0142uguj\u0105 przywileje w zakresie dywidendy, dzi\u0119ki czemu czerpi\u0105 oni zysk z dynamicznego rozwoju sp\u00f3\u0142ki. Z drugiej strony, poprzez wy\u0142\u0105czenie prawa do g\u0142osu, usuni\u0119te zostaje ryzyko przej\u0119cia przez tych akcjonariuszy kontroli nad sp\u00f3\u0142k\u0105.<\/p>\n\n\n\n<h2 class=\"wp-block-heading\">Zalety i zastosowanie akcji niemych<\/h2>\n\n\n\n<p>Istotn\u0105 zalet\u0105, kt\u00f3ra wp\u0142ywa na atrakcyjno\u015b\u0107 akcji niemych, jest brak ogranicze\u0144 w zakresie g\u00f3rnej granicy uprzywilejowania prawa do dywidendy. Oznacza to, \u017ce akcje te mog\u0105 przyznawa\u0107 uprawnionemu dywidend\u0119 w dowolnej, ustalonej statutem wysoko\u015bci. Jednocze\u015bnie w\u0142a\u015bcicielom tych akcji mo\u017ce zosta\u0107 przyznany przywilej pierwsze\u0144stwa prawa do dywidendy przed pozosta\u0142ymi akcjonariuszami.<\/p>\n\n\n\n<p>Akcje nieme mog\u0105 stanowi\u0107 tak\u017ce form\u0119 nagrody dla kluczowych pracownik\u00f3w czy mened\u017cera. Ze wzgl\u0119du na dowolno\u015b\u0107 wysoko\u015bci wk\u0142adu wymaganego do nabycia takich akcji, w zamian za niewielki wk\u0142ad (odpowiadaj\u0105cy warto\u015bci nominalnej akcji) mo\u017cna im przyzna\u0107 akcje nieme, kt\u00f3re w przysz\u0142o\u015bci stanowi\u0107 b\u0119d\u0105 \u017ar\u00f3d\u0142o dodatkowego dochodu z tytu\u0142u uprzywilejowanej dywidendy. W ka\u017cdym przypadku statut sp\u00f3\u0142ki powinien okre\u015bla\u0107 liczb\u0119 akcji poszczeg\u00f3lnych rodzaj\u00f3w i zwi\u0105zane z nimi uprawnienia, je\u017celi wprowadzone maj\u0105 by\u0107 akcje r\u00f3\u017cnych rodzaj\u00f3w.<\/p>\n\n\n\n<p>Zniesienie przywileju akcji niemej w zakresie dywidendy powoduje uzyskanie przez akcjonariusza prawa g\u0142osu z takiej akcji. Decyduj\u0105c si\u0119 na emisj\u0119 akcji niemych, warto pami\u0119ta\u0107, by w statucie sp\u00f3\u0142ki uregulowa\u0107 tak\u017ce kwesti\u0119 ich ewentualnego umorzenia. W ten spos\u00f3b w przypadku powstania konfliktu b\u0105d\u017a niewywi\u0105zywania si\u0119 przez mened\u017cera ze swoich obowi\u0105zk\u00f3w pozostali akcjonariusze  b\u0119d\u0105 mogli podj\u0105\u0107 uchwa\u0142\u0119 o przymusowym umorzeniu przys\u0142uguj\u0105cych mu akcji.<\/p>\n\n\n\n<p> Zapraszamy do zapoznania si\u0119 z pozosta\u0142ymi artyku\u0142ami, w kt\u00f3rych poruszamy tematy takie jak:&nbsp;<a href=\"https:\/\/pragmatiq.pl\/zmianawarty\/co-to-znaczy-przyjac-spadek-z-dobrodziejstwem-inwentarza-i-kto-placi-za-sporzadzenie-spisu-lub-wykazu-inwentarza\/\">spis inwentarza<\/a>&nbsp;lub&nbsp;<a href=\"https:\/\/pragmatiq.pl\/zmianawarty\/dziedziczenie-jednoosobowej-dzialalnosci-gospodarczej\/\">dziedziczenie firmy po \u015bmierci w\u0142a\u015bciciela<\/a>. <br><\/p>\n\n\n\n<p><strong>Podstawa prawna:<\/strong> art. 126 \u00a7 1 pkt 2, art. 353 \u00a7 3, art. 359, art. 419 \u00a7 3 k.s.h.<\/p>\n\n\n\n<p>Rafa\u0142 Szymkowiak<\/p>\n\n\n\n<div style=\"height:58px\" aria-hidden=\"true\" class=\"wp-block-spacer\"><\/div>\n\n\n\n<div class=\"wp-block-media-text alignwide is-stacked-on-mobile\" style=\"grid-template-columns:28% auto\"><figure class=\"wp-block-media-text__media\"><img fetchpriority=\"high\" decoding=\"async\" width=\"1024\" height=\"1024\" src=\"https:\/\/pragmatiq.pl\/zmianawarty\/wp-content\/uploads\/2018\/08\/PMQ_szybko_black-1024x1024.jpg\" alt=\"\" class=\"wp-image-357 size-full\" srcset=\"https:\/\/pragmatiq.pl\/zmianawarty\/wp-content\/uploads\/2018\/08\/PMQ_szybko_black-1024x1024.jpg 1024w, https:\/\/pragmatiq.pl\/zmianawarty\/wp-content\/uploads\/2018\/08\/PMQ_szybko_black-150x150.jpg 150w, https:\/\/pragmatiq.pl\/zmianawarty\/wp-content\/uploads\/2018\/08\/PMQ_szybko_black-300x300.jpg 300w, https:\/\/pragmatiq.pl\/zmianawarty\/wp-content\/uploads\/2018\/08\/PMQ_szybko_black-768x768.jpg 768w, https:\/\/pragmatiq.pl\/zmianawarty\/wp-content\/uploads\/2018\/08\/PMQ_szybko_black-100x100.jpg 100w\" sizes=\"(max-width: 767px) 89vw, (max-width: 1000px) 54vw, (max-width: 1071px) 543px, 580px\" \/><\/figure><div class=\"wp-block-media-text__content\">\n<p>Przejd\u017a do:&nbsp;<a href=\"https:\/\/pragmatiq.pl\/zmianawarty\/spolka-rodzinna-z-zewnetrznym-menedzerem\/\"><strong>PYTANIA I&nbsp;ODPOWIEDZI<\/strong><\/a><\/p>\n\n\n\n<p>Wi\u0119cej na&nbsp;temat&nbsp;<strong>sp\u00f3\u0142ki zarz\u0105dzanej przez&nbsp;mened\u017cera<\/strong>&nbsp;znajdziesz w&nbsp;ksi\u0105\u017cce \u201eZmiana warty\u201d.&nbsp;<a href=\"https:\/\/pragmatiq.pl\/sklep\/zmiana-warty\/#ksiazki\">Zam\u00f3w ju\u017c dzi\u015b!<\/a><\/p>\n<\/div><\/div>\n","protected":false},"excerpt":{"rendered":"<p>Akcje nieme to akcje, kt\u00f3re wyst\u0119puj\u0105 wy\u0142\u0105cznie w sp\u00f3\u0142ce akcyjnej oraz komandytowo-akcyjnej. Charakterystyczne dla tych akcji jest wy\u0142\u0105czenie prawa akcjonariusza do g\u0142osu w zamian za uprzywilejowanie w zakresie dywidendy. Akcjonariuszom posiadaj\u0105cym akcje nieme z jednej strony przys\u0142uguj\u0105 przywileje w zakresie dywidendy, dzi\u0119ki czemu czerpi\u0105 oni zysk z dynamicznego rozwoju sp\u00f3\u0142ki. Z drugiej strony, poprzez wy\u0142\u0105czenie &hellip; <\/p>\n<p class=\"link-more\"><a href=\"https:\/\/pragmatiq.pl\/zmianawarty\/co-to-sa-akcje-nieme\/\" class=\"more-link\">Continue reading<span class=\"screen-reader-text\"> &#8222;Co to s\u0105 akcje nieme i jak je wykorzysta\u0107, planuj\u0105c sukcesj\u0119?&#8221;<\/span><\/a><\/p>\n","protected":false},"author":9,"featured_media":0,"comment_status":"open","ping_status":"open","sticky":false,"template":"","format":"standard","meta":{"footnotes":""},"categories":[99,4],"tags":[95,61,173,175],"class_list":["post-1531","post","type-post","status-publish","format-standard","hentry","category-spolka-rodzinna-z-zewnetrznym-menedzerem-kategoria","category-artykuly","tag-akcje","tag-firma-w-spadku","tag-spolka-rodzinna-z-zewnetrznym-menedzerem","tag-wyjscie-z-biznesu"],"_links":{"self":[{"href":"https:\/\/pragmatiq.pl\/zmianawarty\/wp-json\/wp\/v2\/posts\/1531","targetHints":{"allow":["GET"]}}],"collection":[{"href":"https:\/\/pragmatiq.pl\/zmianawarty\/wp-json\/wp\/v2\/posts"}],"about":[{"href":"https:\/\/pragmatiq.pl\/zmianawarty\/wp-json\/wp\/v2\/types\/post"}],"author":[{"embeddable":true,"href":"https:\/\/pragmatiq.pl\/zmianawarty\/wp-json\/wp\/v2\/users\/9"}],"replies":[{"embeddable":true,"href":"https:\/\/pragmatiq.pl\/zmianawarty\/wp-json\/wp\/v2\/comments?post=1531"}],"version-history":[{"count":8,"href":"https:\/\/pragmatiq.pl\/zmianawarty\/wp-json\/wp\/v2\/posts\/1531\/revisions"}],"predecessor-version":[{"id":5009,"href":"https:\/\/pragmatiq.pl\/zmianawarty\/wp-json\/wp\/v2\/posts\/1531\/revisions\/5009"}],"wp:attachment":[{"href":"https:\/\/pragmatiq.pl\/zmianawarty\/wp-json\/wp\/v2\/media?parent=1531"}],"wp:term":[{"taxonomy":"category","embeddable":true,"href":"https:\/\/pragmatiq.pl\/zmianawarty\/wp-json\/wp\/v2\/categories?post=1531"},{"taxonomy":"post_tag","embeddable":true,"href":"https:\/\/pragmatiq.pl\/zmianawarty\/wp-json\/wp\/v2\/tags?post=1531"}],"curies":[{"name":"wp","href":"https:\/\/api.w.org\/{rel}","templated":true}]}}