{"id":1518,"date":"2019-05-24T16:36:24","date_gmt":"2019-05-24T14:36:24","guid":{"rendered":"https:\/\/zmianawarty.pl\/?p=1518"},"modified":"2024-09-16T14:57:28","modified_gmt":"2024-09-16T12:57:28","slug":"kiedy-nalezy-zaplacic-podatek-od-sprzedazy-spolki-osobowej","status":"publish","type":"post","link":"https:\/\/pragmatiq.pl\/zmianawarty\/kiedy-nalezy-zaplacic-podatek-od-sprzedazy-spolki-osobowej\/","title":{"rendered":"Kiedy nale\u017cy zap\u0142aci\u0107 podatek od sprzeda\u017cy sp\u00f3\u0142ki osobowej?"},"content":{"rendered":"\n<p><strong>Cho\u0107 potocznie m\u00f3wi si\u0119 o \u201eudzia\u0142ach\u201d w sp\u00f3\u0142ce osobowej, wsp\u00f3lnicy takiej sp\u00f3\u0142ki nie posiadaj\u0105 udzia\u0142\u00f3w, lecz og\u00f3\u0142 praw i obowi\u0105zk\u00f3w. <\/strong><\/p>\n\n\n\n<p>Przych\u00f3d ze sprzeda\u017cy udzia\u0142\u00f3w (akcji) i sprzeda\u017cy og\u00f3\u0142u praw i obowi\u0105zk\u00f3w powstaje z r\u00f3\u017cnych \u017ar\u00f3de\u0142 i wywo\u0142uje odmienne skutki podatkowe, o czym mo\u017cna przeczyta\u0107 w odpowiedzi na pytanie:<a href=\"https:\/\/pragmatiq.pl\/zmianawarty\/jak-opodatkowana-jest-sprzedaz-ogolu-praw-i-obowiazkow\/\"><em> Jak opodatkowana jest sprzeda\u017c og\u00f3\u0142u praw i obowi\u0105zk\u00f3w?<\/em><\/a><\/p>\n\n\n\n<p>Inny jest r\u00f3wnie\u017c moment powstania przychodu. O tym, kiedy powstaje przych\u00f3d ze sprzeda\u017cy udzia\u0142\u00f3w (akcji) oraz kiedy nale\u017cy zap\u0142aci\u0107 PIT z tego tytu\u0142u, mo\u017cna przeczyta\u0107 w odpowiedzi na pytanie: <em><a href=\"https:\/\/pragmatiq.pl\/zmianawarty\/kiedy-nalezy-zaplacic-podatek-od-sprzedazy-spolki-kapitalowej\/\">Kiedy nale\u017cy zap\u0142aci\u0107 podatek od sprzeda\u017cy sp\u00f3\u0142ki kapita\u0142owej?<\/a><\/em><\/p>\n\n\n\n<p>W przypadku sprzeda\u017cy og\u00f3\u0142u praw i obowi\u0105zk\u00f3w w sp\u00f3\u0142ce osobowej (a wi\u0119c np. jawnej lub komandytowej \u2013 opr\u00f3cz komandytowo-akcyjnej) przych\u00f3d ze sprzeda\u017cy powstanie zgodnie z zasad\u0105 og\u00f3ln\u0105 wyra\u017con\u0105 w ustawie o PIT, tj. w momencie otrzymania lub postawienia do dyspozycji zbywcy pieni\u0119dzy lub warto\u015bci pieni\u0119\u017cnych. <\/p>\n\n\n\n<figure class=\"wp-block-embed is-type-video is-provider-youtube wp-block-embed-youtube wp-embed-aspect-16-9 wp-has-aspect-ratio\"><div class=\"wp-block-embed__wrapper\">\n<iframe title=\"Jaki podatek zap\u0142acisz przy sprzeda\u017cy firmy?\" width=\"525\" height=\"295\" src=\"https:\/\/www.youtube.com\/embed\/HmwEEMlyhNk?feature=oembed\" frameborder=\"0\" allow=\"accelerometer; autoplay; clipboard-write; encrypted-media; gyroscope; picture-in-picture; web-share\" referrerpolicy=\"strict-origin-when-cross-origin\" allowfullscreen><\/iframe>\n<\/div><figcaption class=\"wp-element-caption\">Jaki podatek zap\u0142acisz przy sprzeda\u017cy firmy? Zobacz nasz film!<\/figcaption><\/figure>\n\n\n\n<p>Sprzedaj\u0105cy b\u0119dzie zatem rozpoznawa\u0142 przych\u00f3d podatkowy w momencie otrzymania ca\u0142o\u015bci lub cz\u0119\u015bci zap\u0142aty za sprzedawany og\u00f3\u0142 praw i obowi\u0105zk\u00f3w. Poniewa\u017c podatek obliczany jest wed\u0142ug skali podatkowej (18% lub 32%), \u0142\u0105czy si\u0119 go z innymi dochodami opodatkowanymi w ten spos\u00f3b (np. z umowy o prac\u0119 czy zlecenia) i rozlicza dopiero w uj\u0119ciu rocznym.  <br>W innych artyku\u0142ach i wpisach poruszamy powi\u0105zane tematy takie jak:&nbsp;<a href=\"https:\/\/pragmatiq.pl\/zmianawarty\/dziedziczenie-firmy-a-podatki-sprawdz-co-musisz-wiedziec\/\">firma w spadku<\/a>&nbsp;lub&nbsp;<a href=\"https:\/\/pragmatiq.pl\/zmianawarty\/dziedziczenie-jednoosobowej-dzialalnosci-gospodarczej\/\">dziedziczenie jednoosobowej dzia\u0142alno\u015bci gospodarczej<\/a>. <\/p>\n\n\n\n<p>W\u00f3wczas sk\u0142ada si\u0119 odpowiednie zeznanie i odprowadza podatek do urz\u0119du skarbowego. Ostateczny termin na rozliczenie podatku i z\u0142o\u017cenie zeznania to 30 kwietnia roku nast\u0119puj\u0105cego po tym, w kt\u00f3rym otrzymano \u015brodki pieni\u0119\u017cne (lub ich cz\u0119\u015b\u0107).<br><\/p>\n\n\n\n<p><strong>Podstawa prawna:<\/strong> art. 11, art. 18, art. 27 ustawy o PIT.<\/p>\n\n\n\n<p>Maria Ratajczyk<\/p>\n\n\n\n<div style=\"height:20px\" aria-hidden=\"true\" class=\"wp-block-spacer\"><\/div>\n\n\n\n<p><br><br><\/p>\n\n\n\n<p><br><\/p>\n","protected":false},"excerpt":{"rendered":"<p>Cho\u0107 potocznie m\u00f3wi si\u0119 o \u201eudzia\u0142ach\u201d w sp\u00f3\u0142ce osobowej, wsp\u00f3lnicy takiej sp\u00f3\u0142ki nie posiadaj\u0105 udzia\u0142\u00f3w, lecz og\u00f3\u0142 praw i obowi\u0105zk\u00f3w. Przych\u00f3d ze sprzeda\u017cy udzia\u0142\u00f3w (akcji) i sprzeda\u017cy og\u00f3\u0142u praw i obowi\u0105zk\u00f3w powstaje z r\u00f3\u017cnych \u017ar\u00f3de\u0142 i wywo\u0142uje odmienne skutki podatkowe, o czym mo\u017cna przeczyta\u0107 w odpowiedzi na pytanie: Jak opodatkowana jest sprzeda\u017c og\u00f3\u0142u praw i &hellip; <\/p>\n<p class=\"link-more\"><a href=\"https:\/\/pragmatiq.pl\/zmianawarty\/kiedy-nalezy-zaplacic-podatek-od-sprzedazy-spolki-osobowej\/\" class=\"more-link\">Continue reading<span class=\"screen-reader-text\"> &#8222;Kiedy nale\u017cy zap\u0142aci\u0107 podatek od sprzeda\u017cy sp\u00f3\u0142ki osobowej?&#8221;<\/span><\/a><\/p>\n","protected":false},"author":15,"featured_media":0,"comment_status":"open","ping_status":"open","sticky":false,"template":"","format":"standard","meta":{"footnotes":""},"categories":[100,4],"tags":[72,52],"class_list":["post-1518","post","type-post","status-publish","format-standard","hentry","category-wyjscie-z-biznesu-czyli-sprzedaz-firmy","category-artykuly","tag-podatek","tag-sprzedaz-firmy"],"_links":{"self":[{"href":"https:\/\/pragmatiq.pl\/zmianawarty\/wp-json\/wp\/v2\/posts\/1518","targetHints":{"allow":["GET"]}}],"collection":[{"href":"https:\/\/pragmatiq.pl\/zmianawarty\/wp-json\/wp\/v2\/posts"}],"about":[{"href":"https:\/\/pragmatiq.pl\/zmianawarty\/wp-json\/wp\/v2\/types\/post"}],"author":[{"embeddable":true,"href":"https:\/\/pragmatiq.pl\/zmianawarty\/wp-json\/wp\/v2\/users\/15"}],"replies":[{"embeddable":true,"href":"https:\/\/pragmatiq.pl\/zmianawarty\/wp-json\/wp\/v2\/comments?post=1518"}],"version-history":[{"count":7,"href":"https:\/\/pragmatiq.pl\/zmianawarty\/wp-json\/wp\/v2\/posts\/1518\/revisions"}],"predecessor-version":[{"id":4247,"href":"https:\/\/pragmatiq.pl\/zmianawarty\/wp-json\/wp\/v2\/posts\/1518\/revisions\/4247"}],"wp:attachment":[{"href":"https:\/\/pragmatiq.pl\/zmianawarty\/wp-json\/wp\/v2\/media?parent=1518"}],"wp:term":[{"taxonomy":"category","embeddable":true,"href":"https:\/\/pragmatiq.pl\/zmianawarty\/wp-json\/wp\/v2\/categories?post=1518"},{"taxonomy":"post_tag","embeddable":true,"href":"https:\/\/pragmatiq.pl\/zmianawarty\/wp-json\/wp\/v2\/tags?post=1518"}],"curies":[{"name":"wp","href":"https:\/\/api.w.org\/{rel}","templated":true}]}}