{"id":1474,"date":"2019-04-11T09:21:09","date_gmt":"2019-04-11T07:21:09","guid":{"rendered":"https:\/\/zmianawarty.pl\/?p=1474"},"modified":"2024-09-16T16:10:13","modified_gmt":"2024-09-16T14:10:13","slug":"z-czym-podatkowo-wiaze-sie-ustanowienie-zarzadcy-sukcesyjnego-i-prowadzenie-przedsiebiorstwa-w-spadku","status":"publish","type":"post","link":"https:\/\/pragmatiq.pl\/zmianawarty\/z-czym-podatkowo-wiaze-sie-ustanowienie-zarzadcy-sukcesyjnego-i-prowadzenie-przedsiebiorstwa-w-spadku\/","title":{"rendered":"Z czym podatkowo wi\u0105\u017ce si\u0119 ustanowienie zarz\u0105dcy sukcesyjnego i prowadzenie przedsi\u0119biorstwa w spadku?"},"content":{"rendered":"\n<p><strong>Przej\u0119cie przewidzianych w przepisach prawa podatkowego maj\u0105tkowych praw i obowi\u0105zk\u00f3w spadkodawcy nie nast\u0119puje z dniem otwarcia spadku (moment \u015bmierci spadkodawcy), lecz dopiero z dniem potwierdzenia nabycia tego spadku. Pomi\u0119dzy \u015bmierci\u0105 przedsi\u0119biorcy a przej\u0119ciem jego praw i obowi\u0105zk\u00f3w przez nast\u0119pc\u00f3w mo\u017ce min\u0105\u0107 zatem du\u017co czasu. <\/strong><\/p>\n\n\n\n<p>P\u0142ynn\u0105\nkontynuacj\u0119 dzia\u0142alno\u015bci gospodarczej do momentu ustalenia nast\u0119pc\u00f3w prawnych\nprzedsi\u0119biorcy i rozstrzygni\u0119cia o dalszych losach przedsi\u0119biorstwa umo\u017cliwia\nprowadzenie tzw. przedsi\u0119biorstwa w spadku. <\/p>\n\n\n\n<p>Kwestie formalne zwi\u0105zane z ustanowieniem zarz\u0105dcy sukcesyjnego i prowadzeniem przedsi\u0119biorstwa w spadku wyja\u015bnione zosta\u0142y w odpowiedzi na pytanie: <em><a href=\"https:\/\/pragmatiq.pl\/zmianawarty\/kto-to-jest-zarzadca-sukcesyjny-i-jaki-jest-zakres-jego-dzialania\/\">Kto jest zarz\u0105dca sukcesyjny i jaki jest zakres jego<\/a><\/em><a href=\"https:\/\/pragmatiq.pl\/zmianawarty\/kto-to-jest-zarzadca-sukcesyjny-i-jaki-jest-zakres-jego-dzialania\/\"> <\/a><em><a href=\"https:\/\/pragmatiq.pl\/zmianawarty\/kto-to-jest-zarzadca-sukcesyjny-i-jaki-jest-zakres-jego-dzialania\/\">dzia\u0142ania?<\/a><\/em><\/p>\n\n\n\n<p>Zarz\u0105dca\nsukcesyjny wykonuje prawa i obowi\u0105zki zmar\u0142ego przedsi\u0119biorcy, kt\u00f3re wynikaj\u0105 z\nprowadzonej przez niego dzia\u0142alno\u015bci gospodarczej, a tak\u017ce te, kt\u00f3re s\u0105 zwi\u0105zane\nz prowadzonym przedsi\u0119biorstwem w spadku. <\/p>\n\n\n\n<p>Przedsi\u0119biorstwo\nw spadku \u2013 podobnie jak sp\u00f3\u0142ki osobowe (np. sp\u00f3\u0142ka jawna lub komandytowa) \u2013\njest jednostk\u0105 organizacyjn\u0105 niemaj\u0105ca osobowo\u015bci prawnej. Istotn\u0105 r\u00f3\u017cnic\u0105 jest\nto, \u017ce przedsi\u0119biorstwo w spadku jest podatnikiem nie tylko VAT, lecz tak\u017ce\nPIT. Oznacza to, \u017ce rozliczenia podatkowe, kt\u00f3rych dokonywa\u0142 przedsi\u0119biorca, s\u0105\n\u2013 co do zasady \u2013 kontynuowane od razu po jego \u015bmierci przez przedsi\u0119biorstwo w\nspadku. <\/p>\n\n\n\n<figure class=\"wp-block-embed is-type-video is-provider-youtube wp-block-embed-youtube wp-embed-aspect-16-9 wp-has-aspect-ratio\"><div class=\"wp-block-embed__wrapper\">\n<iframe title=\"Firma w testamencie - Jak przygotowa\u0107 si\u0119 do biznesowej zmiany warty?\" width=\"525\" height=\"295\" src=\"https:\/\/www.youtube.com\/embed\/Op1WOr19ChU?feature=oembed\" frameborder=\"0\" allow=\"accelerometer; autoplay; clipboard-write; encrypted-media; gyroscope; picture-in-picture; web-share\" referrerpolicy=\"strict-origin-when-cross-origin\" allowfullscreen><\/iframe>\n<\/div><figcaption class=\"wp-element-caption\">Jak przygotowa\u0107 si\u0119 do sukcesji? Zobacz nasz film!<\/figcaption><\/figure>\n\n\n\n<p>Je\u017celi w okresie prowadzenia przedsi\u0119biorstwa w spadku, przedsi\u0119biorstwo to osi\u0105gnie doch\u00f3d do opodatkowania, mo\u017cna go obni\u017cy\u0107 o strat\u0119 poniesion\u0105 i nieodliczon\u0105 przez zmar\u0142ego przedsi\u0119biorc\u0119.<\/p>\n\n\n\n<p>Wi\u0119cej informacji mo\u017cna znale\u017a\u0107 w artykule opisuj\u0105cym: <a href=\"https:\/\/pragmatiq.pl\/zmianawarty\/kto-i-kiedy-zglasza-do-ceidg-wygasniecie-zarzadu-sukcesyjnego-oraz-wykresla-przedsiebiorstwo-w-spadku\/\">zarz\u0105d sukcesyjny<\/a>.<\/p>\n\n\n\n<p>Przedsi\u0119biorstwo w spadku zobowi\u0105zane jest tak\u017ce kontynuowa\u0107 w danym roku podatkowym przyj\u0119te przez przedsi\u0119biorc\u0119 zasady opodatkowania dochod\u00f3w uzyskiwanych z dzia\u0142alno\u015bci gospodarczej. Je\u017celi zmar\u0142y wybra\u0142 liniowy spos\u00f3b opodatkowania dochod\u00f3w, w roku podatkowym, w kt\u00f3rym zmar\u0142 spadkodawca, przedsi\u0119biorstwo w spadku obowi\u0105zane jest rozlicza\u0107 uzyskany przez siebie doch\u00f3d podatkiem liniowym. <\/p>\n\n\n\n<p>W innych artyku\u0142ach i wpisach poruszamy powi\u0105zane tematy takie jak:&nbsp;<a href=\"https:\/\/pragmatiq.pl\/zmianawarty\/dziedziczenie-firmy-a-podatki-sprawdz-co-musisz-wiedziec\/\">firma w spadku<\/a>&nbsp;lub&nbsp;<a href=\"https:\/\/pragmatiq.pl\/zmianawarty\/25-listopada-wchodzi-w-zycie-ustawa-o-zarzadzie-sukcesyjnym\/\">zarz\u0105d sukcesyjny ustawa<\/a>. <\/p>\n\n\n\n<p>Przedsi\u0119biorstwo\nw spadku przestaje by\u0107 podatnikiem z dniem wyga\u015bni\u0119cia zarz\u0105du sukcesyjnego albo\nwyga\u015bni\u0119cia uprawnienia do powo\u0142ania zarz\u0105dcy sukcesyjnego.<\/p>\n\n\n\n<p><strong>Podstawa prawna:<\/strong> art. 1a, art. 7a, art. 9 ust. 3b, art. 9a ust. 4a, art. 24a ust. 1d ustawy o PIT.<\/p>\n\n\n\n<p>Maria Ratajczyk<\/p>\n\n\n\n<div style=\"height:33px\" aria-hidden=\"true\" class=\"wp-block-spacer\"><\/div>\n","protected":false},"excerpt":{"rendered":"<p>Przej\u0119cie przewidzianych w przepisach prawa podatkowego maj\u0105tkowych praw i obowi\u0105zk\u00f3w spadkodawcy nie nast\u0119puje z dniem otwarcia spadku (moment \u015bmierci spadkodawcy), lecz dopiero z dniem potwierdzenia nabycia tego spadku. Pomi\u0119dzy \u015bmierci\u0105 przedsi\u0119biorcy a przej\u0119ciem jego praw i obowi\u0105zk\u00f3w przez nast\u0119pc\u00f3w mo\u017ce min\u0105\u0107 zatem du\u017co czasu. P\u0142ynn\u0105 kontynuacj\u0119 dzia\u0142alno\u015bci gospodarczej do momentu ustalenia nast\u0119pc\u00f3w prawnych przedsi\u0119biorcy i &hellip; <\/p>\n<p class=\"link-more\"><a href=\"https:\/\/pragmatiq.pl\/zmianawarty\/z-czym-podatkowo-wiaze-sie-ustanowienie-zarzadcy-sukcesyjnego-i-prowadzenie-przedsiebiorstwa-w-spadku\/\" class=\"more-link\">Continue reading<span class=\"screen-reader-text\"> &#8222;Z czym podatkowo wi\u0105\u017ce si\u0119 ustanowienie zarz\u0105dcy sukcesyjnego i prowadzenie przedsi\u0119biorstwa w spadku?&#8221;<\/span><\/a><\/p>\n","protected":false},"author":15,"featured_media":0,"comment_status":"open","ping_status":"open","sticky":false,"template":"","format":"standard","meta":{"footnotes":""},"categories":[98,4,24],"tags":[72,52],"class_list":["post-1474","post","type-post","status-publish","format-standard","hentry","category-wszystko-zostaje-w-rodzinie-czyli-przekazanie-firmy-innym-czlonkom-rodziny","category-artykuly","category-podatki-dochodowe-i-podatek-od-towarow-i-uslug","tag-podatek","tag-sprzedaz-firmy"],"_links":{"self":[{"href":"https:\/\/pragmatiq.pl\/zmianawarty\/wp-json\/wp\/v2\/posts\/1474","targetHints":{"allow":["GET"]}}],"collection":[{"href":"https:\/\/pragmatiq.pl\/zmianawarty\/wp-json\/wp\/v2\/posts"}],"about":[{"href":"https:\/\/pragmatiq.pl\/zmianawarty\/wp-json\/wp\/v2\/types\/post"}],"author":[{"embeddable":true,"href":"https:\/\/pragmatiq.pl\/zmianawarty\/wp-json\/wp\/v2\/users\/15"}],"replies":[{"embeddable":true,"href":"https:\/\/pragmatiq.pl\/zmianawarty\/wp-json\/wp\/v2\/comments?post=1474"}],"version-history":[{"count":8,"href":"https:\/\/pragmatiq.pl\/zmianawarty\/wp-json\/wp\/v2\/posts\/1474\/revisions"}],"predecessor-version":[{"id":4245,"href":"https:\/\/pragmatiq.pl\/zmianawarty\/wp-json\/wp\/v2\/posts\/1474\/revisions\/4245"}],"wp:attachment":[{"href":"https:\/\/pragmatiq.pl\/zmianawarty\/wp-json\/wp\/v2\/media?parent=1474"}],"wp:term":[{"taxonomy":"category","embeddable":true,"href":"https:\/\/pragmatiq.pl\/zmianawarty\/wp-json\/wp\/v2\/categories?post=1474"},{"taxonomy":"post_tag","embeddable":true,"href":"https:\/\/pragmatiq.pl\/zmianawarty\/wp-json\/wp\/v2\/tags?post=1474"}],"curies":[{"name":"wp","href":"https:\/\/api.w.org\/{rel}","templated":true}]}}