{"id":837,"date":"2019-06-05T13:24:12","date_gmt":"2019-06-05T11:24:12","guid":{"rendered":"https:\/\/pragmatiq.pl\/ulgidlainnowacji\/?p=837"},"modified":"2021-05-31T13:46:08","modified_gmt":"2021-05-31T11:46:08","slug":"preferencyjne-opodatkowanie-ip-box-kto-moze-skorzystac","status":"publish","type":"post","link":"https:\/\/pragmatiq.pl\/ulgidlainnowacji\/preferencyjne-opodatkowanie-ip-box-kto-moze-skorzystac\/","title":{"rendered":"Preferencyjne opodatkowanie IP Box \u2013 kto mo\u017ce skorzysta\u0107?"},"content":{"rendered":"<p style=\"text-align: left;\"><strong>Z ulgi podatkowej IP Box mo\u017ce skorzysta\u0107 podatnik, kt\u00f3ry w wyniku prowadzonej dzia\u0142alno\u015bci badawczo-rozwojowej wytworzy\u0142, rozwin\u0105\u0142 lub ulepszy\u0142 prawo w\u0142asno\u015bci intelektualnej.<\/strong><\/p>\n<h2>Ulga tylko dla innowacyjnych przedsi\u0119biorc\u00f3w<strong><br \/>\n<\/strong><\/h2>\n<p>Mo\u017cliwo\u015b\u0107 opodatkowania dochod\u00f3w z praw w\u0142asno\u015bci intelektualnej (w skr\u00f3cie \u201eIP\u201d) stawk\u0105 5% nie przys\u0142uguje ka\u017cdemu w\u0142a\u015bcicielowi takich praw. Podstawow\u0105 kwesti\u0105 jest to, \u017ce\u00a0doch\u00f3d musi by\u0107 osi\u0105gany w ramach dzia\u0142alno\u015bci gospodarczej. Z ulgi nie mog\u0105 zatem skorzysta\u0107 wszyscy tw\u00f3rcy \u201egara\u017cowi\u201d, czy hobby\u015bci, kt\u00f3rzy planuj\u0105 sprzeda\u0107 na przyk\u0142ad prawa do wynalazku albo programu komputerowego stworzone prywatnie.<\/p>\n<p>Kolejnym istotnym warunkiem jest to, \u017ce IP musi zosta\u0107 przynajmniej w cz\u0119\u015bci wytworzone lub ulepszone w ramach dzia\u0142alno\u015bci badawczo-rozwojowej podatnika. Kupione patenty, wzory przemys\u0142owe nie uprawniaj\u0105 do ulgi, je\u017celi podatnik nie poniesie wydatk\u00f3w na ich ulepszenie.<\/p>\n<p>Dzia\u0142alno\u015b\u0107 badawczo-rozwojowa musi by\u0107 prowadzona bezpo\u015brednio przez podatnika. To podmiot, kt\u00f3ry ma korzysta\u0107 z IP Box musi by\u0107 w stanie wykaza\u0107, \u017ce poni\u00f3s\u0142 wydatki B+R. Brak jakichkolwiek zaewidencjonowanych wydatk\u00f3w B+R przekre\u015bla mo\u017cliwo\u015b\u0107 stosowania IP Box. Na ten wym\u00f3g musz\u0105 uwa\u017ca\u0107 w szczeg\u00f3lno\u015bci firmy dzia\u0142aj\u0105ce w formie grupy sp\u00f3\u0142ek powi\u0105zanych. W ich przypadku konieczne jest zaplanowanie procesu rozwojowego w\u00a0taki spos\u00f3b, aby odbywa\u0142 si\u0119 on w sp\u00f3\u0142ce, kt\u00f3ra ma docelowo zarabia\u0107 na IP.<\/p>\n<h2>Zweryfikuj w\u0142asno\u015b\u0107 IP<strong><br \/>\n<\/strong><\/h2>\n<p>Bardzo cz\u0119stym zjawiskiem jest udost\u0119pnianie IP innym podmiotom w ramach licencji. Z IP Box mo\u017ce jednak korzysta\u0107 tylko w\u0142a\u015bciciel lub wsp\u00f3\u0142w\u0142a\u015bciciel IP. Licencjobiorca wykorzystuj\u0105cy cudze prawa w\u0142asno\u015bci intelektualnej w celach zarobkowych nie mo\u017ce opodatkowa\u0107 dochod\u00f3w stawk\u0105 5%.<\/p>\n<p>Wyj\u0105tkiem jest tzw. licencja wy\u0142\u0105czna, czyli umowa zastrzegaj\u0105ca wy\u0142\u0105czno\u015b\u0107 korzystania z IP w okre\u015blony spos\u00f3b przez licencjobiorc\u0119, a tym samym ograniczaj\u0105ca mo\u017cliwo\u015b\u0107 udzielania dalszych licencji. Licencjobiorca wy\u0142\u0105czny musi jednak nadal wykaza\u0107, \u017ce ponosi\u0142 wydatki na rozw\u00f3j IP, aby m\u00f3g\u0142 korzysta\u0107 z IP Box.<\/p>\n<p>\u0141ukasz Brejski, Pawe\u0142 Malewski<\/p>\n","protected":false},"excerpt":{"rendered":"<p>Z ulgi podatkowej IP Box mo\u017ce skorzysta\u0107 podatnik, kt\u00f3ry w wyniku prowadzonej dzia\u0142alno\u015bci badawczo-rozwojowej wytworzy\u0142, rozwin\u0105\u0142 lub ulepszy\u0142 prawo w\u0142asno\u015bci intelektualnej. Ulga tylko dla innowacyjnych przedsi\u0119biorc\u00f3w Mo\u017cliwo\u015b\u0107 opodatkowania dochod\u00f3w z praw w\u0142asno\u015bci intelektualnej (w skr\u00f3cie \u201eIP\u201d) stawk\u0105 5% nie przys\u0142uguje ka\u017cdemu w\u0142a\u015bcicielowi takich praw. Podstawow\u0105 kwesti\u0105 jest to, \u017ce\u00a0doch\u00f3d musi by\u0107 osi\u0105gany w ramach dzia\u0142alno\u015bci&hellip;<\/p>\n","protected":false},"author":3,"featured_media":0,"comment_status":"open","ping_status":"open","sticky":false,"template":"","format":"standard","meta":{"footnotes":""},"categories":[1],"tags":[],"class_list":["post-837","post","type-post","status-publish","format-standard","hentry","category-bez-kategorii"],"yoast_head":"<!-- This site is optimized with the Yoast SEO plugin v22.9 - https:\/\/yoast.com\/wordpress\/plugins\/seo\/ -->\n<title>Preferencyjne opodatkowanie IP Box \u2013 kto mo\u017ce skorzysta\u0107? - Ulgi dla innowacji | PragmatIQ<\/title>\n<meta name=\"robots\" content=\"index, follow, max-snippet:-1, max-image-preview:large, max-video-preview:-1\" \/>\n<link rel=\"canonical\" href=\"https:\/\/pragmatiq.pl\/ulgidlainnowacji\/preferencyjne-opodatkowanie-ip-box-kto-moze-skorzystac\/\" \/>\n<meta property=\"og:locale\" content=\"pl_PL\" \/>\n<meta property=\"og:type\" content=\"article\" \/>\n<meta property=\"og:title\" content=\"Preferencyjne opodatkowanie IP Box \u2013 kto mo\u017ce skorzysta\u0107? - Ulgi dla innowacji | PragmatIQ\" \/>\n<meta property=\"og:description\" content=\"Z ulgi podatkowej IP Box mo\u017ce skorzysta\u0107 podatnik, kt\u00f3ry w wyniku prowadzonej dzia\u0142alno\u015bci badawczo-rozwojowej wytworzy\u0142, rozwin\u0105\u0142 lub ulepszy\u0142 prawo w\u0142asno\u015bci intelektualnej. Ulga tylko dla innowacyjnych przedsi\u0119biorc\u00f3w Mo\u017cliwo\u015b\u0107 opodatkowania dochod\u00f3w z praw w\u0142asno\u015bci intelektualnej (w skr\u00f3cie \u201eIP\u201d) stawk\u0105 5% nie przys\u0142uguje ka\u017cdemu w\u0142a\u015bcicielowi takich praw. Podstawow\u0105 kwesti\u0105 jest to, \u017ce\u00a0doch\u00f3d musi by\u0107 osi\u0105gany w ramach dzia\u0142alno\u015bci&hellip;\" \/>\n<meta property=\"og:url\" content=\"https:\/\/pragmatiq.pl\/ulgidlainnowacji\/preferencyjne-opodatkowanie-ip-box-kto-moze-skorzystac\/\" \/>\n<meta property=\"og:site_name\" content=\"Ulgi dla innowacji | PragmatIQ\" \/>\n<meta property=\"article:published_time\" content=\"2019-06-05T11:24:12+00:00\" \/>\n<meta property=\"article:modified_time\" content=\"2021-05-31T11:46:08+00:00\" \/>\n<meta name=\"author\" content=\"PragmatIQ\" \/>\n<meta name=\"twitter:card\" content=\"summary_large_image\" \/>\n<meta name=\"twitter:label1\" content=\"Napisane przez\" \/>\n\t<meta name=\"twitter:data1\" content=\"PragmatIQ\" \/>\n\t<meta name=\"twitter:label2\" content=\"Szacowany czas czytania\" \/>\n\t<meta name=\"twitter:data2\" content=\"2 minuty\" \/>\n<script type=\"application\/ld+json\" class=\"yoast-schema-graph\">{\"@context\":\"https:\/\/schema.org\",\"@graph\":[{\"@type\":\"WebPage\",\"@id\":\"https:\/\/pragmatiq.pl\/ulgidlainnowacji\/preferencyjne-opodatkowanie-ip-box-kto-moze-skorzystac\/\",\"url\":\"https:\/\/pragmatiq.pl\/ulgidlainnowacji\/preferencyjne-opodatkowanie-ip-box-kto-moze-skorzystac\/\",\"name\":\"Preferencyjne opodatkowanie IP Box \u2013 kto mo\u017ce skorzysta\u0107? - Ulgi dla innowacji | PragmatIQ\",\"isPartOf\":{\"@id\":\"https:\/\/pragmatiq.pl\/ulgidlainnowacji\/#website\"},\"datePublished\":\"2019-06-05T11:24:12+00:00\",\"dateModified\":\"2021-05-31T11:46:08+00:00\",\"author\":{\"@id\":\"https:\/\/pragmatiq.pl\/ulgidlainnowacji\/#\/schema\/person\/66dfd5420601691601863269148757d8\"},\"breadcrumb\":{\"@id\":\"https:\/\/pragmatiq.pl\/ulgidlainnowacji\/preferencyjne-opodatkowanie-ip-box-kto-moze-skorzystac\/#breadcrumb\"},\"inLanguage\":\"pl-PL\",\"potentialAction\":[{\"@type\":\"ReadAction\",\"target\":[\"https:\/\/pragmatiq.pl\/ulgidlainnowacji\/preferencyjne-opodatkowanie-ip-box-kto-moze-skorzystac\/\"]}]},{\"@type\":\"BreadcrumbList\",\"@id\":\"https:\/\/pragmatiq.pl\/ulgidlainnowacji\/preferencyjne-opodatkowanie-ip-box-kto-moze-skorzystac\/#breadcrumb\",\"itemListElement\":[{\"@type\":\"ListItem\",\"position\":1,\"name\":\"Strona g\u0142\u00f3wna\",\"item\":\"https:\/\/pragmatiq.pl\/ulgidlainnowacji\/\"},{\"@type\":\"ListItem\",\"position\":2,\"name\":\"Preferencyjne opodatkowanie IP Box \u2013 kto mo\u017ce skorzysta\u0107?\"}]},{\"@type\":\"WebSite\",\"@id\":\"https:\/\/pragmatiq.pl\/ulgidlainnowacji\/#website\",\"url\":\"https:\/\/pragmatiq.pl\/ulgidlainnowacji\/\",\"name\":\"Ulgi dla innowacji | PragmatIQ\",\"description\":\"\",\"potentialAction\":[{\"@type\":\"SearchAction\",\"target\":{\"@type\":\"EntryPoint\",\"urlTemplate\":\"https:\/\/pragmatiq.pl\/ulgidlainnowacji\/?s={search_term_string}\"},\"query-input\":\"required name=search_term_string\"}],\"inLanguage\":\"pl-PL\"},{\"@type\":\"Person\",\"@id\":\"https:\/\/pragmatiq.pl\/ulgidlainnowacji\/#\/schema\/person\/66dfd5420601691601863269148757d8\",\"name\":\"PragmatIQ\",\"image\":{\"@type\":\"ImageObject\",\"inLanguage\":\"pl-PL\",\"@id\":\"https:\/\/pragmatiq.pl\/ulgidlainnowacji\/#\/schema\/person\/image\/\",\"url\":\"https:\/\/secure.gravatar.com\/avatar\/e0063a8a474902617274a95e9be19adbb8477e146d6b76b83e7e6e0cd7a26836?s=96&d=mm&r=g\",\"contentUrl\":\"https:\/\/secure.gravatar.com\/avatar\/e0063a8a474902617274a95e9be19adbb8477e146d6b76b83e7e6e0cd7a26836?s=96&d=mm&r=g\",\"caption\":\"PragmatIQ\"},\"url\":\"https:\/\/pragmatiq.pl\/ulgidlainnowacji\/author\/pragmatiq\/\"}]}<\/script>\n<!-- \/ Yoast SEO plugin. -->","yoast_head_json":{"title":"Preferencyjne opodatkowanie IP Box \u2013 kto mo\u017ce skorzysta\u0107? - Ulgi dla innowacji | PragmatIQ","robots":{"index":"index","follow":"follow","max-snippet":"max-snippet:-1","max-image-preview":"max-image-preview:large","max-video-preview":"max-video-preview:-1"},"canonical":"https:\/\/pragmatiq.pl\/ulgidlainnowacji\/preferencyjne-opodatkowanie-ip-box-kto-moze-skorzystac\/","og_locale":"pl_PL","og_type":"article","og_title":"Preferencyjne opodatkowanie IP Box \u2013 kto mo\u017ce skorzysta\u0107? - Ulgi dla innowacji | PragmatIQ","og_description":"Z ulgi podatkowej IP Box mo\u017ce skorzysta\u0107 podatnik, kt\u00f3ry w wyniku prowadzonej dzia\u0142alno\u015bci badawczo-rozwojowej wytworzy\u0142, rozwin\u0105\u0142 lub ulepszy\u0142 prawo w\u0142asno\u015bci intelektualnej. Ulga tylko dla innowacyjnych przedsi\u0119biorc\u00f3w Mo\u017cliwo\u015b\u0107 opodatkowania dochod\u00f3w z praw w\u0142asno\u015bci intelektualnej (w skr\u00f3cie \u201eIP\u201d) stawk\u0105 5% nie przys\u0142uguje ka\u017cdemu w\u0142a\u015bcicielowi takich praw. Podstawow\u0105 kwesti\u0105 jest to, \u017ce\u00a0doch\u00f3d musi by\u0107 osi\u0105gany w ramach dzia\u0142alno\u015bci&hellip;","og_url":"https:\/\/pragmatiq.pl\/ulgidlainnowacji\/preferencyjne-opodatkowanie-ip-box-kto-moze-skorzystac\/","og_site_name":"Ulgi dla innowacji | PragmatIQ","article_published_time":"2019-06-05T11:24:12+00:00","article_modified_time":"2021-05-31T11:46:08+00:00","author":"PragmatIQ","twitter_card":"summary_large_image","twitter_misc":{"Napisane przez":"PragmatIQ","Szacowany czas czytania":"2 minuty"},"schema":{"@context":"https:\/\/schema.org","@graph":[{"@type":"WebPage","@id":"https:\/\/pragmatiq.pl\/ulgidlainnowacji\/preferencyjne-opodatkowanie-ip-box-kto-moze-skorzystac\/","url":"https:\/\/pragmatiq.pl\/ulgidlainnowacji\/preferencyjne-opodatkowanie-ip-box-kto-moze-skorzystac\/","name":"Preferencyjne opodatkowanie IP Box \u2013 kto mo\u017ce skorzysta\u0107? - Ulgi dla innowacji | PragmatIQ","isPartOf":{"@id":"https:\/\/pragmatiq.pl\/ulgidlainnowacji\/#website"},"datePublished":"2019-06-05T11:24:12+00:00","dateModified":"2021-05-31T11:46:08+00:00","author":{"@id":"https:\/\/pragmatiq.pl\/ulgidlainnowacji\/#\/schema\/person\/66dfd5420601691601863269148757d8"},"breadcrumb":{"@id":"https:\/\/pragmatiq.pl\/ulgidlainnowacji\/preferencyjne-opodatkowanie-ip-box-kto-moze-skorzystac\/#breadcrumb"},"inLanguage":"pl-PL","potentialAction":[{"@type":"ReadAction","target":["https:\/\/pragmatiq.pl\/ulgidlainnowacji\/preferencyjne-opodatkowanie-ip-box-kto-moze-skorzystac\/"]}]},{"@type":"BreadcrumbList","@id":"https:\/\/pragmatiq.pl\/ulgidlainnowacji\/preferencyjne-opodatkowanie-ip-box-kto-moze-skorzystac\/#breadcrumb","itemListElement":[{"@type":"ListItem","position":1,"name":"Strona g\u0142\u00f3wna","item":"https:\/\/pragmatiq.pl\/ulgidlainnowacji\/"},{"@type":"ListItem","position":2,"name":"Preferencyjne opodatkowanie IP Box \u2013 kto mo\u017ce skorzysta\u0107?"}]},{"@type":"WebSite","@id":"https:\/\/pragmatiq.pl\/ulgidlainnowacji\/#website","url":"https:\/\/pragmatiq.pl\/ulgidlainnowacji\/","name":"Ulgi dla innowacji | PragmatIQ","description":"","potentialAction":[{"@type":"SearchAction","target":{"@type":"EntryPoint","urlTemplate":"https:\/\/pragmatiq.pl\/ulgidlainnowacji\/?s={search_term_string}"},"query-input":"required name=search_term_string"}],"inLanguage":"pl-PL"},{"@type":"Person","@id":"https:\/\/pragmatiq.pl\/ulgidlainnowacji\/#\/schema\/person\/66dfd5420601691601863269148757d8","name":"PragmatIQ","image":{"@type":"ImageObject","inLanguage":"pl-PL","@id":"https:\/\/pragmatiq.pl\/ulgidlainnowacji\/#\/schema\/person\/image\/","url":"https:\/\/secure.gravatar.com\/avatar\/e0063a8a474902617274a95e9be19adbb8477e146d6b76b83e7e6e0cd7a26836?s=96&d=mm&r=g","contentUrl":"https:\/\/secure.gravatar.com\/avatar\/e0063a8a474902617274a95e9be19adbb8477e146d6b76b83e7e6e0cd7a26836?s=96&d=mm&r=g","caption":"PragmatIQ"},"url":"https:\/\/pragmatiq.pl\/ulgidlainnowacji\/author\/pragmatiq\/"}]}},"_links":{"self":[{"href":"https:\/\/pragmatiq.pl\/ulgidlainnowacji\/wp-json\/wp\/v2\/posts\/837","targetHints":{"allow":["GET"]}}],"collection":[{"href":"https:\/\/pragmatiq.pl\/ulgidlainnowacji\/wp-json\/wp\/v2\/posts"}],"about":[{"href":"https:\/\/pragmatiq.pl\/ulgidlainnowacji\/wp-json\/wp\/v2\/types\/post"}],"author":[{"embeddable":true,"href":"https:\/\/pragmatiq.pl\/ulgidlainnowacji\/wp-json\/wp\/v2\/users\/3"}],"replies":[{"embeddable":true,"href":"https:\/\/pragmatiq.pl\/ulgidlainnowacji\/wp-json\/wp\/v2\/comments?post=837"}],"version-history":[{"count":5,"href":"https:\/\/pragmatiq.pl\/ulgidlainnowacji\/wp-json\/wp\/v2\/posts\/837\/revisions"}],"predecessor-version":[{"id":938,"href":"https:\/\/pragmatiq.pl\/ulgidlainnowacji\/wp-json\/wp\/v2\/posts\/837\/revisions\/938"}],"wp:attachment":[{"href":"https:\/\/pragmatiq.pl\/ulgidlainnowacji\/wp-json\/wp\/v2\/media?parent=837"}],"wp:term":[{"taxonomy":"category","embeddable":true,"href":"https:\/\/pragmatiq.pl\/ulgidlainnowacji\/wp-json\/wp\/v2\/categories?post=837"},{"taxonomy":"post_tag","embeddable":true,"href":"https:\/\/pragmatiq.pl\/ulgidlainnowacji\/wp-json\/wp\/v2\/tags?post=837"}],"curies":[{"name":"wp","href":"https:\/\/api.w.org\/{rel}","templated":true}]}}