{"id":747,"date":"2022-11-30T20:29:00","date_gmt":"2022-11-30T19:29:00","guid":{"rendered":"http:\/\/localhost\/ulgidlainnowacji\/?p=747"},"modified":"2024-02-28T15:27:18","modified_gmt":"2024-02-28T14:27:18","slug":"cit-br-i-pit-br-jak-wypelnic","status":"publish","type":"post","link":"https:\/\/pragmatiq.pl\/ulgidlainnowacji\/cit-br-i-pit-br-jak-wypelnic\/","title":{"rendered":"CIT\/BR i PIT\/BR &#8211; jak wype\u0142ni\u0107?"},"content":{"rendered":"<p><strong>Podatnicy korzystaj\u0105cy z ulgi na dzia\u0142alno\u015b\u0107 badawczo-rozwojow\u0105 s\u0105 zobowi\u0105zani do\u0142\u0105czy\u0107 do zeznania rocznego informacj\u0119 o odliczeniach od podstawy opodatkowania koszt\u00f3w uzyskania przychod\u00f3w poniesionych na dzia\u0142alno\u015b\u0107 badawczo-rozwojow\u0105 (CIT\/BR lub PIT\/BR).<\/strong><\/p>\n<p><strong>Jak poinformowa\u0107 urz\u0105d skarbowy o skorzystaniu z ulgi B+R?<\/strong><\/p>\n<p>Ulga B+R stanowi preferencj\u0119 podatkow\u0105 dla podatnik\u00f3w prowadz\u0105cych dzia\u0142alno\u015b\u0107 badawczo-rozwojow\u0105 i b\u0119d\u0105cych zar\u00f3wno osobami fizycznymi (PIT) jak i osobami prawnymi (CIT). Ka\u017cdy podatnik, kt\u00f3ry zdecyduje si\u0119 skorzysta\u0107 z tej ulgi jest zobowi\u0105zany z\u0142o\u017cy\u0107 do urz\u0119du skarbowego odpowiedni\u0105 informacj\u0119 o odliczeniach od dochodu koszt\u00f3w podatkowych prowadzonej dzia\u0142alno\u015bci badawczo-rozwojowej.<\/p>\n<p>Podatnik b\u0119d\u0105cy osob\u0105 prawn\u0105 powinien z\u0142o\u017cy\u0107 informacj\u0119 o skorzystaniu z ulgi badawczo-rozwojowej na formularzu CIT\/BR, stanowi\u0105cym za\u0142\u0105cznik do rocznego zeznania CIT-8.<\/p>\n<p>Natomiast podatnik b\u0119d\u0105cy osob\u0105 fizyczn\u0105 powinien poinformowa\u0107 o skorzystaniu z ulgi na formularzu PIT\/BR, sk\u0142adanym wraz z rocznym zeznaniem PIT-36 lub PIT-36L. Ma\u0142\u017conkowie, bez wzgl\u0119du na spos\u00f3b rozliczenia rocznego (indywidualnie lub wsp\u00f3lnie), sk\u0142adaj\u0105 odr\u0119bny za\u0142\u0105cznik PIT\/BR.<\/p>\n<p>Z ulgi B+R mo\u017ce skorzysta\u0107 r\u00f3wnie\u017c przedsi\u0119biorstwo w spadku za\u0142\u0105czaj\u0105c informacj\u0119 PIT\/BR do zeznania rocznego PIT-36S lub PIT-36LS, a tak\u017ce podatkowa grupa kapita\u0142owa poprzez do\u0142\u0105czenie informacji CIT\/BR do zeznania CIT-8AB.<\/p>\n<p>Termin na z\u0142o\u017cenie informacji CIT\/BR i PIT\/BR jest wi\u0119c taki sam, jak w przypadku rocznej deklaracji podatkowej.<\/p>\n<p><strong>Ulga B+R w rocznym zeznaniu podatkowym<\/strong><\/p>\n<p>Osoba fizyczna przygotowuj\u0105c roczne zeznanie PIT-36 przed wype\u0142nieniem poz. 173-178 (lub poz. 32 w przypadku zeznania PIT-36L), a osoba prawna przygotowuj\u0105c roczne zeznanie CIT-8 przed wype\u0142nieniem poz. 96, powinna przygotowa\u0107 odpowiedni za\u0142\u0105cznik, w kt\u00f3rym wska\u017ce wysoko\u015b\u0107 odliczenia z tytu\u0142u poniesionych koszt\u00f3w kwalifikowanych.<\/p>\n<p><strong>Deklaracja PIT\/BR i CIT\/BR dla korzystaj\u0105cych z ulgi badawczo-rozwojowej \u2013 instrukcja przygotowywania<\/strong><\/p>\n<p>Wype\u0142niaj\u0105c formularz w pierwszej kolejno\u015bci nale\u017cy pami\u0119ta\u0107 o wpisaniu numeru NIP podatnika. Nast\u0119pnie nale\u017cy wskaza\u0107 rok podatkowy, za kt\u00f3ry sk\u0142adana jest informacja oraz okre\u015bli\u0107 liczb\u0119 sk\u0142adanych za\u0142\u0105cznik\u00f3w CIT\/BR lub PIT\/BR.<\/p>\n<p><strong>Cz\u0119\u015b\u0107 A. Dane identyfikacyjne podatnika i inne informacje o podatniku<\/strong><\/p>\n<p>W cz\u0119\u015bci A nale\u017cy poda\u0107 podstawowe dane identyfikacyjne, w tym pe\u0142n\u0105 nazw\u0119 osoby prawnej (CIT\/BR) lub nazwisko, imi\u0119 i dat\u0119 urodzenia osoby fizycznej (PIT\/BR). Nast\u0119pnie nale\u017cy ustali\u0107, czy podatnik posiada\u0142 w roku podatkowym status centrum badawczo rozwojowego. Je\u017celi tak, nale\u017cy wpisa\u0107 okres, w kt\u00f3rym podatnik posiada\u0142 ten status oraz okre\u015bli\u0107, czy w roku podatkowym by\u0142 mikro, ma\u0142ym lub \u015brednim przedsi\u0119biorc\u0105.<\/p>\n<p><strong>Cz\u0119\u015b\u0107. B Odliczenie od podstawy opodatkowania koszt\u00f3w kwalifikowanych oraz obliczenie kwoty zwrotu<\/strong><\/p>\n<p>Cz\u0119\u015b\u0107 B.1 wype\u0142niaj\u0105 wszyscy podatnicy, kt\u00f3rzy korzystaj\u0105 z ulgi B+R. Nale\u017cy w niej wykaza\u0107 koszty kwalifikowane, ponoszone w ramach prac badawczo-rozwojowych, tj. koszty:<\/p>\n<ul>\n<li>nale\u017cno\u015bci z tytu\u0142u wynagrodze\u0144 i sk\u0142adek ZUS finansowanych przez pracodawc\u0119,<\/li>\n<li>nabycia materia\u0142\u00f3w i surowc\u00f3w bezpo\u015brednio zwi\u0105zanych z prowadzon\u0105 dzia\u0142alno\u015bci\u0105 badawczo-rozwojow\u0105,<\/li>\n<li>nabycia sprz\u0119tu specjalistycznego nieb\u0119d\u0105cego \u015brodkiem trwa\u0142ym, wykorzystywanego bezpo\u015brednio w prowadzonej dzia\u0142alno\u015bci badawczo-rozwojowej,<\/li>\n<li>ekspertyz, opinii, us\u0142ug doradczych,<\/li>\n<li>odp\u0142atnego korzystania z aparatury badawczo-naukowej,<\/li>\n<li>nabycia us\u0142ugi wykorzystania aparatury badawczo-naukowej,<\/li>\n<li>uzyskania i utrzymania patentu, prawa ochronnego na wz\u00f3r u\u017cytkowy, prawa z rejestracji wzoru przemys\u0142owego,<\/li>\n<li>odpis\u00f3w amortyzacyjnych od koszt\u00f3w prac rozwojowych,<\/li>\n<li>odpis\u00f3w amortyzacyjnych od \u015brodk\u00f3w trwa\u0142ych oraz warto\u015bci niematerialnych i prawnych wykorzystywanych w prowadzonej dzia\u0142alno\u015bci badawczo-rozwojowej, z wy\u0142\u0105czeniem samochod\u00f3w<\/li>\n<li>osobowych oraz budowli, budynk\u00f3w i lokali b\u0119d\u0105cych odr\u0119bn\u0105 w\u0142asno\u015bci\u0105.<\/li>\n<\/ul>\n<p>Szczeg\u00f3\u0142owo, o tym, jakie koszty mog\u0105 stanowi\u0107 koszty podatkowe prowadzonej dzia\u0142alno\u015bci badawczo-rozwojowej wskazali\u015bmy w artykule Jakie koszty mo\u017cna odliczy\u0107 w ramach ulgi badawczo-rozwojowej?.<\/p>\n<p>Cz\u0119\u015b\u0107 B.2 dotyczy wy\u0142\u0105cznie podatnik\u00f3w posiadaj\u0105cych status centrum badawczo-rozwojowego. Wykazuje si\u0119 w niej dodatkowe odliczenia przys\u0142uguj\u0105ce tym podmiotom.<\/p>\n<p>W cz\u0119\u015bci B.3 nale\u017cy natomiast poda\u0107 \u0142\u0105czne kwoty podlegaj\u0105ce odliczeniu z uwzgl\u0119dnieniem limit\u00f3w okre\u015blonych w ustawie. W tej cz\u0119\u015bci mo\u017cna r\u00f3wnie\u017c uwzgl\u0119dni\u0107 koszty kwalifikowane nieodliczone w sze\u015bciu poprzednich latach podatkowych, a odliczone w danym roku podatkowym<\/p>\n<p>Kwot\u0119 z poz. 43 za\u0142\u0105cznika PIT\/BR nale\u017cy przenie\u015b\u0107 do zeznania PIT-36 (poz. 173 \u2013 odliczenie podatnika lub 174 \u2013 odliczenie ma\u0142\u017conka) lub PIT 36L (poz. 32). W przypadku przygotowywania zeznania CIT-8 kwot\u0119 z poz. 42 za\u0142\u0105cznika CIT\/BR nale\u017cy przenie\u015b\u0107 do poz. 96.<\/p>\n<p><strong>Cz\u0119\u015b\u0107 C. Rodzaje dzia\u0142alno\u015bci badawczo-rozwojowej, w ramach kt\u00f3rych s\u0105 ponoszone koszty kwalifikowane przys\u0142uguj\u0105ce podatnikowi, posiadaj\u0105cemu status centrum badawczo-rozwojowego<\/strong><\/p>\n<p>Cz\u0119\u015b\u0107 C nale\u017cy wype\u0142ni\u0107 w przypadku, gdy podatnik posiada status centrum badawczo-rozwojowego. W cz\u0119\u015bci nale\u017cy wyszczeg\u00f3lni\u0107 kwoty odlicze\u0144 z tytu\u0142u prac rozwojowych, bada\u0144 naukowych oraz uzyskania i utrzymania patentu, prawa ochronnego na wz\u00f3r u\u017cytkowy lub prawa z rejestracji wzoru przemys\u0142owego.<\/p>\n<p>Jak rozr\u00f3\u017cni\u0107 prace rozwojowe i prace naukowe wyja\u015bniamy w artykule Czym jest dzia\u0142alno\u015b\u0107 badawczo-rozwojowa?<\/p>\n<p><strong>Cz\u0119\u015b\u0107 D. Dane sp\u00f3\u0142ki nieb\u0119d\u0105cej osob\u0105 prawn\u0105<\/strong><\/p>\n<p>Cz\u0119\u015b\u0107 D wype\u0142nia podatnik, kt\u00f3ry jest wsp\u00f3lnikiem sp\u00f3\u0142ki nieb\u0119d\u0105cej osob\u0105 prawn\u0105 posiadaj\u0105cej status centrum badawczo-rozwojowego, kt\u00f3ra w roku podatkowym ponios\u0142a koszty kwalifikowane odliczane w roku podatkowym przez podatnika. W tym miejscu nale\u017cy poda\u0107 dane sp\u00f3\u0142ki oraz podobnie jak w cz\u0119\u015bci C poda\u0107 kwoty odlicze\u0144 z tytu\u0142u prac rozwojowych, bada\u0144 naukowych oraz uzyskania i utrzymania patentu, prawa ochronnego na wz\u00f3r u\u017cytkowy lub prawa z rejestracji wzoru przemys\u0142owego.<\/p>\n<p><strong>Cz\u0119\u015b\u0107 E. Rodzaje dzia\u0142alno\u015bci badawczo-rozwojowej, w ramach kt\u00f3rych s\u0105 ponoszone koszty kwalifikowane<\/strong><\/p>\n<p>W cz\u0119\u015bci E nale\u017cy okre\u015bli\u0107 w ramach jakich rodzaj\u00f3w dzia\u0142alno\u015bci by\u0142y ponoszone koszty kwalifikowane \u2013 bada\u0144 naukowych lub prac rozwojowych. W przypadku bada\u0144 naukowych konieczne jest r\u00f3wnie\u017c doprecyzowanie ich rodzaju.<\/p>\n<p>Cz\u0119\u015b\u0107 F. Dane jednostki naukowej<\/p>\n<p>W ostatniej cz\u0119\u015bci nale\u017cy poda\u0107 dane (nazw\u0119 i adres) jednostek naukowych korzystaj\u0105cych z ulgi w ramach prowadzonych bada\u0144 naukowych.<\/p>\n<p>Nie jeste\u015b pewien, czy prawid\u0142owo wype\u0142ni\u0142e\u015b formularz CIT\/BR lub PIT\/BR? A mo\u017ce masz inny problem dotycz\u0105cy ulgi na dzia\u0142alno\u015b\u0107 badawczo-rozwojow\u0105? Skontaktuj si\u0119 z nami \u2013 pomo\u017cemy Ci go rozwi\u0105za\u0107!<\/p>\n<p>Paulina Machi\u0144ska<\/p>\n","protected":false},"excerpt":{"rendered":"<p>Podatnicy korzystaj\u0105cy z ulgi na dzia\u0142alno\u015b\u0107 badawczo-rozwojow\u0105 s\u0105 zobowi\u0105zani do\u0142\u0105czy\u0107 do zeznania rocznego informacj\u0119 o odliczeniach od podstawy opodatkowania koszt\u00f3w uzyskania przychod\u00f3w poniesionych na dzia\u0142alno\u015b\u0107 badawczo-rozwojow\u0105 (CIT\/BR lub PIT\/BR). Jak poinformowa\u0107 urz\u0105d skarbowy o skorzystaniu z ulgi B+R? Ulga B+R stanowi preferencj\u0119 podatkow\u0105 dla podatnik\u00f3w prowadz\u0105cych dzia\u0142alno\u015b\u0107 badawczo-rozwojow\u0105 i b\u0119d\u0105cych zar\u00f3wno osobami fizycznymi (PIT) jak&hellip;<\/p>\n","protected":false},"author":3,"featured_media":0,"comment_status":"open","ping_status":"open","sticky":false,"template":"","format":"standard","meta":{"footnotes":""},"categories":[1],"tags":[],"class_list":["post-747","post","type-post","status-publish","format-standard","hentry","category-bez-kategorii"],"yoast_head":"<!-- This site is optimized with the Yoast SEO plugin v22.9 - https:\/\/yoast.com\/wordpress\/plugins\/seo\/ -->\n<title>CIT\/BR i PIT\/BR - jak wype\u0142ni\u0107? - Ulgi dla innowacji | PragmatIQ<\/title>\n<meta name=\"robots\" content=\"index, follow, max-snippet:-1, max-image-preview:large, max-video-preview:-1\" \/>\n<link rel=\"canonical\" href=\"https:\/\/pragmatiq.pl\/ulgidlainnowacji\/cit-br-i-pit-br-jak-wypelnic\/\" \/>\n<meta property=\"og:locale\" content=\"pl_PL\" \/>\n<meta property=\"og:type\" content=\"article\" \/>\n<meta property=\"og:title\" content=\"CIT\/BR i PIT\/BR - jak wype\u0142ni\u0107? - Ulgi dla innowacji | PragmatIQ\" \/>\n<meta property=\"og:description\" content=\"Podatnicy korzystaj\u0105cy z ulgi na dzia\u0142alno\u015b\u0107 badawczo-rozwojow\u0105 s\u0105 zobowi\u0105zani do\u0142\u0105czy\u0107 do zeznania rocznego informacj\u0119 o odliczeniach od podstawy opodatkowania koszt\u00f3w uzyskania przychod\u00f3w poniesionych na dzia\u0142alno\u015b\u0107 badawczo-rozwojow\u0105 (CIT\/BR lub PIT\/BR). Jak poinformowa\u0107 urz\u0105d skarbowy o skorzystaniu z ulgi B+R? Ulga B+R stanowi preferencj\u0119 podatkow\u0105 dla podatnik\u00f3w prowadz\u0105cych dzia\u0142alno\u015b\u0107 badawczo-rozwojow\u0105 i b\u0119d\u0105cych zar\u00f3wno osobami fizycznymi (PIT) jak&hellip;\" \/>\n<meta property=\"og:url\" content=\"https:\/\/pragmatiq.pl\/ulgidlainnowacji\/cit-br-i-pit-br-jak-wypelnic\/\" \/>\n<meta property=\"og:site_name\" content=\"Ulgi dla innowacji | PragmatIQ\" \/>\n<meta property=\"article:published_time\" content=\"2022-11-30T19:29:00+00:00\" \/>\n<meta property=\"article:modified_time\" content=\"2024-02-28T14:27:18+00:00\" \/>\n<meta name=\"author\" content=\"PragmatIQ\" \/>\n<meta name=\"twitter:card\" content=\"summary_large_image\" \/>\n<meta name=\"twitter:label1\" content=\"Napisane przez\" \/>\n\t<meta name=\"twitter:data1\" content=\"PragmatIQ\" \/>\n\t<meta name=\"twitter:label2\" content=\"Szacowany czas czytania\" \/>\n\t<meta name=\"twitter:data2\" content=\"5 minut\" \/>\n<script type=\"application\/ld+json\" class=\"yoast-schema-graph\">{\"@context\":\"https:\/\/schema.org\",\"@graph\":[{\"@type\":\"WebPage\",\"@id\":\"https:\/\/pragmatiq.pl\/ulgidlainnowacji\/cit-br-i-pit-br-jak-wypelnic\/\",\"url\":\"https:\/\/pragmatiq.pl\/ulgidlainnowacji\/cit-br-i-pit-br-jak-wypelnic\/\",\"name\":\"CIT\/BR i PIT\/BR - jak wype\u0142ni\u0107? - Ulgi dla innowacji | PragmatIQ\",\"isPartOf\":{\"@id\":\"https:\/\/pragmatiq.pl\/ulgidlainnowacji\/#website\"},\"datePublished\":\"2022-11-30T19:29:00+00:00\",\"dateModified\":\"2024-02-28T14:27:18+00:00\",\"author\":{\"@id\":\"https:\/\/pragmatiq.pl\/ulgidlainnowacji\/#\/schema\/person\/66dfd5420601691601863269148757d8\"},\"breadcrumb\":{\"@id\":\"https:\/\/pragmatiq.pl\/ulgidlainnowacji\/cit-br-i-pit-br-jak-wypelnic\/#breadcrumb\"},\"inLanguage\":\"pl-PL\",\"potentialAction\":[{\"@type\":\"ReadAction\",\"target\":[\"https:\/\/pragmatiq.pl\/ulgidlainnowacji\/cit-br-i-pit-br-jak-wypelnic\/\"]}]},{\"@type\":\"BreadcrumbList\",\"@id\":\"https:\/\/pragmatiq.pl\/ulgidlainnowacji\/cit-br-i-pit-br-jak-wypelnic\/#breadcrumb\",\"itemListElement\":[{\"@type\":\"ListItem\",\"position\":1,\"name\":\"Strona g\u0142\u00f3wna\",\"item\":\"https:\/\/pragmatiq.pl\/ulgidlainnowacji\/\"},{\"@type\":\"ListItem\",\"position\":2,\"name\":\"CIT\/BR i&nbsp;PIT\/BR &#8211; jak wype\u0142ni\u0107?\"}]},{\"@type\":\"WebSite\",\"@id\":\"https:\/\/pragmatiq.pl\/ulgidlainnowacji\/#website\",\"url\":\"https:\/\/pragmatiq.pl\/ulgidlainnowacji\/\",\"name\":\"Ulgi dla innowacji | PragmatIQ\",\"description\":\"\",\"potentialAction\":[{\"@type\":\"SearchAction\",\"target\":{\"@type\":\"EntryPoint\",\"urlTemplate\":\"https:\/\/pragmatiq.pl\/ulgidlainnowacji\/?s={search_term_string}\"},\"query-input\":\"required name=search_term_string\"}],\"inLanguage\":\"pl-PL\"},{\"@type\":\"Person\",\"@id\":\"https:\/\/pragmatiq.pl\/ulgidlainnowacji\/#\/schema\/person\/66dfd5420601691601863269148757d8\",\"name\":\"PragmatIQ\",\"image\":{\"@type\":\"ImageObject\",\"inLanguage\":\"pl-PL\",\"@id\":\"https:\/\/pragmatiq.pl\/ulgidlainnowacji\/#\/schema\/person\/image\/\",\"url\":\"https:\/\/secure.gravatar.com\/avatar\/e0063a8a474902617274a95e9be19adbb8477e146d6b76b83e7e6e0cd7a26836?s=96&d=mm&r=g\",\"contentUrl\":\"https:\/\/secure.gravatar.com\/avatar\/e0063a8a474902617274a95e9be19adbb8477e146d6b76b83e7e6e0cd7a26836?s=96&d=mm&r=g\",\"caption\":\"PragmatIQ\"},\"url\":\"https:\/\/pragmatiq.pl\/ulgidlainnowacji\/author\/pragmatiq\/\"}]}<\/script>\n<!-- \/ Yoast SEO plugin. -->","yoast_head_json":{"title":"CIT\/BR i PIT\/BR - jak wype\u0142ni\u0107? - Ulgi dla innowacji | PragmatIQ","robots":{"index":"index","follow":"follow","max-snippet":"max-snippet:-1","max-image-preview":"max-image-preview:large","max-video-preview":"max-video-preview:-1"},"canonical":"https:\/\/pragmatiq.pl\/ulgidlainnowacji\/cit-br-i-pit-br-jak-wypelnic\/","og_locale":"pl_PL","og_type":"article","og_title":"CIT\/BR i PIT\/BR - jak wype\u0142ni\u0107? - Ulgi dla innowacji | PragmatIQ","og_description":"Podatnicy korzystaj\u0105cy z ulgi na dzia\u0142alno\u015b\u0107 badawczo-rozwojow\u0105 s\u0105 zobowi\u0105zani do\u0142\u0105czy\u0107 do zeznania rocznego informacj\u0119 o odliczeniach od podstawy opodatkowania koszt\u00f3w uzyskania przychod\u00f3w poniesionych na dzia\u0142alno\u015b\u0107 badawczo-rozwojow\u0105 (CIT\/BR lub PIT\/BR). Jak poinformowa\u0107 urz\u0105d skarbowy o skorzystaniu z ulgi B+R? Ulga B+R stanowi preferencj\u0119 podatkow\u0105 dla podatnik\u00f3w prowadz\u0105cych dzia\u0142alno\u015b\u0107 badawczo-rozwojow\u0105 i b\u0119d\u0105cych zar\u00f3wno osobami fizycznymi (PIT) jak&hellip;","og_url":"https:\/\/pragmatiq.pl\/ulgidlainnowacji\/cit-br-i-pit-br-jak-wypelnic\/","og_site_name":"Ulgi dla innowacji | PragmatIQ","article_published_time":"2022-11-30T19:29:00+00:00","article_modified_time":"2024-02-28T14:27:18+00:00","author":"PragmatIQ","twitter_card":"summary_large_image","twitter_misc":{"Napisane przez":"PragmatIQ","Szacowany czas czytania":"5 minut"},"schema":{"@context":"https:\/\/schema.org","@graph":[{"@type":"WebPage","@id":"https:\/\/pragmatiq.pl\/ulgidlainnowacji\/cit-br-i-pit-br-jak-wypelnic\/","url":"https:\/\/pragmatiq.pl\/ulgidlainnowacji\/cit-br-i-pit-br-jak-wypelnic\/","name":"CIT\/BR i PIT\/BR - jak wype\u0142ni\u0107? - Ulgi dla innowacji | PragmatIQ","isPartOf":{"@id":"https:\/\/pragmatiq.pl\/ulgidlainnowacji\/#website"},"datePublished":"2022-11-30T19:29:00+00:00","dateModified":"2024-02-28T14:27:18+00:00","author":{"@id":"https:\/\/pragmatiq.pl\/ulgidlainnowacji\/#\/schema\/person\/66dfd5420601691601863269148757d8"},"breadcrumb":{"@id":"https:\/\/pragmatiq.pl\/ulgidlainnowacji\/cit-br-i-pit-br-jak-wypelnic\/#breadcrumb"},"inLanguage":"pl-PL","potentialAction":[{"@type":"ReadAction","target":["https:\/\/pragmatiq.pl\/ulgidlainnowacji\/cit-br-i-pit-br-jak-wypelnic\/"]}]},{"@type":"BreadcrumbList","@id":"https:\/\/pragmatiq.pl\/ulgidlainnowacji\/cit-br-i-pit-br-jak-wypelnic\/#breadcrumb","itemListElement":[{"@type":"ListItem","position":1,"name":"Strona g\u0142\u00f3wna","item":"https:\/\/pragmatiq.pl\/ulgidlainnowacji\/"},{"@type":"ListItem","position":2,"name":"CIT\/BR i&nbsp;PIT\/BR &#8211; jak wype\u0142ni\u0107?"}]},{"@type":"WebSite","@id":"https:\/\/pragmatiq.pl\/ulgidlainnowacji\/#website","url":"https:\/\/pragmatiq.pl\/ulgidlainnowacji\/","name":"Ulgi dla innowacji | PragmatIQ","description":"","potentialAction":[{"@type":"SearchAction","target":{"@type":"EntryPoint","urlTemplate":"https:\/\/pragmatiq.pl\/ulgidlainnowacji\/?s={search_term_string}"},"query-input":"required name=search_term_string"}],"inLanguage":"pl-PL"},{"@type":"Person","@id":"https:\/\/pragmatiq.pl\/ulgidlainnowacji\/#\/schema\/person\/66dfd5420601691601863269148757d8","name":"PragmatIQ","image":{"@type":"ImageObject","inLanguage":"pl-PL","@id":"https:\/\/pragmatiq.pl\/ulgidlainnowacji\/#\/schema\/person\/image\/","url":"https:\/\/secure.gravatar.com\/avatar\/e0063a8a474902617274a95e9be19adbb8477e146d6b76b83e7e6e0cd7a26836?s=96&d=mm&r=g","contentUrl":"https:\/\/secure.gravatar.com\/avatar\/e0063a8a474902617274a95e9be19adbb8477e146d6b76b83e7e6e0cd7a26836?s=96&d=mm&r=g","caption":"PragmatIQ"},"url":"https:\/\/pragmatiq.pl\/ulgidlainnowacji\/author\/pragmatiq\/"}]}},"_links":{"self":[{"href":"https:\/\/pragmatiq.pl\/ulgidlainnowacji\/wp-json\/wp\/v2\/posts\/747","targetHints":{"allow":["GET"]}}],"collection":[{"href":"https:\/\/pragmatiq.pl\/ulgidlainnowacji\/wp-json\/wp\/v2\/posts"}],"about":[{"href":"https:\/\/pragmatiq.pl\/ulgidlainnowacji\/wp-json\/wp\/v2\/types\/post"}],"author":[{"embeddable":true,"href":"https:\/\/pragmatiq.pl\/ulgidlainnowacji\/wp-json\/wp\/v2\/users\/3"}],"replies":[{"embeddable":true,"href":"https:\/\/pragmatiq.pl\/ulgidlainnowacji\/wp-json\/wp\/v2\/comments?post=747"}],"version-history":[{"count":2,"href":"https:\/\/pragmatiq.pl\/ulgidlainnowacji\/wp-json\/wp\/v2\/posts\/747\/revisions"}],"predecessor-version":[{"id":792,"href":"https:\/\/pragmatiq.pl\/ulgidlainnowacji\/wp-json\/wp\/v2\/posts\/747\/revisions\/792"}],"wp:attachment":[{"href":"https:\/\/pragmatiq.pl\/ulgidlainnowacji\/wp-json\/wp\/v2\/media?parent=747"}],"wp:term":[{"taxonomy":"category","embeddable":true,"href":"https:\/\/pragmatiq.pl\/ulgidlainnowacji\/wp-json\/wp\/v2\/categories?post=747"},{"taxonomy":"post_tag","embeddable":true,"href":"https:\/\/pragmatiq.pl\/ulgidlainnowacji\/wp-json\/wp\/v2\/tags?post=747"}],"curies":[{"name":"wp","href":"https:\/\/api.w.org\/{rel}","templated":true}]}}