{"id":980,"date":"2020-10-07T16:10:22","date_gmt":"2020-10-07T14:10:22","guid":{"rendered":"https:\/\/powiazane.pl\/?p=980"},"modified":"2024-06-18T07:55:43","modified_gmt":"2024-06-18T05:55:43","slug":"tpr-o-czym-warto-wiedziec","status":"publish","type":"post","link":"https:\/\/pragmatiq.pl\/powiazane\/tpr-o-czym-warto-wiedziec\/","title":{"rendered":"TPR &#8211; o czym warto wiedzie\u0107? Rozwiewamy istotne w\u0105tpliwo\u015bci!"},"content":{"rendered":"<p>W zwi\u0105zku z opublikowanymi pytaniami i odpowiedziami w zakresie poprawnego wype\u0142nienia TPR wybrali\u015bmy spo\u015br\u00f3d ponad 100 zagadnie\u0144 te, kt\u00f3re szczeg\u00f3lnie powinny zwr\u00f3ci\u0107 uwag\u0119 podmiotu zobligowanego do z\u0142o\u017cenia TPR!<\/p>\n<h2>TPR &#8211; jak wype\u0142ni\u0107?<\/h2>\n<p>O publikacji przez Ministerstwo Finans\u00f3w zagadnie\u0144 zwi\u0105zanych z instrukcj\u0105 dotycz\u0105c\u0105 wype\u0142nienia TPR-C i TPR-P pisali\u015bmy w artykule\u00a0<a href=\"https:\/\/pragmatiq.pl\/powiazane\/tpr-informacja-o-cenach-transferowych-pytania-i-odpowiedzi\/\" target=\"_blank\" rel=\"noopener\">TPR informacja o\u00a0cenach transferowych \u2013 pytania i\u00a0odpowiedzi.<\/a><\/p>\n<p>Poni\u017cej mog\u0105 zapozna\u0107 si\u0119 Pa\u0144stwo z niekt\u00f3rymi z nich.<\/p>\n<p><strong>Czy w przypadku gdy podmiot realizowa\u0142 w 2019 r. Transakcje kontrolowane, kt\u00f3rych warto\u015b\u0107 nie przekroczy\u0142a prog\u00f3w dokumentacyjnych i podmiot ten nie mia\u0142 obowi\u0105zku sporz\u0105dzenia lokalnej\u00a0<\/strong><strong>dokumentacji cen transferowych, jest on zobowi\u0105zany do z\u0142o\u017cenia\u00a0<\/strong><strong>Informacji TPR za 2019 r.?<\/strong><\/p>\n<p><em>\u201eNie, podmiot ten nie ma takiego obowi\u0105zku. Obowi\u0105zek w\u00a0 zakresie sporz\u0105dzenia lokalnej dokumentacji cen transferowych powstaje, je\u015bli warto\u015b\u0107 Transakcji kontrolowanej o\u00a0 charakterze jednorodnym przekracza progi dokumentacyjne. Je\u017celi progi te nie zosta\u0142y przekroczone, to obowi\u0105zek sporz\u0105dzenia dokumentacji lokalnej nie powstanie. Tym samym nie zostanie spe\u0142niony warunek z\u00a0art. 11t ust.\u00a01 pkt\u00a01 Ustawy i\u00a0w\u00a0konsekwencji nie powstanie obowi\u0105zek z\u0142o\u017cenia Informacji TPR.\u201d<\/em><\/p>\n<p><strong>Czy w Informacji TPR nale\u017cy wykaza\u0107 r\u00f3wnie\u017c transakcje, kt\u00f3re zosta\u0142y zawarte w latach wcze\u015bniejszych, a w roku 2019 s\u0105 kontynuowane (np. po\u017cyczk\u0119 wydan\u0105 w 2018 r., a sp\u0142acan\u0105 w 2019 r.)?<\/strong><\/p>\n<p><em>\u201eTak. W Informacji TPR nale\u017cy wykaza\u0107 wszystkie Transakcje kontrolowane (w tym kontynuowane) obj\u0119te obowi\u0105zkiem sporz\u0105dzenia lokalnej dokumentacji cen transferowych (je\u015bli nie s\u0105 one zwolnione z tego obowi\u0105zku na podstawie art. 11n pkt 2-9 Ustawy) oraz tzw. \u201etransakcje krajowe\u201d<\/em><\/p>\n<p><strong>Kto i w jakim zakresie sk\u0142ada Informacj\u0119 TPR, je\u015bli w trakcie roku nast\u0105pi\u0142a zmiana formy prawnej sp\u00f3\u0142ki?<\/strong><\/p>\n<p><em>\u201eJe\u017celi na skutek zmiany formy prawnej, przed up\u0142ywem przyj\u0119tego przez sp\u00f3\u0142k\u0119 roku podatkowego, nast\u0105pi zamkni\u0119cie ksi\u0105g rachunkowych, dzie\u0144 ich zamkni\u0119cia jest r\u00f3wnie\u017c ostatnim dniem tego roku podatkowego. W\u00a0konsekwencji, za okres do momentu zmiany formy prawnej (czyli za skr\u00f3cony rok podatkowy) sp\u00f3\u0142ka zo\u00adbowi\u0105zana b\u0119dzie z\u0142o\u017cy\u0107 Informacj\u0119 TPR, w\u00a0terminie 9 miesi\u0119cy po zako\u0144czeniu skr\u00f3conego roku podatkowego3 . W\u00a0 przypadku zmiany formy prawnej sp\u00f3\u0142ki bez zamykania ksi\u0105g sp\u00f3\u0142ka sk\u0142ada Informacj\u0119 TPR za ca\u0142y rok podatkowy, ujmuj\u0105c w\u00a0niej zar\u00f3wno Transakcje kontrolowane realizowane przed zmian\u0105, jak i\u00a0po zmianie formy prawnej. W\u00a0takim przypadku w\u00a0polu Nazwa podmiotu nale\u017cy poda\u0107 form\u0119 prawn\u0105 na koniec okresu, za jaki sk\u0142adana jest Informacja TPR.\u201d<\/em><\/p>\n<p><strong>Kto sk\u0142ada Informacj\u0119 TPR w przypadku sp\u00f3\u0142ki komandytowej (sp\u00f3\u0142ki niemaj\u0105cej osobowo\u015bci prawnej)?<\/strong><\/p>\n<p><em>\u201eW\u00a0 odniesieniu do sp\u00f3\u0142ek komandytowych, tj. sp\u00f3\u0142ek niemaj\u0105cych osobowo\u015bci prawnej, zgodnie z\u00a0art. 11t ust. 5 Ustawy obowi\u0105zek z\u0142o\u017cenia Informacji TPR spo\u00adczywa na wyznaczonym wsp\u00f3lniku. Przy czym wyznaczenie wsp\u00f3lnika w\u00a0tym za\u00ad- kresie nie zwalnia pozosta\u0142ych wsp\u00f3lnik\u00f3w z\u00a0 odpowiedzialno\u015bci za niez\u0142o\u017cenie Informacji TPR. W\u00a0przypadku sp\u00f3\u0142ek komandytowych, tj. sp\u00f3\u0142ek niemaj\u0105cych osobowo\u015bci praw\u00adnej, w\u00a0sekcji B formularza nale\u017cy wskaza\u0107 dane wsp\u00f3lnika wyznaczonego do z\u0142o\u00ad\u017cenia Informacji TPR, a\u00a0w\u00a0sekcji C \u2013 dane sp\u00f3\u0142ki niemaj\u0105cej osobowo\u015bci prawnej, dla kt\u00f3rej jest sk\u0142adana Informacja TPR.\u201d<\/em><\/p>\n<p><strong>Czy wskazanie w Informacji TPR, \u017ce cena transferowa w danej Transakcji kontrolowanej nie mie\u015bci si\u0119 w przedziale wynikaj\u0105cym z analizy por\u00f3wnawczej, oznacza automatycznie, \u017ce jej warunki nie s\u0105 rynkowe?<\/strong><\/p>\n<p><em>\u201eJe\u015bli cena transferowa zosta\u0142a ustalona na poziomie wykraczaj\u0105cym poza przedzia\u0142 wynikaj\u0105cy z przeprowadzonej analizy por\u00f3wnawczej, nie musi to automatycznie oznacza\u0107, \u017ce warunki transakcji nie s\u0105 zgodne z warunkami, jakie ustali\u0142yby podmioty niepowi\u0105zane. Przyk\u0142adowo mniej korzystne warunki ustalone w ramach jednej transakcji mog\u0142y zosta\u0107 bowiem skompensowane z warunkami bardziej korzystnymi w innej transakcji (tzw. kompensata korzy\u015bci). Wp\u0142yw na realizacj\u0119 ceny transferowej na poziomie odbiegaj\u0105cym od poziomu za\u0142o\u017conego mog\u0142y mie\u0107 te\u017c inne uwarunkowania mikro- lub makroekonomiczne na rynku. Informacja TPR zawiera Sekcj\u0119 F Dodatkowe informacje, w kt\u00f3rej zamie\u015bci\u0107 mo\u017cna komentarze i wyja\u015bnienia do danych zawartych w innych sekcjach formularza. W opisanym przypadku w sekcji tej mo\u017cna zawrze\u0107 stosowne wyja\u015bnienia.\u201d\u00a0<\/em><\/p>\n<p><strong>Czy w Informacji TPR nale\u017cy wykazywa\u0107 podzia\u0142y sp\u00f3\u0142ek, po\u0142\u0105czenia sp\u00f3\u0142ek, podwy\u017cszenia lub obni\u017cenia kapita\u0142u?<\/strong><\/p>\n<p><em>\u201eOdpowied\u017a zale\u017cy ka\u017cdorazowo od kwalifikacji wskazanych zdarze\u0144 jako transakcji kontrolowanych. Wskazane zdarzenia mog\u0105 stanowi\u0107 w szczeg\u00f3lno\u015bci restrukturyzacj\u0119, o kt\u00f3rej mowa w \u00a7 2 pkt 1 Rozporz\u0105dzenia TP. Je\u017celi wskazane w pytaniu zdarzenia stanowi\u0105 odr\u0119bne Transakcje kontrolowane o charakterze jednorodnym i tak zosta\u0142y zaprezentowane w dokumentacji lokalnej lub je\u017celi stanowi\u0105 one tzw. \u201etransakcje krajowe\u201d zwolnione z obowi\u0105zku dokumentacyjnego na podstawie art. 11n pkt 1 Ustawy, to nale\u017cy je wykaza\u0107 w Informacji TPR.\u201d\u00a0<\/em><\/p>\n<p>Warto zaznaczy\u0107, \u017ce MF wskaza\u0142o jakie transakcje podlegaj\u0105 obowi\u0105zkom dokumentacyjnym (nie wchodzi w ich zakres np. dywidenda o czym pisali\u015bmy w artykule\u00a0<a href=\"https:\/\/pragmatiq.pl\/powiazane\/dokumentacja-cen-transferowych-a-wyplata-dywidendy-na-rzecz-podmiotu-powiazanego\/\" target=\"_blank\" rel=\"noopener\">Dokumentacja cen transferowych a wyp\u0142ata dywidendy na rzecz podmiotu powi\u0105zanego<\/a>).<\/p>\n<p><strong>Do kt\u00f3rej kategorii nale\u017cy przyporz\u0105dkowa\u0107 transakcje takie jak umowy sp\u00f3\u0142ki osobowej czy umowy o podziale koszt\u00f3w, dla kt\u00f3rych w Informacji TPR brak jest kategorii dedykowanych?<\/strong><\/p>\n<p><em>\u201eJe\u015bli w\u00a0Informacji TPR brak jest kategorii odzwierciedlaj\u0105cej przedmiot danej trans\u00adakcji, nale\u017cy transakcj\u0119 t\u0119 wykaza\u0107 w\u00a0kategoriach otwartych, tj. 1506 Inna transakcja kontrolowana niewymieniona wcze\u015bniej, wi\u0105\u017c\u0105ca si\u0119 z\u00a0uzyskaniem przychodu lub 2506 Inna transakcja kontrolowana niewymieniona wcze\u015bniej, wi\u0105\u017c\u0105ca si\u0119 z\u00a0poniesieniem kosztu.\u201d<\/em><\/p>\n<p><strong>Jak w Informacji TPR nale\u017cy uj\u0105\u0107 refaktury?<\/strong><\/p>\n<p><em>\u201eKategorie 1503 i 2503 nie s\u0142u\u017c\u0105 do po\u0142\u0105czenia wszystkich Transakcji kontrolowanych stanowi\u0105cych refaktury (jako jedna transakcja kontrolowana). Przyk\u0142adowo, je\u015bli podmiot otrzyma\u0142 refaktury dotycz\u0105ce zakupu urz\u0105dze\u0144, us\u0142ug prawnych, koszt\u00f3w ubezpiecze\u0144 i us\u0142ug transportu od r\u00f3\u017cnych lub od tego samego Podmiotu powi\u0105zanego, to nie powinien agregowa\u0107 tych refaktur i wykazywa\u0107 ich \u0142\u0105cznie w pozycji 2503, o ile refakturowane pozycje nie stanowi\u0105 Transakcji kontrolowanej o charakterze jednorodnym.\u201d<\/em><\/p>\n<p>Bior\u0105c pod uwag\u0119 powy\u017csze odpowiedzi i kolejne w\u0105tpliwo\u015bci wype\u0142nienie TPR mo\u017ce by\u0107 wyzwaniem dla podatnik\u00f3w. <a href=\"https:\/\/pragmatiq.pl\/powiazane\/tpr-kto-i-do-kiedy-informuje-o-cenach-transferowych-za-2019-r-kolejne-zmiany\/\" target=\"_blank\" rel=\"noopener\">Pomimo przed\u0142u\u017conego terminu<\/a> mog\u0105 pojawi\u0107 si\u0119 w tym zakresie du\u017ce problemy &#8211; warto skonsultowa\u0107 je ze swoim doradc\u0105. <a href=\"https:\/\/pragmatiq.pl\/powiazane\/oferta\/#kontakt\" target=\"_blank\" rel=\"noopener\">Zapraszamy do kontaktu!<\/a><\/p>\n<p>Dominika Jaszczyk<\/p>\n","protected":false},"excerpt":{"rendered":"<p>W zwi\u0105zku z opublikowanymi pytaniami i odpowiedziami w zakresie poprawnego wype\u0142nienia TPR wybrali\u015bmy spo\u015br\u00f3d ponad 100 zagadnie\u0144 te, kt\u00f3re szczeg\u00f3lnie powinny zwr\u00f3ci\u0107 uwag\u0119 podmiotu zobligowanego do z\u0142o\u017cenia TPR! Zapoznaj si\u0119 z najwa\u017cniejszymi informacjami w zakresie TPR!<\/p>\n","protected":false},"author":4,"featured_media":0,"comment_status":"open","ping_status":"open","sticky":false,"template":"","format":"standard","meta":{"footnotes":""},"categories":[2,98],"tags":[],"class_list":["post-980","post","type-post","status-publish","format-standard","hentry","category-dokumentacja","category-tpr"],"yoast_head":"<!-- This site is optimized with the Yoast SEO plugin v22.8 - https:\/\/yoast.com\/wordpress\/plugins\/seo\/ -->\n<title>TPR - o czym warto wiedzie\u0107? Rozwiewamy istotne w\u0105tpliwo\u015bci! - Powiazane.pl<\/title>\n<meta name=\"description\" content=\"Do ko\u0144ca 2020 r. masz czas na z\u0142o\u017cenie informacji TPR. Czy wiesz jak poprawnie j\u0105 przygotowa\u0107 i wys\u0142a\u0107 do KAS? Nie czekaj - sprawd\u017a!\" \/>\n<meta name=\"robots\" content=\"index, follow, max-snippet:-1, max-image-preview:large, max-video-preview:-1\" \/>\n<link rel=\"canonical\" href=\"https:\/\/pragmatiq.pl\/powiazane\/tpr-o-czym-warto-wiedziec\/\" \/>\n<meta property=\"og:locale\" content=\"pl_PL\" \/>\n<meta property=\"og:type\" content=\"article\" \/>\n<meta property=\"og:title\" content=\"TPR - o czym warto wiedzie\u0107? Rozwiewamy istotne w\u0105tpliwo\u015bci! - Powiazane.pl\" \/>\n<meta property=\"og:description\" content=\"Do ko\u0144ca 2020 r. masz czas na z\u0142o\u017cenie informacji TPR. Czy wiesz jak poprawnie j\u0105 przygotowa\u0107 i wys\u0142a\u0107 do KAS? Nie czekaj - sprawd\u017a!\" \/>\n<meta property=\"og:url\" content=\"https:\/\/pragmatiq.pl\/powiazane\/tpr-o-czym-warto-wiedziec\/\" \/>\n<meta property=\"og:site_name\" content=\"Powiazane.pl\" \/>\n<meta property=\"article:published_time\" content=\"2020-10-07T14:10:22+00:00\" \/>\n<meta property=\"article:modified_time\" content=\"2024-06-18T05:55:43+00:00\" \/>\n<meta name=\"author\" content=\"Dominika Jaszczyk\" \/>\n<meta name=\"twitter:card\" content=\"summary_large_image\" \/>\n<meta name=\"twitter:label1\" content=\"Napisane przez\" \/>\n\t<meta name=\"twitter:data1\" content=\"Dominika Jaszczyk\" \/>\n\t<meta name=\"twitter:label2\" content=\"Szacowany czas czytania\" \/>\n\t<meta name=\"twitter:data2\" content=\"6 minut\" \/>\n<script type=\"application\/ld+json\" class=\"yoast-schema-graph\">{\"@context\":\"https:\/\/schema.org\",\"@graph\":[{\"@type\":\"WebPage\",\"@id\":\"https:\/\/pragmatiq.pl\/powiazane\/tpr-o-czym-warto-wiedziec\/\",\"url\":\"https:\/\/pragmatiq.pl\/powiazane\/tpr-o-czym-warto-wiedziec\/\",\"name\":\"TPR - o czym warto wiedzie\u0107? Rozwiewamy istotne w\u0105tpliwo\u015bci! - Powiazane.pl\",\"isPartOf\":{\"@id\":\"https:\/\/pragmatiq.pl\/powiazane\/#website\"},\"datePublished\":\"2020-10-07T14:10:22+00:00\",\"dateModified\":\"2024-06-18T05:55:43+00:00\",\"author\":{\"@id\":\"https:\/\/pragmatiq.pl\/powiazane\/#\/schema\/person\/e8982b7c0551ba19d722529733044f95\"},\"description\":\"Do ko\u0144ca 2020 r. masz czas na z\u0142o\u017cenie informacji TPR. Czy wiesz jak poprawnie j\u0105 przygotowa\u0107 i wys\u0142a\u0107 do KAS? Nie czekaj - sprawd\u017a!\",\"breadcrumb\":{\"@id\":\"https:\/\/pragmatiq.pl\/powiazane\/tpr-o-czym-warto-wiedziec\/#breadcrumb\"},\"inLanguage\":\"pl-PL\",\"potentialAction\":[{\"@type\":\"ReadAction\",\"target\":[\"https:\/\/pragmatiq.pl\/powiazane\/tpr-o-czym-warto-wiedziec\/\"]}]},{\"@type\":\"BreadcrumbList\",\"@id\":\"https:\/\/pragmatiq.pl\/powiazane\/tpr-o-czym-warto-wiedziec\/#breadcrumb\",\"itemListElement\":[{\"@type\":\"ListItem\",\"position\":1,\"name\":\"Strona g\u0142\u00f3wna\",\"item\":\"https:\/\/pragmatiq.pl\/powiazane\/\"},{\"@type\":\"ListItem\",\"position\":2,\"name\":\"TPR &#8211; o czym warto wiedzie\u0107? Rozwiewamy istotne w\u0105tpliwo\u015bci!\"}]},{\"@type\":\"WebSite\",\"@id\":\"https:\/\/pragmatiq.pl\/powiazane\/#website\",\"url\":\"https:\/\/pragmatiq.pl\/powiazane\/\",\"name\":\"Powiazane.pl\",\"description\":\"\",\"potentialAction\":[{\"@type\":\"SearchAction\",\"target\":{\"@type\":\"EntryPoint\",\"urlTemplate\":\"https:\/\/pragmatiq.pl\/powiazane\/?s={search_term_string}\"},\"query-input\":\"required name=search_term_string\"}],\"inLanguage\":\"pl-PL\"},{\"@type\":\"Person\",\"@id\":\"https:\/\/pragmatiq.pl\/powiazane\/#\/schema\/person\/e8982b7c0551ba19d722529733044f95\",\"name\":\"Dominika Jaszczyk\",\"image\":{\"@type\":\"ImageObject\",\"inLanguage\":\"pl-PL\",\"@id\":\"https:\/\/pragmatiq.pl\/powiazane\/#\/schema\/person\/image\/\",\"url\":\"https:\/\/secure.gravatar.com\/avatar\/b861e2835102089d915abf5574d9b394a48fe061991a15b3a39f73b12bc1a8aa?s=96&d=mm&r=g\",\"contentUrl\":\"https:\/\/secure.gravatar.com\/avatar\/b861e2835102089d915abf5574d9b394a48fe061991a15b3a39f73b12bc1a8aa?s=96&d=mm&r=g\",\"caption\":\"Dominika Jaszczyk\"},\"url\":\"https:\/\/pragmatiq.pl\/powiazane\/author\/dwidla\/\"}]}<\/script>\n<!-- \/ Yoast SEO plugin. -->","yoast_head_json":{"title":"TPR - o czym warto wiedzie\u0107? Rozwiewamy istotne w\u0105tpliwo\u015bci! - Powiazane.pl","description":"Do ko\u0144ca 2020 r. masz czas na z\u0142o\u017cenie informacji TPR. Czy wiesz jak poprawnie j\u0105 przygotowa\u0107 i wys\u0142a\u0107 do KAS? Nie czekaj - sprawd\u017a!","robots":{"index":"index","follow":"follow","max-snippet":"max-snippet:-1","max-image-preview":"max-image-preview:large","max-video-preview":"max-video-preview:-1"},"canonical":"https:\/\/pragmatiq.pl\/powiazane\/tpr-o-czym-warto-wiedziec\/","og_locale":"pl_PL","og_type":"article","og_title":"TPR - o czym warto wiedzie\u0107? Rozwiewamy istotne w\u0105tpliwo\u015bci! - Powiazane.pl","og_description":"Do ko\u0144ca 2020 r. masz czas na z\u0142o\u017cenie informacji TPR. Czy wiesz jak poprawnie j\u0105 przygotowa\u0107 i wys\u0142a\u0107 do KAS? Nie czekaj - sprawd\u017a!","og_url":"https:\/\/pragmatiq.pl\/powiazane\/tpr-o-czym-warto-wiedziec\/","og_site_name":"Powiazane.pl","article_published_time":"2020-10-07T14:10:22+00:00","article_modified_time":"2024-06-18T05:55:43+00:00","author":"Dominika Jaszczyk","twitter_card":"summary_large_image","twitter_misc":{"Napisane przez":"Dominika Jaszczyk","Szacowany czas czytania":"6 minut"},"schema":{"@context":"https:\/\/schema.org","@graph":[{"@type":"WebPage","@id":"https:\/\/pragmatiq.pl\/powiazane\/tpr-o-czym-warto-wiedziec\/","url":"https:\/\/pragmatiq.pl\/powiazane\/tpr-o-czym-warto-wiedziec\/","name":"TPR - o czym warto wiedzie\u0107? Rozwiewamy istotne w\u0105tpliwo\u015bci! - Powiazane.pl","isPartOf":{"@id":"https:\/\/pragmatiq.pl\/powiazane\/#website"},"datePublished":"2020-10-07T14:10:22+00:00","dateModified":"2024-06-18T05:55:43+00:00","author":{"@id":"https:\/\/pragmatiq.pl\/powiazane\/#\/schema\/person\/e8982b7c0551ba19d722529733044f95"},"description":"Do ko\u0144ca 2020 r. masz czas na z\u0142o\u017cenie informacji TPR. Czy wiesz jak poprawnie j\u0105 przygotowa\u0107 i wys\u0142a\u0107 do KAS? Nie czekaj - sprawd\u017a!","breadcrumb":{"@id":"https:\/\/pragmatiq.pl\/powiazane\/tpr-o-czym-warto-wiedziec\/#breadcrumb"},"inLanguage":"pl-PL","potentialAction":[{"@type":"ReadAction","target":["https:\/\/pragmatiq.pl\/powiazane\/tpr-o-czym-warto-wiedziec\/"]}]},{"@type":"BreadcrumbList","@id":"https:\/\/pragmatiq.pl\/powiazane\/tpr-o-czym-warto-wiedziec\/#breadcrumb","itemListElement":[{"@type":"ListItem","position":1,"name":"Strona g\u0142\u00f3wna","item":"https:\/\/pragmatiq.pl\/powiazane\/"},{"@type":"ListItem","position":2,"name":"TPR &#8211; o czym warto wiedzie\u0107? Rozwiewamy istotne w\u0105tpliwo\u015bci!"}]},{"@type":"WebSite","@id":"https:\/\/pragmatiq.pl\/powiazane\/#website","url":"https:\/\/pragmatiq.pl\/powiazane\/","name":"Powiazane.pl","description":"","potentialAction":[{"@type":"SearchAction","target":{"@type":"EntryPoint","urlTemplate":"https:\/\/pragmatiq.pl\/powiazane\/?s={search_term_string}"},"query-input":"required name=search_term_string"}],"inLanguage":"pl-PL"},{"@type":"Person","@id":"https:\/\/pragmatiq.pl\/powiazane\/#\/schema\/person\/e8982b7c0551ba19d722529733044f95","name":"Dominika Jaszczyk","image":{"@type":"ImageObject","inLanguage":"pl-PL","@id":"https:\/\/pragmatiq.pl\/powiazane\/#\/schema\/person\/image\/","url":"https:\/\/secure.gravatar.com\/avatar\/b861e2835102089d915abf5574d9b394a48fe061991a15b3a39f73b12bc1a8aa?s=96&d=mm&r=g","contentUrl":"https:\/\/secure.gravatar.com\/avatar\/b861e2835102089d915abf5574d9b394a48fe061991a15b3a39f73b12bc1a8aa?s=96&d=mm&r=g","caption":"Dominika Jaszczyk"},"url":"https:\/\/pragmatiq.pl\/powiazane\/author\/dwidla\/"}]}},"_links":{"self":[{"href":"https:\/\/pragmatiq.pl\/powiazane\/wp-json\/wp\/v2\/posts\/980","targetHints":{"allow":["GET"]}}],"collection":[{"href":"https:\/\/pragmatiq.pl\/powiazane\/wp-json\/wp\/v2\/posts"}],"about":[{"href":"https:\/\/pragmatiq.pl\/powiazane\/wp-json\/wp\/v2\/types\/post"}],"author":[{"embeddable":true,"href":"https:\/\/pragmatiq.pl\/powiazane\/wp-json\/wp\/v2\/users\/4"}],"replies":[{"embeddable":true,"href":"https:\/\/pragmatiq.pl\/powiazane\/wp-json\/wp\/v2\/comments?post=980"}],"version-history":[{"count":7,"href":"https:\/\/pragmatiq.pl\/powiazane\/wp-json\/wp\/v2\/posts\/980\/revisions"}],"predecessor-version":[{"id":1186,"href":"https:\/\/pragmatiq.pl\/powiazane\/wp-json\/wp\/v2\/posts\/980\/revisions\/1186"}],"wp:attachment":[{"href":"https:\/\/pragmatiq.pl\/powiazane\/wp-json\/wp\/v2\/media?parent=980"}],"wp:term":[{"taxonomy":"category","embeddable":true,"href":"https:\/\/pragmatiq.pl\/powiazane\/wp-json\/wp\/v2\/categories?post=980"},{"taxonomy":"post_tag","embeddable":true,"href":"https:\/\/pragmatiq.pl\/powiazane\/wp-json\/wp\/v2\/tags?post=980"}],"curies":[{"name":"wp","href":"https:\/\/api.w.org\/{rel}","templated":true}]}}