{"id":933,"date":"2020-02-21T14:30:59","date_gmt":"2020-02-21T13:30:59","guid":{"rendered":"https:\/\/powiazane.pl\/?p=933"},"modified":"2024-06-18T07:58:18","modified_gmt":"2024-06-18T05:58:18","slug":"strata-podatkowa-a-zwolnienie-ze-sporzadzania-dokumentacji-cen-transferowych","status":"publish","type":"post","link":"https:\/\/pragmatiq.pl\/powiazane\/strata-podatkowa-a-zwolnienie-ze-sporzadzania-dokumentacji-cen-transferowych\/","title":{"rendered":"Strata podatkowa a zwolnienie ze sporz\u0105dzania dokumentacji cen transferowych"},"content":{"rendered":"<p><strong>Je\u017celi \u017caden z krajowych podmiot\u00f3w powi\u0105zanych b\u0119d\u0105cych stron\u0105 transakcji nie poni\u00f3s\u0142 straty podatkowej ze \u017ar\u00f3d\u0142a przychod\u00f3w, do kt\u00f3rego zalicza si\u0119 dan\u0105 transakcj\u0119, to transakcja ta b\u0119dzie mog\u0142a podlega\u0107 zwolnieniu z obowi\u0105zku sporz\u0105dzenia lokalnej dokumentacji cen transferowych na podstawie przepis\u00f3w obowi\u0105zuj\u0105cych od 1 stycznia 2019 r.<\/strong><\/p>\n<h2><strong>Zwolnienie z dokumentowania transakcji dla krajowych podmiot\u00f3w powi\u0105zanych<\/strong><\/h2>\n<p>Ustawy o podatku dochodowym przewiduj\u0105 zwolnienie z obowi\u0105zku sporz\u0105dzania lokalnej dokumentacji cen transferowych dla podmiot\u00f3w, kt\u00f3re posiadaj\u0105 miejsce zamieszkania, siedzib\u0119 lub zarz\u0105d na terytorium Polski, a ponadto w danym roku podatkowym:<\/p>\n<ul>\n<li>nie korzysta\u0142y ze zwolnie\u0144 podmiotowych w podatkach dochodowych;<\/li>\n<li>nie korzysta\u0142y ze zwolnie\u0144 dla dzia\u0142alno\u015bci gospodarczych prowadzonych w specjalnych strefach ekonomicznych lub obj\u0119tych decyzj\u0105 o wsparciu na podstawie ustawy z dnia 10 maja 2018 r. o wspieraniu nowych inwestycji;<\/li>\n<li>nie ponios\u0142y straty podatkowej.<\/li>\n<\/ul>\n<p>Nieprecyzyjno\u015b\u0107 warunku dotycz\u0105cego straty podatkowej powoduje w\u0105tpliwo\u015bci, kt\u00f3re dotycz\u0105 sytuacji poniesienia przez co najmniej jeden z podmiot\u00f3w powi\u0105zanych straty podatkowej ze \u017ar\u00f3d\u0142a innego ni\u017c to, do kt\u00f3rego zalicza si\u0119 dokonan\u0105 transakcj\u0119. Powstaje w\u00f3wczas pytanie, czy takim przypadku podmioty powi\u0105zane wci\u0105\u017c mog\u0105 skorzysta\u0107 ze zwolnienia z obowi\u0105zku sporz\u0105dzenia lokalnej dokumentacji cen transferowych?<\/p>\n<h2><strong>\u0179r\u00f3d\u0142o przychodu a zwolnienie z dokumentowania cen transferowych<\/strong><\/h2>\n<p>Spe\u0142nienie warunku dotycz\u0105cego straty podatkowej <strong>nale\u017cy ustala\u0107 w oparciu o poszczeg\u00f3lne \u017ar\u00f3d\u0142o przychod\u00f3w, do kt\u00f3rego zalicza si\u0119 transakcj\u0119<\/strong> podlegaj\u0105c\u0105 obowi\u0105zkowi dokumentacyjnemu. Strata podatkowa z jednego \u017ar\u00f3d\u0142a nie wp\u0142ywa wi\u0119c na zwolnienie z dokumentowania transakcji kwalifikowanej do innego \u017ar\u00f3d\u0142a.<\/p>\n<p>Oznacza to, \u017ce warunek odnosz\u0105cy si\u0119 do straty podatkowej pozostaje w danym roku spe\u0142niony, gdy \u017caden z podmiot\u00f3w powi\u0105zanych bior\u0105cych udzia\u0142 w transakcji nie poni\u00f3s\u0142 straty ze \u017ar\u00f3d\u0142a przychod\u00f3w, do kt\u00f3rego zalicza si\u0119 t\u0119 transakcj\u0119. Zak\u0142adaj\u0105c, \u017ce spe\u0142nione zosta\u0142y pozosta\u0142e warunki zwolnienia dla podmiot\u00f3w krajowych, transakcja ta nie b\u0119dzie podlega\u0107 obowi\u0105zkowi dokumentowania.<\/p>\n<p><em><u>Przyk\u0142ad:<\/u><\/em><\/p>\n<p><em>Sp\u00f3\u0142ka X S.A. w 2019 r. dokona\u0142a transakcji towarowej z podmiotem powi\u0105zanym \u2013 sp\u00f3\u0142k\u0105 Y sp. z o.o. Warto\u015b\u0107 transakcji netto przekroczy\u0142a pr\u00f3g 10 milion\u00f3w z\u0142otych. Obie sp\u00f3\u0142ki posiadaj\u0105 siedziby na terytorium Polski oraz nie korzysta\u0142y z \u017cadnych zwolnie\u0144 podmiotowych lub przedmiotowych w podatkach dochodowych. X S.A. nie wykaza\u0142a w roku 2019 straty podatkowej w \u017cadnym ze \u017ar\u00f3de\u0142 CIT. Y sp. z o.o. wykaza\u0142a natomiast strat\u0119 ze \u017ar\u00f3d\u0142a zyski kapita\u0142owe.<\/em><\/p>\n<p>Przyk\u0142adowa transakcja nie b\u0119dzie podlega\u0107 obowi\u0105zkowi sporz\u0105dzenia lokalnej dokumentacji cen transferowych mimo poniesienia przez Y sp. z o.o. straty podatkowej, gdy\u017c \u00a0pochodzi ona ze \u017ar\u00f3d\u0142a zyski kapita\u0142owe, a transakcja towarowa zalicza si\u0119 do innego ze \u017ar\u00f3de\u0142 &#8211; pozosta\u0142ych przychod\u00f3w.<\/p>\n<p>Powy\u017csze podej\u015bcie potwierdzane jest przez organy podatkowe, przyk\u0142adowo w interpretacji indywidualnej z dnia 3 stycznia 2020 r., sygn. <a href=\"https:\/\/sip.mf.gov.pl\/faces\/views\/szczegoly\/szczegoly-interpretacji-indywidualnej.xhtml?dokumentId=568473&amp;poziomDostepu=PUB&amp;indexAccordionPanel=-1#tresc\" target=\"_blank\" rel=\"noopener\"><em>0111-KDIB1-3.4010.481.2019.1.IZ<\/em><\/a>.<\/p>\n<p>Szymon Mamajek<br \/>\nDominika Jaszczyk<\/p>\n","protected":false},"excerpt":{"rendered":"<p>Dokonujesz transakcji z krajowym podmiotem powi\u0105zanym, kt\u00f3ry poni\u00f3s\u0142 w danym roku strat\u0119 podatkow\u0105? Sprawd\u017a czy mimo jej poniesienia mo\u017cna unikn\u0105\u0107 obowi\u0105zku sporz\u0105dzenia dokumentacji cen transferowych od 2019 r.! <\/p>\n","protected":false},"author":4,"featured_media":0,"comment_status":"open","ping_status":"open","sticky":false,"template":"","format":"standard","meta":{"footnotes":""},"categories":[2],"tags":[28,17,25],"class_list":["post-933","post","type-post","status-publish","format-standard","hentry","category-dokumentacja","tag-dokumentacja-lokalna","tag-local-file","tag-orzecznictwo-cen-transferowych"],"yoast_head":"<!-- This site is optimized with the Yoast SEO plugin v22.8 - https:\/\/yoast.com\/wordpress\/plugins\/seo\/ -->\n<title>Strata podatkowa a zwolnienie ze sporz\u0105dzania dokumentacji cen transferowych - Powiazane.pl<\/title>\n<meta name=\"description\" content=\"Sprawd\u017a czy mimo straty podatkowej w roku transakcji mo\u017cna unikn\u0105\u0107 obowi\u0105zku sporz\u0105dzenia dokumentacji cen transferowych od 2019 r.!\" \/>\n<meta name=\"robots\" content=\"index, follow, max-snippet:-1, max-image-preview:large, max-video-preview:-1\" \/>\n<link rel=\"canonical\" href=\"https:\/\/pragmatiq.pl\/powiazane\/strata-podatkowa-a-zwolnienie-ze-sporzadzania-dokumentacji-cen-transferowych\/\" \/>\n<meta property=\"og:locale\" content=\"pl_PL\" \/>\n<meta property=\"og:type\" content=\"article\" \/>\n<meta property=\"og:title\" content=\"Strata podatkowa a zwolnienie ze sporz\u0105dzania dokumentacji cen transferowych - Powiazane.pl\" \/>\n<meta property=\"og:description\" content=\"Sprawd\u017a czy mimo straty podatkowej w roku transakcji mo\u017cna unikn\u0105\u0107 obowi\u0105zku sporz\u0105dzenia dokumentacji cen transferowych od 2019 r.!\" \/>\n<meta property=\"og:url\" content=\"https:\/\/pragmatiq.pl\/powiazane\/strata-podatkowa-a-zwolnienie-ze-sporzadzania-dokumentacji-cen-transferowych\/\" \/>\n<meta property=\"og:site_name\" content=\"Powiazane.pl\" \/>\n<meta property=\"article:published_time\" content=\"2020-02-21T13:30:59+00:00\" \/>\n<meta property=\"article:modified_time\" content=\"2024-06-18T05:58:18+00:00\" \/>\n<meta name=\"author\" content=\"Dominika Jaszczyk\" \/>\n<meta name=\"twitter:card\" content=\"summary_large_image\" \/>\n<meta name=\"twitter:label1\" content=\"Napisane przez\" \/>\n\t<meta name=\"twitter:data1\" content=\"Dominika Jaszczyk\" \/>\n\t<meta name=\"twitter:label2\" content=\"Szacowany czas czytania\" \/>\n\t<meta name=\"twitter:data2\" content=\"3 minuty\" \/>\n<script type=\"application\/ld+json\" class=\"yoast-schema-graph\">{\"@context\":\"https:\/\/schema.org\",\"@graph\":[{\"@type\":\"WebPage\",\"@id\":\"https:\/\/pragmatiq.pl\/powiazane\/strata-podatkowa-a-zwolnienie-ze-sporzadzania-dokumentacji-cen-transferowych\/\",\"url\":\"https:\/\/pragmatiq.pl\/powiazane\/strata-podatkowa-a-zwolnienie-ze-sporzadzania-dokumentacji-cen-transferowych\/\",\"name\":\"Strata podatkowa a zwolnienie ze sporz\u0105dzania dokumentacji cen transferowych - Powiazane.pl\",\"isPartOf\":{\"@id\":\"https:\/\/pragmatiq.pl\/powiazane\/#website\"},\"datePublished\":\"2020-02-21T13:30:59+00:00\",\"dateModified\":\"2024-06-18T05:58:18+00:00\",\"author\":{\"@id\":\"https:\/\/pragmatiq.pl\/powiazane\/#\/schema\/person\/e8982b7c0551ba19d722529733044f95\"},\"description\":\"Sprawd\u017a czy mimo straty podatkowej w roku transakcji mo\u017cna unikn\u0105\u0107 obowi\u0105zku sporz\u0105dzenia dokumentacji cen transferowych od 2019 r.!\",\"breadcrumb\":{\"@id\":\"https:\/\/pragmatiq.pl\/powiazane\/strata-podatkowa-a-zwolnienie-ze-sporzadzania-dokumentacji-cen-transferowych\/#breadcrumb\"},\"inLanguage\":\"pl-PL\",\"potentialAction\":[{\"@type\":\"ReadAction\",\"target\":[\"https:\/\/pragmatiq.pl\/powiazane\/strata-podatkowa-a-zwolnienie-ze-sporzadzania-dokumentacji-cen-transferowych\/\"]}]},{\"@type\":\"BreadcrumbList\",\"@id\":\"https:\/\/pragmatiq.pl\/powiazane\/strata-podatkowa-a-zwolnienie-ze-sporzadzania-dokumentacji-cen-transferowych\/#breadcrumb\",\"itemListElement\":[{\"@type\":\"ListItem\",\"position\":1,\"name\":\"Strona g\u0142\u00f3wna\",\"item\":\"https:\/\/pragmatiq.pl\/powiazane\/\"},{\"@type\":\"ListItem\",\"position\":2,\"name\":\"Strata podatkowa a zwolnienie ze sporz\u0105dzania dokumentacji cen transferowych\"}]},{\"@type\":\"WebSite\",\"@id\":\"https:\/\/pragmatiq.pl\/powiazane\/#website\",\"url\":\"https:\/\/pragmatiq.pl\/powiazane\/\",\"name\":\"Powiazane.pl\",\"description\":\"\",\"potentialAction\":[{\"@type\":\"SearchAction\",\"target\":{\"@type\":\"EntryPoint\",\"urlTemplate\":\"https:\/\/pragmatiq.pl\/powiazane\/?s={search_term_string}\"},\"query-input\":\"required name=search_term_string\"}],\"inLanguage\":\"pl-PL\"},{\"@type\":\"Person\",\"@id\":\"https:\/\/pragmatiq.pl\/powiazane\/#\/schema\/person\/e8982b7c0551ba19d722529733044f95\",\"name\":\"Dominika Jaszczyk\",\"image\":{\"@type\":\"ImageObject\",\"inLanguage\":\"pl-PL\",\"@id\":\"https:\/\/pragmatiq.pl\/powiazane\/#\/schema\/person\/image\/\",\"url\":\"https:\/\/secure.gravatar.com\/avatar\/b861e2835102089d915abf5574d9b394a48fe061991a15b3a39f73b12bc1a8aa?s=96&d=mm&r=g\",\"contentUrl\":\"https:\/\/secure.gravatar.com\/avatar\/b861e2835102089d915abf5574d9b394a48fe061991a15b3a39f73b12bc1a8aa?s=96&d=mm&r=g\",\"caption\":\"Dominika Jaszczyk\"},\"url\":\"https:\/\/pragmatiq.pl\/powiazane\/author\/dwidla\/\"}]}<\/script>\n<!-- \/ Yoast SEO plugin. -->","yoast_head_json":{"title":"Strata podatkowa a zwolnienie ze sporz\u0105dzania dokumentacji cen transferowych - Powiazane.pl","description":"Sprawd\u017a czy mimo straty podatkowej w roku transakcji mo\u017cna unikn\u0105\u0107 obowi\u0105zku sporz\u0105dzenia dokumentacji cen transferowych od 2019 r.!","robots":{"index":"index","follow":"follow","max-snippet":"max-snippet:-1","max-image-preview":"max-image-preview:large","max-video-preview":"max-video-preview:-1"},"canonical":"https:\/\/pragmatiq.pl\/powiazane\/strata-podatkowa-a-zwolnienie-ze-sporzadzania-dokumentacji-cen-transferowych\/","og_locale":"pl_PL","og_type":"article","og_title":"Strata podatkowa a zwolnienie ze sporz\u0105dzania dokumentacji cen transferowych - Powiazane.pl","og_description":"Sprawd\u017a czy mimo straty podatkowej w roku transakcji mo\u017cna unikn\u0105\u0107 obowi\u0105zku sporz\u0105dzenia dokumentacji cen transferowych od 2019 r.!","og_url":"https:\/\/pragmatiq.pl\/powiazane\/strata-podatkowa-a-zwolnienie-ze-sporzadzania-dokumentacji-cen-transferowych\/","og_site_name":"Powiazane.pl","article_published_time":"2020-02-21T13:30:59+00:00","article_modified_time":"2024-06-18T05:58:18+00:00","author":"Dominika Jaszczyk","twitter_card":"summary_large_image","twitter_misc":{"Napisane przez":"Dominika Jaszczyk","Szacowany czas czytania":"3 minuty"},"schema":{"@context":"https:\/\/schema.org","@graph":[{"@type":"WebPage","@id":"https:\/\/pragmatiq.pl\/powiazane\/strata-podatkowa-a-zwolnienie-ze-sporzadzania-dokumentacji-cen-transferowych\/","url":"https:\/\/pragmatiq.pl\/powiazane\/strata-podatkowa-a-zwolnienie-ze-sporzadzania-dokumentacji-cen-transferowych\/","name":"Strata podatkowa a zwolnienie ze sporz\u0105dzania dokumentacji cen transferowych - Powiazane.pl","isPartOf":{"@id":"https:\/\/pragmatiq.pl\/powiazane\/#website"},"datePublished":"2020-02-21T13:30:59+00:00","dateModified":"2024-06-18T05:58:18+00:00","author":{"@id":"https:\/\/pragmatiq.pl\/powiazane\/#\/schema\/person\/e8982b7c0551ba19d722529733044f95"},"description":"Sprawd\u017a czy mimo straty podatkowej w roku transakcji mo\u017cna unikn\u0105\u0107 obowi\u0105zku sporz\u0105dzenia dokumentacji cen transferowych od 2019 r.!","breadcrumb":{"@id":"https:\/\/pragmatiq.pl\/powiazane\/strata-podatkowa-a-zwolnienie-ze-sporzadzania-dokumentacji-cen-transferowych\/#breadcrumb"},"inLanguage":"pl-PL","potentialAction":[{"@type":"ReadAction","target":["https:\/\/pragmatiq.pl\/powiazane\/strata-podatkowa-a-zwolnienie-ze-sporzadzania-dokumentacji-cen-transferowych\/"]}]},{"@type":"BreadcrumbList","@id":"https:\/\/pragmatiq.pl\/powiazane\/strata-podatkowa-a-zwolnienie-ze-sporzadzania-dokumentacji-cen-transferowych\/#breadcrumb","itemListElement":[{"@type":"ListItem","position":1,"name":"Strona g\u0142\u00f3wna","item":"https:\/\/pragmatiq.pl\/powiazane\/"},{"@type":"ListItem","position":2,"name":"Strata podatkowa a zwolnienie ze sporz\u0105dzania dokumentacji cen transferowych"}]},{"@type":"WebSite","@id":"https:\/\/pragmatiq.pl\/powiazane\/#website","url":"https:\/\/pragmatiq.pl\/powiazane\/","name":"Powiazane.pl","description":"","potentialAction":[{"@type":"SearchAction","target":{"@type":"EntryPoint","urlTemplate":"https:\/\/pragmatiq.pl\/powiazane\/?s={search_term_string}"},"query-input":"required name=search_term_string"}],"inLanguage":"pl-PL"},{"@type":"Person","@id":"https:\/\/pragmatiq.pl\/powiazane\/#\/schema\/person\/e8982b7c0551ba19d722529733044f95","name":"Dominika Jaszczyk","image":{"@type":"ImageObject","inLanguage":"pl-PL","@id":"https:\/\/pragmatiq.pl\/powiazane\/#\/schema\/person\/image\/","url":"https:\/\/secure.gravatar.com\/avatar\/b861e2835102089d915abf5574d9b394a48fe061991a15b3a39f73b12bc1a8aa?s=96&d=mm&r=g","contentUrl":"https:\/\/secure.gravatar.com\/avatar\/b861e2835102089d915abf5574d9b394a48fe061991a15b3a39f73b12bc1a8aa?s=96&d=mm&r=g","caption":"Dominika Jaszczyk"},"url":"https:\/\/pragmatiq.pl\/powiazane\/author\/dwidla\/"}]}},"_links":{"self":[{"href":"https:\/\/pragmatiq.pl\/powiazane\/wp-json\/wp\/v2\/posts\/933","targetHints":{"allow":["GET"]}}],"collection":[{"href":"https:\/\/pragmatiq.pl\/powiazane\/wp-json\/wp\/v2\/posts"}],"about":[{"href":"https:\/\/pragmatiq.pl\/powiazane\/wp-json\/wp\/v2\/types\/post"}],"author":[{"embeddable":true,"href":"https:\/\/pragmatiq.pl\/powiazane\/wp-json\/wp\/v2\/users\/4"}],"replies":[{"embeddable":true,"href":"https:\/\/pragmatiq.pl\/powiazane\/wp-json\/wp\/v2\/comments?post=933"}],"version-history":[{"count":3,"href":"https:\/\/pragmatiq.pl\/powiazane\/wp-json\/wp\/v2\/posts\/933\/revisions"}],"predecessor-version":[{"id":1192,"href":"https:\/\/pragmatiq.pl\/powiazane\/wp-json\/wp\/v2\/posts\/933\/revisions\/1192"}],"wp:attachment":[{"href":"https:\/\/pragmatiq.pl\/powiazane\/wp-json\/wp\/v2\/media?parent=933"}],"wp:term":[{"taxonomy":"category","embeddable":true,"href":"https:\/\/pragmatiq.pl\/powiazane\/wp-json\/wp\/v2\/categories?post=933"},{"taxonomy":"post_tag","embeddable":true,"href":"https:\/\/pragmatiq.pl\/powiazane\/wp-json\/wp\/v2\/tags?post=933"}],"curies":[{"name":"wp","href":"https:\/\/api.w.org\/{rel}","templated":true}]}}