{"id":908,"date":"2020-02-14T13:13:12","date_gmt":"2020-02-14T12:13:12","guid":{"rendered":"https:\/\/powiazane.pl\/?p=908"},"modified":"2024-06-18T07:58:28","modified_gmt":"2024-06-18T05:58:28","slug":"tpr-c-tpr-p-jako-nastepcy-formularzy-cit-tp-pit-tp","status":"publish","type":"post","link":"https:\/\/pragmatiq.pl\/powiazane\/tpr-c-tpr-p-jako-nastepcy-formularzy-cit-tp-pit-tp\/","title":{"rendered":"TPR-C\/TPR-P jako nast\u0119pcy CIT-TP\/PIT-TP"},"content":{"rendered":"<p><strong>Od 1 stycznia 2019 roku uproszczone sprawozdania w zakresie cen transferowych, czyli CIT-TP i PIT-TP zast\u0105piono zupe\u0142nie nowymi, rozszerzonymi formularzami TPR-C i TPR-P. Co zmiana sposobu raportowania cen transferowych oznacza w praktyce?<\/strong><\/p>\n<h2><strong>TPR &#8211; nowa forma<\/strong><strong> raportowania o cenach transferowych od 2019 r.<\/strong><\/h2>\n<p>Od pocz\u0105tku 2019 r. zmieni\u0142y si\u0119 formularze dotycz\u0105ce raportowania cen transferowych. Uproszczone sprawozdania CIT-TP i PIT-TP zosta\u0142y zast\u0105pione przez informacje o cenach transferowych odpowiednio TPR-C w zakresie podatku dochodowego od os\u00f3b prawnych i TPR-P w zakresie podatku dochodowego od os\u00f3b fizycznych.<\/p>\n<h2><strong>TPR-C i TPR-P dla kogo?<\/strong><\/h2>\n<p>Deklaracja TPR-C\/TPR-P zasadniczo dotyczy podmiot\u00f3w zobowi\u0105zanych do przygotowania lokalnej dokumentacji cen transferowych (tzw. Local File).<\/p>\n<p>Informacj\u0119 o cenach transferowych maj\u0105 jednak obowi\u0105zek sk\u0142ada\u0107 r\u00f3wnie\u017c podmioty, kt\u00f3re realizowa\u0142y transakcje kontrolowane nieobj\u0119te obowi\u0105zkiem sporz\u0105dzania dokumentacji cen transferowych np. <strong>transakcje krajowe korzystaj\u0105ce ze zwolnienia<\/strong> (art. 11n ust.1 ustawy o CIT\/art. 23z ust. 1 ustawy o PIT).<\/p>\n<h2><strong>TPR-C\/TPR-P a CIT-TP\/PIT-TP \u2013 zakres informacji<\/strong><\/h2>\n<p>TPR-C\/TPR-P w cz\u0119\u015bci dotycz\u0105cej podstawowych informacji, takich jak:<\/p>\n<ul>\n<li>cel z\u0142o\u017cenia informacji o cenach transferowych (po raz pierwszy\/korekta) oraz okres, za jaki jest sk\u0142adana,<\/li>\n<li>dane identyfikacyjne podmiotu sk\u0142adaj\u0105cego oraz\u00a0podmiotu, dla kt\u00f3rego jest sk\u0142adana informacja o cenach transferowych,<\/li>\n<li>informacje dotycz\u0105ce podmiot\u00f3w powi\u0105zanych i transakcji kontrolowanych,<\/li>\n<\/ul>\n<p>zasadniczo nie r\u00f3\u017cni si\u0119 od CIT-TP i PIT-TP.<\/p>\n<p>W dalszej cz\u0119\u015bci TPR, tj. w zakresie:<\/p>\n<ul>\n<li>og\u00f3lnych informacji finansowych podmiotu, dla kt\u00f3rego jest sk\u0142adana informacja o cenach transferowych,<\/li>\n<li>informacji dotycz\u0105cych metod i cen transferowych,<\/li>\n<li>dodatkowych informacji lub wyja\u015bnie\u0144,<\/li>\n<\/ul>\n<p>wymaga zdecydowanie szerszego zakresu i\u00a0wi\u0119kszej szczeg\u00f3\u0142owo\u015bci. Konieczne jest bowiem wskazanie m.in. og\u00f3lnej rentowno\u015bci podmiotu na podstawie odpowiedniego wska\u017anika rentowno\u015bci, zastosowanych metod weryfikacji cen transferowych, \u017ar\u00f3de\u0142 oraz przedzia\u0142\u00f3w uzyskanych wynik\u00f3w analiz por\u00f3wnawczych, a tak\u017ce informacji o dokonywanych korektach cen transferowych.<\/p>\n<p>Spos\u00f3b i szeroki zakres informacji udost\u0119pnionych przez podatnik\u00f3w <strong>umo\u017cliwi organom swobodne por\u00f3wnanie warunk\u00f3w transakcji realizowanych pomi\u0119dzy podmiotami powi\u0105zanymi oraz typowanie podmiot\u00f3w do kontroli skarbowej w obszarze cen transferowych<\/strong>. Wynika to bezpo\u015brednio z tre\u015bci art. 11t ust.6 ustawy o CIT (art. 23zf ust. 6 ustawy o PIT), w kt\u00f3rym wskazano, \u017ce \u201e<em>informacja o cenach transferowych jest wykorzystywana w celu analizy ryzyka zani\u017cenia dochodu do opodatkowania w zakresie cen transferowych oraz do innych analiz ekonomicznych lub statystycznych\u201d.<\/em><\/p>\n<h3><strong>Termin z\u0142o\u017cenia TPR<\/strong><\/h3>\n<p>Informacj\u0119 o cenach transferowych (TPR-C i TPR-P) nale\u017cy przekaza\u0107 Szefowi KAS, w formie elektronicznej, w terminie <strong>do ko\u0144ca dziewi\u0105tego miesi\u0105ca po zako\u0144czeniu roku podatkowego.<\/strong><\/p>\n<p>Po raz pierwszy deklaracja zostanie z\u0142o\u017cona za rok podatkowy rozpoczynaj\u0105cy si\u0119 po 31\u00a0grudnia 2018 r.<\/p>\n<p><strong>Podatnicy, kt\u00f3rzy przyj\u0119li rok podatkowy zbie\u017cny z rokiem kalendarzowym, z\u0142o\u017c\u0105 pierwsz\u0105 deklaracj\u0119 TPR-C\/TPR-P w terminie do ko\u0144ca wrze\u015bnia 2020 r. (dotyczy transakcji dokonywanych w 2019 r.).<\/strong><\/p>\n<h3><strong>TPR \u2013 czy to korzystna zmiana? <\/strong><\/h3>\n<p>W tre\u015bci uzasadnienia do rozporz\u0105dzenia w sprawie wprowadzenia TPR odwo\u0142ano si\u0119 do polityki 3xP, czyli prostego, przejrzystego i przyjaznego systemu podatkowego. T\u0119 zasad\u0119 z za\u0142o\u017cenia mia\u0142a realizowa\u0107 \u201e<em>uproszczona i przejrzysta forma<\/em>\u201d oraz ograniczony \u201e<em>zakres danych i informacji<\/em>\u201d. Wype\u0142nieniem zasady 3xP jest z pewno\u015bci\u0105 elektroniczna forma przekazywania deklaracji Szefowi KAS, kt\u00f3ra u\u0142atwi podatnikom wype\u0142nieniem obowi\u0105zku sprawozdawczego oraz usprawni analiz\u0119 przesy\u0142anych informacji organom podatkowym.<\/p>\n<p><strong>W praktyce nowe formularze mog\u0105 jednak okaza\u0107 si\u0119 jednymi z najbardziej skomplikowanych formularzy podatkowych.<\/strong> Nie warto wi\u0119c czeka\u0107 do ostatniego miesi\u0105ca, by wype\u0142ni\u0107 obowi\u0105zki ustawowe \u2013 mog\u0105 pojawi\u0107 si\u0119 du\u017ce w\u0105tpliwo\u015bci, kt\u00f3re z odpowiednim wyprzedzeniem powinno si\u0119 skonsultowa\u0107 ze swoim doradc\u0105.<\/p>\n<p>Masz pytania dotycz\u0105ce cen transferowych? Zapraszamy do <a href=\"https:\/\/pragmatiq.pl\/powiazane\/oferta\/\" target=\"_blank\" rel=\"noopener\">kontaktu<\/a>.<\/p>\n<p>Paulina Machi\u0144ska<br \/>\nDominika Jaszczyk<\/p>\n","protected":false},"excerpt":{"rendered":"<p>Raportowanie o cenach transferowych w 2020 r. na formularzach TPR-C\/TPR-P. Sprawd\u017a, jak wype\u0142ni\u0107 obowi\u0105zek sprawozdawczy za 2019 r. i jak zmieni\u0142 si\u0119 PIT\/CIT-TP. Czy wiesz jakie dodatkowe informacje nale\u017cy z\u0142o\u017cy\u0107 do szefa KAS?<\/p>\n","protected":false},"author":4,"featured_media":0,"comment_status":"open","ping_status":"open","sticky":false,"template":"","format":"standard","meta":{"footnotes":""},"categories":[2],"tags":[10,12,30],"class_list":["post-908","post","type-post","status-publish","format-standard","hentry","category-dokumentacja","tag-dokumentacja-podatkowa","tag-obowiazki-dokumentacyjne","tag-oswiadczenie-o-posiadaniu-dokumentacji-podatkowej"],"yoast_head":"<!-- This site is optimized with the Yoast SEO plugin v22.8 - https:\/\/yoast.com\/wordpress\/plugins\/seo\/ -->\n<title>TPR - nast\u0119pca formularzy PIT\/CIT-TP. Jak i do kiedy go wype\u0142ni\u0107? | Powiazane.pl<\/title>\n<meta name=\"description\" content=\"Raportowanie o cenach transferowych w 2020 r. Sprawd\u017a, jak wype\u0142ni\u0107 obowi\u0105zek sprawozdawczy za 2019 r. i jak zmieni\u0142 si\u0119 PIT\/CIT-TP!\" \/>\n<meta name=\"robots\" content=\"index, follow, max-snippet:-1, max-image-preview:large, max-video-preview:-1\" \/>\n<link rel=\"canonical\" href=\"https:\/\/pragmatiq.pl\/powiazane\/tpr-c-tpr-p-jako-nastepcy-formularzy-cit-tp-pit-tp\/\" \/>\n<meta property=\"og:locale\" content=\"pl_PL\" \/>\n<meta property=\"og:type\" content=\"article\" \/>\n<meta property=\"og:title\" content=\"TPR - nast\u0119pca formularzy PIT\/CIT-TP. Jak i do kiedy go wype\u0142ni\u0107? | Powiazane.pl\" \/>\n<meta property=\"og:description\" content=\"Raportowanie o cenach transferowych w 2020 r. Sprawd\u017a, jak wype\u0142ni\u0107 obowi\u0105zek sprawozdawczy za 2019 r. i jak zmieni\u0142 si\u0119 PIT\/CIT-TP!\" \/>\n<meta property=\"og:url\" content=\"https:\/\/pragmatiq.pl\/powiazane\/tpr-c-tpr-p-jako-nastepcy-formularzy-cit-tp-pit-tp\/\" \/>\n<meta property=\"og:site_name\" content=\"Powiazane.pl\" \/>\n<meta property=\"article:published_time\" content=\"2020-02-14T12:13:12+00:00\" \/>\n<meta property=\"article:modified_time\" content=\"2024-06-18T05:58:28+00:00\" \/>\n<meta name=\"author\" content=\"Dominika Jaszczyk\" \/>\n<meta name=\"twitter:card\" content=\"summary_large_image\" \/>\n<meta name=\"twitter:label1\" content=\"Napisane przez\" \/>\n\t<meta name=\"twitter:data1\" content=\"Dominika Jaszczyk\" \/>\n\t<meta name=\"twitter:label2\" content=\"Szacowany czas czytania\" \/>\n\t<meta name=\"twitter:data2\" content=\"4 minuty\" \/>\n<script type=\"application\/ld+json\" class=\"yoast-schema-graph\">{\"@context\":\"https:\/\/schema.org\",\"@graph\":[{\"@type\":\"WebPage\",\"@id\":\"https:\/\/pragmatiq.pl\/powiazane\/tpr-c-tpr-p-jako-nastepcy-formularzy-cit-tp-pit-tp\/\",\"url\":\"https:\/\/pragmatiq.pl\/powiazane\/tpr-c-tpr-p-jako-nastepcy-formularzy-cit-tp-pit-tp\/\",\"name\":\"TPR - nast\u0119pca formularzy PIT\/CIT-TP. Jak i do kiedy go wype\u0142ni\u0107? | Powiazane.pl\",\"isPartOf\":{\"@id\":\"https:\/\/pragmatiq.pl\/powiazane\/#website\"},\"datePublished\":\"2020-02-14T12:13:12+00:00\",\"dateModified\":\"2024-06-18T05:58:28+00:00\",\"author\":{\"@id\":\"https:\/\/pragmatiq.pl\/powiazane\/#\/schema\/person\/e8982b7c0551ba19d722529733044f95\"},\"description\":\"Raportowanie o cenach transferowych w 2020 r. Sprawd\u017a, jak wype\u0142ni\u0107 obowi\u0105zek sprawozdawczy za 2019 r. i jak zmieni\u0142 si\u0119 PIT\/CIT-TP!\",\"breadcrumb\":{\"@id\":\"https:\/\/pragmatiq.pl\/powiazane\/tpr-c-tpr-p-jako-nastepcy-formularzy-cit-tp-pit-tp\/#breadcrumb\"},\"inLanguage\":\"pl-PL\",\"potentialAction\":[{\"@type\":\"ReadAction\",\"target\":[\"https:\/\/pragmatiq.pl\/powiazane\/tpr-c-tpr-p-jako-nastepcy-formularzy-cit-tp-pit-tp\/\"]}]},{\"@type\":\"BreadcrumbList\",\"@id\":\"https:\/\/pragmatiq.pl\/powiazane\/tpr-c-tpr-p-jako-nastepcy-formularzy-cit-tp-pit-tp\/#breadcrumb\",\"itemListElement\":[{\"@type\":\"ListItem\",\"position\":1,\"name\":\"Strona g\u0142\u00f3wna\",\"item\":\"https:\/\/pragmatiq.pl\/powiazane\/\"},{\"@type\":\"ListItem\",\"position\":2,\"name\":\"TPR-C\/TPR-P jako nast\u0119pcy CIT-TP\/PIT-TP\"}]},{\"@type\":\"WebSite\",\"@id\":\"https:\/\/pragmatiq.pl\/powiazane\/#website\",\"url\":\"https:\/\/pragmatiq.pl\/powiazane\/\",\"name\":\"Powiazane.pl\",\"description\":\"\",\"potentialAction\":[{\"@type\":\"SearchAction\",\"target\":{\"@type\":\"EntryPoint\",\"urlTemplate\":\"https:\/\/pragmatiq.pl\/powiazane\/?s={search_term_string}\"},\"query-input\":\"required name=search_term_string\"}],\"inLanguage\":\"pl-PL\"},{\"@type\":\"Person\",\"@id\":\"https:\/\/pragmatiq.pl\/powiazane\/#\/schema\/person\/e8982b7c0551ba19d722529733044f95\",\"name\":\"Dominika Jaszczyk\",\"image\":{\"@type\":\"ImageObject\",\"inLanguage\":\"pl-PL\",\"@id\":\"https:\/\/pragmatiq.pl\/powiazane\/#\/schema\/person\/image\/\",\"url\":\"https:\/\/secure.gravatar.com\/avatar\/b861e2835102089d915abf5574d9b394a48fe061991a15b3a39f73b12bc1a8aa?s=96&d=mm&r=g\",\"contentUrl\":\"https:\/\/secure.gravatar.com\/avatar\/b861e2835102089d915abf5574d9b394a48fe061991a15b3a39f73b12bc1a8aa?s=96&d=mm&r=g\",\"caption\":\"Dominika Jaszczyk\"},\"url\":\"https:\/\/pragmatiq.pl\/powiazane\/author\/dwidla\/\"}]}<\/script>\n<!-- \/ Yoast SEO plugin. -->","yoast_head_json":{"title":"TPR - nast\u0119pca formularzy PIT\/CIT-TP. Jak i do kiedy go wype\u0142ni\u0107? | Powiazane.pl","description":"Raportowanie o cenach transferowych w 2020 r. Sprawd\u017a, jak wype\u0142ni\u0107 obowi\u0105zek sprawozdawczy za 2019 r. i jak zmieni\u0142 si\u0119 PIT\/CIT-TP!","robots":{"index":"index","follow":"follow","max-snippet":"max-snippet:-1","max-image-preview":"max-image-preview:large","max-video-preview":"max-video-preview:-1"},"canonical":"https:\/\/pragmatiq.pl\/powiazane\/tpr-c-tpr-p-jako-nastepcy-formularzy-cit-tp-pit-tp\/","og_locale":"pl_PL","og_type":"article","og_title":"TPR - nast\u0119pca formularzy PIT\/CIT-TP. Jak i do kiedy go wype\u0142ni\u0107? | Powiazane.pl","og_description":"Raportowanie o cenach transferowych w 2020 r. Sprawd\u017a, jak wype\u0142ni\u0107 obowi\u0105zek sprawozdawczy za 2019 r. i jak zmieni\u0142 si\u0119 PIT\/CIT-TP!","og_url":"https:\/\/pragmatiq.pl\/powiazane\/tpr-c-tpr-p-jako-nastepcy-formularzy-cit-tp-pit-tp\/","og_site_name":"Powiazane.pl","article_published_time":"2020-02-14T12:13:12+00:00","article_modified_time":"2024-06-18T05:58:28+00:00","author":"Dominika Jaszczyk","twitter_card":"summary_large_image","twitter_misc":{"Napisane przez":"Dominika Jaszczyk","Szacowany czas czytania":"4 minuty"},"schema":{"@context":"https:\/\/schema.org","@graph":[{"@type":"WebPage","@id":"https:\/\/pragmatiq.pl\/powiazane\/tpr-c-tpr-p-jako-nastepcy-formularzy-cit-tp-pit-tp\/","url":"https:\/\/pragmatiq.pl\/powiazane\/tpr-c-tpr-p-jako-nastepcy-formularzy-cit-tp-pit-tp\/","name":"TPR - nast\u0119pca formularzy PIT\/CIT-TP. Jak i do kiedy go wype\u0142ni\u0107? | Powiazane.pl","isPartOf":{"@id":"https:\/\/pragmatiq.pl\/powiazane\/#website"},"datePublished":"2020-02-14T12:13:12+00:00","dateModified":"2024-06-18T05:58:28+00:00","author":{"@id":"https:\/\/pragmatiq.pl\/powiazane\/#\/schema\/person\/e8982b7c0551ba19d722529733044f95"},"description":"Raportowanie o cenach transferowych w 2020 r. Sprawd\u017a, jak wype\u0142ni\u0107 obowi\u0105zek sprawozdawczy za 2019 r. i jak zmieni\u0142 si\u0119 PIT\/CIT-TP!","breadcrumb":{"@id":"https:\/\/pragmatiq.pl\/powiazane\/tpr-c-tpr-p-jako-nastepcy-formularzy-cit-tp-pit-tp\/#breadcrumb"},"inLanguage":"pl-PL","potentialAction":[{"@type":"ReadAction","target":["https:\/\/pragmatiq.pl\/powiazane\/tpr-c-tpr-p-jako-nastepcy-formularzy-cit-tp-pit-tp\/"]}]},{"@type":"BreadcrumbList","@id":"https:\/\/pragmatiq.pl\/powiazane\/tpr-c-tpr-p-jako-nastepcy-formularzy-cit-tp-pit-tp\/#breadcrumb","itemListElement":[{"@type":"ListItem","position":1,"name":"Strona g\u0142\u00f3wna","item":"https:\/\/pragmatiq.pl\/powiazane\/"},{"@type":"ListItem","position":2,"name":"TPR-C\/TPR-P jako nast\u0119pcy CIT-TP\/PIT-TP"}]},{"@type":"WebSite","@id":"https:\/\/pragmatiq.pl\/powiazane\/#website","url":"https:\/\/pragmatiq.pl\/powiazane\/","name":"Powiazane.pl","description":"","potentialAction":[{"@type":"SearchAction","target":{"@type":"EntryPoint","urlTemplate":"https:\/\/pragmatiq.pl\/powiazane\/?s={search_term_string}"},"query-input":"required name=search_term_string"}],"inLanguage":"pl-PL"},{"@type":"Person","@id":"https:\/\/pragmatiq.pl\/powiazane\/#\/schema\/person\/e8982b7c0551ba19d722529733044f95","name":"Dominika Jaszczyk","image":{"@type":"ImageObject","inLanguage":"pl-PL","@id":"https:\/\/pragmatiq.pl\/powiazane\/#\/schema\/person\/image\/","url":"https:\/\/secure.gravatar.com\/avatar\/b861e2835102089d915abf5574d9b394a48fe061991a15b3a39f73b12bc1a8aa?s=96&d=mm&r=g","contentUrl":"https:\/\/secure.gravatar.com\/avatar\/b861e2835102089d915abf5574d9b394a48fe061991a15b3a39f73b12bc1a8aa?s=96&d=mm&r=g","caption":"Dominika Jaszczyk"},"url":"https:\/\/pragmatiq.pl\/powiazane\/author\/dwidla\/"}]}},"_links":{"self":[{"href":"https:\/\/pragmatiq.pl\/powiazane\/wp-json\/wp\/v2\/posts\/908","targetHints":{"allow":["GET"]}}],"collection":[{"href":"https:\/\/pragmatiq.pl\/powiazane\/wp-json\/wp\/v2\/posts"}],"about":[{"href":"https:\/\/pragmatiq.pl\/powiazane\/wp-json\/wp\/v2\/types\/post"}],"author":[{"embeddable":true,"href":"https:\/\/pragmatiq.pl\/powiazane\/wp-json\/wp\/v2\/users\/4"}],"replies":[{"embeddable":true,"href":"https:\/\/pragmatiq.pl\/powiazane\/wp-json\/wp\/v2\/comments?post=908"}],"version-history":[{"count":6,"href":"https:\/\/pragmatiq.pl\/powiazane\/wp-json\/wp\/v2\/posts\/908\/revisions"}],"predecessor-version":[{"id":1193,"href":"https:\/\/pragmatiq.pl\/powiazane\/wp-json\/wp\/v2\/posts\/908\/revisions\/1193"}],"wp:attachment":[{"href":"https:\/\/pragmatiq.pl\/powiazane\/wp-json\/wp\/v2\/media?parent=908"}],"wp:term":[{"taxonomy":"category","embeddable":true,"href":"https:\/\/pragmatiq.pl\/powiazane\/wp-json\/wp\/v2\/categories?post=908"},{"taxonomy":"post_tag","embeddable":true,"href":"https:\/\/pragmatiq.pl\/powiazane\/wp-json\/wp\/v2\/tags?post=908"}],"curies":[{"name":"wp","href":"https:\/\/api.w.org\/{rel}","templated":true}]}}