{"id":663,"date":"2018-07-23T12:53:11","date_gmt":"2018-07-23T10:53:11","guid":{"rendered":"http:\/\/powiazane.tarexperts.net\/?p=663"},"modified":"2024-06-18T08:01:10","modified_gmt":"2024-06-18T06:01:10","slug":"projekt-nowelizacji-przepisow-dotyczacych-cen-transferowych-2019-r","status":"publish","type":"post","link":"https:\/\/pragmatiq.pl\/powiazane\/projekt-nowelizacji-przepisow-dotyczacych-cen-transferowych-2019-r\/","title":{"rendered":"Projekt nowelizacji przepis\u00f3w dotycz\u0105cych cen transferowych 2019 r."},"content":{"rendered":"<p><strong>16 lipca 2018 r. Ministerstwo Finans\u00f3w przekaza\u0142o do konsultacji publicznych projekt nowelizacji ustaw podatkowych w zakresie cen transferowych<\/strong><\/p>\n<h2><strong>Cele nowelizacji przepis\u00f3w o cenach transferowych<\/strong><\/h2>\n<p>Proponowane zmiany (o kt\u00f3rych dowiesz si\u0119 wi\u0119cej poni\u017cej) maj\u0105 na celu uproszczenie przepis\u00f3w podatkowych, a tak\u017ce zmniejszenie obci\u0105\u017ce\u0144 dla ma\u0142ych i \u015brednich przedsi\u0119biorc\u00f3w. Projekt d\u0105\u017cy tak\u017ce do uszczelnienia systemu podatkowego w zakresie podatk\u00f3w dochodowych p\u0142aconych przez du\u017ce mi\u0119dzynarodowe przedsi\u0119biorstwa.<\/p>\n<p>Projekt dotyczy nie tylko zmiany przepis\u00f3w, ale r\u00f3wnie\u017c doprecyzowuje poj\u0119cia zasady ceny rynkowej, podmiot\u00f3w powi\u0105zanych czy korekty cen transferowych.<\/p>\n<h2><strong>Nowe regulacje w zakresie cen transferowych od 2019 r.<\/strong><\/h2>\n<p>Autorzy projektu proponuj\u0105 nast\u0119puj\u0105ce zmiany:<\/p>\n<p><strong>Zmniejszenie obowi\u0105zk\u00f3w dokumentacyjnych<\/strong><\/p>\n<p>Podniesione zostan\u0105 progi dotycz\u0105ce obowi\u0105zku sporz\u0105dzenia dokumentacji cen transferowych, co wp\u0142ynie na zmniejszenie obowi\u0105zk\u00f3w dla niekt\u00f3rych podatnik\u00f3w.<\/p>\n<p>Obecnie do sporz\u0105dzenia dokumentacji cen transferowych zobowi\u0105zany jest podatnik, kt\u00f3rego przychody lub koszty w roku podatkowym przekraczaj\u0105 r\u00f3wnowarto\u015b\u0107 2 mln euro. Na skutek nowelizacji mechanizm okre\u015blania prog\u00f3w b\u0119dzie opiera\u0142 si\u0119 wy\u0142\u0105cznie na kryterium warto\u015bci transakcji. Nowe progi wynios\u0105:<\/p>\n<ul>\n<li>10 mln z\u0142 dla transakcji zakupu\/sprzeda\u017cy rzeczowych aktyw\u00f3w obrotowych, \u015brodk\u00f3w trwa\u0142ych, pozyskania\/udzielenia finansowania d\u0142u\u017cnego, por\u0119czenia lub gwarancji;<\/li>\n<li>2 mln z\u0142 dla transakcji zakupu\/sprzeda\u017cy warto\u015bci niematerialnych i prawnych, us\u0142ug, korzystania\/udost\u0119pnienia \u015brodk\u00f3w trwa\u0142ych, warto\u015bci niematerialnych i prawnych, przypisania dochodu do zak\u0142adu zagranicznego oraz innych transakcji<\/li>\n<\/ul>\n<p><strong>Wyd\u0142u\u017cenie termin\u00f3w<\/strong><\/p>\n<p>Wyd\u0142u\u017cy si\u0119 termin na z\u0142o\u017cenie o\u015bwiadczenia o sporz\u0105dzeniu lokalnej dokumentacji cen transferowych z 3 do 9 miesi\u0119cy po zako\u0144czeniu roku podatkowego. Termin na sporz\u0105dzenie grupowej dokumentacji cen transferowych (<em>master file<\/em>) b\u0119dzie jeszcze d\u0142u\u017cszy i wyniesie 12 miesi\u0119cy po zako\u0144czeniu roku podatkowego.<\/p>\n<p><strong>U\u0142atwienia i zwolnienia dokumentacyjne<\/strong><\/p>\n<p>W zaproponowanej nowelizacji pojawia si\u0119 mo\u017cliwo\u015b\u0107 realizacji obowi\u0105zku posiadania dokumentacji grupowej poprzez bezpo\u015brednie wykorzystanie dokumentacji sporz\u0105dzonej przez inny podmiot z grupy, w tym r\u00f3wnie\u017c w j\u0119zyku angielskim. Oznacza to, \u017ce podatnicy, kt\u00f3rzy otrzymaj\u0105 tak\u0105 dokumentacj\u0119 z grupy, nie b\u0119d\u0105 zobowi\u0105zani do sporz\u0105dzenia jej we w\u0142asnym zakresie (czy t\u0142umaczenia na j\u0119zyk polski). Ponadto wprowadzone zostan\u0105 dwa nowe zwolnienia dokumentacyjne, obejmuj\u0105ce transakcje kontrolowane, kt\u00f3re w ca\u0142o\u015bci nie stanowi\u0105 przychodu lub koszt\u00f3w uzyskania przychod\u00f3w oraz transakcje kontrolowane, kt\u00f3rych cena zosta\u0142a ustalona w trybie przetargu nieograniczonego.<\/p>\n<p><strong>Ujednolicenie wymog\u00f3w dokumentacyjnych za standardami OECD<\/strong><\/p>\n<p>Zmianie ulegn\u0105 elementy dokumentacji lokalnej i grupowej, tak aby odzwierciedla\u0142y wymogi wynikaj\u0105ce z wytycznych OECD. Zgodnie z nowymi regulacjami, dokumentacja lokalna b\u0119dzie zawiera\u0107 opis podmiotu powi\u0105zanego, opis transakcji, analiz\u0119 cen transferowych oraz informacje finansowe. Z kolei dokumentacja grupowa b\u0119dzie zawiera\u0107 opis grupy podmiot\u00f3w powi\u0105zanych, opis istotnych warto\u015bci niematerialnych i prawnych grupy podmiot\u00f3w powi\u0105zanych, opis istotnych transakcji finansowych grupy podmiot\u00f3w powi\u0105zanych oraz informacje finansowe i podatkowe grupy podmiot\u00f3w powi\u0105zanych.<\/p>\n<p><strong>Wprowadzenie uproszczonych zasad rozlicze\u0144<\/strong><\/p>\n<p>Wprowadzone zostan\u0105 uproszczone rozwi\u0105zania (tzw. <em>safe harbours<\/em>), kt\u00f3rych zastosowanie przez podatnika skutkuje uznaniem ceny lub elementu ceny za rynkow\u0105. Rozwi\u0105zanie to zapewni podatnikom ochron\u0119 przed zakwestionowaniem ceny przez organ podatkowy, z drugiej strony w du\u017cym stopniu zwalnia podatnika z obowi\u0105zk\u00f3w dokumentacyjnych w tym zakresie. Uproszczone rozwi\u0105zania s\u0105 przewidziane dla dw\u00f3ch typ\u00f3w transakcji: po\u017cyczek oraz us\u0142ug o niskiej warto\u015bci dodanej.<\/p>\n<p><strong>Kompleksowe uregulowanie zasady ceny rynkowej<\/strong><\/p>\n<p>Obecnie organy kontroli skarbowej mog\u0105 korzysta\u0107 wy\u0142\u0105cznie z metod kalkulacji cen transferowych wskazanych w rozporz\u0105dzeniu. Wskutek nowelizacji, w uzasadnionych przypadkach mo\u017cliwe b\u0119dzie zastosowanie przez organ innych metod okre\u015blania przychod\u00f3w lub koszt\u00f3w podatnika z transakcji kontrolowanych. Umo\u017cliwi to organom podatkowym bardziej efektywn\u0105 weryfikacj\u0119 zgodno\u015bci warunk\u00f3w pomi\u0119dzy podmiotami powi\u0105zanymi z warunkami rynkowymi.<\/p>\n<p><strong>Warunki stosowania korekty cen transferowych<\/strong><\/p>\n<p>Projekt nowelizacji przewiduje tak\u017ce wprowadzenie nowej regu\u0142y, w my\u015bl kt\u00f3rej korekta cen transferowych b\u0119dzie stanowi\u0142a odpowiednio przych\u00f3d lub koszt uzyskania przychod\u00f3w i b\u0119dzie ujmowana w roku, kt\u00f3rego dotyczy \u2013 o ile zostan\u0105 spe\u0142nione warunki wskazane w przepisie.<\/p>\n<p><strong>Doprecyzowanie niekt\u00f3rych instrument\u00f3w weryfikacji cen transferowych<\/strong><\/p>\n<p>Organy podatkowe nab\u0119d\u0105 uprawnienie do uwzgl\u0119dnienia ca\u0142okszta\u0142tu warunk\u00f3w, na jakich prowadz\u0105 dzia\u0142alno\u015b\u0107 podmioty powi\u0105zane poprzez uznanie, \u017ce w okre\u015blonych warunkach dana transakcja nie zosta\u0142aby zawarta lub zosta\u0142aby zawarta inna transakcja.<\/p>\n<p><strong>Nowoczesne raportowanie cen transferowych<\/strong><\/p>\n<p>Obowi\u0105zek sk\u0142adania przez podatnik\u00f3w sprawozda\u0144 CIT\/TP lub PIT\/TP zostanie zast\u0105piony prostszym raportowaniem cen transferowych w formie elektronicznej (TP-R), kt\u00f3ry zapewni wi\u0119ksz\u0105 efektywno\u015b\u0107 typowania podatnik\u00f3w do kontroli.<\/p>\n<p><strong>Ujednolicenie poj\u0119\u0107 i definicji<\/strong><\/p>\n<p>Wszystkie przepisy dotycz\u0105ce cen transferowych zostan\u0105 umieszczone w jednym nowym rozdziale. Jednocze\u015bnie w celu ograniczenia wyst\u0119puj\u0105cych dotychczas spor\u00f3w interpretacyjnych wprowadzone zostanie ok. 10 kluczowych definicji legalnych, kt\u00f3re b\u0119d\u0105 dotyczy\u0142y m.in. poj\u0119cia transakcji, podmiot\u00f3w powi\u0105zanych czy transakcji kontrolowanej.<\/p>\n<h2><strong>Podsumowanie projektu zmian przepis\u00f3w dotycz\u0105cych cen transferowych<\/strong><\/h2>\n<p>Ministerstwo zawar\u0142o w projekcie wiele pozytywnych z punktu widzenia podatnika zmian. Nale\u017cy mie\u0107 jednak na uwadze, \u017ce projekt znajduje si\u0119 obecnie na etapie konsultacji publicznych. Niewykluczone, \u017ce przedstawione w nim propozycje b\u0119d\u0105 modyfikowane, o czym b\u0119dziemy informowa\u0107 na bie\u017c\u0105co.<\/p>\n<p>Z omawianym projektem mo\u017cesz zapozna\u0107 si\u0119 na <a href=\"https:\/\/legislacja.rcl.gov.pl\/docs\/2\/12313855\/12522183\/12522184\/dokument350017.pdf\" target=\"_blank\" rel=\"noopener\">stronie Ministerstwa<\/a>.<\/p>\n<p>Micha\u0142 Markiewicz<br \/>\nDominika Jaszczyk<\/p>\n","protected":false},"excerpt":{"rendered":"<p>Od 2019 r. ma wej\u015b\u0107 w \u017cycie kolejna nowelizacja w zakresie przepis\u00f3w o cenach transferowych! Zapoznaj si\u0119 z nowym projektem zmian, sprawd\u017a jak zostan\u0105 zmienione progi powoduj\u0105ce obowi\u0105zek posiadania dokumentacji podatkowej!<\/p>\n","protected":false},"author":4,"featured_media":0,"comment_status":"open","ping_status":"open","sticky":false,"template":"","format":"standard","meta":{"footnotes":""},"categories":[2,6],"tags":[9,22],"class_list":["post-663","post","type-post","status-publish","format-standard","hentry","category-dokumentacja","category-informacje-ogolne","tag-ceny-transferowe","tag-progi-dokumentacyjne"],"yoast_head":"<!-- This site is optimized with the Yoast SEO plugin v22.8 - https:\/\/yoast.com\/wordpress\/plugins\/seo\/ -->\n<title>Projekt nowelizacji przepis\u00f3w dotycz\u0105cych cen transferowych | Powiazane.pl<\/title>\n<meta name=\"description\" content=\"Sprawd\u017a jakie zmiany w zakresie dokumentacji cen transferowych proponuje Ministerstwo Finans\u00f3w od 2019 r.\" \/>\n<meta name=\"robots\" content=\"index, follow, max-snippet:-1, max-image-preview:large, max-video-preview:-1\" \/>\n<link rel=\"canonical\" href=\"https:\/\/pragmatiq.pl\/powiazane\/projekt-nowelizacji-przepisow-dotyczacych-cen-transferowych-2019-r\/\" \/>\n<meta property=\"og:locale\" content=\"pl_PL\" \/>\n<meta property=\"og:type\" content=\"article\" \/>\n<meta property=\"og:title\" content=\"Projekt nowelizacji przepis\u00f3w dotycz\u0105cych cen transferowych | Powiazane.pl\" \/>\n<meta property=\"og:description\" content=\"Sprawd\u017a jakie zmiany w zakresie dokumentacji cen transferowych proponuje Ministerstwo Finans\u00f3w od 2019 r.\" \/>\n<meta property=\"og:url\" content=\"https:\/\/pragmatiq.pl\/powiazane\/projekt-nowelizacji-przepisow-dotyczacych-cen-transferowych-2019-r\/\" \/>\n<meta property=\"og:site_name\" content=\"Powiazane.pl\" \/>\n<meta property=\"article:published_time\" content=\"2018-07-23T10:53:11+00:00\" \/>\n<meta property=\"article:modified_time\" content=\"2024-06-18T06:01:10+00:00\" \/>\n<meta name=\"author\" content=\"Dominika Jaszczyk\" \/>\n<meta name=\"twitter:card\" content=\"summary_large_image\" \/>\n<meta name=\"twitter:label1\" content=\"Napisane przez\" \/>\n\t<meta name=\"twitter:data1\" content=\"Dominika Jaszczyk\" \/>\n\t<meta name=\"twitter:label2\" content=\"Szacowany czas czytania\" \/>\n\t<meta name=\"twitter:data2\" content=\"5 minut\" \/>\n<script type=\"application\/ld+json\" class=\"yoast-schema-graph\">{\"@context\":\"https:\/\/schema.org\",\"@graph\":[{\"@type\":\"WebPage\",\"@id\":\"https:\/\/pragmatiq.pl\/powiazane\/projekt-nowelizacji-przepisow-dotyczacych-cen-transferowych-2019-r\/\",\"url\":\"https:\/\/pragmatiq.pl\/powiazane\/projekt-nowelizacji-przepisow-dotyczacych-cen-transferowych-2019-r\/\",\"name\":\"Projekt nowelizacji przepis\u00f3w dotycz\u0105cych cen transferowych | Powiazane.pl\",\"isPartOf\":{\"@id\":\"https:\/\/pragmatiq.pl\/powiazane\/#website\"},\"datePublished\":\"2018-07-23T10:53:11+00:00\",\"dateModified\":\"2024-06-18T06:01:10+00:00\",\"author\":{\"@id\":\"https:\/\/pragmatiq.pl\/powiazane\/#\/schema\/person\/e8982b7c0551ba19d722529733044f95\"},\"description\":\"Sprawd\u017a jakie zmiany w zakresie dokumentacji cen transferowych proponuje Ministerstwo Finans\u00f3w od 2019 r.\",\"breadcrumb\":{\"@id\":\"https:\/\/pragmatiq.pl\/powiazane\/projekt-nowelizacji-przepisow-dotyczacych-cen-transferowych-2019-r\/#breadcrumb\"},\"inLanguage\":\"pl-PL\",\"potentialAction\":[{\"@type\":\"ReadAction\",\"target\":[\"https:\/\/pragmatiq.pl\/powiazane\/projekt-nowelizacji-przepisow-dotyczacych-cen-transferowych-2019-r\/\"]}]},{\"@type\":\"BreadcrumbList\",\"@id\":\"https:\/\/pragmatiq.pl\/powiazane\/projekt-nowelizacji-przepisow-dotyczacych-cen-transferowych-2019-r\/#breadcrumb\",\"itemListElement\":[{\"@type\":\"ListItem\",\"position\":1,\"name\":\"Strona g\u0142\u00f3wna\",\"item\":\"https:\/\/pragmatiq.pl\/powiazane\/\"},{\"@type\":\"ListItem\",\"position\":2,\"name\":\"Projekt nowelizacji przepis\u00f3w dotycz\u0105cych cen transferowych 2019 r.\"}]},{\"@type\":\"WebSite\",\"@id\":\"https:\/\/pragmatiq.pl\/powiazane\/#website\",\"url\":\"https:\/\/pragmatiq.pl\/powiazane\/\",\"name\":\"Powiazane.pl\",\"description\":\"\",\"potentialAction\":[{\"@type\":\"SearchAction\",\"target\":{\"@type\":\"EntryPoint\",\"urlTemplate\":\"https:\/\/pragmatiq.pl\/powiazane\/?s={search_term_string}\"},\"query-input\":\"required name=search_term_string\"}],\"inLanguage\":\"pl-PL\"},{\"@type\":\"Person\",\"@id\":\"https:\/\/pragmatiq.pl\/powiazane\/#\/schema\/person\/e8982b7c0551ba19d722529733044f95\",\"name\":\"Dominika Jaszczyk\",\"image\":{\"@type\":\"ImageObject\",\"inLanguage\":\"pl-PL\",\"@id\":\"https:\/\/pragmatiq.pl\/powiazane\/#\/schema\/person\/image\/\",\"url\":\"https:\/\/secure.gravatar.com\/avatar\/b861e2835102089d915abf5574d9b394a48fe061991a15b3a39f73b12bc1a8aa?s=96&d=mm&r=g\",\"contentUrl\":\"https:\/\/secure.gravatar.com\/avatar\/b861e2835102089d915abf5574d9b394a48fe061991a15b3a39f73b12bc1a8aa?s=96&d=mm&r=g\",\"caption\":\"Dominika Jaszczyk\"},\"url\":\"https:\/\/pragmatiq.pl\/powiazane\/author\/dwidla\/\"}]}<\/script>\n<!-- \/ Yoast SEO plugin. -->","yoast_head_json":{"title":"Projekt nowelizacji przepis\u00f3w dotycz\u0105cych cen transferowych | Powiazane.pl","description":"Sprawd\u017a jakie zmiany w zakresie dokumentacji cen transferowych proponuje Ministerstwo Finans\u00f3w od 2019 r.","robots":{"index":"index","follow":"follow","max-snippet":"max-snippet:-1","max-image-preview":"max-image-preview:large","max-video-preview":"max-video-preview:-1"},"canonical":"https:\/\/pragmatiq.pl\/powiazane\/projekt-nowelizacji-przepisow-dotyczacych-cen-transferowych-2019-r\/","og_locale":"pl_PL","og_type":"article","og_title":"Projekt nowelizacji przepis\u00f3w dotycz\u0105cych cen transferowych | Powiazane.pl","og_description":"Sprawd\u017a jakie zmiany w zakresie dokumentacji cen transferowych proponuje Ministerstwo Finans\u00f3w od 2019 r.","og_url":"https:\/\/pragmatiq.pl\/powiazane\/projekt-nowelizacji-przepisow-dotyczacych-cen-transferowych-2019-r\/","og_site_name":"Powiazane.pl","article_published_time":"2018-07-23T10:53:11+00:00","article_modified_time":"2024-06-18T06:01:10+00:00","author":"Dominika Jaszczyk","twitter_card":"summary_large_image","twitter_misc":{"Napisane przez":"Dominika Jaszczyk","Szacowany czas czytania":"5 minut"},"schema":{"@context":"https:\/\/schema.org","@graph":[{"@type":"WebPage","@id":"https:\/\/pragmatiq.pl\/powiazane\/projekt-nowelizacji-przepisow-dotyczacych-cen-transferowych-2019-r\/","url":"https:\/\/pragmatiq.pl\/powiazane\/projekt-nowelizacji-przepisow-dotyczacych-cen-transferowych-2019-r\/","name":"Projekt nowelizacji przepis\u00f3w dotycz\u0105cych cen transferowych | Powiazane.pl","isPartOf":{"@id":"https:\/\/pragmatiq.pl\/powiazane\/#website"},"datePublished":"2018-07-23T10:53:11+00:00","dateModified":"2024-06-18T06:01:10+00:00","author":{"@id":"https:\/\/pragmatiq.pl\/powiazane\/#\/schema\/person\/e8982b7c0551ba19d722529733044f95"},"description":"Sprawd\u017a jakie zmiany w zakresie dokumentacji cen transferowych proponuje Ministerstwo Finans\u00f3w od 2019 r.","breadcrumb":{"@id":"https:\/\/pragmatiq.pl\/powiazane\/projekt-nowelizacji-przepisow-dotyczacych-cen-transferowych-2019-r\/#breadcrumb"},"inLanguage":"pl-PL","potentialAction":[{"@type":"ReadAction","target":["https:\/\/pragmatiq.pl\/powiazane\/projekt-nowelizacji-przepisow-dotyczacych-cen-transferowych-2019-r\/"]}]},{"@type":"BreadcrumbList","@id":"https:\/\/pragmatiq.pl\/powiazane\/projekt-nowelizacji-przepisow-dotyczacych-cen-transferowych-2019-r\/#breadcrumb","itemListElement":[{"@type":"ListItem","position":1,"name":"Strona g\u0142\u00f3wna","item":"https:\/\/pragmatiq.pl\/powiazane\/"},{"@type":"ListItem","position":2,"name":"Projekt nowelizacji przepis\u00f3w dotycz\u0105cych cen transferowych 2019 r."}]},{"@type":"WebSite","@id":"https:\/\/pragmatiq.pl\/powiazane\/#website","url":"https:\/\/pragmatiq.pl\/powiazane\/","name":"Powiazane.pl","description":"","potentialAction":[{"@type":"SearchAction","target":{"@type":"EntryPoint","urlTemplate":"https:\/\/pragmatiq.pl\/powiazane\/?s={search_term_string}"},"query-input":"required name=search_term_string"}],"inLanguage":"pl-PL"},{"@type":"Person","@id":"https:\/\/pragmatiq.pl\/powiazane\/#\/schema\/person\/e8982b7c0551ba19d722529733044f95","name":"Dominika Jaszczyk","image":{"@type":"ImageObject","inLanguage":"pl-PL","@id":"https:\/\/pragmatiq.pl\/powiazane\/#\/schema\/person\/image\/","url":"https:\/\/secure.gravatar.com\/avatar\/b861e2835102089d915abf5574d9b394a48fe061991a15b3a39f73b12bc1a8aa?s=96&d=mm&r=g","contentUrl":"https:\/\/secure.gravatar.com\/avatar\/b861e2835102089d915abf5574d9b394a48fe061991a15b3a39f73b12bc1a8aa?s=96&d=mm&r=g","caption":"Dominika Jaszczyk"},"url":"https:\/\/pragmatiq.pl\/powiazane\/author\/dwidla\/"}]}},"_links":{"self":[{"href":"https:\/\/pragmatiq.pl\/powiazane\/wp-json\/wp\/v2\/posts\/663","targetHints":{"allow":["GET"]}}],"collection":[{"href":"https:\/\/pragmatiq.pl\/powiazane\/wp-json\/wp\/v2\/posts"}],"about":[{"href":"https:\/\/pragmatiq.pl\/powiazane\/wp-json\/wp\/v2\/types\/post"}],"author":[{"embeddable":true,"href":"https:\/\/pragmatiq.pl\/powiazane\/wp-json\/wp\/v2\/users\/4"}],"replies":[{"embeddable":true,"href":"https:\/\/pragmatiq.pl\/powiazane\/wp-json\/wp\/v2\/comments?post=663"}],"version-history":[{"count":8,"href":"https:\/\/pragmatiq.pl\/powiazane\/wp-json\/wp\/v2\/posts\/663\/revisions"}],"predecessor-version":[{"id":1201,"href":"https:\/\/pragmatiq.pl\/powiazane\/wp-json\/wp\/v2\/posts\/663\/revisions\/1201"}],"wp:attachment":[{"href":"https:\/\/pragmatiq.pl\/powiazane\/wp-json\/wp\/v2\/media?parent=663"}],"wp:term":[{"taxonomy":"category","embeddable":true,"href":"https:\/\/pragmatiq.pl\/powiazane\/wp-json\/wp\/v2\/categories?post=663"},{"taxonomy":"post_tag","embeddable":true,"href":"https:\/\/pragmatiq.pl\/powiazane\/wp-json\/wp\/v2\/tags?post=663"}],"curies":[{"name":"wp","href":"https:\/\/api.w.org\/{rel}","templated":true}]}}