{"id":646,"date":"2018-06-04T09:04:42","date_gmt":"2018-06-04T07:04:42","guid":{"rendered":"http:\/\/powiazane.tarexperts.net\/?p=646"},"modified":"2024-06-18T08:01:23","modified_gmt":"2024-06-18T06:01:23","slug":"interpretacje-indywidualne-dla-podmiotow-powiazanych-zmiany","status":"publish","type":"post","link":"https:\/\/pragmatiq.pl\/powiazane\/interpretacje-indywidualne-dla-podmiotow-powiazanych-zmiany\/","title":{"rendered":"Interpretacje indywidualne dla podmiot\u00f3w powi\u0105zanych &#8211; zmiany!"},"content":{"rendered":"<p>Interpretacje dotycz\u0105ce podmiot\u00f3w powi\u0105zanych mog\u0105 straci\u0107 moc ochronn\u0105!<\/p>\n<p>Projekt nowelizacji Ordynacji podatkowej przewiduje wprowadzenie tzw. \u201einterpretacji grupowych\u201d. Dotychczasowe interpretacje wydane w sprawach podmiot\u00f3w powi\u0105zanych maj\u0105 natomiast wygasn\u0105\u0107.<\/p>\n<h2><strong>Interpretacje indywidualne dla podmiot\u00f3w powi\u0105zanych &#8211; planowane zmiany<\/strong><\/h2>\n<p>Zgodnie z projektem opublikowanym 10 kwietnia 2018 r., je\u017celi stan faktyczny lub zdarzenie przysz\u0142e b\u0119dzie obejmowa\u0142o zdarzenia zachodz\u0105ce mi\u0119dzy podmiotami powi\u0105zanymi, to\u00a0mo\u017cliwe b\u0119dzie ubieganie si\u0119 o uzyskanie interpretacji indywidualnej wy\u0142\u0105cznie na\u00a0wniosek z\u0142o\u017cony wsp\u00f3lnie przez te podmioty. Wniosek ten b\u0119dzie musia\u0142 zawiera\u0107 szereg szczeg\u00f3\u0142owych informacji dotycz\u0105cych podmiot\u00f3w oraz zawieranych przez\u00a0nich transakcji, takich jak oczekiwane korzy\u015bci z opisanego zdarzenia, warto\u015b\u0107 przedsi\u0119biorstw, czy opis powi\u0105za\u0144.<\/p>\n<p>Z\u0142o\u017cenie wniosku w takiej formie nie b\u0119dzie obowi\u0105zkowe jedynie w sytuacji, gdy opisane transakcje lub zdarzenia s\u0105 powtarzalne i wyst\u0119puj\u0105 r\u00f3wnie\u017c w relacji z podmiotami niepowi\u0105zanymi.<\/p>\n<p>Organy podatkowe w przypadku wniosk\u00f3w o wydanie interpretacji grupowych maj\u0105 uzyska\u0107 d\u0142u\u017cszy czas na jego rozpatrzenie \u2013 a\u017c 6 miesi\u0119cy (zamiast standardowych 3 miesi\u0119cy).<\/p>\n<h2><strong>Wp\u0142yw nowelizacji na wydane ju\u017c interpretacje<\/strong><\/h2>\n<p>Planowana nowelizacja nie dotyczy wy\u0142\u0105cznie nowych post\u0119powa\u0144 o wydanie interpretacji. <strong>Wszystkie podmioty, kt\u00f3re uzyska\u0142y ju\u017c interpretacj\u0119 w przesz\u0142o\u015bci, do kt\u00f3rych mia\u0142yby zastosowanie\u00a0nowe przepisy, b\u0119d\u0105 zobowi\u0105zane do ich weryfikacji i uzupe\u0142nienia o aktualne dane.<\/strong><\/p>\n<p>Je\u017celi dodatkowe informacje nie zostan\u0105 przekazane, to uzyskane interpretacje indywidualne wygasn\u0105 automatycznie w terminie 6 miesi\u0119cy od wej\u015bcia w \u017cycie nowelizacji.<\/p>\n<p>Chcesz dowiedzie\u0107 si\u0119 wi\u0119cej? <a href=\"https:\/\/pragmatiq.pl\/powiazane\/#kontakt\" target=\"_blank\" rel=\"noopener\">Skontaktuj si\u0119 z nami<\/a>!<\/p>\n<p>Pawe\u0142 Malewski<\/p>\n","protected":false},"excerpt":{"rendered":"<p>Projekt nowelizacji Ordynacji podatkowej przewiduje wprowadzenie tzw. \u201einterpretacji grupowych\u201d &#8211; dotychczasowe interpretacje indywidualne wydane dla podmiot\u00f3w powi\u0105zanych strac\u0105 moc! Sprawd\u017a jak wyd\u0142u\u017cy si\u0119 czas na uzyskanie ochrony interpretacyjnej!<\/p>\n","protected":false},"author":4,"featured_media":0,"comment_status":"open","ping_status":"open","sticky":false,"template":"","format":"standard","meta":{"footnotes":""},"categories":[2],"tags":[31,24],"class_list":["post-646","post","type-post","status-publish","format-standard","hentry","category-dokumentacja","tag-interpretacja-indywidualna","tag-podmioty-powiazane"],"yoast_head":"<!-- This site is optimized with the Yoast SEO plugin v22.8 - https:\/\/yoast.com\/wordpress\/plugins\/seo\/ -->\n<title>Interpretacje dla podmiot\u00f3w powi\u0105zanych \u2013 planowane zmiany | Powiazane.pl<\/title>\n<meta name=\"description\" content=\"Planowane zmiany ogranicz\u0105 mo\u017cliwo\u015b\u0107 uzyskania interpretacji indywidualnej przez podmioty powi\u0105zane \u2013 sprawd\u017a co si\u0119 zmieni\" \/>\n<meta name=\"robots\" content=\"index, follow, max-snippet:-1, max-image-preview:large, max-video-preview:-1\" \/>\n<link rel=\"canonical\" href=\"https:\/\/pragmatiq.pl\/powiazane\/interpretacje-indywidualne-dla-podmiotow-powiazanych-zmiany\/\" \/>\n<meta property=\"og:locale\" content=\"pl_PL\" \/>\n<meta property=\"og:type\" content=\"article\" \/>\n<meta property=\"og:title\" content=\"Interpretacje dla podmiot\u00f3w powi\u0105zanych \u2013 planowane zmiany | Powiazane.pl\" \/>\n<meta property=\"og:description\" content=\"Planowane zmiany ogranicz\u0105 mo\u017cliwo\u015b\u0107 uzyskania interpretacji indywidualnej przez podmioty powi\u0105zane \u2013 sprawd\u017a co si\u0119 zmieni\" \/>\n<meta property=\"og:url\" content=\"https:\/\/pragmatiq.pl\/powiazane\/interpretacje-indywidualne-dla-podmiotow-powiazanych-zmiany\/\" \/>\n<meta property=\"og:site_name\" content=\"Powiazane.pl\" \/>\n<meta property=\"article:published_time\" content=\"2018-06-04T07:04:42+00:00\" \/>\n<meta property=\"article:modified_time\" content=\"2024-06-18T06:01:23+00:00\" \/>\n<meta name=\"author\" content=\"Dominika Jaszczyk\" \/>\n<meta name=\"twitter:card\" content=\"summary_large_image\" \/>\n<meta name=\"twitter:label1\" content=\"Napisane przez\" \/>\n\t<meta name=\"twitter:data1\" content=\"Dominika Jaszczyk\" \/>\n\t<meta name=\"twitter:label2\" content=\"Szacowany czas czytania\" \/>\n\t<meta name=\"twitter:data2\" content=\"2 minuty\" \/>\n<script type=\"application\/ld+json\" class=\"yoast-schema-graph\">{\"@context\":\"https:\/\/schema.org\",\"@graph\":[{\"@type\":\"WebPage\",\"@id\":\"https:\/\/pragmatiq.pl\/powiazane\/interpretacje-indywidualne-dla-podmiotow-powiazanych-zmiany\/\",\"url\":\"https:\/\/pragmatiq.pl\/powiazane\/interpretacje-indywidualne-dla-podmiotow-powiazanych-zmiany\/\",\"name\":\"Interpretacje dla podmiot\u00f3w powi\u0105zanych \u2013 planowane zmiany | Powiazane.pl\",\"isPartOf\":{\"@id\":\"https:\/\/pragmatiq.pl\/powiazane\/#website\"},\"datePublished\":\"2018-06-04T07:04:42+00:00\",\"dateModified\":\"2024-06-18T06:01:23+00:00\",\"author\":{\"@id\":\"https:\/\/pragmatiq.pl\/powiazane\/#\/schema\/person\/e8982b7c0551ba19d722529733044f95\"},\"description\":\"Planowane zmiany ogranicz\u0105 mo\u017cliwo\u015b\u0107 uzyskania interpretacji indywidualnej przez podmioty powi\u0105zane \u2013 sprawd\u017a co si\u0119 zmieni\",\"breadcrumb\":{\"@id\":\"https:\/\/pragmatiq.pl\/powiazane\/interpretacje-indywidualne-dla-podmiotow-powiazanych-zmiany\/#breadcrumb\"},\"inLanguage\":\"pl-PL\",\"potentialAction\":[{\"@type\":\"ReadAction\",\"target\":[\"https:\/\/pragmatiq.pl\/powiazane\/interpretacje-indywidualne-dla-podmiotow-powiazanych-zmiany\/\"]}]},{\"@type\":\"BreadcrumbList\",\"@id\":\"https:\/\/pragmatiq.pl\/powiazane\/interpretacje-indywidualne-dla-podmiotow-powiazanych-zmiany\/#breadcrumb\",\"itemListElement\":[{\"@type\":\"ListItem\",\"position\":1,\"name\":\"Strona g\u0142\u00f3wna\",\"item\":\"https:\/\/pragmatiq.pl\/powiazane\/\"},{\"@type\":\"ListItem\",\"position\":2,\"name\":\"Interpretacje indywidualne dla podmiot\u00f3w powi\u0105zanych &#8211; zmiany!\"}]},{\"@type\":\"WebSite\",\"@id\":\"https:\/\/pragmatiq.pl\/powiazane\/#website\",\"url\":\"https:\/\/pragmatiq.pl\/powiazane\/\",\"name\":\"Powiazane.pl\",\"description\":\"\",\"potentialAction\":[{\"@type\":\"SearchAction\",\"target\":{\"@type\":\"EntryPoint\",\"urlTemplate\":\"https:\/\/pragmatiq.pl\/powiazane\/?s={search_term_string}\"},\"query-input\":\"required name=search_term_string\"}],\"inLanguage\":\"pl-PL\"},{\"@type\":\"Person\",\"@id\":\"https:\/\/pragmatiq.pl\/powiazane\/#\/schema\/person\/e8982b7c0551ba19d722529733044f95\",\"name\":\"Dominika Jaszczyk\",\"image\":{\"@type\":\"ImageObject\",\"inLanguage\":\"pl-PL\",\"@id\":\"https:\/\/pragmatiq.pl\/powiazane\/#\/schema\/person\/image\/\",\"url\":\"https:\/\/secure.gravatar.com\/avatar\/b861e2835102089d915abf5574d9b394a48fe061991a15b3a39f73b12bc1a8aa?s=96&d=mm&r=g\",\"contentUrl\":\"https:\/\/secure.gravatar.com\/avatar\/b861e2835102089d915abf5574d9b394a48fe061991a15b3a39f73b12bc1a8aa?s=96&d=mm&r=g\",\"caption\":\"Dominika Jaszczyk\"},\"url\":\"https:\/\/pragmatiq.pl\/powiazane\/author\/dwidla\/\"}]}<\/script>\n<!-- \/ Yoast SEO plugin. -->","yoast_head_json":{"title":"Interpretacje dla podmiot\u00f3w powi\u0105zanych \u2013 planowane zmiany | Powiazane.pl","description":"Planowane zmiany ogranicz\u0105 mo\u017cliwo\u015b\u0107 uzyskania interpretacji indywidualnej przez podmioty powi\u0105zane \u2013 sprawd\u017a co si\u0119 zmieni","robots":{"index":"index","follow":"follow","max-snippet":"max-snippet:-1","max-image-preview":"max-image-preview:large","max-video-preview":"max-video-preview:-1"},"canonical":"https:\/\/pragmatiq.pl\/powiazane\/interpretacje-indywidualne-dla-podmiotow-powiazanych-zmiany\/","og_locale":"pl_PL","og_type":"article","og_title":"Interpretacje dla podmiot\u00f3w powi\u0105zanych \u2013 planowane zmiany | Powiazane.pl","og_description":"Planowane zmiany ogranicz\u0105 mo\u017cliwo\u015b\u0107 uzyskania interpretacji indywidualnej przez podmioty powi\u0105zane \u2013 sprawd\u017a co si\u0119 zmieni","og_url":"https:\/\/pragmatiq.pl\/powiazane\/interpretacje-indywidualne-dla-podmiotow-powiazanych-zmiany\/","og_site_name":"Powiazane.pl","article_published_time":"2018-06-04T07:04:42+00:00","article_modified_time":"2024-06-18T06:01:23+00:00","author":"Dominika Jaszczyk","twitter_card":"summary_large_image","twitter_misc":{"Napisane przez":"Dominika Jaszczyk","Szacowany czas czytania":"2 minuty"},"schema":{"@context":"https:\/\/schema.org","@graph":[{"@type":"WebPage","@id":"https:\/\/pragmatiq.pl\/powiazane\/interpretacje-indywidualne-dla-podmiotow-powiazanych-zmiany\/","url":"https:\/\/pragmatiq.pl\/powiazane\/interpretacje-indywidualne-dla-podmiotow-powiazanych-zmiany\/","name":"Interpretacje dla podmiot\u00f3w powi\u0105zanych \u2013 planowane zmiany | Powiazane.pl","isPartOf":{"@id":"https:\/\/pragmatiq.pl\/powiazane\/#website"},"datePublished":"2018-06-04T07:04:42+00:00","dateModified":"2024-06-18T06:01:23+00:00","author":{"@id":"https:\/\/pragmatiq.pl\/powiazane\/#\/schema\/person\/e8982b7c0551ba19d722529733044f95"},"description":"Planowane zmiany ogranicz\u0105 mo\u017cliwo\u015b\u0107 uzyskania interpretacji indywidualnej przez podmioty powi\u0105zane \u2013 sprawd\u017a co si\u0119 zmieni","breadcrumb":{"@id":"https:\/\/pragmatiq.pl\/powiazane\/interpretacje-indywidualne-dla-podmiotow-powiazanych-zmiany\/#breadcrumb"},"inLanguage":"pl-PL","potentialAction":[{"@type":"ReadAction","target":["https:\/\/pragmatiq.pl\/powiazane\/interpretacje-indywidualne-dla-podmiotow-powiazanych-zmiany\/"]}]},{"@type":"BreadcrumbList","@id":"https:\/\/pragmatiq.pl\/powiazane\/interpretacje-indywidualne-dla-podmiotow-powiazanych-zmiany\/#breadcrumb","itemListElement":[{"@type":"ListItem","position":1,"name":"Strona g\u0142\u00f3wna","item":"https:\/\/pragmatiq.pl\/powiazane\/"},{"@type":"ListItem","position":2,"name":"Interpretacje indywidualne dla podmiot\u00f3w powi\u0105zanych &#8211; zmiany!"}]},{"@type":"WebSite","@id":"https:\/\/pragmatiq.pl\/powiazane\/#website","url":"https:\/\/pragmatiq.pl\/powiazane\/","name":"Powiazane.pl","description":"","potentialAction":[{"@type":"SearchAction","target":{"@type":"EntryPoint","urlTemplate":"https:\/\/pragmatiq.pl\/powiazane\/?s={search_term_string}"},"query-input":"required name=search_term_string"}],"inLanguage":"pl-PL"},{"@type":"Person","@id":"https:\/\/pragmatiq.pl\/powiazane\/#\/schema\/person\/e8982b7c0551ba19d722529733044f95","name":"Dominika Jaszczyk","image":{"@type":"ImageObject","inLanguage":"pl-PL","@id":"https:\/\/pragmatiq.pl\/powiazane\/#\/schema\/person\/image\/","url":"https:\/\/secure.gravatar.com\/avatar\/b861e2835102089d915abf5574d9b394a48fe061991a15b3a39f73b12bc1a8aa?s=96&d=mm&r=g","contentUrl":"https:\/\/secure.gravatar.com\/avatar\/b861e2835102089d915abf5574d9b394a48fe061991a15b3a39f73b12bc1a8aa?s=96&d=mm&r=g","caption":"Dominika Jaszczyk"},"url":"https:\/\/pragmatiq.pl\/powiazane\/author\/dwidla\/"}]}},"_links":{"self":[{"href":"https:\/\/pragmatiq.pl\/powiazane\/wp-json\/wp\/v2\/posts\/646","targetHints":{"allow":["GET"]}}],"collection":[{"href":"https:\/\/pragmatiq.pl\/powiazane\/wp-json\/wp\/v2\/posts"}],"about":[{"href":"https:\/\/pragmatiq.pl\/powiazane\/wp-json\/wp\/v2\/types\/post"}],"author":[{"embeddable":true,"href":"https:\/\/pragmatiq.pl\/powiazane\/wp-json\/wp\/v2\/users\/4"}],"replies":[{"embeddable":true,"href":"https:\/\/pragmatiq.pl\/powiazane\/wp-json\/wp\/v2\/comments?post=646"}],"version-history":[{"count":9,"href":"https:\/\/pragmatiq.pl\/powiazane\/wp-json\/wp\/v2\/posts\/646\/revisions"}],"predecessor-version":[{"id":1202,"href":"https:\/\/pragmatiq.pl\/powiazane\/wp-json\/wp\/v2\/posts\/646\/revisions\/1202"}],"wp:attachment":[{"href":"https:\/\/pragmatiq.pl\/powiazane\/wp-json\/wp\/v2\/media?parent=646"}],"wp:term":[{"taxonomy":"category","embeddable":true,"href":"https:\/\/pragmatiq.pl\/powiazane\/wp-json\/wp\/v2\/categories?post=646"},{"taxonomy":"post_tag","embeddable":true,"href":"https:\/\/pragmatiq.pl\/powiazane\/wp-json\/wp\/v2\/tags?post=646"}],"curies":[{"name":"wp","href":"https:\/\/api.w.org\/{rel}","templated":true}]}}