{"id":631,"date":"2019-08-01T11:51:55","date_gmt":"2019-08-01T09:51:55","guid":{"rendered":"http:\/\/powiazane.tarexperts.net\/?p=631"},"modified":"2024-10-11T12:18:15","modified_gmt":"2024-10-11T10:18:15","slug":"nowy-wzor-oswiadczenia-o-posiadaniu-dokumentacji-cen-transferowych","status":"publish","type":"post","link":"https:\/\/pragmatiq.pl\/powiazane\/nowy-wzor-oswiadczenia-o-posiadaniu-dokumentacji-cen-transferowych\/","title":{"rendered":"Wz\u00f3r o\u015bwiadczenia o posiadaniu dokumentacji cen transferowych 2018"},"content":{"rendered":"<p><img loading=\"lazy\" decoding=\"async\" class=\"alignnone  wp-image-1338\" src=\"https:\/\/pragmatiq.pl\/powiazane\/wp-content\/uploads\/2017\/09\/tabelka-300x147.png\" alt=\"\" width=\"768\" height=\"376\" srcset=\"https:\/\/pragmatiq.pl\/powiazane\/wp-content\/uploads\/2017\/09\/tabelka-300x147.png 300w, https:\/\/pragmatiq.pl\/powiazane\/wp-content\/uploads\/2017\/09\/tabelka.png 745w\" sizes=\"auto, (max-width: 768px) 100vw, 768px\" \/><\/p>\n<p>W o\u015bwiadczeniu o posiadaniu dokumentacji podatkowej nale\u017cy uwzgl\u0119dni\u0107 nowe terminy wynikaj\u0105ce z rozporz\u0105dzenia Ministra Finans\u00f3w!<\/p>\n<h2><strong>Termin na sporz\u0105dzenie dokumentacji cen transferowych<\/strong><\/h2>\n<p>15 marca 2018 r. wesz\u0142o w \u017cycie rozporz\u0105dzenie Ministra Finans\u00f3w, zgodnie z kt\u00f3rym zosta\u0142y wyd\u0142u\u017cone terminy na sporz\u0105dzenie dokumentacji lokalnej i grupowej, oraz na\u00a0z\u0142o\u017cenie o\u015bwiadczenia o sporz\u0105dzeniu dokumentacji i sprawozdania CIT\u2011TP\/PIT\u2011TP. Zgodnie z nowymi regulacjami podatnicy maj\u0105 na to czas<strong> do ko\u0144ca dziewi\u0105tego miesi\u0105ca po\u00a0zako\u0144czeniu roku podatkowego.<\/strong><\/p>\n<p><strong>O\u015bwiadczenie o posiadaniu dokumentacji cen transferowych za 2018 r. nale\u017cy z\u0142o\u017cy\u0107 do 30 wrze\u015bnia 2019 r.!\u00a0<\/strong>Jest to termin ostateczny dla podatnik\u00f3w, kt\u00f3rych rok podatkowy jest rokiem kalendarzowym.<\/p>\n<p><a href=\"https:\/\/pragmatiq.pl\/powiazane\/oferta\/\" target=\"_blank\" rel=\"noopener\"><img loading=\"lazy\" decoding=\"async\" class=\"alignnone size-full wp-image-582\" src=\"https:\/\/pragmatiq.pl\/powiazane\/wp-content\/uploads\/2017\/09\/dctoferta4.png\" alt=\"\" width=\"750\" height=\"278\" srcset=\"https:\/\/pragmatiq.pl\/powiazane\/wp-content\/uploads\/2017\/09\/dctoferta4.png 750w, https:\/\/pragmatiq.pl\/powiazane\/wp-content\/uploads\/2017\/09\/dctoferta4-300x111.png 300w\" sizes=\"auto, (max-width: 750px) 100vw, 750px\" \/><\/a><\/p>\n<h2><strong>Do kiedy nale\u017cy z\u0142o\u017cy\u0107 o\u015bwiadczenie\u00a0o sporz\u0105dzeniu dokumentacji cen transferowych?<\/strong><\/h2>\n<p><strong>Podatnicy podatku dochodowego od os\u00f3b fizycznych, w zwi\u0105zku\u00a0 z powy\u017cszym, musz\u0105 z\u0142o\u017cy\u0107 o\u015bwiadczenie o przygotowaniu dokumentacji cen transferowych do ko\u0144ca wrze\u015bnia roku nast\u0119pnego po roku<\/strong>, w kt\u00f3rym zawierane by\u0142y transakcje. Dotyczy to r\u00f3wnie\u017c os\u00f3b prawnych, kt\u00f3rych rok podatkowy jest zbie\u017cny z rokiem kalendarzowym.<\/p>\n<p>Oznacza to, \u017ce termin na z\u0142o\u017cenie o\u015bwiadczenia o posiadaniu obowi\u0105zkowej dokumentacji cen transferowych mija 30 wrze\u015bnia 2019 r.<\/p>\n<p><strong>W przypadku sp\u00f3\u0142ek osobowych to wsp\u00f3lnicy s\u0105 zobowi\u0105zani do z\u0142o\u017cenia o\u015bwiadczenia o sporz\u0105dzeniu dokumentacji cen transferowych.<\/strong> Dla\u00a0ka\u017cdego z nich nale\u017cy zatem osobno ustala\u0107 termin.<\/p>\n<h2><strong>O\u015bwiadczenie do Urz\u0119du skarbowego (US) \u2013 kto podpisuje?<\/strong><\/h2>\n<p>Osob\u0105 zobowi\u0105zan\u0105 do\u00a0podpisania o\u015bwiadczenia jest podatnik. W\u00a0zale\u017cno\u015bci od\u00a0jego rodzaju, o\u015bwiadczenie podpisuj\u0105 inne osoby.<\/p>\n<ul>\n<li>przy indywidualnej dzia\u0142alno\u015bci gospodarczej \u2013 osoba prowadz\u0105ca dzia\u0142alno\u015b\u0107 gospodarcz\u0105<\/li>\n<li>przy\u00a0sp\u00f3\u0142ce jawnej lub sp\u00f3\u0142ce cywilnej\u00a0\u2013\u00a0wsp\u00f3lnicy sp\u00f3\u0142ki,<\/li>\n<li>przy\u00a0sp\u00f3\u0142ce partnerskiej\u00a0\u2013\u00a0wsp\u00f3lnicy sp\u00f3\u0142ki albo\u00a0zarz\u0105d,<\/li>\n<li>przy sp\u00f3\u0142ce komandytowej\u00a0\u2013 wsp\u00f3lnicy sp\u00f3\u0142ki,<\/li>\n<li>komandytowo-akcyjnej \u2013 komplementariusze (SKA),<\/li>\n<li>przy sp\u00f3\u0142ce z\u00a0ograniczon\u0105 odpowiedzialno\u015bci\u0105 lub sp\u00f3\u0142ce akcyjnej \u2013 zarz\u0105d zgodnie z\u00a0reprezentacj\u0105,<\/li>\n<li>w\u00a0przypadku likwidowanej sp\u00f3\u0142ki \u2013 likwidator,<\/li>\n<li>w\u00a0przypadku sp\u00f3\u0142ki w\u00a0trakcie post\u0119powania restrukturyzacyjnego \u2013 syndyk lub zarz\u0105dca.<\/li>\n<\/ul>\n<p><strong>Pami\u0119taj!<\/strong><br \/>\n<strong>O\u015bwiadczenia o\u00a0posiadaniu dokumentacji cen transferowych nie\u00a0mo\u017ce z\u0142o\u017cy\u0107 pe\u0142nomocnik podatnika! Wi\u0119cej na\u00a0ten temat w\u00a0artykule\u00a0<\/strong><a href=\"https:\/\/pragmatiq.pl\/powiazane\/czy-pelnomocnik-moze-podpisac-oswiadczenie-o-sporzadzeniu-dokumentacji-podatkowej\/\" target=\"_blank\" rel=\"noopener\">Czy\u00a0pe\u0142nomocnik mo\u017ce podpisa\u0107 o\u015bwiadczenie o\u00a0sporz\u0105dzeniu dokumentacji podatkowej?<\/a><\/p>\n<h2><strong>Wz\u00f3r o\u015bwiadczenia dokumentacja cen transferowych<\/strong><\/h2>\n<p>Poni\u017cej zamieszczamy przyk\u0142adowy wz\u00f3r, w kt\u00f3rym zosta\u0142y uwzgl\u0119dnione aktualnie obowi\u0105zuj\u0105ce terminy (przedstawione o\u015bwiadczenie przygotowane jest zgodnie ze &#8222;starymi&#8221; zasadami przygotowania dokumentacji cen transferowych za 2018 r. &#8211; tj. na podstawie stanu prawnego obowi\u0105zuj\u0105cego do ko\u0144ca 2018 r.):<\/p>\n<p style=\"text-align: right;\">\u2026\u2026<em>miejscowo\u015b\u0107<\/em>\u2026\u2026., dnia \u2026\u2026\u2026\u2026\u2026.<\/p>\n<p>podatnik:<\/p>\n<p><em>firma sp\u00f3\u0142ki\/imi\u0119 i nazwisko<br \/>\n<\/em><em>adres<br \/>\n<\/em><em>kod pocztowy, miasto<br \/>\n<\/em>NIP: \u2026\u2026\u2026\u2026\u2026\u2026\u2026\u2026..\u2026\u2026\u2026\u2026.<\/p>\n<p style=\"text-align: right;\">\u2026\u2026\u2026\u2026\u2026\u2026\u2026\u2026\u2026\u2026\u2026\u2026\u2026\u2026\u2026\u2026\u2026\u2026\u2026<\/p>\n<p style=\"text-align: right;\"><em>dane urz\u0119du skarbowego<br \/>\n<\/em><em>zgodnie z w\u0142a\u015bciwo\u015bci\u0105 podatnika<\/em><\/p>\n<p>&nbsp;<\/p>\n<p style=\"text-align: center;\"><strong>O\u015bwiadczenie o sporz\u0105dzeniu dokumentacji podatkowej<\/strong><\/p>\n<p>&nbsp;<\/p>\n<p style=\"text-align: center;\">Dzia\u0142aj\u0105c <em>jako podatnik\/jako osoba\/y reprezentuj\u0105ca\/ce podatnika<\/em> o\u015bwiadczam<em>\/y<\/em>, \u017ce zosta\u0142a sporz\u0105dzona dokumentacja podatkowa, o kt\u00f3rej mowa w <em>art. 25a ust. 1 ustawy o podatku dochodowym od os\u00f3b fizycznych\/art. 9a ust. 1 ustawy o podatku dochodowym od os\u00f3b prawnych<\/em> obejmuj\u0105ca wszystkie transakcje i zdarzenia jednego rodzaju w stosunku do kt\u00f3rych wyst\u0105pi\u0142 obowi\u0105zek dokumentacyjny w \u2026<em>(rok)<\/em>\u2026 roku.<\/p>\n<p>&nbsp;<\/p>\n<p style=\"text-align: center;\">\u2026\u2026\u2026\u2026<em>podpis\/y<\/em>\u2026\u2026\u2026\u2026<\/p>\n<p style=\"text-align: center;\"><em>imi\u0119 i nazwisko \/ imiona i nazwiska<\/em><\/p>\n<p style=\"text-align: center;\">[prezes zarz\u0105du, cz\u0142onek zarz\u0105du, wsp\u00f3lnik, prowadz\u0105cy dzia\u0142alno\u015b\u0107 gospodarcz\u0105, komplementariusz]<\/p>\n<p>&nbsp;<\/p>\n<p>Je\u015bli przygotowujesz dokumentacj\u0119 cen transferowych na<strong> podstawie nowych, znowelizowanych przepis\u00f3w (obowi\u0105zuj\u0105cych od 1 stycznia 2019 r.)<\/strong>\u00a0 ze wzorem o\u015bwiadczenia zapoznasz si\u0119 w artykule\u00a0O\u015bwiadczenie o\u00a0sporz\u0105dzeniu dokumentacji cen transferowych \u2013 wz\u00f3r 2019<\/p>\n<p>Dominika Jaszczyk<br \/>\nPawe\u0142 Malewski<\/p>\n","protected":false},"excerpt":{"rendered":"<p>W o\u015bwiadczeniu o posiadaniu dokumentacji podatkowej nale\u017cy uwzgl\u0119dni\u0107 nowe terminy wynikaj\u0105ce z rozporz\u0105dzenia Ministra Finans\u00f3w! Wa\u017cne jest wi\u0119c dostosowanie jego tre\u015bci do momentu z\u0142o\u017cenia do urz\u0119du skarbowego! We wrze\u015bniu sprawozdania finansowe powinny by\u0107 ju\u017c zatwierdzone!<\/p>\n","protected":false},"author":4,"featured_media":0,"comment_status":"open","ping_status":"open","sticky":false,"template":"","format":"standard","meta":{"footnotes":""},"categories":[2],"tags":[7,12,11,30],"class_list":["post-631","post","type-post","status-publish","format-standard","hentry","category-dokumentacja","tag-dokumentacja-cen-transferowych","tag-obowiazki-dokumentacyjne","tag-oswiadczenie","tag-oswiadczenie-o-posiadaniu-dokumentacji-podatkowej"],"yoast_head":"<!-- This site is optimized with the Yoast SEO plugin v22.8 - https:\/\/yoast.com\/wordpress\/plugins\/seo\/ -->\n<title>O\u015bwiadczenie o sporz\u0105dzeniu dokumentacji podatkowej - wz\u00f3r | Powiazane.pl<\/title>\n<meta name=\"description\" content=\"W artykule znajdziesz wz\u00f3r o\u015bwiadczenia o sporz\u0105dzeniu dokumentacji cen transferowych 2018. Zapoznaj si\u0119 z nim i z\u0142\u00f3\u017c do urz\u0119du skarbowego!\" \/>\n<meta name=\"robots\" content=\"index, follow, max-snippet:-1, max-image-preview:large, max-video-preview:-1\" \/>\n<link rel=\"canonical\" href=\"https:\/\/pragmatiq.pl\/powiazane\/nowy-wzor-oswiadczenia-o-posiadaniu-dokumentacji-cen-transferowych\/\" \/>\n<meta property=\"og:locale\" content=\"pl_PL\" \/>\n<meta property=\"og:type\" content=\"article\" \/>\n<meta property=\"og:title\" content=\"O\u015bwiadczenie o sporz\u0105dzeniu dokumentacji podatkowej - wz\u00f3r | Powiazane.pl\" \/>\n<meta property=\"og:description\" content=\"W artykule znajdziesz wz\u00f3r o\u015bwiadczenia o sporz\u0105dzeniu dokumentacji cen transferowych 2018. Zapoznaj si\u0119 z nim i z\u0142\u00f3\u017c do urz\u0119du skarbowego!\" \/>\n<meta property=\"og:url\" content=\"https:\/\/pragmatiq.pl\/powiazane\/nowy-wzor-oswiadczenia-o-posiadaniu-dokumentacji-cen-transferowych\/\" \/>\n<meta property=\"og:site_name\" content=\"Powiazane.pl\" \/>\n<meta property=\"article:published_time\" content=\"2019-08-01T09:51:55+00:00\" \/>\n<meta property=\"article:modified_time\" content=\"2024-10-11T10:18:15+00:00\" \/>\n<meta property=\"og:image\" content=\"https:\/\/pragmatiq.pl\/powiazane\/wp-content\/uploads\/2017\/09\/tabelka-300x147.png\" \/>\n<meta name=\"author\" content=\"Dominika Jaszczyk\" \/>\n<meta name=\"twitter:card\" content=\"summary_large_image\" \/>\n<meta name=\"twitter:label1\" content=\"Napisane przez\" \/>\n\t<meta name=\"twitter:data1\" content=\"Dominika Jaszczyk\" \/>\n\t<meta name=\"twitter:label2\" content=\"Szacowany czas czytania\" \/>\n\t<meta name=\"twitter:data2\" content=\"4 minuty\" \/>\n<script type=\"application\/ld+json\" class=\"yoast-schema-graph\">{\"@context\":\"https:\/\/schema.org\",\"@graph\":[{\"@type\":\"WebPage\",\"@id\":\"https:\/\/pragmatiq.pl\/powiazane\/nowy-wzor-oswiadczenia-o-posiadaniu-dokumentacji-cen-transferowych\/\",\"url\":\"https:\/\/pragmatiq.pl\/powiazane\/nowy-wzor-oswiadczenia-o-posiadaniu-dokumentacji-cen-transferowych\/\",\"name\":\"O\u015bwiadczenie o sporz\u0105dzeniu dokumentacji podatkowej - wz\u00f3r | Powiazane.pl\",\"isPartOf\":{\"@id\":\"https:\/\/pragmatiq.pl\/powiazane\/#website\"},\"primaryImageOfPage\":{\"@id\":\"https:\/\/pragmatiq.pl\/powiazane\/nowy-wzor-oswiadczenia-o-posiadaniu-dokumentacji-cen-transferowych\/#primaryimage\"},\"image\":{\"@id\":\"https:\/\/pragmatiq.pl\/powiazane\/nowy-wzor-oswiadczenia-o-posiadaniu-dokumentacji-cen-transferowych\/#primaryimage\"},\"thumbnailUrl\":\"https:\/\/pragmatiq.pl\/powiazane\/wp-content\/uploads\/2017\/09\/tabelka-300x147.png\",\"datePublished\":\"2019-08-01T09:51:55+00:00\",\"dateModified\":\"2024-10-11T10:18:15+00:00\",\"author\":{\"@id\":\"https:\/\/pragmatiq.pl\/powiazane\/#\/schema\/person\/e8982b7c0551ba19d722529733044f95\"},\"description\":\"W artykule znajdziesz wz\u00f3r o\u015bwiadczenia o sporz\u0105dzeniu dokumentacji cen transferowych 2018. Zapoznaj si\u0119 z nim i z\u0142\u00f3\u017c do urz\u0119du skarbowego!\",\"breadcrumb\":{\"@id\":\"https:\/\/pragmatiq.pl\/powiazane\/nowy-wzor-oswiadczenia-o-posiadaniu-dokumentacji-cen-transferowych\/#breadcrumb\"},\"inLanguage\":\"pl-PL\",\"potentialAction\":[{\"@type\":\"ReadAction\",\"target\":[\"https:\/\/pragmatiq.pl\/powiazane\/nowy-wzor-oswiadczenia-o-posiadaniu-dokumentacji-cen-transferowych\/\"]}]},{\"@type\":\"ImageObject\",\"inLanguage\":\"pl-PL\",\"@id\":\"https:\/\/pragmatiq.pl\/powiazane\/nowy-wzor-oswiadczenia-o-posiadaniu-dokumentacji-cen-transferowych\/#primaryimage\",\"url\":\"https:\/\/pragmatiq.pl\/powiazane\/wp-content\/uploads\/2017\/09\/tabelka.png\",\"contentUrl\":\"https:\/\/pragmatiq.pl\/powiazane\/wp-content\/uploads\/2017\/09\/tabelka.png\",\"width\":745,\"height\":365},{\"@type\":\"BreadcrumbList\",\"@id\":\"https:\/\/pragmatiq.pl\/powiazane\/nowy-wzor-oswiadczenia-o-posiadaniu-dokumentacji-cen-transferowych\/#breadcrumb\",\"itemListElement\":[{\"@type\":\"ListItem\",\"position\":1,\"name\":\"Strona g\u0142\u00f3wna\",\"item\":\"https:\/\/pragmatiq.pl\/powiazane\/\"},{\"@type\":\"ListItem\",\"position\":2,\"name\":\"Wz\u00f3r o\u015bwiadczenia o posiadaniu dokumentacji cen transferowych 2018\"}]},{\"@type\":\"WebSite\",\"@id\":\"https:\/\/pragmatiq.pl\/powiazane\/#website\",\"url\":\"https:\/\/pragmatiq.pl\/powiazane\/\",\"name\":\"Powiazane.pl\",\"description\":\"\",\"potentialAction\":[{\"@type\":\"SearchAction\",\"target\":{\"@type\":\"EntryPoint\",\"urlTemplate\":\"https:\/\/pragmatiq.pl\/powiazane\/?s={search_term_string}\"},\"query-input\":\"required name=search_term_string\"}],\"inLanguage\":\"pl-PL\"},{\"@type\":\"Person\",\"@id\":\"https:\/\/pragmatiq.pl\/powiazane\/#\/schema\/person\/e8982b7c0551ba19d722529733044f95\",\"name\":\"Dominika Jaszczyk\",\"image\":{\"@type\":\"ImageObject\",\"inLanguage\":\"pl-PL\",\"@id\":\"https:\/\/pragmatiq.pl\/powiazane\/#\/schema\/person\/image\/\",\"url\":\"https:\/\/secure.gravatar.com\/avatar\/b861e2835102089d915abf5574d9b394a48fe061991a15b3a39f73b12bc1a8aa?s=96&d=mm&r=g\",\"contentUrl\":\"https:\/\/secure.gravatar.com\/avatar\/b861e2835102089d915abf5574d9b394a48fe061991a15b3a39f73b12bc1a8aa?s=96&d=mm&r=g\",\"caption\":\"Dominika Jaszczyk\"},\"url\":\"https:\/\/pragmatiq.pl\/powiazane\/author\/dwidla\/\"}]}<\/script>\n<!-- \/ Yoast SEO plugin. -->","yoast_head_json":{"title":"O\u015bwiadczenie o sporz\u0105dzeniu dokumentacji podatkowej - wz\u00f3r | Powiazane.pl","description":"W artykule znajdziesz wz\u00f3r o\u015bwiadczenia o sporz\u0105dzeniu dokumentacji cen transferowych 2018. Zapoznaj si\u0119 z nim i z\u0142\u00f3\u017c do urz\u0119du skarbowego!","robots":{"index":"index","follow":"follow","max-snippet":"max-snippet:-1","max-image-preview":"max-image-preview:large","max-video-preview":"max-video-preview:-1"},"canonical":"https:\/\/pragmatiq.pl\/powiazane\/nowy-wzor-oswiadczenia-o-posiadaniu-dokumentacji-cen-transferowych\/","og_locale":"pl_PL","og_type":"article","og_title":"O\u015bwiadczenie o sporz\u0105dzeniu dokumentacji podatkowej - wz\u00f3r | Powiazane.pl","og_description":"W artykule znajdziesz wz\u00f3r o\u015bwiadczenia o sporz\u0105dzeniu dokumentacji cen transferowych 2018. Zapoznaj si\u0119 z nim i z\u0142\u00f3\u017c do urz\u0119du skarbowego!","og_url":"https:\/\/pragmatiq.pl\/powiazane\/nowy-wzor-oswiadczenia-o-posiadaniu-dokumentacji-cen-transferowych\/","og_site_name":"Powiazane.pl","article_published_time":"2019-08-01T09:51:55+00:00","article_modified_time":"2024-10-11T10:18:15+00:00","og_image":[{"url":"https:\/\/pragmatiq.pl\/powiazane\/wp-content\/uploads\/2017\/09\/tabelka-300x147.png"}],"author":"Dominika Jaszczyk","twitter_card":"summary_large_image","twitter_misc":{"Napisane przez":"Dominika Jaszczyk","Szacowany czas czytania":"4 minuty"},"schema":{"@context":"https:\/\/schema.org","@graph":[{"@type":"WebPage","@id":"https:\/\/pragmatiq.pl\/powiazane\/nowy-wzor-oswiadczenia-o-posiadaniu-dokumentacji-cen-transferowych\/","url":"https:\/\/pragmatiq.pl\/powiazane\/nowy-wzor-oswiadczenia-o-posiadaniu-dokumentacji-cen-transferowych\/","name":"O\u015bwiadczenie o sporz\u0105dzeniu dokumentacji podatkowej - wz\u00f3r | Powiazane.pl","isPartOf":{"@id":"https:\/\/pragmatiq.pl\/powiazane\/#website"},"primaryImageOfPage":{"@id":"https:\/\/pragmatiq.pl\/powiazane\/nowy-wzor-oswiadczenia-o-posiadaniu-dokumentacji-cen-transferowych\/#primaryimage"},"image":{"@id":"https:\/\/pragmatiq.pl\/powiazane\/nowy-wzor-oswiadczenia-o-posiadaniu-dokumentacji-cen-transferowych\/#primaryimage"},"thumbnailUrl":"https:\/\/pragmatiq.pl\/powiazane\/wp-content\/uploads\/2017\/09\/tabelka-300x147.png","datePublished":"2019-08-01T09:51:55+00:00","dateModified":"2024-10-11T10:18:15+00:00","author":{"@id":"https:\/\/pragmatiq.pl\/powiazane\/#\/schema\/person\/e8982b7c0551ba19d722529733044f95"},"description":"W artykule znajdziesz wz\u00f3r o\u015bwiadczenia o sporz\u0105dzeniu dokumentacji cen transferowych 2018. Zapoznaj si\u0119 z nim i z\u0142\u00f3\u017c do urz\u0119du skarbowego!","breadcrumb":{"@id":"https:\/\/pragmatiq.pl\/powiazane\/nowy-wzor-oswiadczenia-o-posiadaniu-dokumentacji-cen-transferowych\/#breadcrumb"},"inLanguage":"pl-PL","potentialAction":[{"@type":"ReadAction","target":["https:\/\/pragmatiq.pl\/powiazane\/nowy-wzor-oswiadczenia-o-posiadaniu-dokumentacji-cen-transferowych\/"]}]},{"@type":"ImageObject","inLanguage":"pl-PL","@id":"https:\/\/pragmatiq.pl\/powiazane\/nowy-wzor-oswiadczenia-o-posiadaniu-dokumentacji-cen-transferowych\/#primaryimage","url":"https:\/\/pragmatiq.pl\/powiazane\/wp-content\/uploads\/2017\/09\/tabelka.png","contentUrl":"https:\/\/pragmatiq.pl\/powiazane\/wp-content\/uploads\/2017\/09\/tabelka.png","width":745,"height":365},{"@type":"BreadcrumbList","@id":"https:\/\/pragmatiq.pl\/powiazane\/nowy-wzor-oswiadczenia-o-posiadaniu-dokumentacji-cen-transferowych\/#breadcrumb","itemListElement":[{"@type":"ListItem","position":1,"name":"Strona g\u0142\u00f3wna","item":"https:\/\/pragmatiq.pl\/powiazane\/"},{"@type":"ListItem","position":2,"name":"Wz\u00f3r o\u015bwiadczenia o posiadaniu dokumentacji cen transferowych 2018"}]},{"@type":"WebSite","@id":"https:\/\/pragmatiq.pl\/powiazane\/#website","url":"https:\/\/pragmatiq.pl\/powiazane\/","name":"Powiazane.pl","description":"","potentialAction":[{"@type":"SearchAction","target":{"@type":"EntryPoint","urlTemplate":"https:\/\/pragmatiq.pl\/powiazane\/?s={search_term_string}"},"query-input":"required name=search_term_string"}],"inLanguage":"pl-PL"},{"@type":"Person","@id":"https:\/\/pragmatiq.pl\/powiazane\/#\/schema\/person\/e8982b7c0551ba19d722529733044f95","name":"Dominika Jaszczyk","image":{"@type":"ImageObject","inLanguage":"pl-PL","@id":"https:\/\/pragmatiq.pl\/powiazane\/#\/schema\/person\/image\/","url":"https:\/\/secure.gravatar.com\/avatar\/b861e2835102089d915abf5574d9b394a48fe061991a15b3a39f73b12bc1a8aa?s=96&d=mm&r=g","contentUrl":"https:\/\/secure.gravatar.com\/avatar\/b861e2835102089d915abf5574d9b394a48fe061991a15b3a39f73b12bc1a8aa?s=96&d=mm&r=g","caption":"Dominika Jaszczyk"},"url":"https:\/\/pragmatiq.pl\/powiazane\/author\/dwidla\/"}]}},"_links":{"self":[{"href":"https:\/\/pragmatiq.pl\/powiazane\/wp-json\/wp\/v2\/posts\/631","targetHints":{"allow":["GET"]}}],"collection":[{"href":"https:\/\/pragmatiq.pl\/powiazane\/wp-json\/wp\/v2\/posts"}],"about":[{"href":"https:\/\/pragmatiq.pl\/powiazane\/wp-json\/wp\/v2\/types\/post"}],"author":[{"embeddable":true,"href":"https:\/\/pragmatiq.pl\/powiazane\/wp-json\/wp\/v2\/users\/4"}],"replies":[{"embeddable":true,"href":"https:\/\/pragmatiq.pl\/powiazane\/wp-json\/wp\/v2\/comments?post=631"}],"version-history":[{"count":19,"href":"https:\/\/pragmatiq.pl\/powiazane\/wp-json\/wp\/v2\/posts\/631\/revisions"}],"predecessor-version":[{"id":1353,"href":"https:\/\/pragmatiq.pl\/powiazane\/wp-json\/wp\/v2\/posts\/631\/revisions\/1353"}],"wp:attachment":[{"href":"https:\/\/pragmatiq.pl\/powiazane\/wp-json\/wp\/v2\/media?parent=631"}],"wp:term":[{"taxonomy":"category","embeddable":true,"href":"https:\/\/pragmatiq.pl\/powiazane\/wp-json\/wp\/v2\/categories?post=631"},{"taxonomy":"post_tag","embeddable":true,"href":"https:\/\/pragmatiq.pl\/powiazane\/wp-json\/wp\/v2\/tags?post=631"}],"curies":[{"name":"wp","href":"https:\/\/api.w.org\/{rel}","templated":true}]}}